{"id":94870,"date":"2022-03-07T12:05:54","date_gmt":"2022-03-07T15:05:54","guid":{"rendered":"https:\/\/www.blogsoestado.com\/danielmatos\/?p=94870"},"modified":"2022-03-07T12:05:54","modified_gmt":"2022-03-07T15:05:54","slug":"bandeira-verde-em-marco-familias-baixa-renda-permanecem-com-desconto-na-conta-de-energia","status":"publish","type":"post","link":"https:\/\/www.blogsoestado.com\/danielmatos\/bandeira-verde-em-marco-familias-baixa-renda-permanecem-com-desconto-na-conta-de-energia\/","title":{"rendered":"Bandeira Verde: em mar\u00e7o fam\u00edlias baixa renda permanecem com desconto na conta de energia"},"content":{"rendered":"\n<p><strong><span class=\"has-inline-color has-vivid-red-color\">Equatorial Maranh\u00e3o mant\u00e9m o alerta sobre a necessidade de continuar economizando<\/span><\/strong><\/p>\n\n\n\n<div class=\"wp-block-image\"><figure class=\"aligncenter size-large\"><a href=\"https:\/\/www.blogsoestado.com\/danielmatos\/files\/2022\/03\/Screenshot_20220307-1203332.png\"><img decoding=\"async\" src=\"https:\/\/www.blogsoestado.com\/danielmatos\/files\/2022\/03\/Screenshot_20220307-1203332.png\" alt=\"\" class=\"wp-image-94871\"\/><\/a><figcaption>As fam\u00edlias beneficiadas pelo Tarifa Social de Energia El\u00e9trica t\u00eam direito a descontos de 10% a 65%, dependendo da faixa de consumo<\/figcaption><\/figure><\/div>\n\n\n\n<p>A Ag\u00eancia Nacional de Energia El\u00e9trica (ANEEL) anunciou que os consumidores cadastrados no Programa Tarifa Social de Energia El\u00e9trica (fam\u00edlias de baixa renda) ter\u00e3o bandeira tarif\u00e1ria verde no m\u00eas de mar\u00e7o, ou seja, sem custo extra na conta. Para os demais consumidores, a bandeira tarif\u00e1ria vigente at\u00e9 abril de 2022 \u00e9 a de Escassez H\u00eddrica, no valor \u00e9 de R$ 14,20 a cada 100 quilowatts-hora (kWh) consumidos.<\/p>\n\n\n\n<p>As fam\u00edlias beneficiadas pelo Tarifa Social de Energia El\u00e9trica t\u00eam direito a descontos de 10% a 65%, dependendo da faixa de consumo. Para realizar o cadastro, os clientes da Equatorial Maranh\u00e3o que est\u00e3o aptos a receberem o benef\u00edcio podem entrar em contato com a Clara, assistente virtual da distribuidora. O cliente titular da conta dever\u00e1 informar alguns dados como o n\u00famero da conta contrato e n\u00famero do NIS (N\u00famero de Inscri\u00e7\u00e3o Social). J\u00e1 para o benefici\u00e1rio que n\u00e3o \u00e9 titular da conta, ser\u00e1 necess\u00e1rio informar, al\u00e9m do n\u00famero do NIS, outras informa\u00e7\u00f5es do titular do NIS como nome completo, CPF, RG, data de nascimento e o nome da m\u00e3e.<\/p>\n\n\n\n<p>De todo modo, nesse momento de escassez h\u00eddrica, a Equatorial Maranh\u00e3o mant\u00e9m o alerta aos clientes sobre a necessidade de continuar consumindo energia de maneira consciente, sem desperd\u00edcios, seguindo as dicas de economia de energia.<\/p>\n\n\n\n<p>Evite:<\/p>\n\n\n\n<p>\u2022 Deixar aparelhos em modo stand-by;<br>\u2022 Colocar o celular para carregar \u00e0 noite;<br>\u2022 Deixar l\u00e2mpadas acesas durante o dia ou em ambientes que n\u00e3o est\u00e3o sendo utilizados;<br>\u2022 O \u201cabre e fecha\u201d da geladeira ao longo do dia;<br>\u2022 Deixar o ferro de passar ligado enquanto faz outra coisa;<br>\u2022 N\u00e3o colocar alimentos quentes dentro da geladeira.<\/p>\n","protected":false},"excerpt":{"rendered":"<p>Equatorial Maranh\u00e3o mant\u00e9m o alerta sobre a necessidade de continuar economizando A Ag\u00eancia Nacional de Energia El\u00e9trica (ANEEL) anunciou que [&hellip;]<\/p>\n","protected":false},"author":0,"featured_media":0,"comment_status":"open","ping_status":"open","sticky":false,"template":"","format":"standard","meta":{"site-sidebar-layout":"default","site-content-layout":"","ast-site-content-layout":"default","site-content-style":"default","site-sidebar-style":"default","ast-global-header-display":"","ast-banner-title-visibility":"","ast-main-header-display":"","ast-hfb-above-header-display":"","ast-hfb-below-header-display":"","ast-hfb-mobile-header-display":"","site-post-title":"","ast-breadcrumbs-content":"","ast-featured-img":"","footer-sml-layout":"","ast-disable-related-posts":"","theme-transparent-header-meta":"","adv-header-id-meta":"","stick-header-meta":"","header-above-stick-meta":"","header-main-stick-meta":"","header-below-stick-meta":"","astra-migrate-meta-layouts":"default","ast-page-background-enabled":"default","ast-page-background-meta":{"desktop":{"background-color":"var(--ast-global-color-5)","background-image":"","background-repeat":"repeat","background-position":"center center","background-size":"auto","background-attachment":"scroll","background-type":"","background-media":"","overlay-type":"","overlay-color":"","overlay-opacity":"","overlay-gradient":""},"tablet":{"background-color":"","background-image":"","background-repeat":"repeat","background-position":"center center","background-size":"auto","background-attachment":"scroll","background-type":"","background-media":"","overlay-type":"","overlay-color":"","overlay-opacity":"","overlay-gradient":""},"mobile":{"background-color":"","background-image":"","background-repeat":"repeat","background-position":"center center","background-size":"auto","background-attachment":"scroll","background-type":"","background-media":"","overlay-type":"","overlay-color":"","overlay-opacity":"","overlay-gradient":""}},"ast-content-background-meta":{"desktop":{"background-color":"var(--ast-global-color-4)","background-image":"","background-repeat":"repeat","background-position":"center center","background-size":"auto","background-attachment":"scroll","background-type":"","background-media":"","overlay-type":"","overlay-color":"","overlay-opacity":"","overlay-gradient":""},"tablet":{"background-color":"var(--ast-global-color-4)","background-image":"","background-repeat":"repeat","background-position":"center center","background-size":"auto","background-attachment":"scroll","background-type":"","background-media":"","overlay-type":"","overlay-color":"","overlay-opacity":"","overlay-gradient":""},"mobile":{"background-color":"var(--ast-global-color-4)","background-image":"","background-repeat":"repeat","background-position":"center center","background-size":"auto","background-attachment":"scroll","background-type":"","background-media":"","overlay-type":"","overlay-color":"","overlay-opacity":"","overlay-gradient":""}},"footnotes":""},"categories":[1],"tags":[],"class_list":["post-94870","post","type-post","status-publish","format-standard","hentry","category-sem-categoria"],"yoast_head":"<!-- This site is optimized with the Yoast SEO plugin v26.6 - https:\/\/yoast.com\/wordpress\/plugins\/seo\/ -->\n<title>Bandeira Verde: em mar\u00e7o fam\u00edlias baixa renda permanecem com desconto na conta de energia - Daniel Matos<\/title>\n<meta name=\"robots\" content=\"index, follow, max-snippet:-1, max-image-preview:large, max-video-preview:-1\" \/>\n<link rel=\"canonical\" href=\"https:\/\/www.blogsoestado.com\/danielmatos\/bandeira-verde-em-marco-familias-baixa-renda-permanecem-com-desconto-na-conta-de-energia\/\" \/>\n<meta property=\"og:locale\" content=\"pt_BR\" \/>\n<meta property=\"og:type\" content=\"article\" \/>\n<meta property=\"og:title\" content=\"Bandeira Verde: em mar\u00e7o fam\u00edlias baixa renda permanecem com desconto na conta de energia - Daniel Matos\" \/>\n<meta property=\"og:description\" content=\"Equatorial Maranh\u00e3o mant\u00e9m o alerta sobre a necessidade de continuar economizando A Ag\u00eancia Nacional de Energia El\u00e9trica (ANEEL) anunciou que [&hellip;]\" \/>\n<meta property=\"og:url\" content=\"https:\/\/www.blogsoestado.com\/danielmatos\/bandeira-verde-em-marco-familias-baixa-renda-permanecem-com-desconto-na-conta-de-energia\/\" \/>\n<meta property=\"og:site_name\" content=\"Daniel Matos\" \/>\n<meta property=\"article:published_time\" content=\"2022-03-07T15:05:54+00:00\" \/>\n<meta property=\"og:image\" content=\"https:\/\/www.blogsoestado.com\/danielmatos\/files\/2022\/03\/Screenshot_20220307-1203332.png\" \/>\n<meta name=\"twitter:card\" content=\"summary_large_image\" \/>\n<meta name=\"twitter:label1\" content=\"Est. tempo de leitura\" \/>\n\t<meta name=\"twitter:data1\" content=\"2 minutos\" \/>\n<script type=\"application\/ld+json\" class=\"yoast-schema-graph\">{\"@context\":\"https:\/\/schema.org\",\"@graph\":[{\"@type\":\"WebPage\",\"@id\":\"https:\/\/www.blogsoestado.com\/danielmatos\/bandeira-verde-em-marco-familias-baixa-renda-permanecem-com-desconto-na-conta-de-energia\/\",\"url\":\"https:\/\/www.blogsoestado.com\/danielmatos\/bandeira-verde-em-marco-familias-baixa-renda-permanecem-com-desconto-na-conta-de-energia\/\",\"name\":\"Bandeira Verde: em mar\u00e7o fam\u00edlias baixa renda permanecem com desconto na conta de energia - Daniel Matos\",\"isPartOf\":{\"@id\":\"https:\/\/www.blogsoestado.com\/danielmatos\/#website\"},\"primaryImageOfPage\":{\"@id\":\"https:\/\/www.blogsoestado.com\/danielmatos\/bandeira-verde-em-marco-familias-baixa-renda-permanecem-com-desconto-na-conta-de-energia\/#primaryimage\"},\"image\":{\"@id\":\"https:\/\/www.blogsoestado.com\/danielmatos\/bandeira-verde-em-marco-familias-baixa-renda-permanecem-com-desconto-na-conta-de-energia\/#primaryimage\"},\"thumbnailUrl\":\"https:\/\/www.blogsoestado.com\/danielmatos\/files\/2022\/03\/Screenshot_20220307-1203332.png\",\"datePublished\":\"2022-03-07T15:05:54+00:00\",\"author\":{\"@id\":\"\"},\"breadcrumb\":{\"@id\":\"https:\/\/www.blogsoestado.com\/danielmatos\/bandeira-verde-em-marco-familias-baixa-renda-permanecem-com-desconto-na-conta-de-energia\/#breadcrumb\"},\"inLanguage\":\"pt-BR\",\"potentialAction\":[{\"@type\":\"ReadAction\",\"target\":[\"https:\/\/www.blogsoestado.com\/danielmatos\/bandeira-verde-em-marco-familias-baixa-renda-permanecem-com-desconto-na-conta-de-energia\/\"]}]},{\"@type\":\"ImageObject\",\"inLanguage\":\"pt-BR\",\"@id\":\"https:\/\/www.blogsoestado.com\/danielmatos\/bandeira-verde-em-marco-familias-baixa-renda-permanecem-com-desconto-na-conta-de-energia\/#primaryimage\",\"url\":\"https:\/\/www.blogsoestado.com\/danielmatos\/files\/2022\/03\/Screenshot_20220307-1203332.png\",\"contentUrl\":\"https:\/\/www.blogsoestado.com\/danielmatos\/files\/2022\/03\/Screenshot_20220307-1203332.png\"},{\"@type\":\"BreadcrumbList\",\"@id\":\"https:\/\/www.blogsoestado.com\/danielmatos\/bandeira-verde-em-marco-familias-baixa-renda-permanecem-com-desconto-na-conta-de-energia\/#breadcrumb\",\"itemListElement\":[{\"@type\":\"ListItem\",\"position\":1,\"name\":\"In\u00edcio\",\"item\":\"https:\/\/www.blogsoestado.com\/danielmatos\/\"},{\"@type\":\"ListItem\",\"position\":2,\"name\":\"Bandeira Verde: em mar\u00e7o fam\u00edlias baixa renda permanecem com desconto na conta de energia\"}]},{\"@type\":\"WebSite\",\"@id\":\"https:\/\/www.blogsoestado.com\/danielmatos\/#website\",\"url\":\"https:\/\/www.blogsoestado.com\/danielmatos\/\",\"name\":\"Daniel Matos\",\"description\":\"\",\"potentialAction\":[{\"@type\":\"SearchAction\",\"target\":{\"@type\":\"EntryPoint\",\"urlTemplate\":\"https:\/\/www.blogsoestado.com\/danielmatos\/?s={search_term_string}\"},\"query-input\":{\"@type\":\"PropertyValueSpecification\",\"valueRequired\":true,\"valueName\":\"search_term_string\"}}],\"inLanguage\":\"pt-BR\"}]}<\/script>\n<!-- \/ Yoast SEO plugin. -->","yoast_head_json":{"title":"Bandeira Verde: em mar\u00e7o fam\u00edlias baixa renda permanecem com desconto na conta de energia - Daniel Matos","robots":{"index":"index","follow":"follow","max-snippet":"max-snippet:-1","max-image-preview":"max-image-preview:large","max-video-preview":"max-video-preview:-1"},"canonical":"https:\/\/www.blogsoestado.com\/danielmatos\/bandeira-verde-em-marco-familias-baixa-renda-permanecem-com-desconto-na-conta-de-energia\/","og_locale":"pt_BR","og_type":"article","og_title":"Bandeira Verde: em mar\u00e7o fam\u00edlias baixa renda permanecem com desconto na conta de energia - Daniel Matos","og_description":"Equatorial Maranh\u00e3o mant\u00e9m o alerta sobre a necessidade de continuar economizando A Ag\u00eancia Nacional de Energia El\u00e9trica (ANEEL) anunciou que [&hellip;]","og_url":"https:\/\/www.blogsoestado.com\/danielmatos\/bandeira-verde-em-marco-familias-baixa-renda-permanecem-com-desconto-na-conta-de-energia\/","og_site_name":"Daniel Matos","article_published_time":"2022-03-07T15:05:54+00:00","og_image":[{"url":"https:\/\/www.blogsoestado.com\/danielmatos\/files\/2022\/03\/Screenshot_20220307-1203332.png","type":"","width":"","height":""}],"twitter_card":"summary_large_image","twitter_misc":{"Est. tempo de leitura":"2 minutos"},"schema":{"@context":"https:\/\/schema.org","@graph":[{"@type":"WebPage","@id":"https:\/\/www.blogsoestado.com\/danielmatos\/bandeira-verde-em-marco-familias-baixa-renda-permanecem-com-desconto-na-conta-de-energia\/","url":"https:\/\/www.blogsoestado.com\/danielmatos\/bandeira-verde-em-marco-familias-baixa-renda-permanecem-com-desconto-na-conta-de-energia\/","name":"Bandeira Verde: em mar\u00e7o fam\u00edlias baixa renda permanecem com desconto na conta de energia - Daniel Matos","isPartOf":{"@id":"https:\/\/www.blogsoestado.com\/danielmatos\/#website"},"primaryImageOfPage":{"@id":"https:\/\/www.blogsoestado.com\/danielmatos\/bandeira-verde-em-marco-familias-baixa-renda-permanecem-com-desconto-na-conta-de-energia\/#primaryimage"},"image":{"@id":"https:\/\/www.blogsoestado.com\/danielmatos\/bandeira-verde-em-marco-familias-baixa-renda-permanecem-com-desconto-na-conta-de-energia\/#primaryimage"},"thumbnailUrl":"https:\/\/www.blogsoestado.com\/danielmatos\/files\/2022\/03\/Screenshot_20220307-1203332.png","datePublished":"2022-03-07T15:05:54+00:00","author":{"@id":""},"breadcrumb":{"@id":"https:\/\/www.blogsoestado.com\/danielmatos\/bandeira-verde-em-marco-familias-baixa-renda-permanecem-com-desconto-na-conta-de-energia\/#breadcrumb"},"inLanguage":"pt-BR","potentialAction":[{"@type":"ReadAction","target":["https:\/\/www.blogsoestado.com\/danielmatos\/bandeira-verde-em-marco-familias-baixa-renda-permanecem-com-desconto-na-conta-de-energia\/"]}]},{"@type":"ImageObject","inLanguage":"pt-BR","@id":"https:\/\/www.blogsoestado.com\/danielmatos\/bandeira-verde-em-marco-familias-baixa-renda-permanecem-com-desconto-na-conta-de-energia\/#primaryimage","url":"https:\/\/www.blogsoestado.com\/danielmatos\/files\/2022\/03\/Screenshot_20220307-1203332.png","contentUrl":"https:\/\/www.blogsoestado.com\/danielmatos\/files\/2022\/03\/Screenshot_20220307-1203332.png"},{"@type":"BreadcrumbList","@id":"https:\/\/www.blogsoestado.com\/danielmatos\/bandeira-verde-em-marco-familias-baixa-renda-permanecem-com-desconto-na-conta-de-energia\/#breadcrumb","itemListElement":[{"@type":"ListItem","position":1,"name":"In\u00edcio","item":"https:\/\/www.blogsoestado.com\/danielmatos\/"},{"@type":"ListItem","position":2,"name":"Bandeira Verde: em mar\u00e7o fam\u00edlias baixa renda permanecem com desconto na conta de energia"}]},{"@type":"WebSite","@id":"https:\/\/www.blogsoestado.com\/danielmatos\/#website","url":"https:\/\/www.blogsoestado.com\/danielmatos\/","name":"Daniel Matos","description":"","potentialAction":[{"@type":"SearchAction","target":{"@type":"EntryPoint","urlTemplate":"https:\/\/www.blogsoestado.com\/danielmatos\/?s={search_term_string}"},"query-input":{"@type":"PropertyValueSpecification","valueRequired":true,"valueName":"search_term_string"}}],"inLanguage":"pt-BR"}]}},"jetpack_featured_media_url":"","_links":{"self":[{"href":"https:\/\/www.blogsoestado.com\/danielmatos\/wp-json\/wp\/v2\/posts\/94870","targetHints":{"allow":["GET"]}}],"collection":[{"href":"https:\/\/www.blogsoestado.com\/danielmatos\/wp-json\/wp\/v2\/posts"}],"about":[{"href":"https:\/\/www.blogsoestado.com\/danielmatos\/wp-json\/wp\/v2\/types\/post"}],"replies":[{"embeddable":true,"href":"https:\/\/www.blogsoestado.com\/danielmatos\/wp-json\/wp\/v2\/comments?post=94870"}],"version-history":[{"count":0,"href":"https:\/\/www.blogsoestado.com\/danielmatos\/wp-json\/wp\/v2\/posts\/94870\/revisions"}],"wp:attachment":[{"href":"https:\/\/www.blogsoestado.com\/danielmatos\/wp-json\/wp\/v2\/media?parent=94870"}],"wp:term":[{"taxonomy":"category","embeddable":true,"href":"https:\/\/www.blogsoestado.com\/danielmatos\/wp-json\/wp\/v2\/categories?post=94870"},{"taxonomy":"post_tag","embeddable":true,"href":"https:\/\/www.blogsoestado.com\/danielmatos\/wp-json\/wp\/v2\/tags?post=94870"}],"curies":[{"name":"wp","href":"https:\/\/api.w.org\/{rel}","templated":true}]}}