{"id":94886,"date":"2022-03-07T19:22:38","date_gmt":"2022-03-07T22:22:38","guid":{"rendered":"https:\/\/www.blogsoestado.com\/danielmatos\/?p=94886"},"modified":"2022-03-07T19:22:38","modified_gmt":"2022-03-07T22:22:38","slug":"amanda-gentil-e-brandao-fortalecem-parceria-e-o-compromisso-de-trabalhar-pelo-maranhao","status":"publish","type":"post","link":"https:\/\/www.blogsoestado.com\/danielmatos\/amanda-gentil-e-brandao-fortalecem-parceria-e-o-compromisso-de-trabalhar-pelo-maranhao\/","title":{"rendered":"Amanda Gentil e Brand\u00e3o fortalecem parceria e o compromisso de trabalhar pelo Maranh\u00e3o"},"content":{"rendered":"\n<div class=\"wp-block-image\"><figure class=\"aligncenter size-large\"><a href=\"https:\/\/www.blogsoestado.com\/danielmatos\/files\/2022\/03\/Screenshot_20220307-1856362.png\"><img decoding=\"async\" src=\"https:\/\/www.blogsoestado.com\/danielmatos\/files\/2022\/03\/Screenshot_20220307-1856362.png\" alt=\"\" class=\"wp-image-94887\"\/><\/a><figcaption>Amanda Gentil tem em Carlos Brand\u00e3o um amigo, aliado pol\u00edtico e conselheiro<\/figcaption><\/figure><\/div>\n\n\n\n<p>A vida p\u00fablica tem suas peculiaridades e \u00e0 medida que o tempo vai passando, percebe-se que as rela\u00e7\u00f5es pol\u00edticas precisam estar alicer\u00e7adas no respeito e na confian\u00e7a, caso contr\u00e1rio, n\u00e3o prospera. Amanda Gentil, desde que entrou para vida p\u00fablica ao assumir a Secretaria Municipal de Governo, tem demonstrado traquejo de quem j\u00e1 est\u00e1 h\u00e1 muito tempo no meio pol\u00edtico. Ali\u00e1s, ela vem de um ber\u00e7o que tem como professor o saudoso Z\u00e9 Gentil ex-deputado estadual, e F\u00e1bio Gentil, prefeito de Caxias.<\/p>\n\n\n\n<p>Amparada no legado da fam\u00edlia Gentil, a jovem tem honrado o nome da fam\u00edlia ao estabelecer rela\u00e7\u00f5es pol\u00edticas s\u00f3lidas baseadas na lealdade e respeito, como tem feito com Carlos Brand\u00e3o, vice-governador do Maranh\u00e3o. Ali\u00e1s, desde que houve uma aproxima\u00e7\u00e3o entre F\u00e1bio Gentil, Daniela Gentil, Amanda Gentil e Carlos Brand\u00e3o, percebe-se que a jovem tem buscado tanto fortalecer as amizades, quanto tamb\u00e9m, tem conseguido colocar o munic\u00edpio de Caxias na pauta da gest\u00e3o p\u00fablica estadual.<\/p>\n\n\n\n<div class=\"wp-block-image\"><figure class=\"aligncenter size-large\"><a href=\"https:\/\/www.blogsoestado.com\/danielmatos\/files\/2022\/03\/Screenshot_20220307-1850082.png\"><img decoding=\"async\" src=\"https:\/\/www.blogsoestado.com\/danielmatos\/files\/2022\/03\/Screenshot_20220307-1850082.png\" alt=\"\" class=\"wp-image-94888\"\/><\/a><figcaption>Carlos Brand\u00e3o e Amanda Gentil demonstram afinidade m\u00fatua na vida p\u00fablica<\/figcaption><\/figure><\/div>\n\n\n\n<p>Amanda Gentil tem 22 anos, \u00e9 engenheira, e \u00e9 pr\u00e9-candidata \u00e0 Deputada Federal em 2022. Durante a janela partid\u00e1ria que vai at\u00e9 in\u00edcio de abril, deve anunciar por qual partido vai disputar ao cargo. Ali\u00e1s, falando nisso, com base no capital eleitoral conquistado, a custa de muito trabalho e esfor\u00e7o pol\u00edtico pela fam\u00edlia Gentil, n\u00e3o custa nada lembrar que F\u00e1bio Gentil, foi aclamado nas \u00faltimas elei\u00e7\u00f5es com 78,17%, transformando-o na maior lideran\u00e7a pol\u00edtica do leste maranhense, o cen\u00e1rio tem sido favor\u00e1vel para a inser\u00e7\u00e3o de Amanda Gentil no contexto pol\u00edtico do Estado.&nbsp;<\/p>\n\n\n\n<p>Da elei\u00e7\u00e3o reelei\u00e7\u00e3o de F\u00e1bio Gentil para c\u00e1, as alian\u00e7as pol\u00edticas t\u00eam aumentado, e as conversas t\u00eam tamb\u00e9m ganhado o Estado do Maranh\u00e3o. Amanda Gentil, tem acompanhando F\u00e1bio Gentil nos diversos compromissos pol\u00edticos ao lado de Carlos Brand\u00e3o, que \u00e9 pr\u00e9-candidato a Governo do Maranh\u00e3o e do Governador Fl\u00e1vio Dino, este pr\u00e9-candidato ao Senado.\u00a0<\/p>\n\n\n\n<div class=\"wp-block-image\"><figure class=\"aligncenter size-large\"><a href=\"https:\/\/www.blogsoestado.com\/danielmatos\/files\/2022\/03\/Screenshot_20220307-1852542.png\"><img decoding=\"async\" src=\"https:\/\/www.blogsoestado.com\/danielmatos\/files\/2022\/03\/Screenshot_20220307-1852542.png\" alt=\"\" class=\"wp-image-94889\"\/><\/a><figcaption>Amanda Gentil e a deputada Daniella no palanque com Fl\u00e1vio Dino em uma solenidade p\u00fablica <\/figcaption><\/figure><\/div>\n\n\n\n<p>A rela\u00e7\u00e3o de amizade, respeito, carinho e companheirismo entre Amanda Gentil e Brand\u00e3o tem se aproximado, e isso pode demonstrar algo de muito importante para o Governo do Estado, que \u00e9 ter apoio na C\u00e2mara dos Deputados para trazer recursos ao Maranh\u00e3o. Um Governador precisa de apoio parlamentar na C\u00e2mara Federal que ajude o Governo a trazer os programas e projetos que engrande\u00e7am o estado e promovam desenvolvimento e justi\u00e7a social.<\/p>\n\n\n\n<p>Amanda Gentil tem se tornado o nome mais relevante politicamente falando da regi\u00e3o leste, gra\u00e7as \u00e0 capilaridade pol\u00edtica que est\u00e1 sendo trabalhada, que pode transform\u00e1-la em uma das deputadas mais votadas do Maranh\u00e3o e a mais jovem a ocupar um cargo de tal envergadura. Para que isto aconte\u00e7a o contato com o povo \u00e9 fundamental. E, gra\u00e7as aos la\u00e7os pol\u00edticos com diferentes legendas e lideran\u00e7as pol\u00edticas, o contato com a popula\u00e7\u00e3o tem sido frequente, na zona urbana e rural e em dezenas de munic\u00edpios maranhenses.\u00a0<\/p>\n\n\n\n<div class=\"wp-block-image\"><figure class=\"aligncenter size-large\"><a href=\"https:\/\/www.blogsoestado.com\/danielmatos\/files\/2022\/03\/Screenshot_20220307-1851412.png\"><img decoding=\"async\" src=\"https:\/\/www.blogsoestado.com\/danielmatos\/files\/2022\/03\/Screenshot_20220307-1851412.png\" alt=\"\" class=\"wp-image-94891\"\/><\/a><figcaption>O prefeito F\u00e1bio Gentil e a secret\u00e1ria Amanda cumprem agenda institucional com o governador Fl\u00e1vio Dino em Caxias<\/figcaption><\/figure><\/div>\n\n\n\n<p>O potencial de Amanda Gentil tem sido demonstrado na habilidade pol\u00edtica com que tem enfrentado diversos temas, quando confrontada, na busca de melhorias para a cidade junto ao governo do estado ao lado da Deputada Estadual, Daniela Gentil. Em Caxias, a jovem poder\u00e1 suprir um v\u00e1cuo pol\u00edtico que h\u00e1 anos n\u00e3o \u00e9 preenchido, a de Caxias e a regi\u00e3o leste do Maranh\u00e3o ter um deputado (a) que represente \u00e0 altura os interesses de todos, e que n\u00e3o olhe apenas para um grupo pol\u00edtico, mas para os interesses da sociedade que anseia por melhores condi\u00e7\u00f5es de vida e oportunidade.<\/p>\n\n\n\n<p>O apoio de Amanda Gentil e F\u00e1bio Gentil a Carlos Brand\u00e3o vem sendo defendida h\u00e1 muito tempo, tendo sido ratificada pelo grupo pol\u00edtico liderado pelo prefeito de Caxias. Isso demonstra, lealdade. Quando da inaugura\u00e7\u00e3o do Restaurante Popular Z\u00e9 Gentil em Caxias (MA), F\u00e1bio Gentil, voltou a refor\u00e7ar o apoio, que Amanda Gentil tamb\u00e9m tem levado pelas cidades por onde passa mostrando seus projetos.\u00a0<\/p>\n\n\n\n<div class=\"wp-block-image\"><figure class=\"aligncenter size-large\"><a href=\"https:\/\/www.blogsoestado.com\/danielmatos\/files\/2022\/03\/Screenshot_20220307-1852102.png\"><img decoding=\"async\" src=\"https:\/\/www.blogsoestado.com\/danielmatos\/files\/2022\/03\/Screenshot_20220307-1852102.png\" alt=\"\" class=\"wp-image-94892\"\/><\/a><figcaption>Amanda Gentil tamb\u00e9m conta com o apoio do governador e pr\u00e9-candidato a senador, Fl\u00e1vio Dino <\/figcaption><\/figure><\/div>\n\n\n\n<p>Em seu \u00faltimo compromisso pol\u00edtico ao lado de Carlos Brand\u00e3o e Fl\u00e1vio Dino, em Buriti Bravo, onde foram assinadas ordens de servi\u00e7o, Amanda disse: &#8220;Mais uma agenda conclu\u00edda com sucesso. Ontem foi dia de acompanhar entregas ao munic\u00edpio de Buriti Bravo. Essa foi a \u00faltima visita de Flavio Dino ao munic\u00edpio, como governador, a partir de abril as agendas continuam, mas quem estar\u00e1 \u00e0 frente do governo, o ent\u00e3o vice governador, Carlos Brand\u00e3o. Um final de semana de muitas entregas e melhorias n\u00e3o s\u00f3 para Buriti Bravo, mas para v\u00e1rias cidades do interior, como a querida Colinas, Mirador e S\u00e3o Domingos. Continuamos percorrendo todo esse Maranh\u00e3o lindo, e levando melhorias para todos os maranhenses&#8221;, destacou Amanda Gentil, pr\u00e9-candidata a deputada federal.<\/p>\n","protected":false},"excerpt":{"rendered":"<p>A vida p\u00fablica tem suas peculiaridades e \u00e0 medida que o tempo vai passando, percebe-se que as rela\u00e7\u00f5es pol\u00edticas precisam [&hellip;]<\/p>\n","protected":false},"author":0,"featured_media":0,"comment_status":"open","ping_status":"open","sticky":false,"template":"","format":"standard","meta":{"site-sidebar-layout":"default","site-content-layout":"","ast-site-content-layout":"default","site-content-style":"default","site-sidebar-style":"default","ast-global-header-display":"","ast-banner-title-visibility":"","ast-main-header-display":"","ast-hfb-above-header-display":"","ast-hfb-below-header-display":"","ast-hfb-mobile-header-display":"","site-post-title":"","ast-breadcrumbs-content":"","ast-featured-img":"","footer-sml-layout":"","ast-disable-related-posts":"","theme-transparent-header-meta":"","adv-header-id-meta":"","stick-header-meta":"","header-above-stick-meta":"","header-main-stick-meta":"","header-below-stick-meta":"","astra-migrate-meta-layouts":"default","ast-page-background-enabled":"default","ast-page-background-meta":{"desktop":{"background-color":"var(--ast-global-color-5)","background-image":"","background-repeat":"repeat","background-position":"center center","background-size":"auto","background-attachment":"scroll","background-type":"","background-media":"","overlay-type":"","overlay-color":"","overlay-opacity":"","overlay-gradient":""},"tablet":{"background-color":"","background-image":"","background-repeat":"repeat","background-position":"center center","background-size":"auto","background-attachment":"scroll","background-type":"","background-media":"","overlay-type":"","overlay-color":"","overlay-opacity":"","overlay-gradient":""},"mobile":{"background-color":"","background-image":"","background-repeat":"repeat","background-position":"center center","background-size":"auto","background-attachment":"scroll","background-type":"","background-media":"","overlay-type":"","overlay-color":"","overlay-opacity":"","overlay-gradient":""}},"ast-content-background-meta":{"desktop":{"background-color":"var(--ast-global-color-4)","background-image":"","background-repeat":"repeat","background-position":"center center","background-size":"auto","background-attachment":"scroll","background-type":"","background-media":"","overlay-type":"","overlay-color":"","overlay-opacity":"","overlay-gradient":""},"tablet":{"background-color":"var(--ast-global-color-4)","background-image":"","background-repeat":"repeat","background-position":"center center","background-size":"auto","background-attachment":"scroll","background-type":"","background-media":"","overlay-type":"","overlay-color":"","overlay-opacity":"","overlay-gradient":""},"mobile":{"background-color":"var(--ast-global-color-4)","background-image":"","background-repeat":"repeat","background-position":"center center","background-size":"auto","background-attachment":"scroll","background-type":"","background-media":"","overlay-type":"","overlay-color":"","overlay-opacity":"","overlay-gradient":""}},"footnotes":""},"categories":[1],"tags":[],"class_list":["post-94886","post","type-post","status-publish","format-standard","hentry","category-sem-categoria"],"yoast_head":"<!-- This site is optimized with the Yoast SEO plugin v26.6 - https:\/\/yoast.com\/wordpress\/plugins\/seo\/ -->\n<title>Amanda Gentil e Brand\u00e3o fortalecem parceria e o compromisso de trabalhar pelo Maranh\u00e3o - Daniel Matos<\/title>\n<meta name=\"robots\" content=\"index, follow, max-snippet:-1, max-image-preview:large, max-video-preview:-1\" \/>\n<link rel=\"canonical\" href=\"https:\/\/www.blogsoestado.com\/danielmatos\/amanda-gentil-e-brandao-fortalecem-parceria-e-o-compromisso-de-trabalhar-pelo-maranhao\/\" \/>\n<meta property=\"og:locale\" content=\"pt_BR\" \/>\n<meta property=\"og:type\" content=\"article\" \/>\n<meta property=\"og:title\" content=\"Amanda Gentil e Brand\u00e3o fortalecem parceria e o compromisso de trabalhar pelo Maranh\u00e3o - Daniel Matos\" \/>\n<meta property=\"og:description\" content=\"A vida p\u00fablica tem suas peculiaridades e \u00e0 medida que o tempo vai passando, percebe-se que as rela\u00e7\u00f5es pol\u00edticas precisam [&hellip;]\" \/>\n<meta property=\"og:url\" content=\"https:\/\/www.blogsoestado.com\/danielmatos\/amanda-gentil-e-brandao-fortalecem-parceria-e-o-compromisso-de-trabalhar-pelo-maranhao\/\" \/>\n<meta property=\"og:site_name\" content=\"Daniel Matos\" \/>\n<meta property=\"article:published_time\" content=\"2022-03-07T22:22:38+00:00\" \/>\n<meta property=\"og:image\" content=\"https:\/\/www.blogsoestado.com\/danielmatos\/files\/2022\/03\/Screenshot_20220307-1856362.png\" \/>\n<meta name=\"twitter:card\" content=\"summary_large_image\" \/>\n<meta name=\"twitter:label1\" content=\"Est. tempo de leitura\" \/>\n\t<meta name=\"twitter:data1\" content=\"5 minutos\" \/>\n<script type=\"application\/ld+json\" class=\"yoast-schema-graph\">{\"@context\":\"https:\/\/schema.org\",\"@graph\":[{\"@type\":\"WebPage\",\"@id\":\"https:\/\/www.blogsoestado.com\/danielmatos\/amanda-gentil-e-brandao-fortalecem-parceria-e-o-compromisso-de-trabalhar-pelo-maranhao\/\",\"url\":\"https:\/\/www.blogsoestado.com\/danielmatos\/amanda-gentil-e-brandao-fortalecem-parceria-e-o-compromisso-de-trabalhar-pelo-maranhao\/\",\"name\":\"Amanda Gentil e Brand\u00e3o fortalecem parceria e o compromisso de trabalhar pelo Maranh\u00e3o - Daniel Matos\",\"isPartOf\":{\"@id\":\"https:\/\/www.blogsoestado.com\/danielmatos\/#website\"},\"primaryImageOfPage\":{\"@id\":\"https:\/\/www.blogsoestado.com\/danielmatos\/amanda-gentil-e-brandao-fortalecem-parceria-e-o-compromisso-de-trabalhar-pelo-maranhao\/#primaryimage\"},\"image\":{\"@id\":\"https:\/\/www.blogsoestado.com\/danielmatos\/amanda-gentil-e-brandao-fortalecem-parceria-e-o-compromisso-de-trabalhar-pelo-maranhao\/#primaryimage\"},\"thumbnailUrl\":\"https:\/\/www.blogsoestado.com\/danielmatos\/files\/2022\/03\/Screenshot_20220307-1856362.png\",\"datePublished\":\"2022-03-07T22:22:38+00:00\",\"author\":{\"@id\":\"\"},\"breadcrumb\":{\"@id\":\"https:\/\/www.blogsoestado.com\/danielmatos\/amanda-gentil-e-brandao-fortalecem-parceria-e-o-compromisso-de-trabalhar-pelo-maranhao\/#breadcrumb\"},\"inLanguage\":\"pt-BR\",\"potentialAction\":[{\"@type\":\"ReadAction\",\"target\":[\"https:\/\/www.blogsoestado.com\/danielmatos\/amanda-gentil-e-brandao-fortalecem-parceria-e-o-compromisso-de-trabalhar-pelo-maranhao\/\"]}]},{\"@type\":\"ImageObject\",\"inLanguage\":\"pt-BR\",\"@id\":\"https:\/\/www.blogsoestado.com\/danielmatos\/amanda-gentil-e-brandao-fortalecem-parceria-e-o-compromisso-de-trabalhar-pelo-maranhao\/#primaryimage\",\"url\":\"https:\/\/www.blogsoestado.com\/danielmatos\/files\/2022\/03\/Screenshot_20220307-1856362.png\",\"contentUrl\":\"https:\/\/www.blogsoestado.com\/danielmatos\/files\/2022\/03\/Screenshot_20220307-1856362.png\"},{\"@type\":\"BreadcrumbList\",\"@id\":\"https:\/\/www.blogsoestado.com\/danielmatos\/amanda-gentil-e-brandao-fortalecem-parceria-e-o-compromisso-de-trabalhar-pelo-maranhao\/#breadcrumb\",\"itemListElement\":[{\"@type\":\"ListItem\",\"position\":1,\"name\":\"In\u00edcio\",\"item\":\"https:\/\/www.blogsoestado.com\/danielmatos\/\"},{\"@type\":\"ListItem\",\"position\":2,\"name\":\"Amanda Gentil e Brand\u00e3o fortalecem parceria e o compromisso de trabalhar pelo Maranh\u00e3o\"}]},{\"@type\":\"WebSite\",\"@id\":\"https:\/\/www.blogsoestado.com\/danielmatos\/#website\",\"url\":\"https:\/\/www.blogsoestado.com\/danielmatos\/\",\"name\":\"Daniel Matos\",\"description\":\"\",\"potentialAction\":[{\"@type\":\"SearchAction\",\"target\":{\"@type\":\"EntryPoint\",\"urlTemplate\":\"https:\/\/www.blogsoestado.com\/danielmatos\/?s={search_term_string}\"},\"query-input\":{\"@type\":\"PropertyValueSpecification\",\"valueRequired\":true,\"valueName\":\"search_term_string\"}}],\"inLanguage\":\"pt-BR\"}]}<\/script>\n<!-- \/ Yoast SEO plugin. -->","yoast_head_json":{"title":"Amanda Gentil e Brand\u00e3o fortalecem parceria e o compromisso de trabalhar pelo Maranh\u00e3o - Daniel Matos","robots":{"index":"index","follow":"follow","max-snippet":"max-snippet:-1","max-image-preview":"max-image-preview:large","max-video-preview":"max-video-preview:-1"},"canonical":"https:\/\/www.blogsoestado.com\/danielmatos\/amanda-gentil-e-brandao-fortalecem-parceria-e-o-compromisso-de-trabalhar-pelo-maranhao\/","og_locale":"pt_BR","og_type":"article","og_title":"Amanda Gentil e Brand\u00e3o fortalecem parceria e o compromisso de trabalhar pelo Maranh\u00e3o - Daniel Matos","og_description":"A vida p\u00fablica tem suas peculiaridades e \u00e0 medida que o tempo vai passando, percebe-se que as rela\u00e7\u00f5es pol\u00edticas precisam [&hellip;]","og_url":"https:\/\/www.blogsoestado.com\/danielmatos\/amanda-gentil-e-brandao-fortalecem-parceria-e-o-compromisso-de-trabalhar-pelo-maranhao\/","og_site_name":"Daniel Matos","article_published_time":"2022-03-07T22:22:38+00:00","og_image":[{"url":"https:\/\/www.blogsoestado.com\/danielmatos\/files\/2022\/03\/Screenshot_20220307-1856362.png","type":"","width":"","height":""}],"twitter_card":"summary_large_image","twitter_misc":{"Est. tempo de leitura":"5 minutos"},"schema":{"@context":"https:\/\/schema.org","@graph":[{"@type":"WebPage","@id":"https:\/\/www.blogsoestado.com\/danielmatos\/amanda-gentil-e-brandao-fortalecem-parceria-e-o-compromisso-de-trabalhar-pelo-maranhao\/","url":"https:\/\/www.blogsoestado.com\/danielmatos\/amanda-gentil-e-brandao-fortalecem-parceria-e-o-compromisso-de-trabalhar-pelo-maranhao\/","name":"Amanda Gentil e Brand\u00e3o fortalecem parceria e o compromisso de trabalhar pelo Maranh\u00e3o - Daniel Matos","isPartOf":{"@id":"https:\/\/www.blogsoestado.com\/danielmatos\/#website"},"primaryImageOfPage":{"@id":"https:\/\/www.blogsoestado.com\/danielmatos\/amanda-gentil-e-brandao-fortalecem-parceria-e-o-compromisso-de-trabalhar-pelo-maranhao\/#primaryimage"},"image":{"@id":"https:\/\/www.blogsoestado.com\/danielmatos\/amanda-gentil-e-brandao-fortalecem-parceria-e-o-compromisso-de-trabalhar-pelo-maranhao\/#primaryimage"},"thumbnailUrl":"https:\/\/www.blogsoestado.com\/danielmatos\/files\/2022\/03\/Screenshot_20220307-1856362.png","datePublished":"2022-03-07T22:22:38+00:00","author":{"@id":""},"breadcrumb":{"@id":"https:\/\/www.blogsoestado.com\/danielmatos\/amanda-gentil-e-brandao-fortalecem-parceria-e-o-compromisso-de-trabalhar-pelo-maranhao\/#breadcrumb"},"inLanguage":"pt-BR","potentialAction":[{"@type":"ReadAction","target":["https:\/\/www.blogsoestado.com\/danielmatos\/amanda-gentil-e-brandao-fortalecem-parceria-e-o-compromisso-de-trabalhar-pelo-maranhao\/"]}]},{"@type":"ImageObject","inLanguage":"pt-BR","@id":"https:\/\/www.blogsoestado.com\/danielmatos\/amanda-gentil-e-brandao-fortalecem-parceria-e-o-compromisso-de-trabalhar-pelo-maranhao\/#primaryimage","url":"https:\/\/www.blogsoestado.com\/danielmatos\/files\/2022\/03\/Screenshot_20220307-1856362.png","contentUrl":"https:\/\/www.blogsoestado.com\/danielmatos\/files\/2022\/03\/Screenshot_20220307-1856362.png"},{"@type":"BreadcrumbList","@id":"https:\/\/www.blogsoestado.com\/danielmatos\/amanda-gentil-e-brandao-fortalecem-parceria-e-o-compromisso-de-trabalhar-pelo-maranhao\/#breadcrumb","itemListElement":[{"@type":"ListItem","position":1,"name":"In\u00edcio","item":"https:\/\/www.blogsoestado.com\/danielmatos\/"},{"@type":"ListItem","position":2,"name":"Amanda Gentil e Brand\u00e3o fortalecem parceria e o compromisso de trabalhar pelo Maranh\u00e3o"}]},{"@type":"WebSite","@id":"https:\/\/www.blogsoestado.com\/danielmatos\/#website","url":"https:\/\/www.blogsoestado.com\/danielmatos\/","name":"Daniel Matos","description":"","potentialAction":[{"@type":"SearchAction","target":{"@type":"EntryPoint","urlTemplate":"https:\/\/www.blogsoestado.com\/danielmatos\/?s={search_term_string}"},"query-input":{"@type":"PropertyValueSpecification","valueRequired":true,"valueName":"search_term_string"}}],"inLanguage":"pt-BR"}]}},"jetpack_featured_media_url":"","_links":{"self":[{"href":"https:\/\/www.blogsoestado.com\/danielmatos\/wp-json\/wp\/v2\/posts\/94886","targetHints":{"allow":["GET"]}}],"collection":[{"href":"https:\/\/www.blogsoestado.com\/danielmatos\/wp-json\/wp\/v2\/posts"}],"about":[{"href":"https:\/\/www.blogsoestado.com\/danielmatos\/wp-json\/wp\/v2\/types\/post"}],"replies":[{"embeddable":true,"href":"https:\/\/www.blogsoestado.com\/danielmatos\/wp-json\/wp\/v2\/comments?post=94886"}],"version-history":[{"count":0,"href":"https:\/\/www.blogsoestado.com\/danielmatos\/wp-json\/wp\/v2\/posts\/94886\/revisions"}],"wp:attachment":[{"href":"https:\/\/www.blogsoestado.com\/danielmatos\/wp-json\/wp\/v2\/media?parent=94886"}],"wp:term":[{"taxonomy":"category","embeddable":true,"href":"https:\/\/www.blogsoestado.com\/danielmatos\/wp-json\/wp\/v2\/categories?post=94886"},{"taxonomy":"post_tag","embeddable":true,"href":"https:\/\/www.blogsoestado.com\/danielmatos\/wp-json\/wp\/v2\/tags?post=94886"}],"curies":[{"name":"wp","href":"https:\/\/api.w.org\/{rel}","templated":true}]}}