{"id":94894,"date":"2022-03-07T23:17:21","date_gmt":"2022-03-08T02:17:21","guid":{"rendered":"https:\/\/www.blogsoestado.com\/danielmatos\/?p=94894"},"modified":"2022-03-07T23:17:21","modified_gmt":"2022-03-08T02:17:21","slug":"marcial-lima-deixou-lideranca-do-governo-braide-na-camara-para-se-dedicar-a-pre-campanha-a-deputado-estadual","status":"publish","type":"post","link":"https:\/\/www.blogsoestado.com\/danielmatos\/marcial-lima-deixou-lideranca-do-governo-braide-na-camara-para-se-dedicar-a-pre-campanha-a-deputado-estadual\/","title":{"rendered":"Marcial Lima deixou lideran\u00e7a do governo Braide na C\u00e2mara para se dedicar \u00e0 pr\u00e9-campanha a deputado estadual"},"content":{"rendered":"\n<p><strong><span class=\"has-inline-color has-vivid-red-color\">Vereador mostrou-se contrariado com an\u00fancio antecipado do seu substituto, nas redes sociais, mesmo ele tendo acordado com o secret\u00e1rio municipal de Articula\u00e7\u00e3o Pol\u00edtica que se despediria nesta segunda-feira (7)<\/span><\/strong><\/p>\n\n\n\n<div class=\"wp-block-image\"><figure class=\"aligncenter size-large\"><a href=\"https:\/\/www.blogsoestado.com\/danielmatos\/files\/2022\/03\/Screenshot_20220307-2146382.png\"><img decoding=\"async\" src=\"https:\/\/www.blogsoestado.com\/danielmatos\/files\/2022\/03\/Screenshot_20220307-2146382.png\" alt=\"\" class=\"wp-image-94895\"\/><\/a><figcaption>Marcial Lima exp\u00f4s a verdade sobre a sua sa\u00edda da lideran\u00e7a do governo Braide na C\u00e2mara Municipal de S\u00e3o Lu\u00eds<\/figcaption><\/figure><\/div>\n\n\n\n<p>Em pronunciamento na tribuna da C\u00e2mara Municipal de S\u00e3o Lu\u00eds, na sess\u00e3o ordin\u00e1ria desta segunda-feira (7), o vereador Marcial Lima (Podemos) revelou que j\u00e1 havia comunicado \u00e0 prefeitura que deixaria a lideran\u00e7a do governo no parlamento da capital. Segundo Marcial, a decis\u00e3o foi motivada pela elei\u00e7\u00e3o de outubro deste ano, quando ele concorrer\u00e1 novamente ao mandato de deputado estadual.<\/p>\n\n\n\n<p>Em seu discurso, o vereador ressaltou que sua vers\u00e3o para o caso \u00e9 pautada na verdade, pois n\u00e3o esconde nada de ningu\u00e9m. &#8220;At\u00e9 porque, como radialista, jornalista e cidad\u00e3o de bem eu nunca fugi do debate&#8221;, assinalou. <\/p>\n\n\n\n<p>Ele informou que h\u00e1 cerca de 20 dias se submeteu a uma cirurgia no olho direito e que dias depois encontrou com o secret\u00e1rio municipal de Articula\u00e7\u00e3o Pol\u00edtica, M\u00e1rcio Andrade, e anunciou e ele, em uma conversa franca, na presen\u00e7a do seu chefe de gabinete, sua decis\u00e3o de abdicar da interlocu\u00e7\u00e3o entre os vereadores e o Poder Executivo municipal.<\/p>\n\n\n\n<p>E declarou o motivo: &#8220;eu sou pr\u00e9-candidato a deputado estadual. Na elei\u00e7\u00e3o de 2018, fomos votados em 168 dos 217 munic\u00edpios do Maranh\u00e3o. A minha segunda base eleitoral \u00e9 Graja\u00fa, a aproximadamente 600 quil\u00f3metros da capital. Eu iria, automaticamente conciliar o meu mandato de vereador, e vou fazer, com base na minha experi\u00eancia, com a minha pr\u00e9-campanha. Por isso, eu estaria entregando a lideran\u00e7a do governo&#8221;, justificou. <\/p>\n\n\n\n<p>O agora ex-l\u00edder de Braide na C\u00e2mara afirmou que na \u00faltima sexta-feira, dia 4, confidenciou ao colega Paulo Victor (PCdoB) que faria sua despedida nesta segunda-feira (7). O di\u00e1logo se deu por telefone, pois nessa data Marcial estava viajando para Graja\u00fa, pois um sobrinho seu fora v\u00edtima de tentativa de latroc\u00ednio em Imperatriz e estava internado em um hospital.<\/p>\n\n\n\n<p>&#8220;Por coincid\u00eancia ou n\u00e3o, n\u00e3o sei se vazou o que o Paulo Victor disse, no \u00faltimo s\u00e1bado (5), o prefeito faz uma postagem nas redes sociais e anuncia que tem um novo l\u00edder na C\u00e2mara Municipal&#8221;, recapitulou. &#8220;Eu quero parabenizar o colega Raimundo Penha, desejo boa sorte. Mas ele (Braide) n\u00e3o deveria ter feito isso, pois n\u00f3s acordamos com o secret\u00e1rio municipal de Articula\u00e7\u00e3o Pol\u00edtica&#8221;, manifestou-se Marcial, contrariado.<\/p>\n\n\n\n<p>Assista:<\/p>\n\n\n\n<figure class=\"wp-block-embed is-type-video is-provider-youtube wp-block-embed-youtube wp-embed-aspect-16-9 wp-has-aspect-ratio\"><div class=\"wp-block-embed__wrapper\">\n<iframe title=\"Vereador Marcial Lima comunicou h\u00e1 20 dias \u00e0 prefeitura que deixaria lideran\u00e7a do governo\" width=\"500\" height=\"281\" src=\"https:\/\/www.youtube.com\/embed\/ACRqcX61GGA?feature=oembed\" frameborder=\"0\" allow=\"accelerometer; autoplay; clipboard-write; encrypted-media; gyroscope; picture-in-picture; web-share\" referrerpolicy=\"strict-origin-when-cross-origin\" allowfullscreen><\/iframe>\n<\/div><\/figure>\n","protected":false},"excerpt":{"rendered":"<p>Vereador mostrou-se contrariado com an\u00fancio antecipado do seu substituto, nas redes sociais, mesmo ele tendo acordado com o secret\u00e1rio municipal [&hellip;]<\/p>\n","protected":false},"author":0,"featured_media":0,"comment_status":"open","ping_status":"open","sticky":false,"template":"","format":"standard","meta":{"site-sidebar-layout":"default","site-content-layout":"","ast-site-content-layout":"default","site-content-style":"default","site-sidebar-style":"default","ast-global-header-display":"","ast-banner-title-visibility":"","ast-main-header-display":"","ast-hfb-above-header-display":"","ast-hfb-below-header-display":"","ast-hfb-mobile-header-display":"","site-post-title":"","ast-breadcrumbs-content":"","ast-featured-img":"","footer-sml-layout":"","ast-disable-related-posts":"","theme-transparent-header-meta":"","adv-header-id-meta":"","stick-header-meta":"","header-above-stick-meta":"","header-main-stick-meta":"","header-below-stick-meta":"","astra-migrate-meta-layouts":"default","ast-page-background-enabled":"default","ast-page-background-meta":{"desktop":{"background-color":"var(--ast-global-color-5)","background-image":"","background-repeat":"repeat","background-position":"center center","background-size":"auto","background-attachment":"scroll","background-type":"","background-media":"","overlay-type":"","overlay-color":"","overlay-opacity":"","overlay-gradient":""},"tablet":{"background-color":"","background-image":"","background-repeat":"repeat","background-position":"center center","background-size":"auto","background-attachment":"scroll","background-type":"","background-media":"","overlay-type":"","overlay-color":"","overlay-opacity":"","overlay-gradient":""},"mobile":{"background-color":"","background-image":"","background-repeat":"repeat","background-position":"center center","background-size":"auto","background-attachment":"scroll","background-type":"","background-media":"","overlay-type":"","overlay-color":"","overlay-opacity":"","overlay-gradient":""}},"ast-content-background-meta":{"desktop":{"background-color":"var(--ast-global-color-4)","background-image":"","background-repeat":"repeat","background-position":"center center","background-size":"auto","background-attachment":"scroll","background-type":"","background-media":"","overlay-type":"","overlay-color":"","overlay-opacity":"","overlay-gradient":""},"tablet":{"background-color":"var(--ast-global-color-4)","background-image":"","background-repeat":"repeat","background-position":"center center","background-size":"auto","background-attachment":"scroll","background-type":"","background-media":"","overlay-type":"","overlay-color":"","overlay-opacity":"","overlay-gradient":""},"mobile":{"background-color":"var(--ast-global-color-4)","background-image":"","background-repeat":"repeat","background-position":"center center","background-size":"auto","background-attachment":"scroll","background-type":"","background-media":"","overlay-type":"","overlay-color":"","overlay-opacity":"","overlay-gradient":""}},"footnotes":""},"categories":[1],"tags":[],"class_list":["post-94894","post","type-post","status-publish","format-standard","hentry","category-sem-categoria"],"yoast_head":"<!-- This site is optimized with the Yoast SEO plugin v26.6 - https:\/\/yoast.com\/wordpress\/plugins\/seo\/ -->\n<title>Marcial Lima deixou lideran\u00e7a do governo Braide na C\u00e2mara para se dedicar \u00e0 pr\u00e9-campanha a deputado estadual - Daniel Matos<\/title>\n<meta name=\"robots\" content=\"index, follow, max-snippet:-1, max-image-preview:large, max-video-preview:-1\" \/>\n<link rel=\"canonical\" href=\"https:\/\/www.blogsoestado.com\/danielmatos\/marcial-lima-deixou-lideranca-do-governo-braide-na-camara-para-se-dedicar-a-pre-campanha-a-deputado-estadual\/\" \/>\n<meta property=\"og:locale\" content=\"pt_BR\" \/>\n<meta property=\"og:type\" content=\"article\" \/>\n<meta property=\"og:title\" content=\"Marcial Lima deixou lideran\u00e7a do governo Braide na C\u00e2mara para se dedicar \u00e0 pr\u00e9-campanha a deputado estadual - Daniel Matos\" \/>\n<meta property=\"og:description\" content=\"Vereador mostrou-se contrariado com an\u00fancio antecipado do seu substituto, nas redes sociais, mesmo ele tendo acordado com o secret\u00e1rio municipal [&hellip;]\" \/>\n<meta property=\"og:url\" content=\"https:\/\/www.blogsoestado.com\/danielmatos\/marcial-lima-deixou-lideranca-do-governo-braide-na-camara-para-se-dedicar-a-pre-campanha-a-deputado-estadual\/\" \/>\n<meta property=\"og:site_name\" content=\"Daniel Matos\" \/>\n<meta property=\"article:published_time\" content=\"2022-03-08T02:17:21+00:00\" \/>\n<meta property=\"og:image\" content=\"https:\/\/www.blogsoestado.com\/danielmatos\/files\/2022\/03\/Screenshot_20220307-2146382.png\" \/>\n<meta name=\"twitter:card\" content=\"summary_large_image\" \/>\n<meta name=\"twitter:label1\" content=\"Est. tempo de leitura\" \/>\n\t<meta name=\"twitter:data1\" content=\"2 minutos\" \/>\n<script type=\"application\/ld+json\" class=\"yoast-schema-graph\">{\"@context\":\"https:\/\/schema.org\",\"@graph\":[{\"@type\":\"WebPage\",\"@id\":\"https:\/\/www.blogsoestado.com\/danielmatos\/marcial-lima-deixou-lideranca-do-governo-braide-na-camara-para-se-dedicar-a-pre-campanha-a-deputado-estadual\/\",\"url\":\"https:\/\/www.blogsoestado.com\/danielmatos\/marcial-lima-deixou-lideranca-do-governo-braide-na-camara-para-se-dedicar-a-pre-campanha-a-deputado-estadual\/\",\"name\":\"Marcial Lima deixou lideran\u00e7a do governo Braide na C\u00e2mara para se dedicar \u00e0 pr\u00e9-campanha a deputado estadual - Daniel Matos\",\"isPartOf\":{\"@id\":\"https:\/\/www.blogsoestado.com\/danielmatos\/#website\"},\"primaryImageOfPage\":{\"@id\":\"https:\/\/www.blogsoestado.com\/danielmatos\/marcial-lima-deixou-lideranca-do-governo-braide-na-camara-para-se-dedicar-a-pre-campanha-a-deputado-estadual\/#primaryimage\"},\"image\":{\"@id\":\"https:\/\/www.blogsoestado.com\/danielmatos\/marcial-lima-deixou-lideranca-do-governo-braide-na-camara-para-se-dedicar-a-pre-campanha-a-deputado-estadual\/#primaryimage\"},\"thumbnailUrl\":\"https:\/\/www.blogsoestado.com\/danielmatos\/files\/2022\/03\/Screenshot_20220307-2146382.png\",\"datePublished\":\"2022-03-08T02:17:21+00:00\",\"author\":{\"@id\":\"\"},\"breadcrumb\":{\"@id\":\"https:\/\/www.blogsoestado.com\/danielmatos\/marcial-lima-deixou-lideranca-do-governo-braide-na-camara-para-se-dedicar-a-pre-campanha-a-deputado-estadual\/#breadcrumb\"},\"inLanguage\":\"pt-BR\",\"potentialAction\":[{\"@type\":\"ReadAction\",\"target\":[\"https:\/\/www.blogsoestado.com\/danielmatos\/marcial-lima-deixou-lideranca-do-governo-braide-na-camara-para-se-dedicar-a-pre-campanha-a-deputado-estadual\/\"]}]},{\"@type\":\"ImageObject\",\"inLanguage\":\"pt-BR\",\"@id\":\"https:\/\/www.blogsoestado.com\/danielmatos\/marcial-lima-deixou-lideranca-do-governo-braide-na-camara-para-se-dedicar-a-pre-campanha-a-deputado-estadual\/#primaryimage\",\"url\":\"https:\/\/www.blogsoestado.com\/danielmatos\/files\/2022\/03\/Screenshot_20220307-2146382.png\",\"contentUrl\":\"https:\/\/www.blogsoestado.com\/danielmatos\/files\/2022\/03\/Screenshot_20220307-2146382.png\"},{\"@type\":\"BreadcrumbList\",\"@id\":\"https:\/\/www.blogsoestado.com\/danielmatos\/marcial-lima-deixou-lideranca-do-governo-braide-na-camara-para-se-dedicar-a-pre-campanha-a-deputado-estadual\/#breadcrumb\",\"itemListElement\":[{\"@type\":\"ListItem\",\"position\":1,\"name\":\"In\u00edcio\",\"item\":\"https:\/\/www.blogsoestado.com\/danielmatos\/\"},{\"@type\":\"ListItem\",\"position\":2,\"name\":\"Marcial Lima deixou lideran\u00e7a do governo Braide na C\u00e2mara para se dedicar \u00e0 pr\u00e9-campanha a deputado estadual\"}]},{\"@type\":\"WebSite\",\"@id\":\"https:\/\/www.blogsoestado.com\/danielmatos\/#website\",\"url\":\"https:\/\/www.blogsoestado.com\/danielmatos\/\",\"name\":\"Daniel Matos\",\"description\":\"\",\"potentialAction\":[{\"@type\":\"SearchAction\",\"target\":{\"@type\":\"EntryPoint\",\"urlTemplate\":\"https:\/\/www.blogsoestado.com\/danielmatos\/?s={search_term_string}\"},\"query-input\":{\"@type\":\"PropertyValueSpecification\",\"valueRequired\":true,\"valueName\":\"search_term_string\"}}],\"inLanguage\":\"pt-BR\"}]}<\/script>\n<!-- \/ Yoast SEO plugin. -->","yoast_head_json":{"title":"Marcial Lima deixou lideran\u00e7a do governo Braide na C\u00e2mara para se dedicar \u00e0 pr\u00e9-campanha a deputado estadual - Daniel Matos","robots":{"index":"index","follow":"follow","max-snippet":"max-snippet:-1","max-image-preview":"max-image-preview:large","max-video-preview":"max-video-preview:-1"},"canonical":"https:\/\/www.blogsoestado.com\/danielmatos\/marcial-lima-deixou-lideranca-do-governo-braide-na-camara-para-se-dedicar-a-pre-campanha-a-deputado-estadual\/","og_locale":"pt_BR","og_type":"article","og_title":"Marcial Lima deixou lideran\u00e7a do governo Braide na C\u00e2mara para se dedicar \u00e0 pr\u00e9-campanha a deputado estadual - Daniel Matos","og_description":"Vereador mostrou-se contrariado com an\u00fancio antecipado do seu substituto, nas redes sociais, mesmo ele tendo acordado com o secret\u00e1rio municipal [&hellip;]","og_url":"https:\/\/www.blogsoestado.com\/danielmatos\/marcial-lima-deixou-lideranca-do-governo-braide-na-camara-para-se-dedicar-a-pre-campanha-a-deputado-estadual\/","og_site_name":"Daniel Matos","article_published_time":"2022-03-08T02:17:21+00:00","og_image":[{"url":"https:\/\/www.blogsoestado.com\/danielmatos\/files\/2022\/03\/Screenshot_20220307-2146382.png","type":"","width":"","height":""}],"twitter_card":"summary_large_image","twitter_misc":{"Est. tempo de leitura":"2 minutos"},"schema":{"@context":"https:\/\/schema.org","@graph":[{"@type":"WebPage","@id":"https:\/\/www.blogsoestado.com\/danielmatos\/marcial-lima-deixou-lideranca-do-governo-braide-na-camara-para-se-dedicar-a-pre-campanha-a-deputado-estadual\/","url":"https:\/\/www.blogsoestado.com\/danielmatos\/marcial-lima-deixou-lideranca-do-governo-braide-na-camara-para-se-dedicar-a-pre-campanha-a-deputado-estadual\/","name":"Marcial Lima deixou lideran\u00e7a do governo Braide na C\u00e2mara para se dedicar \u00e0 pr\u00e9-campanha a deputado estadual - Daniel Matos","isPartOf":{"@id":"https:\/\/www.blogsoestado.com\/danielmatos\/#website"},"primaryImageOfPage":{"@id":"https:\/\/www.blogsoestado.com\/danielmatos\/marcial-lima-deixou-lideranca-do-governo-braide-na-camara-para-se-dedicar-a-pre-campanha-a-deputado-estadual\/#primaryimage"},"image":{"@id":"https:\/\/www.blogsoestado.com\/danielmatos\/marcial-lima-deixou-lideranca-do-governo-braide-na-camara-para-se-dedicar-a-pre-campanha-a-deputado-estadual\/#primaryimage"},"thumbnailUrl":"https:\/\/www.blogsoestado.com\/danielmatos\/files\/2022\/03\/Screenshot_20220307-2146382.png","datePublished":"2022-03-08T02:17:21+00:00","author":{"@id":""},"breadcrumb":{"@id":"https:\/\/www.blogsoestado.com\/danielmatos\/marcial-lima-deixou-lideranca-do-governo-braide-na-camara-para-se-dedicar-a-pre-campanha-a-deputado-estadual\/#breadcrumb"},"inLanguage":"pt-BR","potentialAction":[{"@type":"ReadAction","target":["https:\/\/www.blogsoestado.com\/danielmatos\/marcial-lima-deixou-lideranca-do-governo-braide-na-camara-para-se-dedicar-a-pre-campanha-a-deputado-estadual\/"]}]},{"@type":"ImageObject","inLanguage":"pt-BR","@id":"https:\/\/www.blogsoestado.com\/danielmatos\/marcial-lima-deixou-lideranca-do-governo-braide-na-camara-para-se-dedicar-a-pre-campanha-a-deputado-estadual\/#primaryimage","url":"https:\/\/www.blogsoestado.com\/danielmatos\/files\/2022\/03\/Screenshot_20220307-2146382.png","contentUrl":"https:\/\/www.blogsoestado.com\/danielmatos\/files\/2022\/03\/Screenshot_20220307-2146382.png"},{"@type":"BreadcrumbList","@id":"https:\/\/www.blogsoestado.com\/danielmatos\/marcial-lima-deixou-lideranca-do-governo-braide-na-camara-para-se-dedicar-a-pre-campanha-a-deputado-estadual\/#breadcrumb","itemListElement":[{"@type":"ListItem","position":1,"name":"In\u00edcio","item":"https:\/\/www.blogsoestado.com\/danielmatos\/"},{"@type":"ListItem","position":2,"name":"Marcial Lima deixou lideran\u00e7a do governo Braide na C\u00e2mara para se dedicar \u00e0 pr\u00e9-campanha a deputado estadual"}]},{"@type":"WebSite","@id":"https:\/\/www.blogsoestado.com\/danielmatos\/#website","url":"https:\/\/www.blogsoestado.com\/danielmatos\/","name":"Daniel Matos","description":"","potentialAction":[{"@type":"SearchAction","target":{"@type":"EntryPoint","urlTemplate":"https:\/\/www.blogsoestado.com\/danielmatos\/?s={search_term_string}"},"query-input":{"@type":"PropertyValueSpecification","valueRequired":true,"valueName":"search_term_string"}}],"inLanguage":"pt-BR"}]}},"jetpack_featured_media_url":"","_links":{"self":[{"href":"https:\/\/www.blogsoestado.com\/danielmatos\/wp-json\/wp\/v2\/posts\/94894","targetHints":{"allow":["GET"]}}],"collection":[{"href":"https:\/\/www.blogsoestado.com\/danielmatos\/wp-json\/wp\/v2\/posts"}],"about":[{"href":"https:\/\/www.blogsoestado.com\/danielmatos\/wp-json\/wp\/v2\/types\/post"}],"replies":[{"embeddable":true,"href":"https:\/\/www.blogsoestado.com\/danielmatos\/wp-json\/wp\/v2\/comments?post=94894"}],"version-history":[{"count":0,"href":"https:\/\/www.blogsoestado.com\/danielmatos\/wp-json\/wp\/v2\/posts\/94894\/revisions"}],"wp:attachment":[{"href":"https:\/\/www.blogsoestado.com\/danielmatos\/wp-json\/wp\/v2\/media?parent=94894"}],"wp:term":[{"taxonomy":"category","embeddable":true,"href":"https:\/\/www.blogsoestado.com\/danielmatos\/wp-json\/wp\/v2\/categories?post=94894"},{"taxonomy":"post_tag","embeddable":true,"href":"https:\/\/www.blogsoestado.com\/danielmatos\/wp-json\/wp\/v2\/tags?post=94894"}],"curies":[{"name":"wp","href":"https:\/\/api.w.org\/{rel}","templated":true}]}}