{"id":94901,"date":"2022-03-08T11:29:25","date_gmt":"2022-03-08T14:29:25","guid":{"rendered":"https:\/\/www.blogsoestado.com\/danielmatos\/?p=94901"},"modified":"2022-03-08T11:29:25","modified_gmt":"2022-03-08T14:29:25","slug":"programa-de-apoio-a-projetos-locais-2022-do-instituto-alcoa-recebe-inscricoes-desde-7-de-marco","status":"publish","type":"post","link":"https:\/\/www.blogsoestado.com\/danielmatos\/programa-de-apoio-a-projetos-locais-2022-do-instituto-alcoa-recebe-inscricoes-desde-7-de-marco\/","title":{"rendered":"Programa de Apoio a Projetos Locais 2022 do Instituto Alcoa recebe inscri\u00e7\u00f5es desde 7 de mar\u00e7o"},"content":{"rendered":"\n<p><strong><span class=\"has-inline-color has-vivid-red-color\">Realizada anualmente, chamada apoia iniciativas relacionadas \u00e0s \u00e1reas de atua\u00e7\u00e3o priorit\u00e1rias do Instituto Alcoa: educa\u00e7\u00e3o e gera\u00e7\u00e3o de trabalho e renda<\/span><\/strong><\/p>\n\n\n\n<div class=\"wp-block-image\"><figure class=\"aligncenter size-large\"><a href=\"https:\/\/www.blogsoestado.com\/danielmatos\/files\/2022\/03\/Screenshot_20220308-1122532.png\"><img decoding=\"async\" src=\"https:\/\/www.blogsoestado.com\/danielmatos\/files\/2022\/03\/Screenshot_20220308-1122532.png\" alt=\"\" class=\"wp-image-94902\"\/><\/a><figcaption>iniciativa apoiar\u00e1 projetos locais desenvolvidos por organiza\u00e7\u00f5es da sociedade civil e\/ou do Poder P\u00fablico nas \u00e1reas priorit\u00e1rias para o Instituto \u2013 educa\u00e7\u00e3o com foco em ensino fundamental e gera\u00e7\u00e3o de trabalho e renda, causas estruturantes para o desenvolvimento de uma sociedade mais justa.<\/figcaption><\/figure><\/div>\n\n\n\n<p>O Programa de Apoio a Projetos Locais, uma realiza\u00e7\u00e3o anual do Instituto Alcoa para contribuir com sua miss\u00e3o de promover coletivamente a educa\u00e7\u00e3o e o desenvolvimento dos territ\u00f3rios nos quais atua, receber\u00e1 inscri\u00e7\u00f5es de projetos de 7 de mar\u00e7o a 15 de abril.<\/p>\n\n\n\n<p>A iniciativa apoiar\u00e1 projetos locais desenvolvidos por organiza\u00e7\u00f5es da sociedade civil e\/ou do Poder P\u00fablico nas \u00e1reas priorit\u00e1rias para o Instituto \u2013 educa\u00e7\u00e3o com foco em ensino fundamental e gera\u00e7\u00e3o de trabalho e renda, causas estruturantes para o desenvolvimento de uma sociedade mais justa. Al\u00e9m disso, como parte do compromisso de contribuir para a redu\u00e7\u00e3o das desigualdades e promover, cada vez mais, espa\u00e7os diversos e inclusivos para todas as pessoas, o Programa de Apoio a Projetos tamb\u00e9m incentiva o desenvolvimento de iniciativas que auxiliem e estimulem a inclus\u00e3o de mulheres, grupos \u00e9tnico-raciais, pessoas com defici\u00eancia e do p\u00fablico LGBTQIA+.<\/p>\n\n\n\n<p>\u201cOs projetos sociais t\u00eam a capacidade de promover transforma\u00e7\u00f5es individuais e coletivas. Acreditamos na capacidade de articula\u00e7\u00e3o e na pot\u00eancia da sociedade civil e das comunidades para a retomada do desenvolvimento local. Precisamos fortalecer as parcerias j\u00e1 existentes e criar novos la\u00e7os para que, juntos, possamos ter uma sociedade menos desigual\u201d, explica Monica Espadaro, gerente de projetos do Instituto Alcoa.<\/p>\n\n\n\n<p><strong>Crit\u00e9rios para participa\u00e7\u00e3o<\/strong><\/p>\n\n\n\n<p>Ser\u00e3o priorizados projetos nas regi\u00f5es de atua\u00e7\u00e3o do IA: Juruti, \u00d3bidos e Santar\u00e9m (PA); Po\u00e7os de Caldas, Andradas e Caldas (MG); Divinol\u00e2ndia (SP); S\u00e3o Lu\u00eds, Pa\u00e7o do Lumiar, Raposa e S\u00e3o Jos\u00e9 de Ribamar (MA).<\/p>\n\n\n\n<p>Organiza\u00e7\u00f5es com no m\u00ednimo dois anos de exist\u00eancia, projetos realizados nas localidades eleg\u00edveis e iniciativas com dura\u00e7\u00e3o m\u00e1xima de dois anos s\u00e3o alguns dos crit\u00e9rios para participar do edital.<\/p>\n\n\n\n<p>Os projetos devem conter: 1) foco nas \u00e1reas priorit\u00e1rias do Instituto Alcoa; 2) objetivo de implementa\u00e7\u00e3o, expans\u00e3o, aperfei\u00e7oamento ou dissemina\u00e7\u00e3o de propostas j\u00e1 existentes; 3) valor solicitado ao Instituto Alcoa entre R$ 50 mil e R$ 250 mil; 4) perspectiva de continuidade e sustentabilidade das a\u00e7\u00f5es ap\u00f3s o encerramento do apoio; 5) ao menos uma parceria financeira assegurada para o desenvolvimento da proposta, que corresponda a, no m\u00ednimo, 10% do or\u00e7amento total; e 6) estrat\u00e9gias de avalia\u00e7\u00e3o e plano de divulga\u00e7\u00e3o, incluindo a\u00e7\u00f5es e resultados.<\/p>\n\n\n\n<p>As inscri\u00e7\u00f5es ser\u00e3o recebidas de 7 de mar\u00e7o a 15 de abril pelo sistema de gest\u00e3o de projetos. No ato da inscri\u00e7\u00e3o, as organiza\u00e7\u00f5es devem enviar todos os documentos descritos no edital. Os projetos selecionados ser\u00e3o divulgados at\u00e9 12 de agosto.<\/p>\n\n\n\n<p><strong>Workshops<\/strong><\/p>\n\n\n\n<p>Para apoiar as organiza\u00e7\u00f5es na elabora\u00e7\u00e3o e envio dos projetos, o Instituto Alcoa promover\u00e1 workshops virtuais em parceria com o Ficas, organiza\u00e7\u00e3o que acompanha todas as etapas do Programa de Apoio a Projetos Locais. Conhe\u00e7a o calend\u00e1rio de acordo com a localiza\u00e7\u00e3o das organiza\u00e7\u00f5es participantes:<\/p>\n\n\n\n<p>\u2022 Po\u00e7os de Caldas e regi\u00e3o: 7 de mar\u00e7o, das 14h30 \u00e0s 16h<br>\u2022 Juruti e regi\u00e3o: 9 de mar\u00e7o, das 14h \u00e0s 15h30<br>\u2022 S\u00e3o Lu\u00eds e regi\u00e3o: 10 de mar\u00e7o, das 14h30 \u00e0s 16h<\/p>\n\n\n\n<p>Todas as informa\u00e7\u00f5es sobre o Programa de Apoio a Projetos Locais 2022 est\u00e3o reunidas no edital da iniciativa, dispon\u00edvel neste link.<\/p>\n\n\n\n<p>D\u00favidas podem ser esclarecidas pelo e-mail <a href=\"mailto:avaliacao@ficas.org.br\">avaliacao@ficas.org.br<\/a> ou pelo telefone 0800 722 0715 (liga\u00e7\u00e3o gratuita de segunda \u00e0 sexta-feira, das 9h \u00e0s 17h).<\/p>\n","protected":false},"excerpt":{"rendered":"<p>Realizada anualmente, chamada apoia iniciativas relacionadas \u00e0s \u00e1reas de atua\u00e7\u00e3o priorit\u00e1rias do Instituto Alcoa: educa\u00e7\u00e3o e gera\u00e7\u00e3o de trabalho e [&hellip;]<\/p>\n","protected":false},"author":0,"featured_media":0,"comment_status":"open","ping_status":"open","sticky":false,"template":"","format":"standard","meta":{"site-sidebar-layout":"default","site-content-layout":"","ast-site-content-layout":"default","site-content-style":"default","site-sidebar-style":"default","ast-global-header-display":"","ast-banner-title-visibility":"","ast-main-header-display":"","ast-hfb-above-header-display":"","ast-hfb-below-header-display":"","ast-hfb-mobile-header-display":"","site-post-title":"","ast-breadcrumbs-content":"","ast-featured-img":"","footer-sml-layout":"","ast-disable-related-posts":"","theme-transparent-header-meta":"","adv-header-id-meta":"","stick-header-meta":"","header-above-stick-meta":"","header-main-stick-meta":"","header-below-stick-meta":"","astra-migrate-meta-layouts":"default","ast-page-background-enabled":"default","ast-page-background-meta":{"desktop":{"background-color":"var(--ast-global-color-5)","background-image":"","background-repeat":"repeat","background-position":"center center","background-size":"auto","background-attachment":"scroll","background-type":"","background-media":"","overlay-type":"","overlay-color":"","overlay-opacity":"","overlay-gradient":""},"tablet":{"background-color":"","background-image":"","background-repeat":"repeat","background-position":"center center","background-size":"auto","background-attachment":"scroll","background-type":"","background-media":"","overlay-type":"","overlay-color":"","overlay-opacity":"","overlay-gradient":""},"mobile":{"background-color":"","background-image":"","background-repeat":"repeat","background-position":"center center","background-size":"auto","background-attachment":"scroll","background-type":"","background-media":"","overlay-type":"","overlay-color":"","overlay-opacity":"","overlay-gradient":""}},"ast-content-background-meta":{"desktop":{"background-color":"var(--ast-global-color-4)","background-image":"","background-repeat":"repeat","background-position":"center center","background-size":"auto","background-attachment":"scroll","background-type":"","background-media":"","overlay-type":"","overlay-color":"","overlay-opacity":"","overlay-gradient":""},"tablet":{"background-color":"var(--ast-global-color-4)","background-image":"","background-repeat":"repeat","background-position":"center center","background-size":"auto","background-attachment":"scroll","background-type":"","background-media":"","overlay-type":"","overlay-color":"","overlay-opacity":"","overlay-gradient":""},"mobile":{"background-color":"var(--ast-global-color-4)","background-image":"","background-repeat":"repeat","background-position":"center center","background-size":"auto","background-attachment":"scroll","background-type":"","background-media":"","overlay-type":"","overlay-color":"","overlay-opacity":"","overlay-gradient":""}},"footnotes":""},"categories":[1],"tags":[],"class_list":["post-94901","post","type-post","status-publish","format-standard","hentry","category-sem-categoria"],"yoast_head":"<!-- This site is optimized with the Yoast SEO plugin v26.6 - https:\/\/yoast.com\/wordpress\/plugins\/seo\/ -->\n<title>Programa de Apoio a Projetos Locais 2022 do Instituto Alcoa recebe inscri\u00e7\u00f5es desde 7 de mar\u00e7o - Daniel Matos<\/title>\n<meta name=\"robots\" content=\"index, follow, max-snippet:-1, max-image-preview:large, max-video-preview:-1\" \/>\n<link rel=\"canonical\" href=\"https:\/\/www.blogsoestado.com\/danielmatos\/programa-de-apoio-a-projetos-locais-2022-do-instituto-alcoa-recebe-inscricoes-desde-7-de-marco\/\" \/>\n<meta property=\"og:locale\" content=\"pt_BR\" \/>\n<meta property=\"og:type\" content=\"article\" \/>\n<meta property=\"og:title\" content=\"Programa de Apoio a Projetos Locais 2022 do Instituto Alcoa recebe inscri\u00e7\u00f5es desde 7 de mar\u00e7o - Daniel Matos\" \/>\n<meta property=\"og:description\" content=\"Realizada anualmente, chamada apoia iniciativas relacionadas \u00e0s \u00e1reas de atua\u00e7\u00e3o priorit\u00e1rias do Instituto Alcoa: educa\u00e7\u00e3o e gera\u00e7\u00e3o de trabalho e [&hellip;]\" \/>\n<meta property=\"og:url\" content=\"https:\/\/www.blogsoestado.com\/danielmatos\/programa-de-apoio-a-projetos-locais-2022-do-instituto-alcoa-recebe-inscricoes-desde-7-de-marco\/\" \/>\n<meta property=\"og:site_name\" content=\"Daniel Matos\" \/>\n<meta property=\"article:published_time\" content=\"2022-03-08T14:29:25+00:00\" \/>\n<meta property=\"og:image\" content=\"https:\/\/www.blogsoestado.com\/danielmatos\/files\/2022\/03\/Screenshot_20220308-1122532.png\" \/>\n<meta name=\"twitter:card\" content=\"summary_large_image\" \/>\n<meta name=\"twitter:label1\" content=\"Est. tempo de leitura\" \/>\n\t<meta name=\"twitter:data1\" content=\"3 minutos\" \/>\n<script type=\"application\/ld+json\" class=\"yoast-schema-graph\">{\"@context\":\"https:\/\/schema.org\",\"@graph\":[{\"@type\":\"WebPage\",\"@id\":\"https:\/\/www.blogsoestado.com\/danielmatos\/programa-de-apoio-a-projetos-locais-2022-do-instituto-alcoa-recebe-inscricoes-desde-7-de-marco\/\",\"url\":\"https:\/\/www.blogsoestado.com\/danielmatos\/programa-de-apoio-a-projetos-locais-2022-do-instituto-alcoa-recebe-inscricoes-desde-7-de-marco\/\",\"name\":\"Programa de Apoio a Projetos Locais 2022 do Instituto Alcoa recebe inscri\u00e7\u00f5es desde 7 de mar\u00e7o - Daniel Matos\",\"isPartOf\":{\"@id\":\"https:\/\/www.blogsoestado.com\/danielmatos\/#website\"},\"primaryImageOfPage\":{\"@id\":\"https:\/\/www.blogsoestado.com\/danielmatos\/programa-de-apoio-a-projetos-locais-2022-do-instituto-alcoa-recebe-inscricoes-desde-7-de-marco\/#primaryimage\"},\"image\":{\"@id\":\"https:\/\/www.blogsoestado.com\/danielmatos\/programa-de-apoio-a-projetos-locais-2022-do-instituto-alcoa-recebe-inscricoes-desde-7-de-marco\/#primaryimage\"},\"thumbnailUrl\":\"https:\/\/www.blogsoestado.com\/danielmatos\/files\/2022\/03\/Screenshot_20220308-1122532.png\",\"datePublished\":\"2022-03-08T14:29:25+00:00\",\"author\":{\"@id\":\"\"},\"breadcrumb\":{\"@id\":\"https:\/\/www.blogsoestado.com\/danielmatos\/programa-de-apoio-a-projetos-locais-2022-do-instituto-alcoa-recebe-inscricoes-desde-7-de-marco\/#breadcrumb\"},\"inLanguage\":\"pt-BR\",\"potentialAction\":[{\"@type\":\"ReadAction\",\"target\":[\"https:\/\/www.blogsoestado.com\/danielmatos\/programa-de-apoio-a-projetos-locais-2022-do-instituto-alcoa-recebe-inscricoes-desde-7-de-marco\/\"]}]},{\"@type\":\"ImageObject\",\"inLanguage\":\"pt-BR\",\"@id\":\"https:\/\/www.blogsoestado.com\/danielmatos\/programa-de-apoio-a-projetos-locais-2022-do-instituto-alcoa-recebe-inscricoes-desde-7-de-marco\/#primaryimage\",\"url\":\"https:\/\/www.blogsoestado.com\/danielmatos\/files\/2022\/03\/Screenshot_20220308-1122532.png\",\"contentUrl\":\"https:\/\/www.blogsoestado.com\/danielmatos\/files\/2022\/03\/Screenshot_20220308-1122532.png\"},{\"@type\":\"BreadcrumbList\",\"@id\":\"https:\/\/www.blogsoestado.com\/danielmatos\/programa-de-apoio-a-projetos-locais-2022-do-instituto-alcoa-recebe-inscricoes-desde-7-de-marco\/#breadcrumb\",\"itemListElement\":[{\"@type\":\"ListItem\",\"position\":1,\"name\":\"In\u00edcio\",\"item\":\"https:\/\/www.blogsoestado.com\/danielmatos\/\"},{\"@type\":\"ListItem\",\"position\":2,\"name\":\"Programa de Apoio a Projetos Locais 2022 do Instituto Alcoa recebe inscri\u00e7\u00f5es desde 7 de mar\u00e7o\"}]},{\"@type\":\"WebSite\",\"@id\":\"https:\/\/www.blogsoestado.com\/danielmatos\/#website\",\"url\":\"https:\/\/www.blogsoestado.com\/danielmatos\/\",\"name\":\"Daniel Matos\",\"description\":\"\",\"potentialAction\":[{\"@type\":\"SearchAction\",\"target\":{\"@type\":\"EntryPoint\",\"urlTemplate\":\"https:\/\/www.blogsoestado.com\/danielmatos\/?s={search_term_string}\"},\"query-input\":{\"@type\":\"PropertyValueSpecification\",\"valueRequired\":true,\"valueName\":\"search_term_string\"}}],\"inLanguage\":\"pt-BR\"}]}<\/script>\n<!-- \/ Yoast SEO plugin. -->","yoast_head_json":{"title":"Programa de Apoio a Projetos Locais 2022 do Instituto Alcoa recebe inscri\u00e7\u00f5es desde 7 de mar\u00e7o - Daniel Matos","robots":{"index":"index","follow":"follow","max-snippet":"max-snippet:-1","max-image-preview":"max-image-preview:large","max-video-preview":"max-video-preview:-1"},"canonical":"https:\/\/www.blogsoestado.com\/danielmatos\/programa-de-apoio-a-projetos-locais-2022-do-instituto-alcoa-recebe-inscricoes-desde-7-de-marco\/","og_locale":"pt_BR","og_type":"article","og_title":"Programa de Apoio a Projetos Locais 2022 do Instituto Alcoa recebe inscri\u00e7\u00f5es desde 7 de mar\u00e7o - Daniel Matos","og_description":"Realizada anualmente, chamada apoia iniciativas relacionadas \u00e0s \u00e1reas de atua\u00e7\u00e3o priorit\u00e1rias do Instituto Alcoa: educa\u00e7\u00e3o e gera\u00e7\u00e3o de trabalho e [&hellip;]","og_url":"https:\/\/www.blogsoestado.com\/danielmatos\/programa-de-apoio-a-projetos-locais-2022-do-instituto-alcoa-recebe-inscricoes-desde-7-de-marco\/","og_site_name":"Daniel Matos","article_published_time":"2022-03-08T14:29:25+00:00","og_image":[{"url":"https:\/\/www.blogsoestado.com\/danielmatos\/files\/2022\/03\/Screenshot_20220308-1122532.png","type":"","width":"","height":""}],"twitter_card":"summary_large_image","twitter_misc":{"Est. tempo de leitura":"3 minutos"},"schema":{"@context":"https:\/\/schema.org","@graph":[{"@type":"WebPage","@id":"https:\/\/www.blogsoestado.com\/danielmatos\/programa-de-apoio-a-projetos-locais-2022-do-instituto-alcoa-recebe-inscricoes-desde-7-de-marco\/","url":"https:\/\/www.blogsoestado.com\/danielmatos\/programa-de-apoio-a-projetos-locais-2022-do-instituto-alcoa-recebe-inscricoes-desde-7-de-marco\/","name":"Programa de Apoio a Projetos Locais 2022 do Instituto Alcoa recebe inscri\u00e7\u00f5es desde 7 de mar\u00e7o - Daniel Matos","isPartOf":{"@id":"https:\/\/www.blogsoestado.com\/danielmatos\/#website"},"primaryImageOfPage":{"@id":"https:\/\/www.blogsoestado.com\/danielmatos\/programa-de-apoio-a-projetos-locais-2022-do-instituto-alcoa-recebe-inscricoes-desde-7-de-marco\/#primaryimage"},"image":{"@id":"https:\/\/www.blogsoestado.com\/danielmatos\/programa-de-apoio-a-projetos-locais-2022-do-instituto-alcoa-recebe-inscricoes-desde-7-de-marco\/#primaryimage"},"thumbnailUrl":"https:\/\/www.blogsoestado.com\/danielmatos\/files\/2022\/03\/Screenshot_20220308-1122532.png","datePublished":"2022-03-08T14:29:25+00:00","author":{"@id":""},"breadcrumb":{"@id":"https:\/\/www.blogsoestado.com\/danielmatos\/programa-de-apoio-a-projetos-locais-2022-do-instituto-alcoa-recebe-inscricoes-desde-7-de-marco\/#breadcrumb"},"inLanguage":"pt-BR","potentialAction":[{"@type":"ReadAction","target":["https:\/\/www.blogsoestado.com\/danielmatos\/programa-de-apoio-a-projetos-locais-2022-do-instituto-alcoa-recebe-inscricoes-desde-7-de-marco\/"]}]},{"@type":"ImageObject","inLanguage":"pt-BR","@id":"https:\/\/www.blogsoestado.com\/danielmatos\/programa-de-apoio-a-projetos-locais-2022-do-instituto-alcoa-recebe-inscricoes-desde-7-de-marco\/#primaryimage","url":"https:\/\/www.blogsoestado.com\/danielmatos\/files\/2022\/03\/Screenshot_20220308-1122532.png","contentUrl":"https:\/\/www.blogsoestado.com\/danielmatos\/files\/2022\/03\/Screenshot_20220308-1122532.png"},{"@type":"BreadcrumbList","@id":"https:\/\/www.blogsoestado.com\/danielmatos\/programa-de-apoio-a-projetos-locais-2022-do-instituto-alcoa-recebe-inscricoes-desde-7-de-marco\/#breadcrumb","itemListElement":[{"@type":"ListItem","position":1,"name":"In\u00edcio","item":"https:\/\/www.blogsoestado.com\/danielmatos\/"},{"@type":"ListItem","position":2,"name":"Programa de Apoio a Projetos Locais 2022 do Instituto Alcoa recebe inscri\u00e7\u00f5es desde 7 de mar\u00e7o"}]},{"@type":"WebSite","@id":"https:\/\/www.blogsoestado.com\/danielmatos\/#website","url":"https:\/\/www.blogsoestado.com\/danielmatos\/","name":"Daniel Matos","description":"","potentialAction":[{"@type":"SearchAction","target":{"@type":"EntryPoint","urlTemplate":"https:\/\/www.blogsoestado.com\/danielmatos\/?s={search_term_string}"},"query-input":{"@type":"PropertyValueSpecification","valueRequired":true,"valueName":"search_term_string"}}],"inLanguage":"pt-BR"}]}},"jetpack_featured_media_url":"","_links":{"self":[{"href":"https:\/\/www.blogsoestado.com\/danielmatos\/wp-json\/wp\/v2\/posts\/94901","targetHints":{"allow":["GET"]}}],"collection":[{"href":"https:\/\/www.blogsoestado.com\/danielmatos\/wp-json\/wp\/v2\/posts"}],"about":[{"href":"https:\/\/www.blogsoestado.com\/danielmatos\/wp-json\/wp\/v2\/types\/post"}],"replies":[{"embeddable":true,"href":"https:\/\/www.blogsoestado.com\/danielmatos\/wp-json\/wp\/v2\/comments?post=94901"}],"version-history":[{"count":0,"href":"https:\/\/www.blogsoestado.com\/danielmatos\/wp-json\/wp\/v2\/posts\/94901\/revisions"}],"wp:attachment":[{"href":"https:\/\/www.blogsoestado.com\/danielmatos\/wp-json\/wp\/v2\/media?parent=94901"}],"wp:term":[{"taxonomy":"category","embeddable":true,"href":"https:\/\/www.blogsoestado.com\/danielmatos\/wp-json\/wp\/v2\/categories?post=94901"},{"taxonomy":"post_tag","embeddable":true,"href":"https:\/\/www.blogsoestado.com\/danielmatos\/wp-json\/wp\/v2\/tags?post=94901"}],"curies":[{"name":"wp","href":"https:\/\/api.w.org\/{rel}","templated":true}]}}