{"id":94939,"date":"2022-03-09T06:00:00","date_gmt":"2022-03-09T09:00:00","guid":{"rendered":"https:\/\/www.blogsoestado.com\/danielmatos\/?p=94939"},"modified":"2022-03-09T06:00:00","modified_gmt":"2022-03-09T09:00:00","slug":"no-interior-do-maranhao-homem-espanca-companheira-em-pleno-dia-internacional-da-mulher-e-e-preso-em-flagrante","status":"publish","type":"post","link":"https:\/\/www.blogsoestado.com\/danielmatos\/no-interior-do-maranhao-homem-espanca-companheira-em-pleno-dia-internacional-da-mulher-e-e-preso-em-flagrante\/","title":{"rendered":"No interior do Maranh\u00e3o, homem espanca companheira em pleno Dia Internacional da Mulher e \u00e9 preso em flagrante"},"content":{"rendered":"\n<div class=\"wp-block-image\"><figure class=\"aligncenter size-large\"><a href=\"https:\/\/www.blogsoestado.com\/danielmatos\/files\/2022\/03\/Screenshot_20220309-0039122.png\"><img decoding=\"async\" src=\"https:\/\/www.blogsoestado.com\/danielmatos\/files\/2022\/03\/Screenshot_20220309-0039122.png\" alt=\"\" class=\"wp-image-94940\"\/><\/a><figcaption>Viatura da Pol\u00edcia Civil conduz agressor do povoados Campo Novo \u00e0 Delegacia de Santa Helena <\/figcaption><\/figure><\/div>\n\n\n\n<p>A Delegacia de Pol\u00edcia Civil de Santa Helena prendeu em flagrante homem suspeito de agredir companheira no povoado Campo Novo em pleno Dia Internacional da Mulher (8 de mar\u00e7o). O homem de iniciais A.J.V teria espancado sua companheira, desferindo golpes e a puxando pelos cabelos. Os vizinhos, ao tomarem conhecimento do ato de viol\u00eancia dom\u00e9stica, comunicaram \u00e0s for\u00e7as de seguran\u00e7a p\u00fablica, que imediatamente encaminharam uma equipe para o local.<\/p>\n\n\n\n<p>A equipe da Delegacia de Santa Helena tem combatido com firmeza os crimes envolvendo viol\u00eancia domestica e familiar contra a mulher. No Dia Internacional da Mulher, \u00e9 recompensador atuar em prote\u00e7\u00e3o a uma v\u00edtima do sexo feminino em estado de vulnerabilidade.<\/p>\n\n\n\n<p>O suspeito foi encaminhado ao pres\u00eddio, onde ficar\u00e1 \u00e0 disposi\u00e7\u00e3o do Poder Judici\u00e1rio.<\/p>\n","protected":false},"excerpt":{"rendered":"<p>A Delegacia de Pol\u00edcia Civil de Santa Helena prendeu em flagrante homem suspeito de agredir companheira no povoado Campo Novo [&hellip;]<\/p>\n","protected":false},"author":0,"featured_media":0,"comment_status":"open","ping_status":"open","sticky":false,"template":"","format":"standard","meta":{"site-sidebar-layout":"default","site-content-layout":"","ast-site-content-layout":"default","site-content-style":"default","site-sidebar-style":"default","ast-global-header-display":"","ast-banner-title-visibility":"","ast-main-header-display":"","ast-hfb-above-header-display":"","ast-hfb-below-header-display":"","ast-hfb-mobile-header-display":"","site-post-title":"","ast-breadcrumbs-content":"","ast-featured-img":"","footer-sml-layout":"","ast-disable-related-posts":"","theme-transparent-header-meta":"","adv-header-id-meta":"","stick-header-meta":"","header-above-stick-meta":"","header-main-stick-meta":"","header-below-stick-meta":"","astra-migrate-meta-layouts":"default","ast-page-background-enabled":"default","ast-page-background-meta":{"desktop":{"background-color":"var(--ast-global-color-5)","background-image":"","background-repeat":"repeat","background-position":"center center","background-size":"auto","background-attachment":"scroll","background-type":"","background-media":"","overlay-type":"","overlay-color":"","overlay-opacity":"","overlay-gradient":""},"tablet":{"background-color":"","background-image":"","background-repeat":"repeat","background-position":"center center","background-size":"auto","background-attachment":"scroll","background-type":"","background-media":"","overlay-type":"","overlay-color":"","overlay-opacity":"","overlay-gradient":""},"mobile":{"background-color":"","background-image":"","background-repeat":"repeat","background-position":"center center","background-size":"auto","background-attachment":"scroll","background-type":"","background-media":"","overlay-type":"","overlay-color":"","overlay-opacity":"","overlay-gradient":""}},"ast-content-background-meta":{"desktop":{"background-color":"var(--ast-global-color-4)","background-image":"","background-repeat":"repeat","background-position":"center center","background-size":"auto","background-attachment":"scroll","background-type":"","background-media":"","overlay-type":"","overlay-color":"","overlay-opacity":"","overlay-gradient":""},"tablet":{"background-color":"var(--ast-global-color-4)","background-image":"","background-repeat":"repeat","background-position":"center center","background-size":"auto","background-attachment":"scroll","background-type":"","background-media":"","overlay-type":"","overlay-color":"","overlay-opacity":"","overlay-gradient":""},"mobile":{"background-color":"var(--ast-global-color-4)","background-image":"","background-repeat":"repeat","background-position":"center center","background-size":"auto","background-attachment":"scroll","background-type":"","background-media":"","overlay-type":"","overlay-color":"","overlay-opacity":"","overlay-gradient":""}},"footnotes":""},"categories":[1],"tags":[],"class_list":["post-94939","post","type-post","status-publish","format-standard","hentry","category-sem-categoria"],"yoast_head":"<!-- This site is optimized with the Yoast SEO plugin v26.6 - https:\/\/yoast.com\/wordpress\/plugins\/seo\/ -->\n<title>No interior do Maranh\u00e3o, homem espanca companheira em pleno Dia Internacional da Mulher e \u00e9 preso em flagrante - Daniel Matos<\/title>\n<meta name=\"robots\" content=\"index, follow, max-snippet:-1, max-image-preview:large, max-video-preview:-1\" \/>\n<link rel=\"canonical\" href=\"https:\/\/www.blogsoestado.com\/danielmatos\/no-interior-do-maranhao-homem-espanca-companheira-em-pleno-dia-internacional-da-mulher-e-e-preso-em-flagrante\/\" \/>\n<meta property=\"og:locale\" content=\"pt_BR\" \/>\n<meta property=\"og:type\" content=\"article\" \/>\n<meta property=\"og:title\" content=\"No interior do Maranh\u00e3o, homem espanca companheira em pleno Dia Internacional da Mulher e \u00e9 preso em flagrante - Daniel Matos\" \/>\n<meta property=\"og:description\" content=\"A Delegacia de Pol\u00edcia Civil de Santa Helena prendeu em flagrante homem suspeito de agredir companheira no povoado Campo Novo [&hellip;]\" \/>\n<meta property=\"og:url\" content=\"https:\/\/www.blogsoestado.com\/danielmatos\/no-interior-do-maranhao-homem-espanca-companheira-em-pleno-dia-internacional-da-mulher-e-e-preso-em-flagrante\/\" \/>\n<meta property=\"og:site_name\" content=\"Daniel Matos\" \/>\n<meta property=\"article:published_time\" content=\"2022-03-09T09:00:00+00:00\" \/>\n<meta property=\"og:image\" content=\"https:\/\/www.blogsoestado.com\/danielmatos\/files\/2022\/03\/Screenshot_20220309-0039122.png\" \/>\n<meta name=\"twitter:card\" content=\"summary_large_image\" \/>\n<meta name=\"twitter:label1\" content=\"Est. tempo de leitura\" \/>\n\t<meta name=\"twitter:data1\" content=\"1 minuto\" \/>\n<script type=\"application\/ld+json\" class=\"yoast-schema-graph\">{\"@context\":\"https:\/\/schema.org\",\"@graph\":[{\"@type\":\"WebPage\",\"@id\":\"https:\/\/www.blogsoestado.com\/danielmatos\/no-interior-do-maranhao-homem-espanca-companheira-em-pleno-dia-internacional-da-mulher-e-e-preso-em-flagrante\/\",\"url\":\"https:\/\/www.blogsoestado.com\/danielmatos\/no-interior-do-maranhao-homem-espanca-companheira-em-pleno-dia-internacional-da-mulher-e-e-preso-em-flagrante\/\",\"name\":\"No interior do Maranh\u00e3o, homem espanca companheira em pleno Dia Internacional da Mulher e \u00e9 preso em flagrante - Daniel Matos\",\"isPartOf\":{\"@id\":\"https:\/\/www.blogsoestado.com\/danielmatos\/#website\"},\"primaryImageOfPage\":{\"@id\":\"https:\/\/www.blogsoestado.com\/danielmatos\/no-interior-do-maranhao-homem-espanca-companheira-em-pleno-dia-internacional-da-mulher-e-e-preso-em-flagrante\/#primaryimage\"},\"image\":{\"@id\":\"https:\/\/www.blogsoestado.com\/danielmatos\/no-interior-do-maranhao-homem-espanca-companheira-em-pleno-dia-internacional-da-mulher-e-e-preso-em-flagrante\/#primaryimage\"},\"thumbnailUrl\":\"https:\/\/www.blogsoestado.com\/danielmatos\/files\/2022\/03\/Screenshot_20220309-0039122.png\",\"datePublished\":\"2022-03-09T09:00:00+00:00\",\"author\":{\"@id\":\"\"},\"breadcrumb\":{\"@id\":\"https:\/\/www.blogsoestado.com\/danielmatos\/no-interior-do-maranhao-homem-espanca-companheira-em-pleno-dia-internacional-da-mulher-e-e-preso-em-flagrante\/#breadcrumb\"},\"inLanguage\":\"pt-BR\",\"potentialAction\":[{\"@type\":\"ReadAction\",\"target\":[\"https:\/\/www.blogsoestado.com\/danielmatos\/no-interior-do-maranhao-homem-espanca-companheira-em-pleno-dia-internacional-da-mulher-e-e-preso-em-flagrante\/\"]}]},{\"@type\":\"ImageObject\",\"inLanguage\":\"pt-BR\",\"@id\":\"https:\/\/www.blogsoestado.com\/danielmatos\/no-interior-do-maranhao-homem-espanca-companheira-em-pleno-dia-internacional-da-mulher-e-e-preso-em-flagrante\/#primaryimage\",\"url\":\"https:\/\/www.blogsoestado.com\/danielmatos\/files\/2022\/03\/Screenshot_20220309-0039122.png\",\"contentUrl\":\"https:\/\/www.blogsoestado.com\/danielmatos\/files\/2022\/03\/Screenshot_20220309-0039122.png\"},{\"@type\":\"BreadcrumbList\",\"@id\":\"https:\/\/www.blogsoestado.com\/danielmatos\/no-interior-do-maranhao-homem-espanca-companheira-em-pleno-dia-internacional-da-mulher-e-e-preso-em-flagrante\/#breadcrumb\",\"itemListElement\":[{\"@type\":\"ListItem\",\"position\":1,\"name\":\"In\u00edcio\",\"item\":\"https:\/\/www.blogsoestado.com\/danielmatos\/\"},{\"@type\":\"ListItem\",\"position\":2,\"name\":\"No interior do Maranh\u00e3o, homem espanca companheira em pleno Dia Internacional da Mulher e \u00e9 preso em flagrante\"}]},{\"@type\":\"WebSite\",\"@id\":\"https:\/\/www.blogsoestado.com\/danielmatos\/#website\",\"url\":\"https:\/\/www.blogsoestado.com\/danielmatos\/\",\"name\":\"Daniel Matos\",\"description\":\"\",\"potentialAction\":[{\"@type\":\"SearchAction\",\"target\":{\"@type\":\"EntryPoint\",\"urlTemplate\":\"https:\/\/www.blogsoestado.com\/danielmatos\/?s={search_term_string}\"},\"query-input\":{\"@type\":\"PropertyValueSpecification\",\"valueRequired\":true,\"valueName\":\"search_term_string\"}}],\"inLanguage\":\"pt-BR\"}]}<\/script>\n<!-- \/ Yoast SEO plugin. -->","yoast_head_json":{"title":"No interior do Maranh\u00e3o, homem espanca companheira em pleno Dia Internacional da Mulher e \u00e9 preso em flagrante - Daniel Matos","robots":{"index":"index","follow":"follow","max-snippet":"max-snippet:-1","max-image-preview":"max-image-preview:large","max-video-preview":"max-video-preview:-1"},"canonical":"https:\/\/www.blogsoestado.com\/danielmatos\/no-interior-do-maranhao-homem-espanca-companheira-em-pleno-dia-internacional-da-mulher-e-e-preso-em-flagrante\/","og_locale":"pt_BR","og_type":"article","og_title":"No interior do Maranh\u00e3o, homem espanca companheira em pleno Dia Internacional da Mulher e \u00e9 preso em flagrante - Daniel Matos","og_description":"A Delegacia de Pol\u00edcia Civil de Santa Helena prendeu em flagrante homem suspeito de agredir companheira no povoado Campo Novo [&hellip;]","og_url":"https:\/\/www.blogsoestado.com\/danielmatos\/no-interior-do-maranhao-homem-espanca-companheira-em-pleno-dia-internacional-da-mulher-e-e-preso-em-flagrante\/","og_site_name":"Daniel Matos","article_published_time":"2022-03-09T09:00:00+00:00","og_image":[{"url":"https:\/\/www.blogsoestado.com\/danielmatos\/files\/2022\/03\/Screenshot_20220309-0039122.png","type":"","width":"","height":""}],"twitter_card":"summary_large_image","twitter_misc":{"Est. tempo de leitura":"1 minuto"},"schema":{"@context":"https:\/\/schema.org","@graph":[{"@type":"WebPage","@id":"https:\/\/www.blogsoestado.com\/danielmatos\/no-interior-do-maranhao-homem-espanca-companheira-em-pleno-dia-internacional-da-mulher-e-e-preso-em-flagrante\/","url":"https:\/\/www.blogsoestado.com\/danielmatos\/no-interior-do-maranhao-homem-espanca-companheira-em-pleno-dia-internacional-da-mulher-e-e-preso-em-flagrante\/","name":"No interior do Maranh\u00e3o, homem espanca companheira em pleno Dia Internacional da Mulher e \u00e9 preso em flagrante - Daniel Matos","isPartOf":{"@id":"https:\/\/www.blogsoestado.com\/danielmatos\/#website"},"primaryImageOfPage":{"@id":"https:\/\/www.blogsoestado.com\/danielmatos\/no-interior-do-maranhao-homem-espanca-companheira-em-pleno-dia-internacional-da-mulher-e-e-preso-em-flagrante\/#primaryimage"},"image":{"@id":"https:\/\/www.blogsoestado.com\/danielmatos\/no-interior-do-maranhao-homem-espanca-companheira-em-pleno-dia-internacional-da-mulher-e-e-preso-em-flagrante\/#primaryimage"},"thumbnailUrl":"https:\/\/www.blogsoestado.com\/danielmatos\/files\/2022\/03\/Screenshot_20220309-0039122.png","datePublished":"2022-03-09T09:00:00+00:00","author":{"@id":""},"breadcrumb":{"@id":"https:\/\/www.blogsoestado.com\/danielmatos\/no-interior-do-maranhao-homem-espanca-companheira-em-pleno-dia-internacional-da-mulher-e-e-preso-em-flagrante\/#breadcrumb"},"inLanguage":"pt-BR","potentialAction":[{"@type":"ReadAction","target":["https:\/\/www.blogsoestado.com\/danielmatos\/no-interior-do-maranhao-homem-espanca-companheira-em-pleno-dia-internacional-da-mulher-e-e-preso-em-flagrante\/"]}]},{"@type":"ImageObject","inLanguage":"pt-BR","@id":"https:\/\/www.blogsoestado.com\/danielmatos\/no-interior-do-maranhao-homem-espanca-companheira-em-pleno-dia-internacional-da-mulher-e-e-preso-em-flagrante\/#primaryimage","url":"https:\/\/www.blogsoestado.com\/danielmatos\/files\/2022\/03\/Screenshot_20220309-0039122.png","contentUrl":"https:\/\/www.blogsoestado.com\/danielmatos\/files\/2022\/03\/Screenshot_20220309-0039122.png"},{"@type":"BreadcrumbList","@id":"https:\/\/www.blogsoestado.com\/danielmatos\/no-interior-do-maranhao-homem-espanca-companheira-em-pleno-dia-internacional-da-mulher-e-e-preso-em-flagrante\/#breadcrumb","itemListElement":[{"@type":"ListItem","position":1,"name":"In\u00edcio","item":"https:\/\/www.blogsoestado.com\/danielmatos\/"},{"@type":"ListItem","position":2,"name":"No interior do Maranh\u00e3o, homem espanca companheira em pleno Dia Internacional da Mulher e \u00e9 preso em flagrante"}]},{"@type":"WebSite","@id":"https:\/\/www.blogsoestado.com\/danielmatos\/#website","url":"https:\/\/www.blogsoestado.com\/danielmatos\/","name":"Daniel Matos","description":"","potentialAction":[{"@type":"SearchAction","target":{"@type":"EntryPoint","urlTemplate":"https:\/\/www.blogsoestado.com\/danielmatos\/?s={search_term_string}"},"query-input":{"@type":"PropertyValueSpecification","valueRequired":true,"valueName":"search_term_string"}}],"inLanguage":"pt-BR"}]}},"jetpack_featured_media_url":"","_links":{"self":[{"href":"https:\/\/www.blogsoestado.com\/danielmatos\/wp-json\/wp\/v2\/posts\/94939","targetHints":{"allow":["GET"]}}],"collection":[{"href":"https:\/\/www.blogsoestado.com\/danielmatos\/wp-json\/wp\/v2\/posts"}],"about":[{"href":"https:\/\/www.blogsoestado.com\/danielmatos\/wp-json\/wp\/v2\/types\/post"}],"replies":[{"embeddable":true,"href":"https:\/\/www.blogsoestado.com\/danielmatos\/wp-json\/wp\/v2\/comments?post=94939"}],"version-history":[{"count":0,"href":"https:\/\/www.blogsoestado.com\/danielmatos\/wp-json\/wp\/v2\/posts\/94939\/revisions"}],"wp:attachment":[{"href":"https:\/\/www.blogsoestado.com\/danielmatos\/wp-json\/wp\/v2\/media?parent=94939"}],"wp:term":[{"taxonomy":"category","embeddable":true,"href":"https:\/\/www.blogsoestado.com\/danielmatos\/wp-json\/wp\/v2\/categories?post=94939"},{"taxonomy":"post_tag","embeddable":true,"href":"https:\/\/www.blogsoestado.com\/danielmatos\/wp-json\/wp\/v2\/tags?post=94939"}],"curies":[{"name":"wp","href":"https:\/\/api.w.org\/{rel}","templated":true}]}}