{"id":94949,"date":"2022-03-09T12:27:09","date_gmt":"2022-03-09T15:27:09","guid":{"rendered":"https:\/\/www.blogsoestado.com\/danielmatos\/?p=94949"},"modified":"2022-03-09T12:27:09","modified_gmt":"2022-03-09T15:27:09","slug":"dr-gutemberg-realiza-acao-especial-em-homenagem-ao-dia-internacional-da-mulher","status":"publish","type":"post","link":"https:\/\/www.blogsoestado.com\/danielmatos\/dr-gutemberg-realiza-acao-especial-em-homenagem-ao-dia-internacional-da-mulher\/","title":{"rendered":"Dr. Gutemberg realiza a\u00e7\u00e3o especial em homenagem ao Dia Internacional da Mulher"},"content":{"rendered":"\n<div class=\"wp-block-image\"><figure class=\"aligncenter size-large\"><a href=\"https:\/\/www.blogsoestado.com\/danielmatos\/files\/2022\/03\/Screenshot_20220309-1204562.png\"><img decoding=\"async\" src=\"https:\/\/www.blogsoestado.com\/danielmatos\/files\/2022\/03\/Screenshot_20220309-1204562.png\" alt=\"\" class=\"wp-image-94950\"\/><\/a><figcaption>O vice-presidente da C\u00e2mara Municipal, Dr. Gutemberg Ara\u00fajo, realizou acao de sa\u00fade com servi\u00e7os especiais para as mulheres da Casa<\/figcaption><\/figure><\/div>\n\n\n\n<p>O vice-presidente da C\u00e2mara Municipal de S\u00e3o Lu\u00eds, vereador Dr. Gutemberg (PSC), realizou na ter\u00e7a-feira (08) uma a\u00e7\u00e3o social para as servidoras da Casa em alus\u00e3o ao Dia Internacional da Mulher.<\/p>\n\n\n\n<p>A programa\u00e7\u00e3o teve o apoio do presidente da C\u00e2mara, vereador Osmar Filho. As a\u00e7\u00f5es de sa\u00fade prosseguem at\u00e9 a sexta &#8211; feira (11) ofertando, tamb\u00e9m, servi\u00e7os para os homens.<\/p>\n\n\n\n<p>&#8220;Entendemos que esta \u00e9 a casa do povo. E as pessoas que aqui trabalham, precisam de qualidade de vida para cuidar bem do povo da nossa cidade. Por esse motivo, n\u00f3s organizamos essa a\u00e7\u00e3o para beneficiar a todos os servidores, mas com servi\u00e7os especiais para as mulheres. Destaco que hoje, junto com as a\u00e7\u00f5es de sa\u00fade,\u00a0 tivemos as a\u00e7\u00f5es da vereadora Concita Pinto. Quero agradecer aos vereadores, as entidades e organiza\u00e7\u00f5es, que participaram do evento. Parabenizar as mulheres da casa e de S\u00e3o Lu\u00eds. E lembrar que precisamos ainda mais da participa\u00e7\u00e3o das mulheres na pol\u00edtica, na vida p\u00fablica, pois se n\u00e3o a democracia n\u00e3o funcionar\u00e1 de forma correta&#8221;, afirmou Dr. Gutemberg.<\/p>\n\n\n\n<div class=\"wp-block-image\"><figure class=\"aligncenter size-large\"><a href=\"https:\/\/www.blogsoestado.com\/danielmatos\/files\/2022\/03\/Screenshot_20220309-1205272.png\"><img decoding=\"async\" src=\"https:\/\/www.blogsoestado.com\/danielmatos\/files\/2022\/03\/Screenshot_20220309-1205272.png\" alt=\"\" class=\"wp-image-94951\"\/><\/a><figcaption>Dr. Gutemberg Ara\u00fajo acompanhou as atividades do in\u00edcio ao fim<\/figcaption><\/figure><\/div>\n\n\n\n<p>As homenagens pelo dia 8 de mar\u00e7o come\u00e7aram na Sala de Reuni\u00f5es e contaram com a participa\u00e7\u00e3o de autoridades e lideran\u00e7as comunit\u00e1rias.<\/p>\n\n\n\n<p>Participaram do evento: os demais vereadores da Casa; a vice-prefeita de S\u00e3o Lu\u00eds, Esm\u00eania Miranda; a&nbsp; esposa do presidente Osmar Filho, Clara Gomes; a esposa do vice-governador Carlos Brand\u00e3o, Larissa Brand\u00e3o; a secret\u00e1ria de Estado da Mulher, Ana do G\u00e1s; a coordenadora municipal da Mulher, Luzimar Lopes; o vice-presidente executivo da Federa\u00e7\u00e3o das Ind\u00fastrias do Estado do Maranh\u00e3o (Fiema), Cl\u00e1udio Azevedo; representantes de conselhos municipais.<\/p>\n\n\n\n<p><strong>A\u00e7\u00e3o Social<\/strong> <\/p>\n\n\n\n<div class=\"wp-block-image\"><figure class=\"aligncenter size-large\"><a href=\"https:\/\/www.blogsoestado.com\/danielmatos\/files\/2022\/03\/Screenshot_20220309-1205512.png\"><img decoding=\"async\" src=\"https:\/\/www.blogsoestado.com\/danielmatos\/files\/2022\/03\/Screenshot_20220309-1205512.png\" alt=\"\" class=\"wp-image-94952\"\/><\/a><figcaption>Dr. Gutemberg Ara\u00fajo parabenizou as mulheres da Casa e de S\u00e3o Lu\u00eds e lembrou que \u00e9 preciso ainda mais da participa\u00e7\u00e3o delas na pol\u00edtica<\/figcaption><\/figure><\/div>\n\n\n\n<p>A a\u00e7\u00e3o social organizada pelo gabinete do Dr. Gutemberg contempla os seguintes servi\u00e7os: consultas com cl\u00ednico geral, ginecologista e dentista; servi\u00e7os de vacina\u00e7\u00e3o e nutri\u00e7\u00e3o; aferi\u00e7\u00e3o de press\u00e3o e glicemia; testes de Covid-19, hepatite e HIV; al\u00e9m de servi\u00e7os de est\u00e9tica e medica\u00e7\u00e3o b\u00e1sica.<\/p>\n\n\n\n<p>A servidora Suzana Santos foi uma das mulheres beneficiadas com o evento. Ela aproveitou para aferir a press\u00e3o arterial e atualizar o cart\u00e3o de vacina\u00e7\u00e3o.<\/p>\n\n\n\n<div class=\"wp-block-image\"><figure class=\"aligncenter size-large\"><a href=\"https:\/\/www.blogsoestado.com\/danielmatos\/files\/2022\/03\/Screenshot_20220309-1206272.png\"><img decoding=\"async\" src=\"https:\/\/www.blogsoestado.com\/danielmatos\/files\/2022\/03\/Screenshot_20220309-1206272.png\" alt=\"\" class=\"wp-image-94953\"\/><\/a><figcaption>Dr. Gutemberg tem como uma das prioridades da sua atua\u00e7\u00e3o pol\u00edtica a promo\u00e7\u00e3o da sa\u00fade da popula\u00e7\u00e3o <\/figcaption><\/figure><\/div>\n\n\n\n<p>\u201cEu creio que seja importante ter estes eventos na C\u00e2mara para que possamos ter a oportunidade de cuidar da Sa\u00fade no local de trabalho. Eu, por exemplo, por conta da rotina atribulada, ainda n\u00e3o tinha feito a vacina de hepatite e pude me vacinar hoje. Tamb\u00e9m pretendo ir ao cl\u00ednico geral e aproveitar os servi\u00e7os de est\u00e9tica\u201d, disse.<\/p>\n\n\n\n<p>Para a realiza\u00e7\u00e3o das atividades na C\u00e2mara de S\u00e3o Lu\u00eds, participaram os parceiros:&nbsp; Associa\u00e7\u00e3o M\u00e9dica do Maranh\u00e3o (AMB \u2013 Maranh\u00e3o), Federa\u00e7\u00e3o das Ind\u00fastrias do Estado do Maranh\u00e3o (Fiema), Universidade Ceuma, Universidade Est\u00e1cio de S\u00e1 e Secretaria Municipal de Sa\u00fade (Semus).<\/p>\n","protected":false},"excerpt":{"rendered":"<p>O vice-presidente da C\u00e2mara Municipal de S\u00e3o Lu\u00eds, vereador Dr. Gutemberg (PSC), realizou na ter\u00e7a-feira (08) uma a\u00e7\u00e3o social para [&hellip;]<\/p>\n","protected":false},"author":0,"featured_media":0,"comment_status":"open","ping_status":"open","sticky":false,"template":"","format":"standard","meta":{"site-sidebar-layout":"default","site-content-layout":"","ast-site-content-layout":"default","site-content-style":"default","site-sidebar-style":"default","ast-global-header-display":"","ast-banner-title-visibility":"","ast-main-header-display":"","ast-hfb-above-header-display":"","ast-hfb-below-header-display":"","ast-hfb-mobile-header-display":"","site-post-title":"","ast-breadcrumbs-content":"","ast-featured-img":"","footer-sml-layout":"","ast-disable-related-posts":"","theme-transparent-header-meta":"","adv-header-id-meta":"","stick-header-meta":"","header-above-stick-meta":"","header-main-stick-meta":"","header-below-stick-meta":"","astra-migrate-meta-layouts":"default","ast-page-background-enabled":"default","ast-page-background-meta":{"desktop":{"background-color":"var(--ast-global-color-5)","background-image":"","background-repeat":"repeat","background-position":"center center","background-size":"auto","background-attachment":"scroll","background-type":"","background-media":"","overlay-type":"","overlay-color":"","overlay-opacity":"","overlay-gradient":""},"tablet":{"background-color":"","background-image":"","background-repeat":"repeat","background-position":"center center","background-size":"auto","background-attachment":"scroll","background-type":"","background-media":"","overlay-type":"","overlay-color":"","overlay-opacity":"","overlay-gradient":""},"mobile":{"background-color":"","background-image":"","background-repeat":"repeat","background-position":"center center","background-size":"auto","background-attachment":"scroll","background-type":"","background-media":"","overlay-type":"","overlay-color":"","overlay-opacity":"","overlay-gradient":""}},"ast-content-background-meta":{"desktop":{"background-color":"var(--ast-global-color-4)","background-image":"","background-repeat":"repeat","background-position":"center center","background-size":"auto","background-attachment":"scroll","background-type":"","background-media":"","overlay-type":"","overlay-color":"","overlay-opacity":"","overlay-gradient":""},"tablet":{"background-color":"var(--ast-global-color-4)","background-image":"","background-repeat":"repeat","background-position":"center center","background-size":"auto","background-attachment":"scroll","background-type":"","background-media":"","overlay-type":"","overlay-color":"","overlay-opacity":"","overlay-gradient":""},"mobile":{"background-color":"var(--ast-global-color-4)","background-image":"","background-repeat":"repeat","background-position":"center center","background-size":"auto","background-attachment":"scroll","background-type":"","background-media":"","overlay-type":"","overlay-color":"","overlay-opacity":"","overlay-gradient":""}},"footnotes":""},"categories":[1],"tags":[],"class_list":["post-94949","post","type-post","status-publish","format-standard","hentry","category-sem-categoria"],"yoast_head":"<!-- This site is optimized with the Yoast SEO plugin v26.6 - https:\/\/yoast.com\/wordpress\/plugins\/seo\/ -->\n<title>Dr. Gutemberg realiza a\u00e7\u00e3o especial em homenagem ao Dia Internacional da Mulher - Daniel Matos<\/title>\n<meta name=\"robots\" content=\"index, follow, max-snippet:-1, max-image-preview:large, max-video-preview:-1\" \/>\n<link rel=\"canonical\" href=\"https:\/\/www.blogsoestado.com\/danielmatos\/dr-gutemberg-realiza-acao-especial-em-homenagem-ao-dia-internacional-da-mulher\/\" \/>\n<meta property=\"og:locale\" content=\"pt_BR\" \/>\n<meta property=\"og:type\" content=\"article\" \/>\n<meta property=\"og:title\" content=\"Dr. Gutemberg realiza a\u00e7\u00e3o especial em homenagem ao Dia Internacional da Mulher - Daniel Matos\" \/>\n<meta property=\"og:description\" content=\"O vice-presidente da C\u00e2mara Municipal de S\u00e3o Lu\u00eds, vereador Dr. Gutemberg (PSC), realizou na ter\u00e7a-feira (08) uma a\u00e7\u00e3o social para [&hellip;]\" \/>\n<meta property=\"og:url\" content=\"https:\/\/www.blogsoestado.com\/danielmatos\/dr-gutemberg-realiza-acao-especial-em-homenagem-ao-dia-internacional-da-mulher\/\" \/>\n<meta property=\"og:site_name\" content=\"Daniel Matos\" \/>\n<meta property=\"article:published_time\" content=\"2022-03-09T15:27:09+00:00\" \/>\n<meta property=\"og:image\" content=\"https:\/\/www.blogsoestado.com\/danielmatos\/files\/2022\/03\/Screenshot_20220309-1204562.png\" \/>\n<meta name=\"twitter:card\" content=\"summary_large_image\" \/>\n<meta name=\"twitter:label1\" content=\"Est. tempo de leitura\" \/>\n\t<meta name=\"twitter:data1\" content=\"3 minutos\" \/>\n<script type=\"application\/ld+json\" class=\"yoast-schema-graph\">{\"@context\":\"https:\/\/schema.org\",\"@graph\":[{\"@type\":\"WebPage\",\"@id\":\"https:\/\/www.blogsoestado.com\/danielmatos\/dr-gutemberg-realiza-acao-especial-em-homenagem-ao-dia-internacional-da-mulher\/\",\"url\":\"https:\/\/www.blogsoestado.com\/danielmatos\/dr-gutemberg-realiza-acao-especial-em-homenagem-ao-dia-internacional-da-mulher\/\",\"name\":\"Dr. Gutemberg realiza a\u00e7\u00e3o especial em homenagem ao Dia Internacional da Mulher - Daniel Matos\",\"isPartOf\":{\"@id\":\"https:\/\/www.blogsoestado.com\/danielmatos\/#website\"},\"primaryImageOfPage\":{\"@id\":\"https:\/\/www.blogsoestado.com\/danielmatos\/dr-gutemberg-realiza-acao-especial-em-homenagem-ao-dia-internacional-da-mulher\/#primaryimage\"},\"image\":{\"@id\":\"https:\/\/www.blogsoestado.com\/danielmatos\/dr-gutemberg-realiza-acao-especial-em-homenagem-ao-dia-internacional-da-mulher\/#primaryimage\"},\"thumbnailUrl\":\"https:\/\/www.blogsoestado.com\/danielmatos\/files\/2022\/03\/Screenshot_20220309-1204562.png\",\"datePublished\":\"2022-03-09T15:27:09+00:00\",\"author\":{\"@id\":\"\"},\"breadcrumb\":{\"@id\":\"https:\/\/www.blogsoestado.com\/danielmatos\/dr-gutemberg-realiza-acao-especial-em-homenagem-ao-dia-internacional-da-mulher\/#breadcrumb\"},\"inLanguage\":\"pt-BR\",\"potentialAction\":[{\"@type\":\"ReadAction\",\"target\":[\"https:\/\/www.blogsoestado.com\/danielmatos\/dr-gutemberg-realiza-acao-especial-em-homenagem-ao-dia-internacional-da-mulher\/\"]}]},{\"@type\":\"ImageObject\",\"inLanguage\":\"pt-BR\",\"@id\":\"https:\/\/www.blogsoestado.com\/danielmatos\/dr-gutemberg-realiza-acao-especial-em-homenagem-ao-dia-internacional-da-mulher\/#primaryimage\",\"url\":\"https:\/\/www.blogsoestado.com\/danielmatos\/files\/2022\/03\/Screenshot_20220309-1204562.png\",\"contentUrl\":\"https:\/\/www.blogsoestado.com\/danielmatos\/files\/2022\/03\/Screenshot_20220309-1204562.png\"},{\"@type\":\"BreadcrumbList\",\"@id\":\"https:\/\/www.blogsoestado.com\/danielmatos\/dr-gutemberg-realiza-acao-especial-em-homenagem-ao-dia-internacional-da-mulher\/#breadcrumb\",\"itemListElement\":[{\"@type\":\"ListItem\",\"position\":1,\"name\":\"In\u00edcio\",\"item\":\"https:\/\/www.blogsoestado.com\/danielmatos\/\"},{\"@type\":\"ListItem\",\"position\":2,\"name\":\"Dr. Gutemberg realiza a\u00e7\u00e3o especial em homenagem ao Dia Internacional da Mulher\"}]},{\"@type\":\"WebSite\",\"@id\":\"https:\/\/www.blogsoestado.com\/danielmatos\/#website\",\"url\":\"https:\/\/www.blogsoestado.com\/danielmatos\/\",\"name\":\"Daniel Matos\",\"description\":\"\",\"potentialAction\":[{\"@type\":\"SearchAction\",\"target\":{\"@type\":\"EntryPoint\",\"urlTemplate\":\"https:\/\/www.blogsoestado.com\/danielmatos\/?s={search_term_string}\"},\"query-input\":{\"@type\":\"PropertyValueSpecification\",\"valueRequired\":true,\"valueName\":\"search_term_string\"}}],\"inLanguage\":\"pt-BR\"}]}<\/script>\n<!-- \/ Yoast SEO plugin. -->","yoast_head_json":{"title":"Dr. Gutemberg realiza a\u00e7\u00e3o especial em homenagem ao Dia Internacional da Mulher - Daniel Matos","robots":{"index":"index","follow":"follow","max-snippet":"max-snippet:-1","max-image-preview":"max-image-preview:large","max-video-preview":"max-video-preview:-1"},"canonical":"https:\/\/www.blogsoestado.com\/danielmatos\/dr-gutemberg-realiza-acao-especial-em-homenagem-ao-dia-internacional-da-mulher\/","og_locale":"pt_BR","og_type":"article","og_title":"Dr. Gutemberg realiza a\u00e7\u00e3o especial em homenagem ao Dia Internacional da Mulher - Daniel Matos","og_description":"O vice-presidente da C\u00e2mara Municipal de S\u00e3o Lu\u00eds, vereador Dr. Gutemberg (PSC), realizou na ter\u00e7a-feira (08) uma a\u00e7\u00e3o social para [&hellip;]","og_url":"https:\/\/www.blogsoestado.com\/danielmatos\/dr-gutemberg-realiza-acao-especial-em-homenagem-ao-dia-internacional-da-mulher\/","og_site_name":"Daniel Matos","article_published_time":"2022-03-09T15:27:09+00:00","og_image":[{"url":"https:\/\/www.blogsoestado.com\/danielmatos\/files\/2022\/03\/Screenshot_20220309-1204562.png","type":"","width":"","height":""}],"twitter_card":"summary_large_image","twitter_misc":{"Est. tempo de leitura":"3 minutos"},"schema":{"@context":"https:\/\/schema.org","@graph":[{"@type":"WebPage","@id":"https:\/\/www.blogsoestado.com\/danielmatos\/dr-gutemberg-realiza-acao-especial-em-homenagem-ao-dia-internacional-da-mulher\/","url":"https:\/\/www.blogsoestado.com\/danielmatos\/dr-gutemberg-realiza-acao-especial-em-homenagem-ao-dia-internacional-da-mulher\/","name":"Dr. Gutemberg realiza a\u00e7\u00e3o especial em homenagem ao Dia Internacional da Mulher - Daniel Matos","isPartOf":{"@id":"https:\/\/www.blogsoestado.com\/danielmatos\/#website"},"primaryImageOfPage":{"@id":"https:\/\/www.blogsoestado.com\/danielmatos\/dr-gutemberg-realiza-acao-especial-em-homenagem-ao-dia-internacional-da-mulher\/#primaryimage"},"image":{"@id":"https:\/\/www.blogsoestado.com\/danielmatos\/dr-gutemberg-realiza-acao-especial-em-homenagem-ao-dia-internacional-da-mulher\/#primaryimage"},"thumbnailUrl":"https:\/\/www.blogsoestado.com\/danielmatos\/files\/2022\/03\/Screenshot_20220309-1204562.png","datePublished":"2022-03-09T15:27:09+00:00","author":{"@id":""},"breadcrumb":{"@id":"https:\/\/www.blogsoestado.com\/danielmatos\/dr-gutemberg-realiza-acao-especial-em-homenagem-ao-dia-internacional-da-mulher\/#breadcrumb"},"inLanguage":"pt-BR","potentialAction":[{"@type":"ReadAction","target":["https:\/\/www.blogsoestado.com\/danielmatos\/dr-gutemberg-realiza-acao-especial-em-homenagem-ao-dia-internacional-da-mulher\/"]}]},{"@type":"ImageObject","inLanguage":"pt-BR","@id":"https:\/\/www.blogsoestado.com\/danielmatos\/dr-gutemberg-realiza-acao-especial-em-homenagem-ao-dia-internacional-da-mulher\/#primaryimage","url":"https:\/\/www.blogsoestado.com\/danielmatos\/files\/2022\/03\/Screenshot_20220309-1204562.png","contentUrl":"https:\/\/www.blogsoestado.com\/danielmatos\/files\/2022\/03\/Screenshot_20220309-1204562.png"},{"@type":"BreadcrumbList","@id":"https:\/\/www.blogsoestado.com\/danielmatos\/dr-gutemberg-realiza-acao-especial-em-homenagem-ao-dia-internacional-da-mulher\/#breadcrumb","itemListElement":[{"@type":"ListItem","position":1,"name":"In\u00edcio","item":"https:\/\/www.blogsoestado.com\/danielmatos\/"},{"@type":"ListItem","position":2,"name":"Dr. Gutemberg realiza a\u00e7\u00e3o especial em homenagem ao Dia Internacional da Mulher"}]},{"@type":"WebSite","@id":"https:\/\/www.blogsoestado.com\/danielmatos\/#website","url":"https:\/\/www.blogsoestado.com\/danielmatos\/","name":"Daniel Matos","description":"","potentialAction":[{"@type":"SearchAction","target":{"@type":"EntryPoint","urlTemplate":"https:\/\/www.blogsoestado.com\/danielmatos\/?s={search_term_string}"},"query-input":{"@type":"PropertyValueSpecification","valueRequired":true,"valueName":"search_term_string"}}],"inLanguage":"pt-BR"}]}},"jetpack_featured_media_url":"","_links":{"self":[{"href":"https:\/\/www.blogsoestado.com\/danielmatos\/wp-json\/wp\/v2\/posts\/94949","targetHints":{"allow":["GET"]}}],"collection":[{"href":"https:\/\/www.blogsoestado.com\/danielmatos\/wp-json\/wp\/v2\/posts"}],"about":[{"href":"https:\/\/www.blogsoestado.com\/danielmatos\/wp-json\/wp\/v2\/types\/post"}],"replies":[{"embeddable":true,"href":"https:\/\/www.blogsoestado.com\/danielmatos\/wp-json\/wp\/v2\/comments?post=94949"}],"version-history":[{"count":0,"href":"https:\/\/www.blogsoestado.com\/danielmatos\/wp-json\/wp\/v2\/posts\/94949\/revisions"}],"wp:attachment":[{"href":"https:\/\/www.blogsoestado.com\/danielmatos\/wp-json\/wp\/v2\/media?parent=94949"}],"wp:term":[{"taxonomy":"category","embeddable":true,"href":"https:\/\/www.blogsoestado.com\/danielmatos\/wp-json\/wp\/v2\/categories?post=94949"},{"taxonomy":"post_tag","embeddable":true,"href":"https:\/\/www.blogsoestado.com\/danielmatos\/wp-json\/wp\/v2\/tags?post=94949"}],"curies":[{"name":"wp","href":"https:\/\/api.w.org\/{rel}","templated":true}]}}