{"id":94964,"date":"2022-03-09T19:22:14","date_gmt":"2022-03-09T22:22:14","guid":{"rendered":"https:\/\/www.blogsoestado.com\/danielmatos\/?p=94964"},"modified":"2022-03-09T19:22:14","modified_gmt":"2022-03-09T22:22:14","slug":"othelino-recebe-proposta-de-comissao-de-juristas-para-atualizacao-e-modernizacao-da-legislacao-ambiental","status":"publish","type":"post","link":"https:\/\/www.blogsoestado.com\/danielmatos\/othelino-recebe-proposta-de-comissao-de-juristas-para-atualizacao-e-modernizacao-da-legislacao-ambiental\/","title":{"rendered":"Othelino recebe proposta de Comiss\u00e3o de Juristas para atualiza\u00e7\u00e3o e moderniza\u00e7\u00e3o da legisla\u00e7\u00e3o ambiental"},"content":{"rendered":"\n<div class=\"wp-block-image\"><figure class=\"aligncenter size-large\"><a href=\"https:\/\/www.blogsoestado.com\/danielmatos\/files\/2022\/03\/Screenshot_20220309-1909172.png\"><img decoding=\"async\" src=\"https:\/\/www.blogsoestado.com\/danielmatos\/files\/2022\/03\/Screenshot_20220309-1909172.png\" alt=\"\" class=\"wp-image-94965\"\/><\/a><figcaption>Othelino Neto recebe a proposta da Comiss\u00e3o de Juristas das m\u00e3os do promotor de Justi\u00e7a Fernando Barreto <\/figcaption><\/figure><\/div>\n\n\n\n<p>O presidente da Assembleia Legislativa do Maranh\u00e3o (PCdoB), deputado Othelino Neto, recebeu, nesta quarta-feira (9), a proposta de atualiza\u00e7\u00e3o e moderniza\u00e7\u00e3o do C\u00f3digo Estadual de Prote\u00e7\u00e3o do Meio Ambiente do Maranh\u00e3o. O documento, que passar\u00e1 a se chamar Lei de Pol\u00edtica Estadual do Meio Ambiente, foi entregue por uma comiss\u00e3o de juristas institu\u00edda pelo chefe do Parlamento Estadual.<\/p>\n\n\n\n<p>Othelino Neto afirmou que a conclus\u00e3o dos trabalhos representa um momento hist\u00f3rico para o Estado, pois moderniza e d\u00e1 maior amplitude \u00e0 quest\u00e3o ambiental. O parlamentar lembrou que a proposta foi constru\u00edda a muitas m\u00e3os, ouvindo as colabora\u00e7\u00f5es de especialistas e da sociedade, por meio de cinco escutas p\u00fablicas realizadas para garantir maior transpar\u00eancia e participa\u00e7\u00e3o popular no processo.<\/p>\n\n\n\n<p>\u201cChegou um dos momentos mais importantes, que \u00e9 o produto final. Agora, vamos iniciar o processo de tramita\u00e7\u00e3o no Legislativo. Eu espero que, em breve, este projeto vire lei para atualizar e, claro, atingir o seu objetivo principal, que \u00e9 proteger o meio ambiente e permitir a sua utiliza\u00e7\u00e3o de forma racional. Fico feliz em presidir esse momento, at\u00e9 mesmo pelo fato de ter sido secret\u00e1rio estadual da pasta por alguns anos\u201d, disse o parlamentar.<\/p>\n\n\n\n<div class=\"wp-block-image\"><figure class=\"aligncenter size-large\"><a href=\"https:\/\/www.blogsoestado.com\/danielmatos\/files\/2022\/03\/Screenshot_20220309-1909402.png\"><img decoding=\"async\" src=\"https:\/\/www.blogsoestado.com\/danielmatos\/files\/2022\/03\/Screenshot_20220309-1909402.png\" alt=\"\" class=\"wp-image-94966\"\/><\/a><figcaption>Comiss\u00e3o de Juristas \u00e9 composta por representantes dos poderes Legislativo, Executivo e Judici\u00e1rio, Minist\u00e9rio P\u00fablico, OAB-MA, al\u00e9m da sociedade civil e especialistas na \u00e1rea ambiental<\/figcaption><\/figure><\/div>\n\n\n\n<p>A comiss\u00e3o foi institu\u00edda em fevereiro do ano passado e \u00e9 composta por 13 membros, entre eles, representantes dos poderes Legislativo, Executivo e Judici\u00e1rio, Minist\u00e9rio P\u00fablico, OAB-MA, al\u00e9m da sociedade civil e especialistas na \u00e1rea ambiental.<\/p>\n\n\n\n<p>O promotor do Meio Ambiente, Fernando Barreto, presidiu os trabalhos do grupo. Ele destacou que, h\u00e1 30 anos, a cria\u00e7\u00e3o do C\u00f3digo foi um passo muito importante, mas, hoje, necessita de modifica\u00e7\u00f5es jurisprudenciais e legislativa para harmonizar com tudo que mudou ao longo desses anos.<\/p>\n\n\n\n<p>\u201cOs principais pontos que trabalhamos foram para garantir seguran\u00e7a jur\u00eddica, principiologias, transpar\u00eancia e participa\u00e7\u00e3o popular em quest\u00f5es como o licenciamento, o setor de fiscaliza\u00e7\u00e3o e a estrutura\u00e7\u00e3o da rede de prote\u00e7\u00e3o como um todo. Agrade\u00e7o ao presidente Othelino pela confian\u00e7a e nos mantemos \u00e0 disposi\u00e7\u00e3o da Assembleia para os debates e questionamentos que possam surgir na fase de tramita\u00e7\u00e3o\u201d, disse.<\/p>\n\n\n\n<p><em><strong>Moderniza\u00e7\u00e3o<\/strong><\/em><\/p>\n\n\n\n<div class=\"wp-block-image\"><figure class=\"aligncenter size-large\"><a href=\"https:\/\/www.blogsoestado.com\/danielmatos\/files\/2022\/03\/Screenshot_20220309-1910032.png\"><img decoding=\"async\" src=\"https:\/\/www.blogsoestado.com\/danielmatos\/files\/2022\/03\/Screenshot_20220309-1910032.png\" alt=\"\" class=\"wp-image-94967\"\/><\/a><figcaption>O presidente da Assembleia Legislativa, Othelino Neto, exibe a proposta da Comiss\u00e3o de Juristas ao lado do promotor Fernando Barreto <\/figcaption><\/figure><\/div>\n\n\n\n<p>Relator da comiss\u00e3o, o advogado S\u00e1lvio Dino afirmou que a proposta prev\u00ea a moderniza\u00e7\u00e3o do marco regulat\u00f3rio ambiental, permitindo que o desenvolvimento econ\u00f4mico flores\u00e7a com mais for\u00e7a e rapidez, observando os aspectos ambientais e sem empecilhos burocr\u00e1ticos.<\/p>\n\n\n\n<p>\u201cPor outro lado, \u00e9 necess\u00e1rio tamb\u00e9m que as pautas ambientais sejam efetivamente observadas por todos e \u00e9 isso que o c\u00f3digo busca ao modernizar e inserir no nosso ordenamento jur\u00eddico estadual alguns instrumentos que n\u00e3o estavam anteriormente previstos. Agora teremos, por exemplo, a possibilidade de exigirmos que todas as empresas que tenham licen\u00e7a ambiental executem programas de educa\u00e7\u00e3o ambiental. Essa \u00e9 uma das iniciativas que estamos propugnando e que esperamos que seja acolhida pela Assembleia Legislativa\u201d, destacou.<\/p>\n\n\n\n<p>O procurador-geral do Estado, Rodrigo Maia, explicou que, por fazer altera\u00e7\u00f5es em aspectos de compet\u00eancia do Poder Executivo, a proposta dever\u00e1 ser encaminhada \u00e0 Assembleia em forma de projeto de lei com a mensagem do governador Fl\u00e1vio Dino.<\/p>\n\n\n\n<div class=\"wp-block-image\"><figure class=\"aligncenter size-large\"><a href=\"https:\/\/www.blogsoestado.com\/danielmatos\/files\/2022\/03\/Screenshot_20220310-0404552.png\"><img decoding=\"async\" src=\"https:\/\/www.blogsoestado.com\/danielmatos\/files\/2022\/03\/Screenshot_20220310-0404552.png\" alt=\"\" class=\"wp-image-94998\"\/><\/a><figcaption>Othelino Neto afirmou que a conclus\u00e3o dos trabalhos representa um momento hist\u00f3rico para o Estado, pois moderniza e d\u00e1 maior amplitude \u00e0 quest\u00e3o ambiental<\/figcaption><\/figure><\/div>\n\n\n\n<p>\u201cN\u00f3s vamos coordenar o di\u00e1logo institucional com a Assembleia Legislativa para que possa enviar o projeto com a mensagem pelo governador Fl\u00e1vio Dino e n\u00f3s possamos aprovar o mais r\u00e1pido poss\u00edvel, considerando que \u00e9 um grande interesse deste governo de promover essa atualiza\u00e7\u00e3o ambiental, considerando a import\u00e2ncia que isso tem para a sociedade maranhense\u201d, completou.<\/p>\n\n\n\n<p>Tamb\u00e9m estiveram presentes o titular da Vara de Interesses Difusos e Coletivos de S\u00e3o Lu\u00eds, juiz Douglas de Melo Martins; o diretor-geral da Mesa Diretora da Assembleia, Br\u00e1ulio Martins; o procurador-geral da Casa, advogado Tarc\u00edsio Ara\u00fajo; o advogado especialista em Direito Ambiental, Ant\u00f4nio Carlos Coelho; e a advogada Luane Lemos.<\/p>\n","protected":false},"excerpt":{"rendered":"<p>O presidente da Assembleia Legislativa do Maranh\u00e3o (PCdoB), deputado Othelino Neto, recebeu, nesta quarta-feira (9), a proposta de atualiza\u00e7\u00e3o e [&hellip;]<\/p>\n","protected":false},"author":0,"featured_media":0,"comment_status":"open","ping_status":"open","sticky":false,"template":"","format":"standard","meta":{"site-sidebar-layout":"default","site-content-layout":"","ast-site-content-layout":"default","site-content-style":"default","site-sidebar-style":"default","ast-global-header-display":"","ast-banner-title-visibility":"","ast-main-header-display":"","ast-hfb-above-header-display":"","ast-hfb-below-header-display":"","ast-hfb-mobile-header-display":"","site-post-title":"","ast-breadcrumbs-content":"","ast-featured-img":"","footer-sml-layout":"","ast-disable-related-posts":"","theme-transparent-header-meta":"","adv-header-id-meta":"","stick-header-meta":"","header-above-stick-meta":"","header-main-stick-meta":"","header-below-stick-meta":"","astra-migrate-meta-layouts":"default","ast-page-background-enabled":"default","ast-page-background-meta":{"desktop":{"background-color":"var(--ast-global-color-5)","background-image":"","background-repeat":"repeat","background-position":"center center","background-size":"auto","background-attachment":"scroll","background-type":"","background-media":"","overlay-type":"","overlay-color":"","overlay-opacity":"","overlay-gradient":""},"tablet":{"background-color":"","background-image":"","background-repeat":"repeat","background-position":"center center","background-size":"auto","background-attachment":"scroll","background-type":"","background-media":"","overlay-type":"","overlay-color":"","overlay-opacity":"","overlay-gradient":""},"mobile":{"background-color":"","background-image":"","background-repeat":"repeat","background-position":"center center","background-size":"auto","background-attachment":"scroll","background-type":"","background-media":"","overlay-type":"","overlay-color":"","overlay-opacity":"","overlay-gradient":""}},"ast-content-background-meta":{"desktop":{"background-color":"var(--ast-global-color-4)","background-image":"","background-repeat":"repeat","background-position":"center center","background-size":"auto","background-attachment":"scroll","background-type":"","background-media":"","overlay-type":"","overlay-color":"","overlay-opacity":"","overlay-gradient":""},"tablet":{"background-color":"var(--ast-global-color-4)","background-image":"","background-repeat":"repeat","background-position":"center center","background-size":"auto","background-attachment":"scroll","background-type":"","background-media":"","overlay-type":"","overlay-color":"","overlay-opacity":"","overlay-gradient":""},"mobile":{"background-color":"var(--ast-global-color-4)","background-image":"","background-repeat":"repeat","background-position":"center center","background-size":"auto","background-attachment":"scroll","background-type":"","background-media":"","overlay-type":"","overlay-color":"","overlay-opacity":"","overlay-gradient":""}},"footnotes":""},"categories":[1],"tags":[],"class_list":["post-94964","post","type-post","status-publish","format-standard","hentry","category-sem-categoria"],"yoast_head":"<!-- This site is optimized with the Yoast SEO plugin v26.6 - https:\/\/yoast.com\/wordpress\/plugins\/seo\/ -->\n<title>Othelino recebe proposta de Comiss\u00e3o de Juristas para atualiza\u00e7\u00e3o e moderniza\u00e7\u00e3o da legisla\u00e7\u00e3o ambiental - Daniel Matos<\/title>\n<meta name=\"robots\" content=\"index, follow, max-snippet:-1, max-image-preview:large, max-video-preview:-1\" \/>\n<link rel=\"canonical\" href=\"https:\/\/www.blogsoestado.com\/danielmatos\/othelino-recebe-proposta-de-comissao-de-juristas-para-atualizacao-e-modernizacao-da-legislacao-ambiental\/\" \/>\n<meta property=\"og:locale\" content=\"pt_BR\" \/>\n<meta property=\"og:type\" content=\"article\" \/>\n<meta property=\"og:title\" content=\"Othelino recebe proposta de Comiss\u00e3o de Juristas para atualiza\u00e7\u00e3o e moderniza\u00e7\u00e3o da legisla\u00e7\u00e3o ambiental - Daniel Matos\" \/>\n<meta property=\"og:description\" content=\"O presidente da Assembleia Legislativa do Maranh\u00e3o (PCdoB), deputado Othelino Neto, recebeu, nesta quarta-feira (9), a proposta de atualiza\u00e7\u00e3o e [&hellip;]\" \/>\n<meta property=\"og:url\" content=\"https:\/\/www.blogsoestado.com\/danielmatos\/othelino-recebe-proposta-de-comissao-de-juristas-para-atualizacao-e-modernizacao-da-legislacao-ambiental\/\" \/>\n<meta property=\"og:site_name\" content=\"Daniel Matos\" \/>\n<meta property=\"article:published_time\" content=\"2022-03-09T22:22:14+00:00\" \/>\n<meta property=\"og:image\" content=\"https:\/\/www.blogsoestado.com\/danielmatos\/files\/2022\/03\/Screenshot_20220309-1909172.png\" \/>\n<meta name=\"twitter:card\" content=\"summary_large_image\" \/>\n<meta name=\"twitter:label1\" content=\"Est. tempo de leitura\" \/>\n\t<meta name=\"twitter:data1\" content=\"4 minutos\" \/>\n<script type=\"application\/ld+json\" class=\"yoast-schema-graph\">{\"@context\":\"https:\/\/schema.org\",\"@graph\":[{\"@type\":\"WebPage\",\"@id\":\"https:\/\/www.blogsoestado.com\/danielmatos\/othelino-recebe-proposta-de-comissao-de-juristas-para-atualizacao-e-modernizacao-da-legislacao-ambiental\/\",\"url\":\"https:\/\/www.blogsoestado.com\/danielmatos\/othelino-recebe-proposta-de-comissao-de-juristas-para-atualizacao-e-modernizacao-da-legislacao-ambiental\/\",\"name\":\"Othelino recebe proposta de Comiss\u00e3o de Juristas para atualiza\u00e7\u00e3o e moderniza\u00e7\u00e3o da legisla\u00e7\u00e3o ambiental - Daniel Matos\",\"isPartOf\":{\"@id\":\"https:\/\/www.blogsoestado.com\/danielmatos\/#website\"},\"primaryImageOfPage\":{\"@id\":\"https:\/\/www.blogsoestado.com\/danielmatos\/othelino-recebe-proposta-de-comissao-de-juristas-para-atualizacao-e-modernizacao-da-legislacao-ambiental\/#primaryimage\"},\"image\":{\"@id\":\"https:\/\/www.blogsoestado.com\/danielmatos\/othelino-recebe-proposta-de-comissao-de-juristas-para-atualizacao-e-modernizacao-da-legislacao-ambiental\/#primaryimage\"},\"thumbnailUrl\":\"https:\/\/www.blogsoestado.com\/danielmatos\/files\/2022\/03\/Screenshot_20220309-1909172.png\",\"datePublished\":\"2022-03-09T22:22:14+00:00\",\"author\":{\"@id\":\"\"},\"breadcrumb\":{\"@id\":\"https:\/\/www.blogsoestado.com\/danielmatos\/othelino-recebe-proposta-de-comissao-de-juristas-para-atualizacao-e-modernizacao-da-legislacao-ambiental\/#breadcrumb\"},\"inLanguage\":\"pt-BR\",\"potentialAction\":[{\"@type\":\"ReadAction\",\"target\":[\"https:\/\/www.blogsoestado.com\/danielmatos\/othelino-recebe-proposta-de-comissao-de-juristas-para-atualizacao-e-modernizacao-da-legislacao-ambiental\/\"]}]},{\"@type\":\"ImageObject\",\"inLanguage\":\"pt-BR\",\"@id\":\"https:\/\/www.blogsoestado.com\/danielmatos\/othelino-recebe-proposta-de-comissao-de-juristas-para-atualizacao-e-modernizacao-da-legislacao-ambiental\/#primaryimage\",\"url\":\"https:\/\/www.blogsoestado.com\/danielmatos\/files\/2022\/03\/Screenshot_20220309-1909172.png\",\"contentUrl\":\"https:\/\/www.blogsoestado.com\/danielmatos\/files\/2022\/03\/Screenshot_20220309-1909172.png\"},{\"@type\":\"BreadcrumbList\",\"@id\":\"https:\/\/www.blogsoestado.com\/danielmatos\/othelino-recebe-proposta-de-comissao-de-juristas-para-atualizacao-e-modernizacao-da-legislacao-ambiental\/#breadcrumb\",\"itemListElement\":[{\"@type\":\"ListItem\",\"position\":1,\"name\":\"In\u00edcio\",\"item\":\"https:\/\/www.blogsoestado.com\/danielmatos\/\"},{\"@type\":\"ListItem\",\"position\":2,\"name\":\"Othelino recebe proposta de Comiss\u00e3o de Juristas para atualiza\u00e7\u00e3o e moderniza\u00e7\u00e3o da legisla\u00e7\u00e3o ambiental\"}]},{\"@type\":\"WebSite\",\"@id\":\"https:\/\/www.blogsoestado.com\/danielmatos\/#website\",\"url\":\"https:\/\/www.blogsoestado.com\/danielmatos\/\",\"name\":\"Daniel Matos\",\"description\":\"\",\"potentialAction\":[{\"@type\":\"SearchAction\",\"target\":{\"@type\":\"EntryPoint\",\"urlTemplate\":\"https:\/\/www.blogsoestado.com\/danielmatos\/?s={search_term_string}\"},\"query-input\":{\"@type\":\"PropertyValueSpecification\",\"valueRequired\":true,\"valueName\":\"search_term_string\"}}],\"inLanguage\":\"pt-BR\"}]}<\/script>\n<!-- \/ Yoast SEO plugin. -->","yoast_head_json":{"title":"Othelino recebe proposta de Comiss\u00e3o de Juristas para atualiza\u00e7\u00e3o e moderniza\u00e7\u00e3o da legisla\u00e7\u00e3o ambiental - Daniel Matos","robots":{"index":"index","follow":"follow","max-snippet":"max-snippet:-1","max-image-preview":"max-image-preview:large","max-video-preview":"max-video-preview:-1"},"canonical":"https:\/\/www.blogsoestado.com\/danielmatos\/othelino-recebe-proposta-de-comissao-de-juristas-para-atualizacao-e-modernizacao-da-legislacao-ambiental\/","og_locale":"pt_BR","og_type":"article","og_title":"Othelino recebe proposta de Comiss\u00e3o de Juristas para atualiza\u00e7\u00e3o e moderniza\u00e7\u00e3o da legisla\u00e7\u00e3o ambiental - Daniel Matos","og_description":"O presidente da Assembleia Legislativa do Maranh\u00e3o (PCdoB), deputado Othelino Neto, recebeu, nesta quarta-feira (9), a proposta de atualiza\u00e7\u00e3o e [&hellip;]","og_url":"https:\/\/www.blogsoestado.com\/danielmatos\/othelino-recebe-proposta-de-comissao-de-juristas-para-atualizacao-e-modernizacao-da-legislacao-ambiental\/","og_site_name":"Daniel Matos","article_published_time":"2022-03-09T22:22:14+00:00","og_image":[{"url":"https:\/\/www.blogsoestado.com\/danielmatos\/files\/2022\/03\/Screenshot_20220309-1909172.png","type":"","width":"","height":""}],"twitter_card":"summary_large_image","twitter_misc":{"Est. tempo de leitura":"4 minutos"},"schema":{"@context":"https:\/\/schema.org","@graph":[{"@type":"WebPage","@id":"https:\/\/www.blogsoestado.com\/danielmatos\/othelino-recebe-proposta-de-comissao-de-juristas-para-atualizacao-e-modernizacao-da-legislacao-ambiental\/","url":"https:\/\/www.blogsoestado.com\/danielmatos\/othelino-recebe-proposta-de-comissao-de-juristas-para-atualizacao-e-modernizacao-da-legislacao-ambiental\/","name":"Othelino recebe proposta de Comiss\u00e3o de Juristas para atualiza\u00e7\u00e3o e moderniza\u00e7\u00e3o da legisla\u00e7\u00e3o ambiental - Daniel Matos","isPartOf":{"@id":"https:\/\/www.blogsoestado.com\/danielmatos\/#website"},"primaryImageOfPage":{"@id":"https:\/\/www.blogsoestado.com\/danielmatos\/othelino-recebe-proposta-de-comissao-de-juristas-para-atualizacao-e-modernizacao-da-legislacao-ambiental\/#primaryimage"},"image":{"@id":"https:\/\/www.blogsoestado.com\/danielmatos\/othelino-recebe-proposta-de-comissao-de-juristas-para-atualizacao-e-modernizacao-da-legislacao-ambiental\/#primaryimage"},"thumbnailUrl":"https:\/\/www.blogsoestado.com\/danielmatos\/files\/2022\/03\/Screenshot_20220309-1909172.png","datePublished":"2022-03-09T22:22:14+00:00","author":{"@id":""},"breadcrumb":{"@id":"https:\/\/www.blogsoestado.com\/danielmatos\/othelino-recebe-proposta-de-comissao-de-juristas-para-atualizacao-e-modernizacao-da-legislacao-ambiental\/#breadcrumb"},"inLanguage":"pt-BR","potentialAction":[{"@type":"ReadAction","target":["https:\/\/www.blogsoestado.com\/danielmatos\/othelino-recebe-proposta-de-comissao-de-juristas-para-atualizacao-e-modernizacao-da-legislacao-ambiental\/"]}]},{"@type":"ImageObject","inLanguage":"pt-BR","@id":"https:\/\/www.blogsoestado.com\/danielmatos\/othelino-recebe-proposta-de-comissao-de-juristas-para-atualizacao-e-modernizacao-da-legislacao-ambiental\/#primaryimage","url":"https:\/\/www.blogsoestado.com\/danielmatos\/files\/2022\/03\/Screenshot_20220309-1909172.png","contentUrl":"https:\/\/www.blogsoestado.com\/danielmatos\/files\/2022\/03\/Screenshot_20220309-1909172.png"},{"@type":"BreadcrumbList","@id":"https:\/\/www.blogsoestado.com\/danielmatos\/othelino-recebe-proposta-de-comissao-de-juristas-para-atualizacao-e-modernizacao-da-legislacao-ambiental\/#breadcrumb","itemListElement":[{"@type":"ListItem","position":1,"name":"In\u00edcio","item":"https:\/\/www.blogsoestado.com\/danielmatos\/"},{"@type":"ListItem","position":2,"name":"Othelino recebe proposta de Comiss\u00e3o de Juristas para atualiza\u00e7\u00e3o e moderniza\u00e7\u00e3o da legisla\u00e7\u00e3o ambiental"}]},{"@type":"WebSite","@id":"https:\/\/www.blogsoestado.com\/danielmatos\/#website","url":"https:\/\/www.blogsoestado.com\/danielmatos\/","name":"Daniel Matos","description":"","potentialAction":[{"@type":"SearchAction","target":{"@type":"EntryPoint","urlTemplate":"https:\/\/www.blogsoestado.com\/danielmatos\/?s={search_term_string}"},"query-input":{"@type":"PropertyValueSpecification","valueRequired":true,"valueName":"search_term_string"}}],"inLanguage":"pt-BR"}]}},"jetpack_featured_media_url":"","_links":{"self":[{"href":"https:\/\/www.blogsoestado.com\/danielmatos\/wp-json\/wp\/v2\/posts\/94964","targetHints":{"allow":["GET"]}}],"collection":[{"href":"https:\/\/www.blogsoestado.com\/danielmatos\/wp-json\/wp\/v2\/posts"}],"about":[{"href":"https:\/\/www.blogsoestado.com\/danielmatos\/wp-json\/wp\/v2\/types\/post"}],"replies":[{"embeddable":true,"href":"https:\/\/www.blogsoestado.com\/danielmatos\/wp-json\/wp\/v2\/comments?post=94964"}],"version-history":[{"count":0,"href":"https:\/\/www.blogsoestado.com\/danielmatos\/wp-json\/wp\/v2\/posts\/94964\/revisions"}],"wp:attachment":[{"href":"https:\/\/www.blogsoestado.com\/danielmatos\/wp-json\/wp\/v2\/media?parent=94964"}],"wp:term":[{"taxonomy":"category","embeddable":true,"href":"https:\/\/www.blogsoestado.com\/danielmatos\/wp-json\/wp\/v2\/categories?post=94964"},{"taxonomy":"post_tag","embeddable":true,"href":"https:\/\/www.blogsoestado.com\/danielmatos\/wp-json\/wp\/v2\/tags?post=94964"}],"curies":[{"name":"wp","href":"https:\/\/api.w.org\/{rel}","templated":true}]}}