{"id":94969,"date":"2022-03-09T20:26:28","date_gmt":"2022-03-09T23:26:28","guid":{"rendered":"https:\/\/www.blogsoestado.com\/danielmatos\/?p=94969"},"modified":"2022-03-09T20:26:28","modified_gmt":"2022-03-09T23:26:28","slug":"stf-rejeita-proposta-do-partido-de-weverton-rocha-que-tornaria-elegiveis-politicos-condenados-na-lei-da-ficha-limpa","status":"publish","type":"post","link":"https:\/\/www.blogsoestado.com\/danielmatos\/stf-rejeita-proposta-do-partido-de-weverton-rocha-que-tornaria-elegiveis-politicos-condenados-na-lei-da-ficha-limpa\/","title":{"rendered":"STF rejeita proposta do partido de Weverton Rocha que tornaria eleg\u00edveis r\u00e9us condenados na Lei da Ficha Limpa"},"content":{"rendered":"\n<p><strong><span class=\"has-inline-color has-vivid-red-color\">A\u00e7\u00e3o do PDT questionava dispositivo da legisla\u00e7\u00e3o j\u00e1 declarado constitucional pela Corte<\/span><\/strong><\/p>\n\n\n\n<div class=\"wp-block-image\"><figure class=\"alignleft size-large\"><a href=\"https:\/\/www.blogsoestado.com\/danielmatos\/files\/2022\/03\/Screenshot_20220309-2021402.png\"><img decoding=\"async\" src=\"https:\/\/www.blogsoestado.com\/danielmatos\/files\/2022\/03\/Screenshot_20220309-2021402.png\" alt=\"\" class=\"wp-image-94970\"\/><\/a><figcaption>Colegiado entendeu que a a\u00e7\u00e3o do PDT pretendia rediscutir a validade de dispositivo da Lei da Ficha Limpa declarado constitucional pelo STF<\/figcaption><\/figure><\/div>\n\n\n\n<p>Por maioria de votos, o Supremo Tribunal Federal (STF) julgou invi\u00e1vel (n\u00e3o conheceu) a A\u00e7\u00e3o Direta de Inconstitucionalidade (ADI) 6630, em que o Partido Democr\u00e1tico Trabalhista (PDT), <strong>sigla que no Maranh\u00e3o \u00e9 presidida pelo senador e pr\u00e9-candidato a governador Weverton Rocha<\/strong>, questionava a express\u00e3o &#8220;ap\u00f3s o cumprimento de pena&#8221; em dispositivo da Lei das Inelegibilidades (LC 64\/1990), com reda\u00e7\u00e3o dada pela Lei da Ficha Limpa (LC 135\/2010). O dispositivo fixa o prazo de oito anos de inelegibilidade, ap\u00f3s o cumprimento da pena, para quem for condenado em decis\u00e3o definitiva ou proferida por \u00f3rg\u00e3o judicial colegiado, nos casos elencados na lei.<\/p>\n\n\n\n<p>Os ministros aplicaram jurisprud\u00eancia da Corte que considera inadmiss\u00edvel a\u00e7\u00e3o de controle de constitucionalidade contra norma j\u00e1 julgada constitucional sem que tenha havido altera\u00e7\u00f5es f\u00e1ticas ou jur\u00eddicas relevantes que justifiquem a rediscuss\u00e3o do tema. No caso, o colegiado entendeu que a a\u00e7\u00e3o do PDT pretendia rediscutir a validade de dispositivo da Lei da Ficha Limpa declarado constitucional pelo STF no julgamento das A\u00e7\u00f5es Declarat\u00f3rias de Constitucionalidade (ADCs) 29 e 30 e da ADI 4578.<\/p>\n\n\n\n<p>A decis\u00e3o derruba liminar concedida pelo relator, ministro Nunes Marques, que havia suspendido a efic\u00e1cia do trecho da lei.<\/p>\n\n\n\n<p><strong>Rediscuss\u00e3o<\/strong><\/p>\n\n\n\n<p>Prevaleceu, no julgamento, o voto do ministro Alexandre de Moraes. Ele observou que, quando declarou a validade da Lei da Ficha Limpa, o STF entendeu que o prazo previsto no dispositivo \u00e9 uma op\u00e7\u00e3o pol\u00edtica legislativa para garantir a efetividade das normas relativas \u00e0 moralidade administrativa, \u00e0 idoneidade e \u00e0 legitimidade dos processos eleitorais. Sua rediscuss\u00e3o, a seu ver, poderia resultar no afastamento da inelegibilidade, em alguns casos.<\/p>\n\n\n\n<p>Acompanharam esse entendimento as ministras C\u00e1rmen L\u00facia e Rosa Weber e os ministros Edson Fachin, Ricardo Lewandowski e Luiz Fux.<\/p>\n\n\n\n<p>Ficaram vencidos os ministros Nunes Marques, Lu\u00eds Roberto Barroso, Andr\u00e9 Mendon\u00e7a e Gilmar Mendes, que votaram pelo conhecimento da a\u00e7\u00e3o. Segundo Barroso, a Lei da Ficha Limpa foi examinada pelo STF em 2012, logo depois da sua promulga\u00e7\u00e3o, e \u00e9 razo\u00e1vel que o tribunal verifique, ao longo do tempo, se ela pode produzir resultados injustos ou incompat\u00edveis com a Constitui\u00e7\u00e3o Federal.<\/p>\n\n\n\n<p><strong>Processo relacionado:&nbsp;<\/strong><a href=\"http:\/\/portal.stf.jus.br\/processos\/detalhe.asp?incidente=6072681\">ADI&nbsp;6630<\/a><\/p>\n","protected":false},"excerpt":{"rendered":"<p>A\u00e7\u00e3o do PDT questionava dispositivo da legisla\u00e7\u00e3o j\u00e1 declarado constitucional pela Corte Por maioria de votos, o Supremo Tribunal Federal [&hellip;]<\/p>\n","protected":false},"author":0,"featured_media":0,"comment_status":"open","ping_status":"open","sticky":false,"template":"","format":"standard","meta":{"site-sidebar-layout":"default","site-content-layout":"","ast-site-content-layout":"default","site-content-style":"default","site-sidebar-style":"default","ast-global-header-display":"","ast-banner-title-visibility":"","ast-main-header-display":"","ast-hfb-above-header-display":"","ast-hfb-below-header-display":"","ast-hfb-mobile-header-display":"","site-post-title":"","ast-breadcrumbs-content":"","ast-featured-img":"","footer-sml-layout":"","ast-disable-related-posts":"","theme-transparent-header-meta":"","adv-header-id-meta":"","stick-header-meta":"","header-above-stick-meta":"","header-main-stick-meta":"","header-below-stick-meta":"","astra-migrate-meta-layouts":"default","ast-page-background-enabled":"default","ast-page-background-meta":{"desktop":{"background-color":"var(--ast-global-color-5)","background-image":"","background-repeat":"repeat","background-position":"center center","background-size":"auto","background-attachment":"scroll","background-type":"","background-media":"","overlay-type":"","overlay-color":"","overlay-opacity":"","overlay-gradient":""},"tablet":{"background-color":"","background-image":"","background-repeat":"repeat","background-position":"center center","background-size":"auto","background-attachment":"scroll","background-type":"","background-media":"","overlay-type":"","overlay-color":"","overlay-opacity":"","overlay-gradient":""},"mobile":{"background-color":"","background-image":"","background-repeat":"repeat","background-position":"center center","background-size":"auto","background-attachment":"scroll","background-type":"","background-media":"","overlay-type":"","overlay-color":"","overlay-opacity":"","overlay-gradient":""}},"ast-content-background-meta":{"desktop":{"background-color":"var(--ast-global-color-4)","background-image":"","background-repeat":"repeat","background-position":"center center","background-size":"auto","background-attachment":"scroll","background-type":"","background-media":"","overlay-type":"","overlay-color":"","overlay-opacity":"","overlay-gradient":""},"tablet":{"background-color":"var(--ast-global-color-4)","background-image":"","background-repeat":"repeat","background-position":"center center","background-size":"auto","background-attachment":"scroll","background-type":"","background-media":"","overlay-type":"","overlay-color":"","overlay-opacity":"","overlay-gradient":""},"mobile":{"background-color":"var(--ast-global-color-4)","background-image":"","background-repeat":"repeat","background-position":"center center","background-size":"auto","background-attachment":"scroll","background-type":"","background-media":"","overlay-type":"","overlay-color":"","overlay-opacity":"","overlay-gradient":""}},"footnotes":""},"categories":[1],"tags":[],"class_list":["post-94969","post","type-post","status-publish","format-standard","hentry","category-sem-categoria"],"yoast_head":"<!-- This site is optimized with the Yoast SEO plugin v26.6 - https:\/\/yoast.com\/wordpress\/plugins\/seo\/ -->\n<title>STF rejeita proposta do partido de Weverton Rocha que tornaria eleg\u00edveis r\u00e9us condenados na Lei da Ficha Limpa - Daniel Matos<\/title>\n<meta name=\"robots\" content=\"index, follow, max-snippet:-1, max-image-preview:large, max-video-preview:-1\" \/>\n<link rel=\"canonical\" href=\"https:\/\/www.blogsoestado.com\/danielmatos\/stf-rejeita-proposta-do-partido-de-weverton-rocha-que-tornaria-elegiveis-politicos-condenados-na-lei-da-ficha-limpa\/\" \/>\n<meta property=\"og:locale\" content=\"pt_BR\" \/>\n<meta property=\"og:type\" content=\"article\" \/>\n<meta property=\"og:title\" content=\"STF rejeita proposta do partido de Weverton Rocha que tornaria eleg\u00edveis r\u00e9us condenados na Lei da Ficha Limpa - Daniel Matos\" \/>\n<meta property=\"og:description\" content=\"A\u00e7\u00e3o do PDT questionava dispositivo da legisla\u00e7\u00e3o j\u00e1 declarado constitucional pela Corte Por maioria de votos, o Supremo Tribunal Federal [&hellip;]\" \/>\n<meta property=\"og:url\" content=\"https:\/\/www.blogsoestado.com\/danielmatos\/stf-rejeita-proposta-do-partido-de-weverton-rocha-que-tornaria-elegiveis-politicos-condenados-na-lei-da-ficha-limpa\/\" \/>\n<meta property=\"og:site_name\" content=\"Daniel Matos\" \/>\n<meta property=\"article:published_time\" content=\"2022-03-09T23:26:28+00:00\" \/>\n<meta property=\"og:image\" content=\"https:\/\/www.blogsoestado.com\/danielmatos\/files\/2022\/03\/Screenshot_20220309-2021402.png\" \/>\n<meta name=\"twitter:card\" content=\"summary_large_image\" \/>\n<meta name=\"twitter:label1\" content=\"Est. tempo de leitura\" \/>\n\t<meta name=\"twitter:data1\" content=\"2 minutos\" \/>\n<script type=\"application\/ld+json\" class=\"yoast-schema-graph\">{\"@context\":\"https:\/\/schema.org\",\"@graph\":[{\"@type\":\"WebPage\",\"@id\":\"https:\/\/www.blogsoestado.com\/danielmatos\/stf-rejeita-proposta-do-partido-de-weverton-rocha-que-tornaria-elegiveis-politicos-condenados-na-lei-da-ficha-limpa\/\",\"url\":\"https:\/\/www.blogsoestado.com\/danielmatos\/stf-rejeita-proposta-do-partido-de-weverton-rocha-que-tornaria-elegiveis-politicos-condenados-na-lei-da-ficha-limpa\/\",\"name\":\"STF rejeita proposta do partido de Weverton Rocha que tornaria eleg\u00edveis r\u00e9us condenados na Lei da Ficha Limpa - Daniel Matos\",\"isPartOf\":{\"@id\":\"https:\/\/www.blogsoestado.com\/danielmatos\/#website\"},\"primaryImageOfPage\":{\"@id\":\"https:\/\/www.blogsoestado.com\/danielmatos\/stf-rejeita-proposta-do-partido-de-weverton-rocha-que-tornaria-elegiveis-politicos-condenados-na-lei-da-ficha-limpa\/#primaryimage\"},\"image\":{\"@id\":\"https:\/\/www.blogsoestado.com\/danielmatos\/stf-rejeita-proposta-do-partido-de-weverton-rocha-que-tornaria-elegiveis-politicos-condenados-na-lei-da-ficha-limpa\/#primaryimage\"},\"thumbnailUrl\":\"https:\/\/www.blogsoestado.com\/danielmatos\/files\/2022\/03\/Screenshot_20220309-2021402.png\",\"datePublished\":\"2022-03-09T23:26:28+00:00\",\"author\":{\"@id\":\"\"},\"breadcrumb\":{\"@id\":\"https:\/\/www.blogsoestado.com\/danielmatos\/stf-rejeita-proposta-do-partido-de-weverton-rocha-que-tornaria-elegiveis-politicos-condenados-na-lei-da-ficha-limpa\/#breadcrumb\"},\"inLanguage\":\"pt-BR\",\"potentialAction\":[{\"@type\":\"ReadAction\",\"target\":[\"https:\/\/www.blogsoestado.com\/danielmatos\/stf-rejeita-proposta-do-partido-de-weverton-rocha-que-tornaria-elegiveis-politicos-condenados-na-lei-da-ficha-limpa\/\"]}]},{\"@type\":\"ImageObject\",\"inLanguage\":\"pt-BR\",\"@id\":\"https:\/\/www.blogsoestado.com\/danielmatos\/stf-rejeita-proposta-do-partido-de-weverton-rocha-que-tornaria-elegiveis-politicos-condenados-na-lei-da-ficha-limpa\/#primaryimage\",\"url\":\"https:\/\/www.blogsoestado.com\/danielmatos\/files\/2022\/03\/Screenshot_20220309-2021402.png\",\"contentUrl\":\"https:\/\/www.blogsoestado.com\/danielmatos\/files\/2022\/03\/Screenshot_20220309-2021402.png\"},{\"@type\":\"BreadcrumbList\",\"@id\":\"https:\/\/www.blogsoestado.com\/danielmatos\/stf-rejeita-proposta-do-partido-de-weverton-rocha-que-tornaria-elegiveis-politicos-condenados-na-lei-da-ficha-limpa\/#breadcrumb\",\"itemListElement\":[{\"@type\":\"ListItem\",\"position\":1,\"name\":\"In\u00edcio\",\"item\":\"https:\/\/www.blogsoestado.com\/danielmatos\/\"},{\"@type\":\"ListItem\",\"position\":2,\"name\":\"STF rejeita proposta do partido de Weverton Rocha que tornaria eleg\u00edveis r\u00e9us condenados na Lei da Ficha Limpa\"}]},{\"@type\":\"WebSite\",\"@id\":\"https:\/\/www.blogsoestado.com\/danielmatos\/#website\",\"url\":\"https:\/\/www.blogsoestado.com\/danielmatos\/\",\"name\":\"Daniel Matos\",\"description\":\"\",\"potentialAction\":[{\"@type\":\"SearchAction\",\"target\":{\"@type\":\"EntryPoint\",\"urlTemplate\":\"https:\/\/www.blogsoestado.com\/danielmatos\/?s={search_term_string}\"},\"query-input\":{\"@type\":\"PropertyValueSpecification\",\"valueRequired\":true,\"valueName\":\"search_term_string\"}}],\"inLanguage\":\"pt-BR\"}]}<\/script>\n<!-- \/ Yoast SEO plugin. -->","yoast_head_json":{"title":"STF rejeita proposta do partido de Weverton Rocha que tornaria eleg\u00edveis r\u00e9us condenados na Lei da Ficha Limpa - Daniel Matos","robots":{"index":"index","follow":"follow","max-snippet":"max-snippet:-1","max-image-preview":"max-image-preview:large","max-video-preview":"max-video-preview:-1"},"canonical":"https:\/\/www.blogsoestado.com\/danielmatos\/stf-rejeita-proposta-do-partido-de-weverton-rocha-que-tornaria-elegiveis-politicos-condenados-na-lei-da-ficha-limpa\/","og_locale":"pt_BR","og_type":"article","og_title":"STF rejeita proposta do partido de Weverton Rocha que tornaria eleg\u00edveis r\u00e9us condenados na Lei da Ficha Limpa - Daniel Matos","og_description":"A\u00e7\u00e3o do PDT questionava dispositivo da legisla\u00e7\u00e3o j\u00e1 declarado constitucional pela Corte Por maioria de votos, o Supremo Tribunal Federal [&hellip;]","og_url":"https:\/\/www.blogsoestado.com\/danielmatos\/stf-rejeita-proposta-do-partido-de-weverton-rocha-que-tornaria-elegiveis-politicos-condenados-na-lei-da-ficha-limpa\/","og_site_name":"Daniel Matos","article_published_time":"2022-03-09T23:26:28+00:00","og_image":[{"url":"https:\/\/www.blogsoestado.com\/danielmatos\/files\/2022\/03\/Screenshot_20220309-2021402.png","type":"","width":"","height":""}],"twitter_card":"summary_large_image","twitter_misc":{"Est. tempo de leitura":"2 minutos"},"schema":{"@context":"https:\/\/schema.org","@graph":[{"@type":"WebPage","@id":"https:\/\/www.blogsoestado.com\/danielmatos\/stf-rejeita-proposta-do-partido-de-weverton-rocha-que-tornaria-elegiveis-politicos-condenados-na-lei-da-ficha-limpa\/","url":"https:\/\/www.blogsoestado.com\/danielmatos\/stf-rejeita-proposta-do-partido-de-weverton-rocha-que-tornaria-elegiveis-politicos-condenados-na-lei-da-ficha-limpa\/","name":"STF rejeita proposta do partido de Weverton Rocha que tornaria eleg\u00edveis r\u00e9us condenados na Lei da Ficha Limpa - Daniel Matos","isPartOf":{"@id":"https:\/\/www.blogsoestado.com\/danielmatos\/#website"},"primaryImageOfPage":{"@id":"https:\/\/www.blogsoestado.com\/danielmatos\/stf-rejeita-proposta-do-partido-de-weverton-rocha-que-tornaria-elegiveis-politicos-condenados-na-lei-da-ficha-limpa\/#primaryimage"},"image":{"@id":"https:\/\/www.blogsoestado.com\/danielmatos\/stf-rejeita-proposta-do-partido-de-weverton-rocha-que-tornaria-elegiveis-politicos-condenados-na-lei-da-ficha-limpa\/#primaryimage"},"thumbnailUrl":"https:\/\/www.blogsoestado.com\/danielmatos\/files\/2022\/03\/Screenshot_20220309-2021402.png","datePublished":"2022-03-09T23:26:28+00:00","author":{"@id":""},"breadcrumb":{"@id":"https:\/\/www.blogsoestado.com\/danielmatos\/stf-rejeita-proposta-do-partido-de-weverton-rocha-que-tornaria-elegiveis-politicos-condenados-na-lei-da-ficha-limpa\/#breadcrumb"},"inLanguage":"pt-BR","potentialAction":[{"@type":"ReadAction","target":["https:\/\/www.blogsoestado.com\/danielmatos\/stf-rejeita-proposta-do-partido-de-weverton-rocha-que-tornaria-elegiveis-politicos-condenados-na-lei-da-ficha-limpa\/"]}]},{"@type":"ImageObject","inLanguage":"pt-BR","@id":"https:\/\/www.blogsoestado.com\/danielmatos\/stf-rejeita-proposta-do-partido-de-weverton-rocha-que-tornaria-elegiveis-politicos-condenados-na-lei-da-ficha-limpa\/#primaryimage","url":"https:\/\/www.blogsoestado.com\/danielmatos\/files\/2022\/03\/Screenshot_20220309-2021402.png","contentUrl":"https:\/\/www.blogsoestado.com\/danielmatos\/files\/2022\/03\/Screenshot_20220309-2021402.png"},{"@type":"BreadcrumbList","@id":"https:\/\/www.blogsoestado.com\/danielmatos\/stf-rejeita-proposta-do-partido-de-weverton-rocha-que-tornaria-elegiveis-politicos-condenados-na-lei-da-ficha-limpa\/#breadcrumb","itemListElement":[{"@type":"ListItem","position":1,"name":"In\u00edcio","item":"https:\/\/www.blogsoestado.com\/danielmatos\/"},{"@type":"ListItem","position":2,"name":"STF rejeita proposta do partido de Weverton Rocha que tornaria eleg\u00edveis r\u00e9us condenados na Lei da Ficha Limpa"}]},{"@type":"WebSite","@id":"https:\/\/www.blogsoestado.com\/danielmatos\/#website","url":"https:\/\/www.blogsoestado.com\/danielmatos\/","name":"Daniel Matos","description":"","potentialAction":[{"@type":"SearchAction","target":{"@type":"EntryPoint","urlTemplate":"https:\/\/www.blogsoestado.com\/danielmatos\/?s={search_term_string}"},"query-input":{"@type":"PropertyValueSpecification","valueRequired":true,"valueName":"search_term_string"}}],"inLanguage":"pt-BR"}]}},"jetpack_featured_media_url":"","_links":{"self":[{"href":"https:\/\/www.blogsoestado.com\/danielmatos\/wp-json\/wp\/v2\/posts\/94969","targetHints":{"allow":["GET"]}}],"collection":[{"href":"https:\/\/www.blogsoestado.com\/danielmatos\/wp-json\/wp\/v2\/posts"}],"about":[{"href":"https:\/\/www.blogsoestado.com\/danielmatos\/wp-json\/wp\/v2\/types\/post"}],"replies":[{"embeddable":true,"href":"https:\/\/www.blogsoestado.com\/danielmatos\/wp-json\/wp\/v2\/comments?post=94969"}],"version-history":[{"count":0,"href":"https:\/\/www.blogsoestado.com\/danielmatos\/wp-json\/wp\/v2\/posts\/94969\/revisions"}],"wp:attachment":[{"href":"https:\/\/www.blogsoestado.com\/danielmatos\/wp-json\/wp\/v2\/media?parent=94969"}],"wp:term":[{"taxonomy":"category","embeddable":true,"href":"https:\/\/www.blogsoestado.com\/danielmatos\/wp-json\/wp\/v2\/categories?post=94969"},{"taxonomy":"post_tag","embeddable":true,"href":"https:\/\/www.blogsoestado.com\/danielmatos\/wp-json\/wp\/v2\/tags?post=94969"}],"curies":[{"name":"wp","href":"https:\/\/api.w.org\/{rel}","templated":true}]}}