{"id":94984,"date":"2022-03-10T08:30:00","date_gmt":"2022-03-10T11:30:00","guid":{"rendered":"https:\/\/www.blogsoestado.com\/danielmatos\/?p=94984"},"modified":"2022-03-10T08:30:00","modified_gmt":"2022-03-10T11:30:00","slug":"othelino-discute-com-prefeitos-e-liderancas-acoes-para-os-seu-municipios","status":"publish","type":"post","link":"https:\/\/www.blogsoestado.com\/danielmatos\/othelino-discute-com-prefeitos-e-liderancas-acoes-para-os-seu-municipios\/","title":{"rendered":"Othelino discute com prefeitos e lideran\u00e7as a\u00e7\u00f5es para os seu munic\u00edpios"},"content":{"rendered":"\n<div class=\"wp-block-image\"><figure class=\"aligncenter size-large\"><a href=\"https:\/\/www.blogsoestado.com\/danielmatos\/files\/2022\/03\/Screenshot_20220310-0035152.png\"><img decoding=\"async\" src=\"https:\/\/www.blogsoestado.com\/danielmatos\/files\/2022\/03\/Screenshot_20220310-0035152.png\" alt=\"\" class=\"wp-image-94985\"\/><\/a><figcaption>Othelino Neto dialogou com a prefeita de Mirador, Domingas Cabral, com quem tratou sobre as obras de infraestrutura executadas no munic\u00edpio<\/figcaption><\/figure><\/div>\n\n\n\n<p>O presidente da Assembleia Legislativa do Maranh\u00e3o, deputado Othelino Neto (PCdoB), cumpriu intensa agenda de reuni\u00f5es, nessa quarta-feira (9), com prefeitos, vereadores e lideran\u00e7as pol\u00edticas de Santa Helena, Dom Pedro, Mirador, Mon\u00e7\u00e3o, Ros\u00e1rio e S\u00e3o Lu\u00eds, munic\u00edpios onde ele possui base pol\u00edtica e que t\u00eam a\u00e7\u00f5es executadas e em andamento, por meio de emendas e indica\u00e7\u00f5es de sua autoria.\u00a0<\/p>\n\n\n\n<p>No final da manh\u00e3, Othelino recebeu o prefeito de Santa Helena, Zezildo Almeida. \u201c\u00c9 sempre gratificante conversar com Zezildo sobre as diversas obras iniciadas e entregues no munic\u00edpio, frutos da nossa parceria\u201d, disse o chefe do Legislativo maranhense.<\/p>\n\n\n\n<p>Com o prefeito de Dom Pedro, Galego Mota, que estava acompanhado do seu filho Lu\u00eds Felipe Mota, Othelino discutiu sobre as a\u00e7\u00f5es realizadas na cidade e projetos futuros. \u201cFalamos sobre as iniciativas implementadas no munic\u00edpio por meio do nosso mandato parlamentar, como a execu\u00e7\u00e3o de obras do programa Mais Asfalto e a constru\u00e7\u00e3o do Hospital Municipal\u201d, explicou.<\/p>\n\n\n\n<p>No encontro com a prefeita de Mirador, Domingas Cabral, Othelino tamb\u00e9m tratou acerca das obras de infraestrutura desenvolvidas no munic\u00edpio. \u201cAtendemos \u00e0s demandas da prefeita e j\u00e1 pleiteamos junto ao governo do estado diversas obras que ir\u00e3o mudar a vida da popula\u00e7\u00e3o, a exemplo da instala\u00e7\u00e3o de um Restaurante Popular, que foi inaugurado na semana passada; a constru\u00e7\u00e3o da Pra\u00e7a de Eventos e a urbaniza\u00e7\u00e3o da Beira Rio. Tamb\u00e9m est\u00e1 sendo reformado o Mercado Municipal de Mirador\u201d, ressaltou.<\/p>\n\n\n\n<div class=\"wp-block-image\"><figure class=\"aligncenter size-large\"><a href=\"https:\/\/www.blogsoestado.com\/danielmatos\/files\/2022\/03\/Screenshot_20220310-0035362.png\"><img decoding=\"async\" src=\"https:\/\/www.blogsoestado.com\/danielmatos\/files\/2022\/03\/Screenshot_20220310-0035362.png\" alt=\"\" class=\"wp-image-94986\"\/><\/a><figcaption>O presidente da Assembleia Legislativa tamb\u00e9m recebeu o l\u00edder pol\u00edtico de Mon\u00e7\u00e3o Jesiel Ara\u00fajo, com quem debateu quest\u00f5es de extrema relev\u00e2ncia para o munic\u00edpio<\/figcaption><\/figure><\/div>\n\n\n\n<p><strong>Mon\u00e7\u00e3o<\/strong><\/p>\n\n\n\n<p>O parlamentar tamb\u00e9m recebeu Jesiel Ara\u00fajo, lideran\u00e7a pol\u00edtica de Mon\u00e7\u00e3o, com quem discutiu assuntos importantes para o munic\u00edpio. \u201cTratamos, ainda, sobre as elei\u00e7\u00f5es deste ano. A nossa parceria em favor de Mon\u00e7\u00e3o \u00e9 forte e vai continuar\u201d, garantiu Othelino.<\/p>\n\n\n\n<p>O presidente recebeu, ainda, a visita de cortesia dos vereadores dos munic\u00edpios de S\u00e3o Lu\u00eds e Ros\u00e1rio, Ant\u00f4nio Garc\u00eas e Carlos do Rem\u00e9dio, respectivamente. Eles conversaram a respeito de demandas para cada uma das cidade e sobre as pr\u00f3ximas elei\u00e7\u00f5es.<\/p>\n","protected":false},"excerpt":{"rendered":"<p>O presidente da Assembleia Legislativa do Maranh\u00e3o, deputado Othelino Neto (PCdoB), cumpriu intensa agenda de reuni\u00f5es, nessa quarta-feira (9), com [&hellip;]<\/p>\n","protected":false},"author":0,"featured_media":0,"comment_status":"open","ping_status":"open","sticky":false,"template":"","format":"standard","meta":{"site-sidebar-layout":"default","site-content-layout":"","ast-site-content-layout":"default","site-content-style":"default","site-sidebar-style":"default","ast-global-header-display":"","ast-banner-title-visibility":"","ast-main-header-display":"","ast-hfb-above-header-display":"","ast-hfb-below-header-display":"","ast-hfb-mobile-header-display":"","site-post-title":"","ast-breadcrumbs-content":"","ast-featured-img":"","footer-sml-layout":"","ast-disable-related-posts":"","theme-transparent-header-meta":"","adv-header-id-meta":"","stick-header-meta":"","header-above-stick-meta":"","header-main-stick-meta":"","header-below-stick-meta":"","astra-migrate-meta-layouts":"default","ast-page-background-enabled":"default","ast-page-background-meta":{"desktop":{"background-color":"var(--ast-global-color-5)","background-image":"","background-repeat":"repeat","background-position":"center center","background-size":"auto","background-attachment":"scroll","background-type":"","background-media":"","overlay-type":"","overlay-color":"","overlay-opacity":"","overlay-gradient":""},"tablet":{"background-color":"","background-image":"","background-repeat":"repeat","background-position":"center center","background-size":"auto","background-attachment":"scroll","background-type":"","background-media":"","overlay-type":"","overlay-color":"","overlay-opacity":"","overlay-gradient":""},"mobile":{"background-color":"","background-image":"","background-repeat":"repeat","background-position":"center center","background-size":"auto","background-attachment":"scroll","background-type":"","background-media":"","overlay-type":"","overlay-color":"","overlay-opacity":"","overlay-gradient":""}},"ast-content-background-meta":{"desktop":{"background-color":"var(--ast-global-color-4)","background-image":"","background-repeat":"repeat","background-position":"center center","background-size":"auto","background-attachment":"scroll","background-type":"","background-media":"","overlay-type":"","overlay-color":"","overlay-opacity":"","overlay-gradient":""},"tablet":{"background-color":"var(--ast-global-color-4)","background-image":"","background-repeat":"repeat","background-position":"center center","background-size":"auto","background-attachment":"scroll","background-type":"","background-media":"","overlay-type":"","overlay-color":"","overlay-opacity":"","overlay-gradient":""},"mobile":{"background-color":"var(--ast-global-color-4)","background-image":"","background-repeat":"repeat","background-position":"center center","background-size":"auto","background-attachment":"scroll","background-type":"","background-media":"","overlay-type":"","overlay-color":"","overlay-opacity":"","overlay-gradient":""}},"footnotes":""},"categories":[1],"tags":[],"class_list":["post-94984","post","type-post","status-publish","format-standard","hentry","category-sem-categoria"],"yoast_head":"<!-- This site is optimized with the Yoast SEO plugin v26.6 - https:\/\/yoast.com\/wordpress\/plugins\/seo\/ -->\n<title>Othelino discute com prefeitos e lideran\u00e7as a\u00e7\u00f5es para os seu munic\u00edpios - Daniel Matos<\/title>\n<meta name=\"robots\" content=\"index, follow, max-snippet:-1, max-image-preview:large, max-video-preview:-1\" \/>\n<link rel=\"canonical\" href=\"https:\/\/www.blogsoestado.com\/danielmatos\/othelino-discute-com-prefeitos-e-liderancas-acoes-para-os-seu-municipios\/\" \/>\n<meta property=\"og:locale\" content=\"pt_BR\" \/>\n<meta property=\"og:type\" content=\"article\" \/>\n<meta property=\"og:title\" content=\"Othelino discute com prefeitos e lideran\u00e7as a\u00e7\u00f5es para os seu munic\u00edpios - Daniel Matos\" \/>\n<meta property=\"og:description\" content=\"O presidente da Assembleia Legislativa do Maranh\u00e3o, deputado Othelino Neto (PCdoB), cumpriu intensa agenda de reuni\u00f5es, nessa quarta-feira (9), com [&hellip;]\" \/>\n<meta property=\"og:url\" content=\"https:\/\/www.blogsoestado.com\/danielmatos\/othelino-discute-com-prefeitos-e-liderancas-acoes-para-os-seu-municipios\/\" \/>\n<meta property=\"og:site_name\" content=\"Daniel Matos\" \/>\n<meta property=\"article:published_time\" content=\"2022-03-10T11:30:00+00:00\" \/>\n<meta property=\"og:image\" content=\"https:\/\/www.blogsoestado.com\/danielmatos\/files\/2022\/03\/Screenshot_20220310-0035152.png\" \/>\n<meta name=\"twitter:card\" content=\"summary_large_image\" \/>\n<meta name=\"twitter:label1\" content=\"Est. tempo de leitura\" \/>\n\t<meta name=\"twitter:data1\" content=\"2 minutos\" \/>\n<script type=\"application\/ld+json\" class=\"yoast-schema-graph\">{\"@context\":\"https:\/\/schema.org\",\"@graph\":[{\"@type\":\"WebPage\",\"@id\":\"https:\/\/www.blogsoestado.com\/danielmatos\/othelino-discute-com-prefeitos-e-liderancas-acoes-para-os-seu-municipios\/\",\"url\":\"https:\/\/www.blogsoestado.com\/danielmatos\/othelino-discute-com-prefeitos-e-liderancas-acoes-para-os-seu-municipios\/\",\"name\":\"Othelino discute com prefeitos e lideran\u00e7as a\u00e7\u00f5es para os seu munic\u00edpios - Daniel Matos\",\"isPartOf\":{\"@id\":\"https:\/\/www.blogsoestado.com\/danielmatos\/#website\"},\"primaryImageOfPage\":{\"@id\":\"https:\/\/www.blogsoestado.com\/danielmatos\/othelino-discute-com-prefeitos-e-liderancas-acoes-para-os-seu-municipios\/#primaryimage\"},\"image\":{\"@id\":\"https:\/\/www.blogsoestado.com\/danielmatos\/othelino-discute-com-prefeitos-e-liderancas-acoes-para-os-seu-municipios\/#primaryimage\"},\"thumbnailUrl\":\"https:\/\/www.blogsoestado.com\/danielmatos\/files\/2022\/03\/Screenshot_20220310-0035152.png\",\"datePublished\":\"2022-03-10T11:30:00+00:00\",\"author\":{\"@id\":\"\"},\"breadcrumb\":{\"@id\":\"https:\/\/www.blogsoestado.com\/danielmatos\/othelino-discute-com-prefeitos-e-liderancas-acoes-para-os-seu-municipios\/#breadcrumb\"},\"inLanguage\":\"pt-BR\",\"potentialAction\":[{\"@type\":\"ReadAction\",\"target\":[\"https:\/\/www.blogsoestado.com\/danielmatos\/othelino-discute-com-prefeitos-e-liderancas-acoes-para-os-seu-municipios\/\"]}]},{\"@type\":\"ImageObject\",\"inLanguage\":\"pt-BR\",\"@id\":\"https:\/\/www.blogsoestado.com\/danielmatos\/othelino-discute-com-prefeitos-e-liderancas-acoes-para-os-seu-municipios\/#primaryimage\",\"url\":\"https:\/\/www.blogsoestado.com\/danielmatos\/files\/2022\/03\/Screenshot_20220310-0035152.png\",\"contentUrl\":\"https:\/\/www.blogsoestado.com\/danielmatos\/files\/2022\/03\/Screenshot_20220310-0035152.png\"},{\"@type\":\"BreadcrumbList\",\"@id\":\"https:\/\/www.blogsoestado.com\/danielmatos\/othelino-discute-com-prefeitos-e-liderancas-acoes-para-os-seu-municipios\/#breadcrumb\",\"itemListElement\":[{\"@type\":\"ListItem\",\"position\":1,\"name\":\"In\u00edcio\",\"item\":\"https:\/\/www.blogsoestado.com\/danielmatos\/\"},{\"@type\":\"ListItem\",\"position\":2,\"name\":\"Othelino discute com prefeitos e lideran\u00e7as a\u00e7\u00f5es para os seu munic\u00edpios\"}]},{\"@type\":\"WebSite\",\"@id\":\"https:\/\/www.blogsoestado.com\/danielmatos\/#website\",\"url\":\"https:\/\/www.blogsoestado.com\/danielmatos\/\",\"name\":\"Daniel Matos\",\"description\":\"\",\"potentialAction\":[{\"@type\":\"SearchAction\",\"target\":{\"@type\":\"EntryPoint\",\"urlTemplate\":\"https:\/\/www.blogsoestado.com\/danielmatos\/?s={search_term_string}\"},\"query-input\":{\"@type\":\"PropertyValueSpecification\",\"valueRequired\":true,\"valueName\":\"search_term_string\"}}],\"inLanguage\":\"pt-BR\"}]}<\/script>\n<!-- \/ Yoast SEO plugin. -->","yoast_head_json":{"title":"Othelino discute com prefeitos e lideran\u00e7as a\u00e7\u00f5es para os seu munic\u00edpios - Daniel Matos","robots":{"index":"index","follow":"follow","max-snippet":"max-snippet:-1","max-image-preview":"max-image-preview:large","max-video-preview":"max-video-preview:-1"},"canonical":"https:\/\/www.blogsoestado.com\/danielmatos\/othelino-discute-com-prefeitos-e-liderancas-acoes-para-os-seu-municipios\/","og_locale":"pt_BR","og_type":"article","og_title":"Othelino discute com prefeitos e lideran\u00e7as a\u00e7\u00f5es para os seu munic\u00edpios - Daniel Matos","og_description":"O presidente da Assembleia Legislativa do Maranh\u00e3o, deputado Othelino Neto (PCdoB), cumpriu intensa agenda de reuni\u00f5es, nessa quarta-feira (9), com [&hellip;]","og_url":"https:\/\/www.blogsoestado.com\/danielmatos\/othelino-discute-com-prefeitos-e-liderancas-acoes-para-os-seu-municipios\/","og_site_name":"Daniel Matos","article_published_time":"2022-03-10T11:30:00+00:00","og_image":[{"url":"https:\/\/www.blogsoestado.com\/danielmatos\/files\/2022\/03\/Screenshot_20220310-0035152.png","type":"","width":"","height":""}],"twitter_card":"summary_large_image","twitter_misc":{"Est. tempo de leitura":"2 minutos"},"schema":{"@context":"https:\/\/schema.org","@graph":[{"@type":"WebPage","@id":"https:\/\/www.blogsoestado.com\/danielmatos\/othelino-discute-com-prefeitos-e-liderancas-acoes-para-os-seu-municipios\/","url":"https:\/\/www.blogsoestado.com\/danielmatos\/othelino-discute-com-prefeitos-e-liderancas-acoes-para-os-seu-municipios\/","name":"Othelino discute com prefeitos e lideran\u00e7as a\u00e7\u00f5es para os seu munic\u00edpios - Daniel Matos","isPartOf":{"@id":"https:\/\/www.blogsoestado.com\/danielmatos\/#website"},"primaryImageOfPage":{"@id":"https:\/\/www.blogsoestado.com\/danielmatos\/othelino-discute-com-prefeitos-e-liderancas-acoes-para-os-seu-municipios\/#primaryimage"},"image":{"@id":"https:\/\/www.blogsoestado.com\/danielmatos\/othelino-discute-com-prefeitos-e-liderancas-acoes-para-os-seu-municipios\/#primaryimage"},"thumbnailUrl":"https:\/\/www.blogsoestado.com\/danielmatos\/files\/2022\/03\/Screenshot_20220310-0035152.png","datePublished":"2022-03-10T11:30:00+00:00","author":{"@id":""},"breadcrumb":{"@id":"https:\/\/www.blogsoestado.com\/danielmatos\/othelino-discute-com-prefeitos-e-liderancas-acoes-para-os-seu-municipios\/#breadcrumb"},"inLanguage":"pt-BR","potentialAction":[{"@type":"ReadAction","target":["https:\/\/www.blogsoestado.com\/danielmatos\/othelino-discute-com-prefeitos-e-liderancas-acoes-para-os-seu-municipios\/"]}]},{"@type":"ImageObject","inLanguage":"pt-BR","@id":"https:\/\/www.blogsoestado.com\/danielmatos\/othelino-discute-com-prefeitos-e-liderancas-acoes-para-os-seu-municipios\/#primaryimage","url":"https:\/\/www.blogsoestado.com\/danielmatos\/files\/2022\/03\/Screenshot_20220310-0035152.png","contentUrl":"https:\/\/www.blogsoestado.com\/danielmatos\/files\/2022\/03\/Screenshot_20220310-0035152.png"},{"@type":"BreadcrumbList","@id":"https:\/\/www.blogsoestado.com\/danielmatos\/othelino-discute-com-prefeitos-e-liderancas-acoes-para-os-seu-municipios\/#breadcrumb","itemListElement":[{"@type":"ListItem","position":1,"name":"In\u00edcio","item":"https:\/\/www.blogsoestado.com\/danielmatos\/"},{"@type":"ListItem","position":2,"name":"Othelino discute com prefeitos e lideran\u00e7as a\u00e7\u00f5es para os seu munic\u00edpios"}]},{"@type":"WebSite","@id":"https:\/\/www.blogsoestado.com\/danielmatos\/#website","url":"https:\/\/www.blogsoestado.com\/danielmatos\/","name":"Daniel Matos","description":"","potentialAction":[{"@type":"SearchAction","target":{"@type":"EntryPoint","urlTemplate":"https:\/\/www.blogsoestado.com\/danielmatos\/?s={search_term_string}"},"query-input":{"@type":"PropertyValueSpecification","valueRequired":true,"valueName":"search_term_string"}}],"inLanguage":"pt-BR"}]}},"jetpack_featured_media_url":"","_links":{"self":[{"href":"https:\/\/www.blogsoestado.com\/danielmatos\/wp-json\/wp\/v2\/posts\/94984","targetHints":{"allow":["GET"]}}],"collection":[{"href":"https:\/\/www.blogsoestado.com\/danielmatos\/wp-json\/wp\/v2\/posts"}],"about":[{"href":"https:\/\/www.blogsoestado.com\/danielmatos\/wp-json\/wp\/v2\/types\/post"}],"replies":[{"embeddable":true,"href":"https:\/\/www.blogsoestado.com\/danielmatos\/wp-json\/wp\/v2\/comments?post=94984"}],"version-history":[{"count":0,"href":"https:\/\/www.blogsoestado.com\/danielmatos\/wp-json\/wp\/v2\/posts\/94984\/revisions"}],"wp:attachment":[{"href":"https:\/\/www.blogsoestado.com\/danielmatos\/wp-json\/wp\/v2\/media?parent=94984"}],"wp:term":[{"taxonomy":"category","embeddable":true,"href":"https:\/\/www.blogsoestado.com\/danielmatos\/wp-json\/wp\/v2\/categories?post=94984"},{"taxonomy":"post_tag","embeddable":true,"href":"https:\/\/www.blogsoestado.com\/danielmatos\/wp-json\/wp\/v2\/tags?post=94984"}],"curies":[{"name":"wp","href":"https:\/\/api.w.org\/{rel}","templated":true}]}}