{"id":94988,"date":"2022-03-10T10:00:00","date_gmt":"2022-03-10T13:00:00","guid":{"rendered":"https:\/\/www.blogsoestado.com\/danielmatos\/?p=94988"},"modified":"2022-03-10T10:00:00","modified_gmt":"2022-03-10T13:00:00","slug":"presos-em-imperatriz-dois-empresarios-por-comercio-ilegal-de-arma-de-fogo-lavagem-de-dinheiro-e-organizacao-criminosa","status":"publish","type":"post","link":"https:\/\/www.blogsoestado.com\/danielmatos\/presos-em-imperatriz-dois-empresarios-por-comercio-ilegal-de-arma-de-fogo-lavagem-de-dinheiro-e-organizacao-criminosa\/","title":{"rendered":"Presos em Imperatriz dois empres\u00e1rios por com\u00e9rcio ilegal de arma de fogo, lavagem de dinheiro e organiza\u00e7\u00e3o criminosa"},"content":{"rendered":"\n<div class=\"wp-block-image\"><figure class=\"aligncenter size-large\"><a href=\"https:\/\/www.blogsoestado.com\/danielmatos\/files\/2022\/03\/Screenshot_20220310-0109372.png\"><img decoding=\"async\" src=\"https:\/\/www.blogsoestado.com\/danielmatos\/files\/2022\/03\/Screenshot_20220310-0109372.png\" alt=\"\" class=\"wp-image-94989\"\/><\/a><figcaption>Equipes da Seic, Gaeco e do DECCOR cumprem mandato em um dos endere\u00e7os que foram alvos da opera\u00e7\u00e3o<\/figcaption><\/figure><\/div>\n\n\n\n<p>A Superintend\u00eancia Estadual de Investiga\u00e7\u00f5es Criminais (SEIC), sob a coordena\u00e7\u00e3o do Departamento de Combate ao Crime Organizado (DCCO), com apoio operacional do Grupo de Atua\u00e7\u00e3o Especial no Combate \u00e0s Organiza\u00e7\u00f5es Criminosas (GAECO IMPERATRIZ) e do 1\u00ba Departamento de Combate a Corrup\u00e7\u00e3o (DECCOR IMPERATRIZ), realizaram na cidade de Imperatriz\/MA, na manh\u00e3 dessa quarta-feira (9), opera\u00e7\u00e3o que resultou na pris\u00e3o tempor\u00e1ria de dois empres\u00e1rios da cidade, acusados de suposta pr\u00e1tica de crimes de com\u00e9rcio ilegal de arma de fogo, lavagem de dinheiro e organiza\u00e7\u00e3o criminosa.<\/p>\n\n\n\n<p>As investiga\u00e7\u00f5es iniciaram ap\u00f3s den\u00fancias an\u00f4nimas dando conta da elevada quantidade de muni\u00e7\u00f5es revendidas por empresas de propriedade dos investigados, al\u00e9m de constantes mudan\u00e7as de suas denomina\u00e7\u00f5es (nome fantasia) e seus respectivos endere\u00e7os, assim como transportes desses produtos de forma ilegal para outros Estados, utilizando pessoas como \u201claranjas\u201d, dentre outros il\u00edcitos, fato que foram constatados ao longo das investiga\u00e7\u00f5es.<\/p>\n\n\n\n<div class=\"wp-block-image\"><figure class=\"aligncenter size-large\"><a href=\"https:\/\/www.blogsoestado.com\/danielmatos\/files\/2022\/03\/Screenshot_20220310-0108362.png\"><img decoding=\"async\" src=\"https:\/\/www.blogsoestado.com\/danielmatos\/files\/2022\/03\/Screenshot_20220310-0108362.png\" alt=\"\" class=\"wp-image-94990\"\/><\/a><figcaption>Armas comercializadas pelos dois empres\u00e1rios presos na opera\u00e7\u00e3o policial conjunta <\/figcaption><\/figure><\/div>\n\n\n\n<p>Al\u00e9m das citadas pris\u00f5es cautelares, foi dado cumprimento a 20 (vinte) Mandados de Busca e Apreens\u00e3o, todos em endere\u00e7os vinculados aos investigados, com o escopo de coletar-se elementos probat\u00f3rios.<\/p>\n\n\n\n<p>Em Imperatriz, foram apreendidos cerca de 1 milh\u00e3o de reais em bens, entre muni\u00e7\u00f5es, armas e ve\u00edculos de luxo, al\u00e9m de diversos documentos que ser\u00e3o analisados pela equipe policial para fins de instru\u00e7\u00e3o do apurat\u00f3rio instaurado.<\/p>\n\n\n\n<p>A opera\u00e7\u00e3o contou com policiais civis da SEIC, SENARC, SPCI, SECCOR e promotores do GAECO de S\u00e3o Lu\u00eds e Imperatriz\/MA.<\/p>\n\n\n\n<div class=\"wp-block-image\"><figure class=\"aligncenter size-large\"><a href=\"https:\/\/www.blogsoestado.com\/danielmatos\/files\/2022\/03\/Screenshot_20220310-0109132.png\"><img decoding=\"async\" src=\"https:\/\/www.blogsoestado.com\/danielmatos\/files\/2022\/03\/Screenshot_20220310-0109132.png\" alt=\"\" class=\"wp-image-94991\"\/><\/a><figcaption>Mercadorias de proced\u00eancia suspeita apreendidas pelas for\u00e7as de seguran\u00e7a p\u00fablica em Imperatriz <\/figcaption><\/figure><\/div>\n\n\n\n<p>Ap\u00f3s os procedimentos de praxe, os presos foram encaminhados ao Instituto M\u00e9dico Legal (IML) para submiss\u00e3o de exame de corpo de delito, com posterior encaminhamento a Unidade Prisional de Imperatriz, onde permanecer\u00e3o \u00e0 disposi\u00e7\u00e3o da Justi\u00e7a.<\/p>\n","protected":false},"excerpt":{"rendered":"<p>A Superintend\u00eancia Estadual de Investiga\u00e7\u00f5es Criminais (SEIC), sob a coordena\u00e7\u00e3o do Departamento de Combate ao Crime Organizado (DCCO), com apoio [&hellip;]<\/p>\n","protected":false},"author":0,"featured_media":0,"comment_status":"open","ping_status":"open","sticky":false,"template":"","format":"standard","meta":{"site-sidebar-layout":"default","site-content-layout":"","ast-site-content-layout":"default","site-content-style":"default","site-sidebar-style":"default","ast-global-header-display":"","ast-banner-title-visibility":"","ast-main-header-display":"","ast-hfb-above-header-display":"","ast-hfb-below-header-display":"","ast-hfb-mobile-header-display":"","site-post-title":"","ast-breadcrumbs-content":"","ast-featured-img":"","footer-sml-layout":"","ast-disable-related-posts":"","theme-transparent-header-meta":"","adv-header-id-meta":"","stick-header-meta":"","header-above-stick-meta":"","header-main-stick-meta":"","header-below-stick-meta":"","astra-migrate-meta-layouts":"default","ast-page-background-enabled":"default","ast-page-background-meta":{"desktop":{"background-color":"var(--ast-global-color-5)","background-image":"","background-repeat":"repeat","background-position":"center center","background-size":"auto","background-attachment":"scroll","background-type":"","background-media":"","overlay-type":"","overlay-color":"","overlay-opacity":"","overlay-gradient":""},"tablet":{"background-color":"","background-image":"","background-repeat":"repeat","background-position":"center center","background-size":"auto","background-attachment":"scroll","background-type":"","background-media":"","overlay-type":"","overlay-color":"","overlay-opacity":"","overlay-gradient":""},"mobile":{"background-color":"","background-image":"","background-repeat":"repeat","background-position":"center center","background-size":"auto","background-attachment":"scroll","background-type":"","background-media":"","overlay-type":"","overlay-color":"","overlay-opacity":"","overlay-gradient":""}},"ast-content-background-meta":{"desktop":{"background-color":"var(--ast-global-color-4)","background-image":"","background-repeat":"repeat","background-position":"center center","background-size":"auto","background-attachment":"scroll","background-type":"","background-media":"","overlay-type":"","overlay-color":"","overlay-opacity":"","overlay-gradient":""},"tablet":{"background-color":"var(--ast-global-color-4)","background-image":"","background-repeat":"repeat","background-position":"center center","background-size":"auto","background-attachment":"scroll","background-type":"","background-media":"","overlay-type":"","overlay-color":"","overlay-opacity":"","overlay-gradient":""},"mobile":{"background-color":"var(--ast-global-color-4)","background-image":"","background-repeat":"repeat","background-position":"center center","background-size":"auto","background-attachment":"scroll","background-type":"","background-media":"","overlay-type":"","overlay-color":"","overlay-opacity":"","overlay-gradient":""}},"footnotes":""},"categories":[1],"tags":[],"class_list":["post-94988","post","type-post","status-publish","format-standard","hentry","category-sem-categoria"],"yoast_head":"<!-- This site is optimized with the Yoast SEO plugin v26.6 - https:\/\/yoast.com\/wordpress\/plugins\/seo\/ -->\n<title>Presos em Imperatriz dois empres\u00e1rios por com\u00e9rcio ilegal de arma de fogo, lavagem de dinheiro e organiza\u00e7\u00e3o criminosa - Daniel Matos<\/title>\n<meta name=\"robots\" content=\"index, follow, max-snippet:-1, max-image-preview:large, max-video-preview:-1\" \/>\n<link rel=\"canonical\" href=\"https:\/\/www.blogsoestado.com\/danielmatos\/presos-em-imperatriz-dois-empresarios-por-comercio-ilegal-de-arma-de-fogo-lavagem-de-dinheiro-e-organizacao-criminosa\/\" \/>\n<meta property=\"og:locale\" content=\"pt_BR\" \/>\n<meta property=\"og:type\" content=\"article\" \/>\n<meta property=\"og:title\" content=\"Presos em Imperatriz dois empres\u00e1rios por com\u00e9rcio ilegal de arma de fogo, lavagem de dinheiro e organiza\u00e7\u00e3o criminosa - Daniel Matos\" \/>\n<meta property=\"og:description\" content=\"A Superintend\u00eancia Estadual de Investiga\u00e7\u00f5es Criminais (SEIC), sob a coordena\u00e7\u00e3o do Departamento de Combate ao Crime Organizado (DCCO), com apoio [&hellip;]\" \/>\n<meta property=\"og:url\" content=\"https:\/\/www.blogsoestado.com\/danielmatos\/presos-em-imperatriz-dois-empresarios-por-comercio-ilegal-de-arma-de-fogo-lavagem-de-dinheiro-e-organizacao-criminosa\/\" \/>\n<meta property=\"og:site_name\" content=\"Daniel Matos\" \/>\n<meta property=\"article:published_time\" content=\"2022-03-10T13:00:00+00:00\" \/>\n<meta property=\"og:image\" content=\"https:\/\/www.blogsoestado.com\/danielmatos\/files\/2022\/03\/Screenshot_20220310-0109372.png\" \/>\n<meta name=\"twitter:card\" content=\"summary_large_image\" \/>\n<meta name=\"twitter:label1\" content=\"Est. tempo de leitura\" \/>\n\t<meta name=\"twitter:data1\" content=\"2 minutos\" \/>\n<script type=\"application\/ld+json\" class=\"yoast-schema-graph\">{\"@context\":\"https:\/\/schema.org\",\"@graph\":[{\"@type\":\"WebPage\",\"@id\":\"https:\/\/www.blogsoestado.com\/danielmatos\/presos-em-imperatriz-dois-empresarios-por-comercio-ilegal-de-arma-de-fogo-lavagem-de-dinheiro-e-organizacao-criminosa\/\",\"url\":\"https:\/\/www.blogsoestado.com\/danielmatos\/presos-em-imperatriz-dois-empresarios-por-comercio-ilegal-de-arma-de-fogo-lavagem-de-dinheiro-e-organizacao-criminosa\/\",\"name\":\"Presos em Imperatriz dois empres\u00e1rios por com\u00e9rcio ilegal de arma de fogo, lavagem de dinheiro e organiza\u00e7\u00e3o criminosa - Daniel Matos\",\"isPartOf\":{\"@id\":\"https:\/\/www.blogsoestado.com\/danielmatos\/#website\"},\"primaryImageOfPage\":{\"@id\":\"https:\/\/www.blogsoestado.com\/danielmatos\/presos-em-imperatriz-dois-empresarios-por-comercio-ilegal-de-arma-de-fogo-lavagem-de-dinheiro-e-organizacao-criminosa\/#primaryimage\"},\"image\":{\"@id\":\"https:\/\/www.blogsoestado.com\/danielmatos\/presos-em-imperatriz-dois-empresarios-por-comercio-ilegal-de-arma-de-fogo-lavagem-de-dinheiro-e-organizacao-criminosa\/#primaryimage\"},\"thumbnailUrl\":\"https:\/\/www.blogsoestado.com\/danielmatos\/files\/2022\/03\/Screenshot_20220310-0109372.png\",\"datePublished\":\"2022-03-10T13:00:00+00:00\",\"author\":{\"@id\":\"\"},\"breadcrumb\":{\"@id\":\"https:\/\/www.blogsoestado.com\/danielmatos\/presos-em-imperatriz-dois-empresarios-por-comercio-ilegal-de-arma-de-fogo-lavagem-de-dinheiro-e-organizacao-criminosa\/#breadcrumb\"},\"inLanguage\":\"pt-BR\",\"potentialAction\":[{\"@type\":\"ReadAction\",\"target\":[\"https:\/\/www.blogsoestado.com\/danielmatos\/presos-em-imperatriz-dois-empresarios-por-comercio-ilegal-de-arma-de-fogo-lavagem-de-dinheiro-e-organizacao-criminosa\/\"]}]},{\"@type\":\"ImageObject\",\"inLanguage\":\"pt-BR\",\"@id\":\"https:\/\/www.blogsoestado.com\/danielmatos\/presos-em-imperatriz-dois-empresarios-por-comercio-ilegal-de-arma-de-fogo-lavagem-de-dinheiro-e-organizacao-criminosa\/#primaryimage\",\"url\":\"https:\/\/www.blogsoestado.com\/danielmatos\/files\/2022\/03\/Screenshot_20220310-0109372.png\",\"contentUrl\":\"https:\/\/www.blogsoestado.com\/danielmatos\/files\/2022\/03\/Screenshot_20220310-0109372.png\"},{\"@type\":\"BreadcrumbList\",\"@id\":\"https:\/\/www.blogsoestado.com\/danielmatos\/presos-em-imperatriz-dois-empresarios-por-comercio-ilegal-de-arma-de-fogo-lavagem-de-dinheiro-e-organizacao-criminosa\/#breadcrumb\",\"itemListElement\":[{\"@type\":\"ListItem\",\"position\":1,\"name\":\"In\u00edcio\",\"item\":\"https:\/\/www.blogsoestado.com\/danielmatos\/\"},{\"@type\":\"ListItem\",\"position\":2,\"name\":\"Presos em Imperatriz dois empres\u00e1rios por com\u00e9rcio ilegal de arma de fogo, lavagem de dinheiro e organiza\u00e7\u00e3o criminosa\"}]},{\"@type\":\"WebSite\",\"@id\":\"https:\/\/www.blogsoestado.com\/danielmatos\/#website\",\"url\":\"https:\/\/www.blogsoestado.com\/danielmatos\/\",\"name\":\"Daniel Matos\",\"description\":\"\",\"potentialAction\":[{\"@type\":\"SearchAction\",\"target\":{\"@type\":\"EntryPoint\",\"urlTemplate\":\"https:\/\/www.blogsoestado.com\/danielmatos\/?s={search_term_string}\"},\"query-input\":{\"@type\":\"PropertyValueSpecification\",\"valueRequired\":true,\"valueName\":\"search_term_string\"}}],\"inLanguage\":\"pt-BR\"}]}<\/script>\n<!-- \/ Yoast SEO plugin. -->","yoast_head_json":{"title":"Presos em Imperatriz dois empres\u00e1rios por com\u00e9rcio ilegal de arma de fogo, lavagem de dinheiro e organiza\u00e7\u00e3o criminosa - Daniel Matos","robots":{"index":"index","follow":"follow","max-snippet":"max-snippet:-1","max-image-preview":"max-image-preview:large","max-video-preview":"max-video-preview:-1"},"canonical":"https:\/\/www.blogsoestado.com\/danielmatos\/presos-em-imperatriz-dois-empresarios-por-comercio-ilegal-de-arma-de-fogo-lavagem-de-dinheiro-e-organizacao-criminosa\/","og_locale":"pt_BR","og_type":"article","og_title":"Presos em Imperatriz dois empres\u00e1rios por com\u00e9rcio ilegal de arma de fogo, lavagem de dinheiro e organiza\u00e7\u00e3o criminosa - Daniel Matos","og_description":"A Superintend\u00eancia Estadual de Investiga\u00e7\u00f5es Criminais (SEIC), sob a coordena\u00e7\u00e3o do Departamento de Combate ao Crime Organizado (DCCO), com apoio [&hellip;]","og_url":"https:\/\/www.blogsoestado.com\/danielmatos\/presos-em-imperatriz-dois-empresarios-por-comercio-ilegal-de-arma-de-fogo-lavagem-de-dinheiro-e-organizacao-criminosa\/","og_site_name":"Daniel Matos","article_published_time":"2022-03-10T13:00:00+00:00","og_image":[{"url":"https:\/\/www.blogsoestado.com\/danielmatos\/files\/2022\/03\/Screenshot_20220310-0109372.png","type":"","width":"","height":""}],"twitter_card":"summary_large_image","twitter_misc":{"Est. tempo de leitura":"2 minutos"},"schema":{"@context":"https:\/\/schema.org","@graph":[{"@type":"WebPage","@id":"https:\/\/www.blogsoestado.com\/danielmatos\/presos-em-imperatriz-dois-empresarios-por-comercio-ilegal-de-arma-de-fogo-lavagem-de-dinheiro-e-organizacao-criminosa\/","url":"https:\/\/www.blogsoestado.com\/danielmatos\/presos-em-imperatriz-dois-empresarios-por-comercio-ilegal-de-arma-de-fogo-lavagem-de-dinheiro-e-organizacao-criminosa\/","name":"Presos em Imperatriz dois empres\u00e1rios por com\u00e9rcio ilegal de arma de fogo, lavagem de dinheiro e organiza\u00e7\u00e3o criminosa - Daniel Matos","isPartOf":{"@id":"https:\/\/www.blogsoestado.com\/danielmatos\/#website"},"primaryImageOfPage":{"@id":"https:\/\/www.blogsoestado.com\/danielmatos\/presos-em-imperatriz-dois-empresarios-por-comercio-ilegal-de-arma-de-fogo-lavagem-de-dinheiro-e-organizacao-criminosa\/#primaryimage"},"image":{"@id":"https:\/\/www.blogsoestado.com\/danielmatos\/presos-em-imperatriz-dois-empresarios-por-comercio-ilegal-de-arma-de-fogo-lavagem-de-dinheiro-e-organizacao-criminosa\/#primaryimage"},"thumbnailUrl":"https:\/\/www.blogsoestado.com\/danielmatos\/files\/2022\/03\/Screenshot_20220310-0109372.png","datePublished":"2022-03-10T13:00:00+00:00","author":{"@id":""},"breadcrumb":{"@id":"https:\/\/www.blogsoestado.com\/danielmatos\/presos-em-imperatriz-dois-empresarios-por-comercio-ilegal-de-arma-de-fogo-lavagem-de-dinheiro-e-organizacao-criminosa\/#breadcrumb"},"inLanguage":"pt-BR","potentialAction":[{"@type":"ReadAction","target":["https:\/\/www.blogsoestado.com\/danielmatos\/presos-em-imperatriz-dois-empresarios-por-comercio-ilegal-de-arma-de-fogo-lavagem-de-dinheiro-e-organizacao-criminosa\/"]}]},{"@type":"ImageObject","inLanguage":"pt-BR","@id":"https:\/\/www.blogsoestado.com\/danielmatos\/presos-em-imperatriz-dois-empresarios-por-comercio-ilegal-de-arma-de-fogo-lavagem-de-dinheiro-e-organizacao-criminosa\/#primaryimage","url":"https:\/\/www.blogsoestado.com\/danielmatos\/files\/2022\/03\/Screenshot_20220310-0109372.png","contentUrl":"https:\/\/www.blogsoestado.com\/danielmatos\/files\/2022\/03\/Screenshot_20220310-0109372.png"},{"@type":"BreadcrumbList","@id":"https:\/\/www.blogsoestado.com\/danielmatos\/presos-em-imperatriz-dois-empresarios-por-comercio-ilegal-de-arma-de-fogo-lavagem-de-dinheiro-e-organizacao-criminosa\/#breadcrumb","itemListElement":[{"@type":"ListItem","position":1,"name":"In\u00edcio","item":"https:\/\/www.blogsoestado.com\/danielmatos\/"},{"@type":"ListItem","position":2,"name":"Presos em Imperatriz dois empres\u00e1rios por com\u00e9rcio ilegal de arma de fogo, lavagem de dinheiro e organiza\u00e7\u00e3o criminosa"}]},{"@type":"WebSite","@id":"https:\/\/www.blogsoestado.com\/danielmatos\/#website","url":"https:\/\/www.blogsoestado.com\/danielmatos\/","name":"Daniel Matos","description":"","potentialAction":[{"@type":"SearchAction","target":{"@type":"EntryPoint","urlTemplate":"https:\/\/www.blogsoestado.com\/danielmatos\/?s={search_term_string}"},"query-input":{"@type":"PropertyValueSpecification","valueRequired":true,"valueName":"search_term_string"}}],"inLanguage":"pt-BR"}]}},"jetpack_featured_media_url":"","_links":{"self":[{"href":"https:\/\/www.blogsoestado.com\/danielmatos\/wp-json\/wp\/v2\/posts\/94988","targetHints":{"allow":["GET"]}}],"collection":[{"href":"https:\/\/www.blogsoestado.com\/danielmatos\/wp-json\/wp\/v2\/posts"}],"about":[{"href":"https:\/\/www.blogsoestado.com\/danielmatos\/wp-json\/wp\/v2\/types\/post"}],"replies":[{"embeddable":true,"href":"https:\/\/www.blogsoestado.com\/danielmatos\/wp-json\/wp\/v2\/comments?post=94988"}],"version-history":[{"count":0,"href":"https:\/\/www.blogsoestado.com\/danielmatos\/wp-json\/wp\/v2\/posts\/94988\/revisions"}],"wp:attachment":[{"href":"https:\/\/www.blogsoestado.com\/danielmatos\/wp-json\/wp\/v2\/media?parent=94988"}],"wp:term":[{"taxonomy":"category","embeddable":true,"href":"https:\/\/www.blogsoestado.com\/danielmatos\/wp-json\/wp\/v2\/categories?post=94988"},{"taxonomy":"post_tag","embeddable":true,"href":"https:\/\/www.blogsoestado.com\/danielmatos\/wp-json\/wp\/v2\/tags?post=94988"}],"curies":[{"name":"wp","href":"https:\/\/api.w.org\/{rel}","templated":true}]}}