{"id":94993,"date":"2022-03-10T11:30:00","date_gmt":"2022-03-10T14:30:00","guid":{"rendered":"https:\/\/www.blogsoestado.com\/danielmatos\/?p=94993"},"modified":"2022-03-10T11:30:00","modified_gmt":"2022-03-10T14:30:00","slug":"equipe-da-aeb-participa-de-estudos-da-ufma","status":"publish","type":"post","link":"https:\/\/www.blogsoestado.com\/danielmatos\/equipe-da-aeb-participa-de-estudos-da-ufma\/","title":{"rendered":"Equipe da AEB participa de estudos da UFMA"},"content":{"rendered":"\n<p><strong><span class=\"has-inline-color has-vivid-red-color\">Pesquisas acad\u00eamicas aprofundaram-se em abordagens cient\u00edficas com aplicabilidade centrada em sat\u00e9lites de pequeno porte<\/span><\/strong><\/p>\n\n\n\n<div class=\"wp-block-image\"><figure class=\"aligncenter size-large\"><a href=\"https:\/\/www.blogsoestado.com\/danielmatos\/files\/2022\/03\/Screenshot_20220310-0139352.png\"><img decoding=\"async\" src=\"https:\/\/www.blogsoestado.com\/danielmatos\/files\/2022\/03\/Screenshot_20220310-0139352.png\" alt=\"\" class=\"wp-image-94994\"\/><\/a><figcaption>Estudantes de mestrado e doutorado do Programa de P\u00f3s-gradua\u00e7\u00e3o em Engenharia Aeroespacial e El\u00e9trica da UFMA com o diretor de Planejamento, Or\u00e7amento e Administra\u00e7\u00e3o da AEB, Alu\u00edsio Camargo<\/figcaption><\/figure><\/div>\n\n\n\n<p>Equipe da Ag\u00eancia Espacial Brasileira (AEB) participou de apresenta\u00e7\u00e3o de estudos de estudantes de mestrado e doutorado do Programa de P\u00f3s-gradua\u00e7\u00e3o em Engenharia Aeroespacial e El\u00e9trica da Universidade Federal do Maranh\u00e3o (UFMA). Estavam presente o diretor de Planejamento, Or\u00e7amento e Administra\u00e7\u00e3o da AEB, Alu\u00edsio Camargo,\u00a0a Coordenadora da Unidade Regional da AEB do Maranh\u00e3o, Tha\u00eds Durans Abreu,\u00a0al\u00e9m do ex-governador do Maranh\u00e3o, Jos\u00e9 Reinaldo, e representantes da Ag\u00eancia de Inova\u00e7\u00e3o, Empreendedorismo, Pesquisa, P\u00f3s-gradua\u00e7\u00e3o e Internacionaliza\u00e7\u00e3o da UFMA.<\/p>\n\n\n\n<p>Sob a orienta\u00e7\u00e3o dos professores Allan Kardec Dualibe e Lu\u00eds Cl\u00e1udio de Oliveira, os estudos apresentados aprofundaram-se em abordagens cient\u00edficas com aplicabilidade centrada em sat\u00e9lites de pequeno porte (CubeSats e NanoSats).<\/p>\n\n\n\n<p>\u201cH\u00e1 uma percep\u00e7\u00e3o de certa forma generalizada de que as tecnologias espaciais est\u00e3o sendo objeto de uma r\u00e1pida transforma\u00e7\u00e3o, especialmente diante da miniaturiza\u00e7\u00e3o dos artefatos espaciais. A realiza\u00e7\u00e3o de estudos acad\u00eamicos e cient\u00edficos, focados na busca por solu\u00e7\u00f5es que tenham aplica\u00e7\u00e3o pr\u00e1tica e inovadora \u00e0 cadeia produtiva espacial, fortalece a participa\u00e7\u00e3o do Brasil no cen\u00e1rio do recente arranjo econ\u00f4mico do setor, denominado por \u2018New Space Economy\u201d, afirmou o diretor da AEB, Alu\u00edsio Camargo.<\/p>\n\n\n\n<p>A atua\u00e7\u00e3o sin\u00e9rgica no \u00e2mbito da Rede Nordeste Aeroespacial, entre a AEB, UFMA, Universidade Estadual do Maranh\u00e3o(UEMA), Universidade Federal de Pernambuco (UFPE) e Universidade Federal do Rio Grande do Norte (UFRN) , objetiva desenvolver uma estrat\u00e9gia de produ\u00e7\u00e3o de conhecimento altamente especializado,&nbsp; e que mantenha sintonia com o dinamismo observado no setor espacial ao longo da \u00faltima d\u00e9cada.<\/p>\n\n\n\n<p>Segundo o professor da UFMA Allan Kardec Dualibe, \u201ca \u00fanica forma de o Brasil ser soberano \u00e9 investir em conhecimento e informa\u00e7\u00e3o. Esta \u00e9 uma iniciativa que junta o lado do conhecimento, que \u00e9 a forma\u00e7\u00e3o de pessoal de alto n\u00edvel, com a tecnologia espacial, que o Brasil precisa se apropriar e dominar\u201d.<\/p>\n\n\n\n<p>O trabalho conjunto de desenvolvimento de compet\u00eancias realizado pela AEB, UFMA e outras institui\u00e7\u00f5es de ensino no pa\u00eds, buscar colher resultados de um modelo de gest\u00e3o estrat\u00e9gica din\u00e2mico, em que as organiza\u00e7\u00f5es atuantes no setor espacial precisam trabalhar de forma integrada e serem agentes preparados para responder rapidamente nesse cen\u00e1rio de transforma\u00e7\u00e3o disruptiva que o seguimento aeroespacial vivencia.<\/p>\n\n\n\n<p><strong>Sobre a AEB\/MCTI<\/strong><\/p>\n\n\n\n<p>&nbsp;A Ag\u00eancia Espacial Brasileira (AEB), \u00f3rg\u00e3o central do Sistema Nacional de Desenvolvimento das Atividades Espaciais (SINDAE), \u00e9 uma autarquia p\u00fablica vinculada ao Minist\u00e9rio da Ci\u00eancia, Tecnologia e Inova\u00e7\u00f5es, respons\u00e1vel por formular, coordenar e executar a Pol\u00edtica Espacial Brasileira.<\/p>\n\n\n\n<p>Desde a sua cria\u00e7\u00e3o, em 10 de fevereiro de 1994, a Ag\u00eancia trabalha para viabilizar os esfor\u00e7os do Estado Brasileiro na promo\u00e7\u00e3o do bem-estar da sociedade, por meio do emprego soberano do setor espacial.<\/p>\n","protected":false},"excerpt":{"rendered":"<p>Pesquisas acad\u00eamicas aprofundaram-se em abordagens cient\u00edficas com aplicabilidade centrada em sat\u00e9lites de pequeno porte Equipe da Ag\u00eancia Espacial Brasileira (AEB) [&hellip;]<\/p>\n","protected":false},"author":0,"featured_media":0,"comment_status":"open","ping_status":"open","sticky":false,"template":"","format":"standard","meta":{"site-sidebar-layout":"default","site-content-layout":"","ast-site-content-layout":"default","site-content-style":"default","site-sidebar-style":"default","ast-global-header-display":"","ast-banner-title-visibility":"","ast-main-header-display":"","ast-hfb-above-header-display":"","ast-hfb-below-header-display":"","ast-hfb-mobile-header-display":"","site-post-title":"","ast-breadcrumbs-content":"","ast-featured-img":"","footer-sml-layout":"","ast-disable-related-posts":"","theme-transparent-header-meta":"","adv-header-id-meta":"","stick-header-meta":"","header-above-stick-meta":"","header-main-stick-meta":"","header-below-stick-meta":"","astra-migrate-meta-layouts":"default","ast-page-background-enabled":"default","ast-page-background-meta":{"desktop":{"background-color":"var(--ast-global-color-5)","background-image":"","background-repeat":"repeat","background-position":"center center","background-size":"auto","background-attachment":"scroll","background-type":"","background-media":"","overlay-type":"","overlay-color":"","overlay-opacity":"","overlay-gradient":""},"tablet":{"background-color":"","background-image":"","background-repeat":"repeat","background-position":"center center","background-size":"auto","background-attachment":"scroll","background-type":"","background-media":"","overlay-type":"","overlay-color":"","overlay-opacity":"","overlay-gradient":""},"mobile":{"background-color":"","background-image":"","background-repeat":"repeat","background-position":"center center","background-size":"auto","background-attachment":"scroll","background-type":"","background-media":"","overlay-type":"","overlay-color":"","overlay-opacity":"","overlay-gradient":""}},"ast-content-background-meta":{"desktop":{"background-color":"var(--ast-global-color-4)","background-image":"","background-repeat":"repeat","background-position":"center center","background-size":"auto","background-attachment":"scroll","background-type":"","background-media":"","overlay-type":"","overlay-color":"","overlay-opacity":"","overlay-gradient":""},"tablet":{"background-color":"var(--ast-global-color-4)","background-image":"","background-repeat":"repeat","background-position":"center center","background-size":"auto","background-attachment":"scroll","background-type":"","background-media":"","overlay-type":"","overlay-color":"","overlay-opacity":"","overlay-gradient":""},"mobile":{"background-color":"var(--ast-global-color-4)","background-image":"","background-repeat":"repeat","background-position":"center center","background-size":"auto","background-attachment":"scroll","background-type":"","background-media":"","overlay-type":"","overlay-color":"","overlay-opacity":"","overlay-gradient":""}},"footnotes":""},"categories":[1],"tags":[],"class_list":["post-94993","post","type-post","status-publish","format-standard","hentry","category-sem-categoria"],"yoast_head":"<!-- This site is optimized with the Yoast SEO plugin v26.6 - https:\/\/yoast.com\/wordpress\/plugins\/seo\/ -->\n<title>Equipe da AEB participa de estudos da UFMA - Daniel Matos<\/title>\n<meta name=\"robots\" content=\"index, follow, max-snippet:-1, max-image-preview:large, max-video-preview:-1\" \/>\n<link rel=\"canonical\" href=\"https:\/\/www.blogsoestado.com\/danielmatos\/equipe-da-aeb-participa-de-estudos-da-ufma\/\" \/>\n<meta property=\"og:locale\" content=\"pt_BR\" \/>\n<meta property=\"og:type\" content=\"article\" \/>\n<meta property=\"og:title\" content=\"Equipe da AEB participa de estudos da UFMA - Daniel Matos\" \/>\n<meta property=\"og:description\" content=\"Pesquisas acad\u00eamicas aprofundaram-se em abordagens cient\u00edficas com aplicabilidade centrada em sat\u00e9lites de pequeno porte Equipe da Ag\u00eancia Espacial Brasileira (AEB) [&hellip;]\" \/>\n<meta property=\"og:url\" content=\"https:\/\/www.blogsoestado.com\/danielmatos\/equipe-da-aeb-participa-de-estudos-da-ufma\/\" \/>\n<meta property=\"og:site_name\" content=\"Daniel Matos\" \/>\n<meta property=\"article:published_time\" content=\"2022-03-10T14:30:00+00:00\" \/>\n<meta property=\"og:image\" content=\"https:\/\/www.blogsoestado.com\/danielmatos\/files\/2022\/03\/Screenshot_20220310-0139352.png\" \/>\n<meta name=\"twitter:card\" content=\"summary_large_image\" \/>\n<meta name=\"twitter:label1\" content=\"Est. tempo de leitura\" \/>\n\t<meta name=\"twitter:data1\" content=\"3 minutos\" \/>\n<script type=\"application\/ld+json\" class=\"yoast-schema-graph\">{\"@context\":\"https:\/\/schema.org\",\"@graph\":[{\"@type\":\"WebPage\",\"@id\":\"https:\/\/www.blogsoestado.com\/danielmatos\/equipe-da-aeb-participa-de-estudos-da-ufma\/\",\"url\":\"https:\/\/www.blogsoestado.com\/danielmatos\/equipe-da-aeb-participa-de-estudos-da-ufma\/\",\"name\":\"Equipe da AEB participa de estudos da UFMA - Daniel Matos\",\"isPartOf\":{\"@id\":\"https:\/\/www.blogsoestado.com\/danielmatos\/#website\"},\"primaryImageOfPage\":{\"@id\":\"https:\/\/www.blogsoestado.com\/danielmatos\/equipe-da-aeb-participa-de-estudos-da-ufma\/#primaryimage\"},\"image\":{\"@id\":\"https:\/\/www.blogsoestado.com\/danielmatos\/equipe-da-aeb-participa-de-estudos-da-ufma\/#primaryimage\"},\"thumbnailUrl\":\"https:\/\/www.blogsoestado.com\/danielmatos\/files\/2022\/03\/Screenshot_20220310-0139352.png\",\"datePublished\":\"2022-03-10T14:30:00+00:00\",\"author\":{\"@id\":\"\"},\"breadcrumb\":{\"@id\":\"https:\/\/www.blogsoestado.com\/danielmatos\/equipe-da-aeb-participa-de-estudos-da-ufma\/#breadcrumb\"},\"inLanguage\":\"pt-BR\",\"potentialAction\":[{\"@type\":\"ReadAction\",\"target\":[\"https:\/\/www.blogsoestado.com\/danielmatos\/equipe-da-aeb-participa-de-estudos-da-ufma\/\"]}]},{\"@type\":\"ImageObject\",\"inLanguage\":\"pt-BR\",\"@id\":\"https:\/\/www.blogsoestado.com\/danielmatos\/equipe-da-aeb-participa-de-estudos-da-ufma\/#primaryimage\",\"url\":\"https:\/\/www.blogsoestado.com\/danielmatos\/files\/2022\/03\/Screenshot_20220310-0139352.png\",\"contentUrl\":\"https:\/\/www.blogsoestado.com\/danielmatos\/files\/2022\/03\/Screenshot_20220310-0139352.png\"},{\"@type\":\"BreadcrumbList\",\"@id\":\"https:\/\/www.blogsoestado.com\/danielmatos\/equipe-da-aeb-participa-de-estudos-da-ufma\/#breadcrumb\",\"itemListElement\":[{\"@type\":\"ListItem\",\"position\":1,\"name\":\"In\u00edcio\",\"item\":\"https:\/\/www.blogsoestado.com\/danielmatos\/\"},{\"@type\":\"ListItem\",\"position\":2,\"name\":\"Equipe da AEB participa de estudos da UFMA\"}]},{\"@type\":\"WebSite\",\"@id\":\"https:\/\/www.blogsoestado.com\/danielmatos\/#website\",\"url\":\"https:\/\/www.blogsoestado.com\/danielmatos\/\",\"name\":\"Daniel Matos\",\"description\":\"\",\"potentialAction\":[{\"@type\":\"SearchAction\",\"target\":{\"@type\":\"EntryPoint\",\"urlTemplate\":\"https:\/\/www.blogsoestado.com\/danielmatos\/?s={search_term_string}\"},\"query-input\":{\"@type\":\"PropertyValueSpecification\",\"valueRequired\":true,\"valueName\":\"search_term_string\"}}],\"inLanguage\":\"pt-BR\"}]}<\/script>\n<!-- \/ Yoast SEO plugin. -->","yoast_head_json":{"title":"Equipe da AEB participa de estudos da UFMA - Daniel Matos","robots":{"index":"index","follow":"follow","max-snippet":"max-snippet:-1","max-image-preview":"max-image-preview:large","max-video-preview":"max-video-preview:-1"},"canonical":"https:\/\/www.blogsoestado.com\/danielmatos\/equipe-da-aeb-participa-de-estudos-da-ufma\/","og_locale":"pt_BR","og_type":"article","og_title":"Equipe da AEB participa de estudos da UFMA - Daniel Matos","og_description":"Pesquisas acad\u00eamicas aprofundaram-se em abordagens cient\u00edficas com aplicabilidade centrada em sat\u00e9lites de pequeno porte Equipe da Ag\u00eancia Espacial Brasileira (AEB) [&hellip;]","og_url":"https:\/\/www.blogsoestado.com\/danielmatos\/equipe-da-aeb-participa-de-estudos-da-ufma\/","og_site_name":"Daniel Matos","article_published_time":"2022-03-10T14:30:00+00:00","og_image":[{"url":"https:\/\/www.blogsoestado.com\/danielmatos\/files\/2022\/03\/Screenshot_20220310-0139352.png","type":"","width":"","height":""}],"twitter_card":"summary_large_image","twitter_misc":{"Est. tempo de leitura":"3 minutos"},"schema":{"@context":"https:\/\/schema.org","@graph":[{"@type":"WebPage","@id":"https:\/\/www.blogsoestado.com\/danielmatos\/equipe-da-aeb-participa-de-estudos-da-ufma\/","url":"https:\/\/www.blogsoestado.com\/danielmatos\/equipe-da-aeb-participa-de-estudos-da-ufma\/","name":"Equipe da AEB participa de estudos da UFMA - Daniel Matos","isPartOf":{"@id":"https:\/\/www.blogsoestado.com\/danielmatos\/#website"},"primaryImageOfPage":{"@id":"https:\/\/www.blogsoestado.com\/danielmatos\/equipe-da-aeb-participa-de-estudos-da-ufma\/#primaryimage"},"image":{"@id":"https:\/\/www.blogsoestado.com\/danielmatos\/equipe-da-aeb-participa-de-estudos-da-ufma\/#primaryimage"},"thumbnailUrl":"https:\/\/www.blogsoestado.com\/danielmatos\/files\/2022\/03\/Screenshot_20220310-0139352.png","datePublished":"2022-03-10T14:30:00+00:00","author":{"@id":""},"breadcrumb":{"@id":"https:\/\/www.blogsoestado.com\/danielmatos\/equipe-da-aeb-participa-de-estudos-da-ufma\/#breadcrumb"},"inLanguage":"pt-BR","potentialAction":[{"@type":"ReadAction","target":["https:\/\/www.blogsoestado.com\/danielmatos\/equipe-da-aeb-participa-de-estudos-da-ufma\/"]}]},{"@type":"ImageObject","inLanguage":"pt-BR","@id":"https:\/\/www.blogsoestado.com\/danielmatos\/equipe-da-aeb-participa-de-estudos-da-ufma\/#primaryimage","url":"https:\/\/www.blogsoestado.com\/danielmatos\/files\/2022\/03\/Screenshot_20220310-0139352.png","contentUrl":"https:\/\/www.blogsoestado.com\/danielmatos\/files\/2022\/03\/Screenshot_20220310-0139352.png"},{"@type":"BreadcrumbList","@id":"https:\/\/www.blogsoestado.com\/danielmatos\/equipe-da-aeb-participa-de-estudos-da-ufma\/#breadcrumb","itemListElement":[{"@type":"ListItem","position":1,"name":"In\u00edcio","item":"https:\/\/www.blogsoestado.com\/danielmatos\/"},{"@type":"ListItem","position":2,"name":"Equipe da AEB participa de estudos da UFMA"}]},{"@type":"WebSite","@id":"https:\/\/www.blogsoestado.com\/danielmatos\/#website","url":"https:\/\/www.blogsoestado.com\/danielmatos\/","name":"Daniel Matos","description":"","potentialAction":[{"@type":"SearchAction","target":{"@type":"EntryPoint","urlTemplate":"https:\/\/www.blogsoestado.com\/danielmatos\/?s={search_term_string}"},"query-input":{"@type":"PropertyValueSpecification","valueRequired":true,"valueName":"search_term_string"}}],"inLanguage":"pt-BR"}]}},"jetpack_featured_media_url":"","_links":{"self":[{"href":"https:\/\/www.blogsoestado.com\/danielmatos\/wp-json\/wp\/v2\/posts\/94993","targetHints":{"allow":["GET"]}}],"collection":[{"href":"https:\/\/www.blogsoestado.com\/danielmatos\/wp-json\/wp\/v2\/posts"}],"about":[{"href":"https:\/\/www.blogsoestado.com\/danielmatos\/wp-json\/wp\/v2\/types\/post"}],"replies":[{"embeddable":true,"href":"https:\/\/www.blogsoestado.com\/danielmatos\/wp-json\/wp\/v2\/comments?post=94993"}],"version-history":[{"count":0,"href":"https:\/\/www.blogsoestado.com\/danielmatos\/wp-json\/wp\/v2\/posts\/94993\/revisions"}],"wp:attachment":[{"href":"https:\/\/www.blogsoestado.com\/danielmatos\/wp-json\/wp\/v2\/media?parent=94993"}],"wp:term":[{"taxonomy":"category","embeddable":true,"href":"https:\/\/www.blogsoestado.com\/danielmatos\/wp-json\/wp\/v2\/categories?post=94993"},{"taxonomy":"post_tag","embeddable":true,"href":"https:\/\/www.blogsoestado.com\/danielmatos\/wp-json\/wp\/v2\/tags?post=94993"}],"curies":[{"name":"wp","href":"https:\/\/api.w.org\/{rel}","templated":true}]}}