{"id":95002,"date":"2022-03-10T16:04:20","date_gmt":"2022-03-10T19:04:20","guid":{"rendered":"https:\/\/www.blogsoestado.com\/danielmatos\/?p=95002"},"modified":"2022-03-10T16:04:20","modified_gmt":"2022-03-10T19:04:20","slug":"paco-do-lumiar-sai-na-frente-com-reajuste-de-33-do-salario-de-professores","status":"publish","type":"post","link":"https:\/\/www.blogsoestado.com\/danielmatos\/paco-do-lumiar-sai-na-frente-com-reajuste-de-33-do-salario-de-professores\/","title":{"rendered":"Pa\u00e7o do Lumiar sai na frente com reajuste de 33% do sal\u00e1rio de professores"},"content":{"rendered":"\n<div class=\"wp-block-image\"><figure class=\"aligncenter size-large\"><a href=\"https:\/\/www.blogsoestado.com\/danielmatos\/files\/2022\/03\/Screenshot_20220310-1552072.png\"><img decoding=\"async\" src=\"https:\/\/www.blogsoestado.com\/danielmatos\/files\/2022\/03\/Screenshot_20220310-1552072.png\" alt=\"\" class=\"wp-image-95003\"\/><\/a><figcaption>Paula Azevedo com o secretariado da Prefeitura de Pa\u00e7o do Lumiar, equipe afinada para trabalhar pelo munic\u00edpio<\/figcaption><\/figure><\/div>\n\n\n\n<p><br>Os professores de Pa\u00e7o do Lumiar est\u00e3o em festa com o an\u00fancio do pagamento do reajuste salarial da categoria que deve sair em breve. O reajuste de 33, 24% supera os realizados por gest\u00f5es das outras cidades da regi\u00e3o metropolitana, colocando Pa\u00e7o do Lumiar em um outro patamar. Pa\u00e7o agora \u00e9 conhecida como a cidade da valoriza\u00e7\u00e3o dos professores.<\/p>\n\n\n\n<p>O segmento n\u00e3o tem o que reclamar da gest\u00e3o de Paula Azevedo que desde que assumiu a gest\u00e3o tem tomado as lutas dos professores para si e resolvido todas as pend\u00eancias deixadas por gest\u00f5es passadas. Uma mulher de garra, de compromisso e que cumpre com a sua palavra.<br>Somente nos \u00faltimos meses, Paula Azevedo j\u00e1 realizou o pagamento das progress\u00f5es, as titula\u00e7\u00f5es de mestrado e doutorado no munic\u00edpio, al\u00e9m do pagamento do Abono_ FUNDEB para cerca de 1.400 profissionais da educa\u00e7\u00e3o do munic\u00edpio. Para completar a felicidade dos professores Paula Azevedo anunciou agora o reajuste salarial.<\/p>\n\n\n\n<div class=\"wp-block-image\"><figure class=\"aligncenter size-large\"><a href=\"https:\/\/www.blogsoestado.com\/danielmatos\/files\/2022\/03\/Screenshot_20220310-1552352.png\"><img decoding=\"async\" src=\"https:\/\/www.blogsoestado.com\/danielmatos\/files\/2022\/03\/Screenshot_20220310-1552352.png\" alt=\"\" class=\"wp-image-95004\"\/><\/a><figcaption>A prefeita Paula Azevedo reafirma seu compromisso com a educa\u00e7\u00e3o de qualidade para Pa\u00e7o do Lumiar<\/figcaption><\/figure><\/div>\n\n\n\n<p>E quando a assunto \u00e9 educa\u00e7\u00e3o a prefeita, que tanto tem feito por Pa\u00e7o do Lumiar, agora vislumbra impulsionar a educa\u00e7\u00e3o da cidade para ser refer\u00eancia no Maranh\u00e3o e para alcan\u00e7ar isso tem investido na base: os professores.<br>Como segundo passo ela tem investido na vacina\u00e7\u00e3o dos alunos da rede p\u00fablica de ensino para agilizar na retomada das aulas.<\/p>\n\n\n\n<p>De uma coisa os luminenses podem ter certeza: Paula Azevedo tem feito hist\u00f3ria na educa\u00e7\u00e3o de Pa\u00e7o do Lumiar e reserva coisas grandes para os pr\u00f3ximos anos.<\/p>\n\n\n\n<p>&#8220;Talvez eu n\u00e3o consiga resolver todos os problemas do munic\u00edpio em poucos anos, mas o que eu puder fazer para mudar a realidade dessa cidade eu farei. Pa\u00e7o do Lumiar n\u00e3o ser\u00e1 mais conhecida como a cidade do descaso na educa\u00e7\u00e3o, n\u00e3o na minha gest\u00e3o&#8221;, afirmou Paula.<\/p>\n\n\n\n<div class=\"wp-block-image\"><figure class=\"aligncenter size-large\"><a href=\"https:\/\/www.blogsoestado.com\/danielmatos\/files\/2022\/03\/Screenshot_20220310-1553002.png\"><img decoding=\"async\" src=\"https:\/\/www.blogsoestado.com\/danielmatos\/files\/2022\/03\/Screenshot_20220310-1553002.png\" alt=\"\" class=\"wp-image-95005\"\/><\/a><figcaption>A secret\u00e1ria municipal de Educa\u00e7\u00e3o, Ars\u00eania Formiga, seu a boa not\u00edcia aos professores luminenses<\/figcaption><\/figure><\/div>\n\n\n\n<p>A secret\u00e1ria de educa\u00e7\u00e3o, Ars\u00eania Formiga, e sua equipe t\u00eam desenvolvido a\u00e7\u00f5es para que os estudantes alcancem sucesso em sua trajet\u00f3ria escolar e afirma que &#8220;essa valoriza\u00e7\u00e3o docente deve necessariamente reverberar na sala de aula garantindo que todas as crian\u00e7as, jovens e adultos tenham seu direito de aprender garantido, sobretudo ap\u00f3s todo esse tempo fora da escola,&#8221; disse Ars\u00eania Formiga.<\/p>\n\n\n\n<p>Assista:<\/p>\n\n\n\n<figure class=\"wp-block-embed is-type-video is-provider-youtube wp-block-embed-youtube wp-embed-aspect-16-9 wp-has-aspect-ratio\"><div class=\"wp-block-embed__wrapper\">\n<iframe title=\"Secret\u00e1ria de Educa\u00e7\u00e3o de Pa\u00e7o do Lumiar anuncia reajuste de 33,24% a professores\" width=\"500\" height=\"281\" src=\"https:\/\/www.youtube.com\/embed\/eSfsPPsJm-U?feature=oembed\" frameborder=\"0\" allow=\"accelerometer; autoplay; clipboard-write; encrypted-media; gyroscope; picture-in-picture; web-share\" referrerpolicy=\"strict-origin-when-cross-origin\" allowfullscreen><\/iframe>\n<\/div><\/figure>\n","protected":false},"excerpt":{"rendered":"<p>Os professores de Pa\u00e7o do Lumiar est\u00e3o em festa com o an\u00fancio do pagamento do reajuste salarial da categoria que [&hellip;]<\/p>\n","protected":false},"author":0,"featured_media":0,"comment_status":"open","ping_status":"open","sticky":false,"template":"","format":"standard","meta":{"site-sidebar-layout":"default","site-content-layout":"","ast-site-content-layout":"default","site-content-style":"default","site-sidebar-style":"default","ast-global-header-display":"","ast-banner-title-visibility":"","ast-main-header-display":"","ast-hfb-above-header-display":"","ast-hfb-below-header-display":"","ast-hfb-mobile-header-display":"","site-post-title":"","ast-breadcrumbs-content":"","ast-featured-img":"","footer-sml-layout":"","ast-disable-related-posts":"","theme-transparent-header-meta":"","adv-header-id-meta":"","stick-header-meta":"","header-above-stick-meta":"","header-main-stick-meta":"","header-below-stick-meta":"","astra-migrate-meta-layouts":"default","ast-page-background-enabled":"default","ast-page-background-meta":{"desktop":{"background-color":"var(--ast-global-color-5)","background-image":"","background-repeat":"repeat","background-position":"center center","background-size":"auto","background-attachment":"scroll","background-type":"","background-media":"","overlay-type":"","overlay-color":"","overlay-opacity":"","overlay-gradient":""},"tablet":{"background-color":"","background-image":"","background-repeat":"repeat","background-position":"center center","background-size":"auto","background-attachment":"scroll","background-type":"","background-media":"","overlay-type":"","overlay-color":"","overlay-opacity":"","overlay-gradient":""},"mobile":{"background-color":"","background-image":"","background-repeat":"repeat","background-position":"center center","background-size":"auto","background-attachment":"scroll","background-type":"","background-media":"","overlay-type":"","overlay-color":"","overlay-opacity":"","overlay-gradient":""}},"ast-content-background-meta":{"desktop":{"background-color":"var(--ast-global-color-4)","background-image":"","background-repeat":"repeat","background-position":"center center","background-size":"auto","background-attachment":"scroll","background-type":"","background-media":"","overlay-type":"","overlay-color":"","overlay-opacity":"","overlay-gradient":""},"tablet":{"background-color":"var(--ast-global-color-4)","background-image":"","background-repeat":"repeat","background-position":"center center","background-size":"auto","background-attachment":"scroll","background-type":"","background-media":"","overlay-type":"","overlay-color":"","overlay-opacity":"","overlay-gradient":""},"mobile":{"background-color":"var(--ast-global-color-4)","background-image":"","background-repeat":"repeat","background-position":"center center","background-size":"auto","background-attachment":"scroll","background-type":"","background-media":"","overlay-type":"","overlay-color":"","overlay-opacity":"","overlay-gradient":""}},"footnotes":""},"categories":[1],"tags":[],"class_list":["post-95002","post","type-post","status-publish","format-standard","hentry","category-sem-categoria"],"yoast_head":"<!-- This site is optimized with the Yoast SEO plugin v26.6 - https:\/\/yoast.com\/wordpress\/plugins\/seo\/ -->\n<title>Pa\u00e7o do Lumiar sai na frente com reajuste de 33% do sal\u00e1rio de professores - Daniel Matos<\/title>\n<meta name=\"robots\" content=\"index, follow, max-snippet:-1, max-image-preview:large, max-video-preview:-1\" \/>\n<link rel=\"canonical\" href=\"https:\/\/www.blogsoestado.com\/danielmatos\/paco-do-lumiar-sai-na-frente-com-reajuste-de-33-do-salario-de-professores\/\" \/>\n<meta property=\"og:locale\" content=\"pt_BR\" \/>\n<meta property=\"og:type\" content=\"article\" \/>\n<meta property=\"og:title\" content=\"Pa\u00e7o do Lumiar sai na frente com reajuste de 33% do sal\u00e1rio de professores - Daniel Matos\" \/>\n<meta property=\"og:description\" content=\"Os professores de Pa\u00e7o do Lumiar est\u00e3o em festa com o an\u00fancio do pagamento do reajuste salarial da categoria que [&hellip;]\" \/>\n<meta property=\"og:url\" content=\"https:\/\/www.blogsoestado.com\/danielmatos\/paco-do-lumiar-sai-na-frente-com-reajuste-de-33-do-salario-de-professores\/\" \/>\n<meta property=\"og:site_name\" content=\"Daniel Matos\" \/>\n<meta property=\"article:published_time\" content=\"2022-03-10T19:04:20+00:00\" \/>\n<meta property=\"og:image\" content=\"https:\/\/www.blogsoestado.com\/danielmatos\/files\/2022\/03\/Screenshot_20220310-1552072.png\" \/>\n<meta name=\"twitter:card\" content=\"summary_large_image\" \/>\n<meta name=\"twitter:label1\" content=\"Est. tempo de leitura\" \/>\n\t<meta name=\"twitter:data1\" content=\"3 minutos\" \/>\n<script type=\"application\/ld+json\" class=\"yoast-schema-graph\">{\"@context\":\"https:\/\/schema.org\",\"@graph\":[{\"@type\":\"WebPage\",\"@id\":\"https:\/\/www.blogsoestado.com\/danielmatos\/paco-do-lumiar-sai-na-frente-com-reajuste-de-33-do-salario-de-professores\/\",\"url\":\"https:\/\/www.blogsoestado.com\/danielmatos\/paco-do-lumiar-sai-na-frente-com-reajuste-de-33-do-salario-de-professores\/\",\"name\":\"Pa\u00e7o do Lumiar sai na frente com reajuste de 33% do sal\u00e1rio de professores - Daniel Matos\",\"isPartOf\":{\"@id\":\"https:\/\/www.blogsoestado.com\/danielmatos\/#website\"},\"primaryImageOfPage\":{\"@id\":\"https:\/\/www.blogsoestado.com\/danielmatos\/paco-do-lumiar-sai-na-frente-com-reajuste-de-33-do-salario-de-professores\/#primaryimage\"},\"image\":{\"@id\":\"https:\/\/www.blogsoestado.com\/danielmatos\/paco-do-lumiar-sai-na-frente-com-reajuste-de-33-do-salario-de-professores\/#primaryimage\"},\"thumbnailUrl\":\"https:\/\/www.blogsoestado.com\/danielmatos\/files\/2022\/03\/Screenshot_20220310-1552072.png\",\"datePublished\":\"2022-03-10T19:04:20+00:00\",\"author\":{\"@id\":\"\"},\"breadcrumb\":{\"@id\":\"https:\/\/www.blogsoestado.com\/danielmatos\/paco-do-lumiar-sai-na-frente-com-reajuste-de-33-do-salario-de-professores\/#breadcrumb\"},\"inLanguage\":\"pt-BR\",\"potentialAction\":[{\"@type\":\"ReadAction\",\"target\":[\"https:\/\/www.blogsoestado.com\/danielmatos\/paco-do-lumiar-sai-na-frente-com-reajuste-de-33-do-salario-de-professores\/\"]}]},{\"@type\":\"ImageObject\",\"inLanguage\":\"pt-BR\",\"@id\":\"https:\/\/www.blogsoestado.com\/danielmatos\/paco-do-lumiar-sai-na-frente-com-reajuste-de-33-do-salario-de-professores\/#primaryimage\",\"url\":\"https:\/\/www.blogsoestado.com\/danielmatos\/files\/2022\/03\/Screenshot_20220310-1552072.png\",\"contentUrl\":\"https:\/\/www.blogsoestado.com\/danielmatos\/files\/2022\/03\/Screenshot_20220310-1552072.png\"},{\"@type\":\"BreadcrumbList\",\"@id\":\"https:\/\/www.blogsoestado.com\/danielmatos\/paco-do-lumiar-sai-na-frente-com-reajuste-de-33-do-salario-de-professores\/#breadcrumb\",\"itemListElement\":[{\"@type\":\"ListItem\",\"position\":1,\"name\":\"In\u00edcio\",\"item\":\"https:\/\/www.blogsoestado.com\/danielmatos\/\"},{\"@type\":\"ListItem\",\"position\":2,\"name\":\"Pa\u00e7o do Lumiar sai na frente com reajuste de 33% do sal\u00e1rio de professores\"}]},{\"@type\":\"WebSite\",\"@id\":\"https:\/\/www.blogsoestado.com\/danielmatos\/#website\",\"url\":\"https:\/\/www.blogsoestado.com\/danielmatos\/\",\"name\":\"Daniel Matos\",\"description\":\"\",\"potentialAction\":[{\"@type\":\"SearchAction\",\"target\":{\"@type\":\"EntryPoint\",\"urlTemplate\":\"https:\/\/www.blogsoestado.com\/danielmatos\/?s={search_term_string}\"},\"query-input\":{\"@type\":\"PropertyValueSpecification\",\"valueRequired\":true,\"valueName\":\"search_term_string\"}}],\"inLanguage\":\"pt-BR\"}]}<\/script>\n<!-- \/ Yoast SEO plugin. -->","yoast_head_json":{"title":"Pa\u00e7o do Lumiar sai na frente com reajuste de 33% do sal\u00e1rio de professores - Daniel Matos","robots":{"index":"index","follow":"follow","max-snippet":"max-snippet:-1","max-image-preview":"max-image-preview:large","max-video-preview":"max-video-preview:-1"},"canonical":"https:\/\/www.blogsoestado.com\/danielmatos\/paco-do-lumiar-sai-na-frente-com-reajuste-de-33-do-salario-de-professores\/","og_locale":"pt_BR","og_type":"article","og_title":"Pa\u00e7o do Lumiar sai na frente com reajuste de 33% do sal\u00e1rio de professores - Daniel Matos","og_description":"Os professores de Pa\u00e7o do Lumiar est\u00e3o em festa com o an\u00fancio do pagamento do reajuste salarial da categoria que [&hellip;]","og_url":"https:\/\/www.blogsoestado.com\/danielmatos\/paco-do-lumiar-sai-na-frente-com-reajuste-de-33-do-salario-de-professores\/","og_site_name":"Daniel Matos","article_published_time":"2022-03-10T19:04:20+00:00","og_image":[{"url":"https:\/\/www.blogsoestado.com\/danielmatos\/files\/2022\/03\/Screenshot_20220310-1552072.png","type":"","width":"","height":""}],"twitter_card":"summary_large_image","twitter_misc":{"Est. tempo de leitura":"3 minutos"},"schema":{"@context":"https:\/\/schema.org","@graph":[{"@type":"WebPage","@id":"https:\/\/www.blogsoestado.com\/danielmatos\/paco-do-lumiar-sai-na-frente-com-reajuste-de-33-do-salario-de-professores\/","url":"https:\/\/www.blogsoestado.com\/danielmatos\/paco-do-lumiar-sai-na-frente-com-reajuste-de-33-do-salario-de-professores\/","name":"Pa\u00e7o do Lumiar sai na frente com reajuste de 33% do sal\u00e1rio de professores - Daniel Matos","isPartOf":{"@id":"https:\/\/www.blogsoestado.com\/danielmatos\/#website"},"primaryImageOfPage":{"@id":"https:\/\/www.blogsoestado.com\/danielmatos\/paco-do-lumiar-sai-na-frente-com-reajuste-de-33-do-salario-de-professores\/#primaryimage"},"image":{"@id":"https:\/\/www.blogsoestado.com\/danielmatos\/paco-do-lumiar-sai-na-frente-com-reajuste-de-33-do-salario-de-professores\/#primaryimage"},"thumbnailUrl":"https:\/\/www.blogsoestado.com\/danielmatos\/files\/2022\/03\/Screenshot_20220310-1552072.png","datePublished":"2022-03-10T19:04:20+00:00","author":{"@id":""},"breadcrumb":{"@id":"https:\/\/www.blogsoestado.com\/danielmatos\/paco-do-lumiar-sai-na-frente-com-reajuste-de-33-do-salario-de-professores\/#breadcrumb"},"inLanguage":"pt-BR","potentialAction":[{"@type":"ReadAction","target":["https:\/\/www.blogsoestado.com\/danielmatos\/paco-do-lumiar-sai-na-frente-com-reajuste-de-33-do-salario-de-professores\/"]}]},{"@type":"ImageObject","inLanguage":"pt-BR","@id":"https:\/\/www.blogsoestado.com\/danielmatos\/paco-do-lumiar-sai-na-frente-com-reajuste-de-33-do-salario-de-professores\/#primaryimage","url":"https:\/\/www.blogsoestado.com\/danielmatos\/files\/2022\/03\/Screenshot_20220310-1552072.png","contentUrl":"https:\/\/www.blogsoestado.com\/danielmatos\/files\/2022\/03\/Screenshot_20220310-1552072.png"},{"@type":"BreadcrumbList","@id":"https:\/\/www.blogsoestado.com\/danielmatos\/paco-do-lumiar-sai-na-frente-com-reajuste-de-33-do-salario-de-professores\/#breadcrumb","itemListElement":[{"@type":"ListItem","position":1,"name":"In\u00edcio","item":"https:\/\/www.blogsoestado.com\/danielmatos\/"},{"@type":"ListItem","position":2,"name":"Pa\u00e7o do Lumiar sai na frente com reajuste de 33% do sal\u00e1rio de professores"}]},{"@type":"WebSite","@id":"https:\/\/www.blogsoestado.com\/danielmatos\/#website","url":"https:\/\/www.blogsoestado.com\/danielmatos\/","name":"Daniel Matos","description":"","potentialAction":[{"@type":"SearchAction","target":{"@type":"EntryPoint","urlTemplate":"https:\/\/www.blogsoestado.com\/danielmatos\/?s={search_term_string}"},"query-input":{"@type":"PropertyValueSpecification","valueRequired":true,"valueName":"search_term_string"}}],"inLanguage":"pt-BR"}]}},"jetpack_featured_media_url":"","_links":{"self":[{"href":"https:\/\/www.blogsoestado.com\/danielmatos\/wp-json\/wp\/v2\/posts\/95002","targetHints":{"allow":["GET"]}}],"collection":[{"href":"https:\/\/www.blogsoestado.com\/danielmatos\/wp-json\/wp\/v2\/posts"}],"about":[{"href":"https:\/\/www.blogsoestado.com\/danielmatos\/wp-json\/wp\/v2\/types\/post"}],"replies":[{"embeddable":true,"href":"https:\/\/www.blogsoestado.com\/danielmatos\/wp-json\/wp\/v2\/comments?post=95002"}],"version-history":[{"count":0,"href":"https:\/\/www.blogsoestado.com\/danielmatos\/wp-json\/wp\/v2\/posts\/95002\/revisions"}],"wp:attachment":[{"href":"https:\/\/www.blogsoestado.com\/danielmatos\/wp-json\/wp\/v2\/media?parent=95002"}],"wp:term":[{"taxonomy":"category","embeddable":true,"href":"https:\/\/www.blogsoestado.com\/danielmatos\/wp-json\/wp\/v2\/categories?post=95002"},{"taxonomy":"post_tag","embeddable":true,"href":"https:\/\/www.blogsoestado.com\/danielmatos\/wp-json\/wp\/v2\/tags?post=95002"}],"curies":[{"name":"wp","href":"https:\/\/api.w.org\/{rel}","templated":true}]}}