{"id":95011,"date":"2022-03-10T19:24:10","date_gmt":"2022-03-10T22:24:10","guid":{"rendered":"https:\/\/www.blogsoestado.com\/danielmatos\/?p=95011"},"modified":"2022-03-10T19:24:10","modified_gmt":"2022-03-10T22:24:10","slug":"condenado-a-19-anos-de-reclusao-acusado-de-matar-namorada-em-hotel-de-sao-luis","status":"publish","type":"post","link":"https:\/\/www.blogsoestado.com\/danielmatos\/condenado-a-19-anos-de-reclusao-acusado-de-matar-namorada-em-hotel-de-sao-luis\/","title":{"rendered":"Condenado a 19 anos de pris\u00e3o homem que assassinou namorada em hotel de S\u00e3o Lu\u00eds"},"content":{"rendered":"\n<div class=\"wp-block-image\"><figure class=\"aligncenter size-large\"><a href=\"https:\/\/www.blogsoestado.com\/danielmatos\/files\/2022\/03\/Screenshot_20220310-1915152.png\"><img decoding=\"async\" src=\"https:\/\/www.blogsoestado.com\/danielmatos\/files\/2022\/03\/Screenshot_20220310-1915152.png\" alt=\"\" class=\"wp-image-95013\"\/><\/a><figcaption>Ap\u00f3s o julgamento, Allef Gon\u00e7alves, que foi condenado por homic\u00eddio triplamente qualificado (feminic\u00eddio, asfixia e uso de recurso que impediu a defesa da v\u00edtima), foi levado de volta ao pres\u00eddio, em S\u00e3o Lu\u00eds, onde j\u00e1 estava preso desde a \u00e9poca do crime<\/figcaption><\/figure><\/div>\n\n\n\n<p>Os jurados do 1\u00ba Tribunal do J\u00fari de S\u00e3o Lu\u00eds condenaram, a 19 anos e 3 meses de reclus\u00e3o, Allef Gon\u00e7alves Ara\u00fajo Ribeiro. Ele foi acusado de matar, por estrangulamento, Jecimara Cristian Marques Pacheco, na manh\u00e3 do dia 7 de fevereiro de 2020, no quarto de um hotel, no bairro S\u00e3o Crist\u00f3v\u00e3o, onde o casal se hospedou ap\u00f3s o r\u00e9u viajar da cidade de S\u00e3o Paulo (SP) at\u00e9 a capital maranhense para conhecer a mulher com quem se relacionava por meio da internet h\u00e1 tr\u00eas anos.<\/p>\n\n\n\n<p>. A ju\u00edza Ros\u00e2ngela Santos Prazeres Macieira, titular da 1\u00aa Vara do J\u00fari, negou ao r\u00e9u o direito de recorrer, em liberdade, da decis\u00e3o dos jurados.<\/p>\n\n\n\n<p>A sess\u00e3o de j\u00fari come\u00e7ou por volta das 9h, no F\u00f3rum Des. Sarney Costa, e s\u00f3 terminou \u00e0s 16h. Na acusa\u00e7\u00e3o atuou o promotor de Justi\u00e7a Reinaldo Campos e, na defesa, o defensor p\u00fablico Pablo Oliveira. O julgamento ocorreu durante as atividades da 20\u00aa Semana Nacional \u201cJusti\u00e7a pela Paz em Casa\u201d, que acontece durante esta semana, em todo o Maranh\u00e3o.<\/p>\n\n\n\n<p>Foram ouvidas cinco testemunhas, entre elas a m\u00e3e e uma tia da v\u00edtima, al\u00e9m de funcion\u00e1rios do hotel. O acusado compareceu ao F\u00f3rum de S\u00e3o Lu\u00eds, mas usou o direito constitucional de permanecer calado. Ele tamb\u00e9m n\u00e3o quis acompanhar a sess\u00e3o de julgamento. Durante a instru\u00e7\u00e3o do processo, Allef Gon\u00e7alves confessou a autoria do crime.<\/p>\n\n\n\n<p>Na senten\u00e7a, a ju\u00edza Ros\u00e2ngela Prazeres afirma que a conduta do acusado denota culpabilidade exacerbada, \u201cante a not\u00f3ria reprovabilidade social do crime de feminic\u00eddio ao fato de, no caso em quest\u00e3o, o r\u00e9u era pessoa pr\u00f3xima da v\u00edtima, detentor de sua confian\u00e7a, o que potencializa o sentimento de repulsa\u201d, consta na senten\u00e7a. O denunciado valendo-se de rela\u00e7\u00e3o de afeto com a v\u00edtima a levou para um quarto de hotel, onde praticou o delito, acrescentou a magistrada.<\/p>\n\n\n\n<p><strong>De S\u00e3o Paulo a S\u00e3o Lu\u00eds<\/strong><\/p>\n\n\n\n<p>Segundo a den\u00fancia do Minist\u00e9rio P\u00fablico, Allef Gon\u00e7alves Ara\u00fajo Ribeiro e Jecimara Cristian Marques Pacheco conheceram-se h\u00e1 tr\u00eas anos, por meio de um jogo virtual&nbsp;na internet, passando a manter um relacionamento amoroso desde ent\u00e3o. Em janeiro de 2020, o denunciado, que mora em S\u00e3o Paulo,&nbsp;viajou&nbsp;para&nbsp;S\u00e3o Lu\u00eds&nbsp;para&nbsp;conhecer a v\u00edtima pessoalmente.&nbsp;O&nbsp;casal hospedou-se&nbsp;no hotel, no dia 26 de janeiro, sem realizar o pagamento regular das di\u00e1rias do estabelecimento, motivo pelo qual estava sendo constantemente cobrado pelos funcion\u00e1rios e pela propriet\u00e1ria do&nbsp;estabelecimento.<\/p>\n\n\n\n<p>Consta na den\u00fancia, que no dia do crime o denunciado saiu do hotel por volta das 10h30h, afirmando \u00e0 propriet\u00e1ria que estava indo pegar o dinheiro para realizar o pagamento das di\u00e1rias, evadindo-se e deixando a v\u00edtima, j\u00e1 morta, no local. Conforme os autos, a mulher foi encontrada j\u00e1 sem vida no banheiro do quarto do hotel, por um funcion\u00e1rio, por volta das 18h.<\/p>\n\n\n\n<p>Em depoimento \u00e0 pol\u00edcia, Allef Gon\u00e7alves confessou a autoria do crime, afirmando que se aproveitou do relacionamento e da confian\u00e7a que possu\u00eda da v\u00edtima para fazer com que esta se vendasse, sob a alega\u00e7\u00e3o de que \u201cia fazer uma surpresa\u201d, para, ent\u00e3o, asfixi\u00e1-la com um cabo de internet, objetivando sair do estabelecimento sem que ela fosse atr\u00e1s dele.<\/p>\n","protected":false},"excerpt":{"rendered":"<p>Os jurados do 1\u00ba Tribunal do J\u00fari de S\u00e3o Lu\u00eds condenaram, a 19 anos e 3 meses de reclus\u00e3o, Allef [&hellip;]<\/p>\n","protected":false},"author":0,"featured_media":0,"comment_status":"open","ping_status":"open","sticky":false,"template":"","format":"standard","meta":{"site-sidebar-layout":"default","site-content-layout":"","ast-site-content-layout":"default","site-content-style":"default","site-sidebar-style":"default","ast-global-header-display":"","ast-banner-title-visibility":"","ast-main-header-display":"","ast-hfb-above-header-display":"","ast-hfb-below-header-display":"","ast-hfb-mobile-header-display":"","site-post-title":"","ast-breadcrumbs-content":"","ast-featured-img":"","footer-sml-layout":"","ast-disable-related-posts":"","theme-transparent-header-meta":"","adv-header-id-meta":"","stick-header-meta":"","header-above-stick-meta":"","header-main-stick-meta":"","header-below-stick-meta":"","astra-migrate-meta-layouts":"default","ast-page-background-enabled":"default","ast-page-background-meta":{"desktop":{"background-color":"var(--ast-global-color-5)","background-image":"","background-repeat":"repeat","background-position":"center center","background-size":"auto","background-attachment":"scroll","background-type":"","background-media":"","overlay-type":"","overlay-color":"","overlay-opacity":"","overlay-gradient":""},"tablet":{"background-color":"","background-image":"","background-repeat":"repeat","background-position":"center center","background-size":"auto","background-attachment":"scroll","background-type":"","background-media":"","overlay-type":"","overlay-color":"","overlay-opacity":"","overlay-gradient":""},"mobile":{"background-color":"","background-image":"","background-repeat":"repeat","background-position":"center center","background-size":"auto","background-attachment":"scroll","background-type":"","background-media":"","overlay-type":"","overlay-color":"","overlay-opacity":"","overlay-gradient":""}},"ast-content-background-meta":{"desktop":{"background-color":"var(--ast-global-color-4)","background-image":"","background-repeat":"repeat","background-position":"center center","background-size":"auto","background-attachment":"scroll","background-type":"","background-media":"","overlay-type":"","overlay-color":"","overlay-opacity":"","overlay-gradient":""},"tablet":{"background-color":"var(--ast-global-color-4)","background-image":"","background-repeat":"repeat","background-position":"center center","background-size":"auto","background-attachment":"scroll","background-type":"","background-media":"","overlay-type":"","overlay-color":"","overlay-opacity":"","overlay-gradient":""},"mobile":{"background-color":"var(--ast-global-color-4)","background-image":"","background-repeat":"repeat","background-position":"center center","background-size":"auto","background-attachment":"scroll","background-type":"","background-media":"","overlay-type":"","overlay-color":"","overlay-opacity":"","overlay-gradient":""}},"footnotes":""},"categories":[1],"tags":[],"class_list":["post-95011","post","type-post","status-publish","format-standard","hentry","category-sem-categoria"],"yoast_head":"<!-- This site is optimized with the Yoast SEO plugin v26.6 - https:\/\/yoast.com\/wordpress\/plugins\/seo\/ -->\n<title>Condenado a 19 anos de pris\u00e3o homem que assassinou namorada em hotel de S\u00e3o Lu\u00eds - Daniel Matos<\/title>\n<meta name=\"robots\" content=\"index, follow, max-snippet:-1, max-image-preview:large, max-video-preview:-1\" \/>\n<link rel=\"canonical\" href=\"https:\/\/www.blogsoestado.com\/danielmatos\/condenado-a-19-anos-de-reclusao-acusado-de-matar-namorada-em-hotel-de-sao-luis\/\" \/>\n<meta property=\"og:locale\" content=\"pt_BR\" \/>\n<meta property=\"og:type\" content=\"article\" \/>\n<meta property=\"og:title\" content=\"Condenado a 19 anos de pris\u00e3o homem que assassinou namorada em hotel de S\u00e3o Lu\u00eds - Daniel Matos\" \/>\n<meta property=\"og:description\" content=\"Os jurados do 1\u00ba Tribunal do J\u00fari de S\u00e3o Lu\u00eds condenaram, a 19 anos e 3 meses de reclus\u00e3o, Allef [&hellip;]\" \/>\n<meta property=\"og:url\" content=\"https:\/\/www.blogsoestado.com\/danielmatos\/condenado-a-19-anos-de-reclusao-acusado-de-matar-namorada-em-hotel-de-sao-luis\/\" \/>\n<meta property=\"og:site_name\" content=\"Daniel Matos\" \/>\n<meta property=\"article:published_time\" content=\"2022-03-10T22:24:10+00:00\" \/>\n<meta property=\"og:image\" content=\"https:\/\/www.blogsoestado.com\/danielmatos\/files\/2022\/03\/Screenshot_20220310-1915152.png\" \/>\n<meta name=\"twitter:card\" content=\"summary_large_image\" \/>\n<meta name=\"twitter:label1\" content=\"Est. tempo de leitura\" \/>\n\t<meta name=\"twitter:data1\" content=\"3 minutos\" \/>\n<script type=\"application\/ld+json\" class=\"yoast-schema-graph\">{\"@context\":\"https:\/\/schema.org\",\"@graph\":[{\"@type\":\"WebPage\",\"@id\":\"https:\/\/www.blogsoestado.com\/danielmatos\/condenado-a-19-anos-de-reclusao-acusado-de-matar-namorada-em-hotel-de-sao-luis\/\",\"url\":\"https:\/\/www.blogsoestado.com\/danielmatos\/condenado-a-19-anos-de-reclusao-acusado-de-matar-namorada-em-hotel-de-sao-luis\/\",\"name\":\"Condenado a 19 anos de pris\u00e3o homem que assassinou namorada em hotel de S\u00e3o Lu\u00eds - Daniel Matos\",\"isPartOf\":{\"@id\":\"https:\/\/www.blogsoestado.com\/danielmatos\/#website\"},\"primaryImageOfPage\":{\"@id\":\"https:\/\/www.blogsoestado.com\/danielmatos\/condenado-a-19-anos-de-reclusao-acusado-de-matar-namorada-em-hotel-de-sao-luis\/#primaryimage\"},\"image\":{\"@id\":\"https:\/\/www.blogsoestado.com\/danielmatos\/condenado-a-19-anos-de-reclusao-acusado-de-matar-namorada-em-hotel-de-sao-luis\/#primaryimage\"},\"thumbnailUrl\":\"https:\/\/www.blogsoestado.com\/danielmatos\/files\/2022\/03\/Screenshot_20220310-1915152.png\",\"datePublished\":\"2022-03-10T22:24:10+00:00\",\"author\":{\"@id\":\"\"},\"breadcrumb\":{\"@id\":\"https:\/\/www.blogsoestado.com\/danielmatos\/condenado-a-19-anos-de-reclusao-acusado-de-matar-namorada-em-hotel-de-sao-luis\/#breadcrumb\"},\"inLanguage\":\"pt-BR\",\"potentialAction\":[{\"@type\":\"ReadAction\",\"target\":[\"https:\/\/www.blogsoestado.com\/danielmatos\/condenado-a-19-anos-de-reclusao-acusado-de-matar-namorada-em-hotel-de-sao-luis\/\"]}]},{\"@type\":\"ImageObject\",\"inLanguage\":\"pt-BR\",\"@id\":\"https:\/\/www.blogsoestado.com\/danielmatos\/condenado-a-19-anos-de-reclusao-acusado-de-matar-namorada-em-hotel-de-sao-luis\/#primaryimage\",\"url\":\"https:\/\/www.blogsoestado.com\/danielmatos\/files\/2022\/03\/Screenshot_20220310-1915152.png\",\"contentUrl\":\"https:\/\/www.blogsoestado.com\/danielmatos\/files\/2022\/03\/Screenshot_20220310-1915152.png\"},{\"@type\":\"BreadcrumbList\",\"@id\":\"https:\/\/www.blogsoestado.com\/danielmatos\/condenado-a-19-anos-de-reclusao-acusado-de-matar-namorada-em-hotel-de-sao-luis\/#breadcrumb\",\"itemListElement\":[{\"@type\":\"ListItem\",\"position\":1,\"name\":\"In\u00edcio\",\"item\":\"https:\/\/www.blogsoestado.com\/danielmatos\/\"},{\"@type\":\"ListItem\",\"position\":2,\"name\":\"Condenado a 19 anos de pris\u00e3o homem que assassinou namorada em hotel de S\u00e3o Lu\u00eds\"}]},{\"@type\":\"WebSite\",\"@id\":\"https:\/\/www.blogsoestado.com\/danielmatos\/#website\",\"url\":\"https:\/\/www.blogsoestado.com\/danielmatos\/\",\"name\":\"Daniel Matos\",\"description\":\"\",\"potentialAction\":[{\"@type\":\"SearchAction\",\"target\":{\"@type\":\"EntryPoint\",\"urlTemplate\":\"https:\/\/www.blogsoestado.com\/danielmatos\/?s={search_term_string}\"},\"query-input\":{\"@type\":\"PropertyValueSpecification\",\"valueRequired\":true,\"valueName\":\"search_term_string\"}}],\"inLanguage\":\"pt-BR\"}]}<\/script>\n<!-- \/ Yoast SEO plugin. -->","yoast_head_json":{"title":"Condenado a 19 anos de pris\u00e3o homem que assassinou namorada em hotel de S\u00e3o Lu\u00eds - Daniel Matos","robots":{"index":"index","follow":"follow","max-snippet":"max-snippet:-1","max-image-preview":"max-image-preview:large","max-video-preview":"max-video-preview:-1"},"canonical":"https:\/\/www.blogsoestado.com\/danielmatos\/condenado-a-19-anos-de-reclusao-acusado-de-matar-namorada-em-hotel-de-sao-luis\/","og_locale":"pt_BR","og_type":"article","og_title":"Condenado a 19 anos de pris\u00e3o homem que assassinou namorada em hotel de S\u00e3o Lu\u00eds - Daniel Matos","og_description":"Os jurados do 1\u00ba Tribunal do J\u00fari de S\u00e3o Lu\u00eds condenaram, a 19 anos e 3 meses de reclus\u00e3o, Allef [&hellip;]","og_url":"https:\/\/www.blogsoestado.com\/danielmatos\/condenado-a-19-anos-de-reclusao-acusado-de-matar-namorada-em-hotel-de-sao-luis\/","og_site_name":"Daniel Matos","article_published_time":"2022-03-10T22:24:10+00:00","og_image":[{"url":"https:\/\/www.blogsoestado.com\/danielmatos\/files\/2022\/03\/Screenshot_20220310-1915152.png","type":"","width":"","height":""}],"twitter_card":"summary_large_image","twitter_misc":{"Est. tempo de leitura":"3 minutos"},"schema":{"@context":"https:\/\/schema.org","@graph":[{"@type":"WebPage","@id":"https:\/\/www.blogsoestado.com\/danielmatos\/condenado-a-19-anos-de-reclusao-acusado-de-matar-namorada-em-hotel-de-sao-luis\/","url":"https:\/\/www.blogsoestado.com\/danielmatos\/condenado-a-19-anos-de-reclusao-acusado-de-matar-namorada-em-hotel-de-sao-luis\/","name":"Condenado a 19 anos de pris\u00e3o homem que assassinou namorada em hotel de S\u00e3o Lu\u00eds - Daniel Matos","isPartOf":{"@id":"https:\/\/www.blogsoestado.com\/danielmatos\/#website"},"primaryImageOfPage":{"@id":"https:\/\/www.blogsoestado.com\/danielmatos\/condenado-a-19-anos-de-reclusao-acusado-de-matar-namorada-em-hotel-de-sao-luis\/#primaryimage"},"image":{"@id":"https:\/\/www.blogsoestado.com\/danielmatos\/condenado-a-19-anos-de-reclusao-acusado-de-matar-namorada-em-hotel-de-sao-luis\/#primaryimage"},"thumbnailUrl":"https:\/\/www.blogsoestado.com\/danielmatos\/files\/2022\/03\/Screenshot_20220310-1915152.png","datePublished":"2022-03-10T22:24:10+00:00","author":{"@id":""},"breadcrumb":{"@id":"https:\/\/www.blogsoestado.com\/danielmatos\/condenado-a-19-anos-de-reclusao-acusado-de-matar-namorada-em-hotel-de-sao-luis\/#breadcrumb"},"inLanguage":"pt-BR","potentialAction":[{"@type":"ReadAction","target":["https:\/\/www.blogsoestado.com\/danielmatos\/condenado-a-19-anos-de-reclusao-acusado-de-matar-namorada-em-hotel-de-sao-luis\/"]}]},{"@type":"ImageObject","inLanguage":"pt-BR","@id":"https:\/\/www.blogsoestado.com\/danielmatos\/condenado-a-19-anos-de-reclusao-acusado-de-matar-namorada-em-hotel-de-sao-luis\/#primaryimage","url":"https:\/\/www.blogsoestado.com\/danielmatos\/files\/2022\/03\/Screenshot_20220310-1915152.png","contentUrl":"https:\/\/www.blogsoestado.com\/danielmatos\/files\/2022\/03\/Screenshot_20220310-1915152.png"},{"@type":"BreadcrumbList","@id":"https:\/\/www.blogsoestado.com\/danielmatos\/condenado-a-19-anos-de-reclusao-acusado-de-matar-namorada-em-hotel-de-sao-luis\/#breadcrumb","itemListElement":[{"@type":"ListItem","position":1,"name":"In\u00edcio","item":"https:\/\/www.blogsoestado.com\/danielmatos\/"},{"@type":"ListItem","position":2,"name":"Condenado a 19 anos de pris\u00e3o homem que assassinou namorada em hotel de S\u00e3o Lu\u00eds"}]},{"@type":"WebSite","@id":"https:\/\/www.blogsoestado.com\/danielmatos\/#website","url":"https:\/\/www.blogsoestado.com\/danielmatos\/","name":"Daniel Matos","description":"","potentialAction":[{"@type":"SearchAction","target":{"@type":"EntryPoint","urlTemplate":"https:\/\/www.blogsoestado.com\/danielmatos\/?s={search_term_string}"},"query-input":{"@type":"PropertyValueSpecification","valueRequired":true,"valueName":"search_term_string"}}],"inLanguage":"pt-BR"}]}},"jetpack_featured_media_url":"","_links":{"self":[{"href":"https:\/\/www.blogsoestado.com\/danielmatos\/wp-json\/wp\/v2\/posts\/95011","targetHints":{"allow":["GET"]}}],"collection":[{"href":"https:\/\/www.blogsoestado.com\/danielmatos\/wp-json\/wp\/v2\/posts"}],"about":[{"href":"https:\/\/www.blogsoestado.com\/danielmatos\/wp-json\/wp\/v2\/types\/post"}],"replies":[{"embeddable":true,"href":"https:\/\/www.blogsoestado.com\/danielmatos\/wp-json\/wp\/v2\/comments?post=95011"}],"version-history":[{"count":0,"href":"https:\/\/www.blogsoestado.com\/danielmatos\/wp-json\/wp\/v2\/posts\/95011\/revisions"}],"wp:attachment":[{"href":"https:\/\/www.blogsoestado.com\/danielmatos\/wp-json\/wp\/v2\/media?parent=95011"}],"wp:term":[{"taxonomy":"category","embeddable":true,"href":"https:\/\/www.blogsoestado.com\/danielmatos\/wp-json\/wp\/v2\/categories?post=95011"},{"taxonomy":"post_tag","embeddable":true,"href":"https:\/\/www.blogsoestado.com\/danielmatos\/wp-json\/wp\/v2\/tags?post=95011"}],"curies":[{"name":"wp","href":"https:\/\/api.w.org\/{rel}","templated":true}]}}