{"id":95018,"date":"2022-03-10T22:42:25","date_gmt":"2022-03-11T01:42:25","guid":{"rendered":"https:\/\/www.blogsoestado.com\/danielmatos\/?p=95018"},"modified":"2022-03-10T22:42:25","modified_gmt":"2022-03-11T01:42:25","slug":"trt-ma-realiza-audiencia-de-conciliacao-entre-rodoviarios-e-empresarios-do-transporte-nesta-sexta-feira-11","status":"publish","type":"post","link":"https:\/\/www.blogsoestado.com\/danielmatos\/trt-ma-realiza-audiencia-de-conciliacao-entre-rodoviarios-e-empresarios-do-transporte-nesta-sexta-feira-11\/","title":{"rendered":"TRT-MA realiza audi\u00eancia de concilia\u00e7\u00e3o entre rodovi\u00e1rios e empres\u00e1rios do transporte nesta sexta-feira (11)"},"content":{"rendered":"\n<div class=\"wp-block-image\"><figure class=\"aligncenter size-large\"><a href=\"https:\/\/www.blogsoestado.com\/danielmatos\/files\/2022\/03\/Screenshot_20220310-2239222.png\"><img decoding=\"async\" src=\"https:\/\/www.blogsoestado.com\/danielmatos\/files\/2022\/03\/Screenshot_20220310-2239222.png\" alt=\"\" class=\"wp-image-95019\"\/><\/a><\/figure><\/div>\n\n\n\n<p>O presidente do Tribunal Regional do Trabalho da 16\u00aa Regi\u00e3o (Maranh\u00e3o), desembargador Francisco Jos\u00e9 de Carvalho Neto, determinou a realiza\u00e7\u00e3o de audi\u00eancia de concilia\u00e7\u00e3o na pr\u00f3xima sexta-feira, 11, \u00e0s 14h, no Gabinete da Presid\u00eancia da Corte, no diss\u00eddio coletivo ajuizado pelo Sindicato dos Trabalhadores em Transportes Rodovi\u00e1rios do Estado do Maranh\u00e3o, em face do Sindicato das Empresas de Transportes de Passageiros de S\u00e3o Lu\u00eds, Munic\u00edpio de S\u00e3o Lu\u00eds (SET) e Ag\u00eancia Estadual de Mobilidade Urbana e Servi\u00e7os P\u00fablicos (MOB). \u00a0<\/p>\n\n\n\n<p>O desembargador presidente acolheu pedido do sindicato laboral que, no diss\u00eddio coletivo, requereu a designa\u00e7\u00e3o de audi\u00eancia conciliat\u00f3ria, alegando, entre outros argumentos, a falta de contraproposta concreta do sindicato patronal diante da pauta de reivindica\u00e7\u00f5es feita pelos trabalhadores, bem como a aus\u00eancia de acordo nas media\u00e7\u00f5es realizadas junto ao Minist\u00e9rio P\u00fablico do Trabalho (MPT-MA).\u00a0<\/p>\n\n\n\n<p>Entre as reivindica\u00e7\u00f5es apresentadas no diss\u00eddio est\u00e3o a implanta\u00e7\u00e3o imediata do \u00edndice de 15% de reajuste salarial, ticket alimenta\u00e7\u00e3o no valor de R$ 800,00 e manuten\u00e7\u00e3o do plano de sa\u00fade pelas empresas componentes da categoria patronal do diss\u00eddio. <\/p>\n\n\n\n<p>Tamb\u00e9m requerem o pagamento das diferen\u00e7as resultantes desse percentual nos sal\u00e1rios e no ticket alimenta\u00e7\u00e3o dos membros da categoria profissional, retroativamente a janeiro de 2020 (data-base).\u00a0<\/p>\n\n\n\n<p>O presidente do Tribunal, desembargador Carvalho Neto, em sua respectiva decis\u00e3o n\u00e3o deferiu nenhuma tutela provis\u00f3ria, por ora, apenas designou audi\u00eancia de concilia\u00e7\u00e3o que ser\u00e1 restrita a dois representantes de cada sindicato, advogados credenciados nos autos, procurador do MPT e assessoria da Presid\u00eancia do Tribunal, a fim de evitar ac\u00famulo de pessoas, com congestionamento ambiental contraprodutivo e n\u00e3o recomend\u00e1vel no momento, ante normas correlativas, inclusive vigentes na pr\u00f3pria Corte (Ato GP\/TRT16 n\u00ba 008\/2022, artigo 5\u00ba).<\/p>\n","protected":false},"excerpt":{"rendered":"<p>O presidente do Tribunal Regional do Trabalho da 16\u00aa Regi\u00e3o (Maranh\u00e3o), desembargador Francisco Jos\u00e9 de Carvalho Neto, determinou a realiza\u00e7\u00e3o [&hellip;]<\/p>\n","protected":false},"author":0,"featured_media":0,"comment_status":"open","ping_status":"open","sticky":false,"template":"","format":"standard","meta":{"site-sidebar-layout":"default","site-content-layout":"","ast-site-content-layout":"default","site-content-style":"default","site-sidebar-style":"default","ast-global-header-display":"","ast-banner-title-visibility":"","ast-main-header-display":"","ast-hfb-above-header-display":"","ast-hfb-below-header-display":"","ast-hfb-mobile-header-display":"","site-post-title":"","ast-breadcrumbs-content":"","ast-featured-img":"","footer-sml-layout":"","ast-disable-related-posts":"","theme-transparent-header-meta":"","adv-header-id-meta":"","stick-header-meta":"","header-above-stick-meta":"","header-main-stick-meta":"","header-below-stick-meta":"","astra-migrate-meta-layouts":"default","ast-page-background-enabled":"default","ast-page-background-meta":{"desktop":{"background-color":"var(--ast-global-color-5)","background-image":"","background-repeat":"repeat","background-position":"center center","background-size":"auto","background-attachment":"scroll","background-type":"","background-media":"","overlay-type":"","overlay-color":"","overlay-opacity":"","overlay-gradient":""},"tablet":{"background-color":"","background-image":"","background-repeat":"repeat","background-position":"center center","background-size":"auto","background-attachment":"scroll","background-type":"","background-media":"","overlay-type":"","overlay-color":"","overlay-opacity":"","overlay-gradient":""},"mobile":{"background-color":"","background-image":"","background-repeat":"repeat","background-position":"center center","background-size":"auto","background-attachment":"scroll","background-type":"","background-media":"","overlay-type":"","overlay-color":"","overlay-opacity":"","overlay-gradient":""}},"ast-content-background-meta":{"desktop":{"background-color":"var(--ast-global-color-4)","background-image":"","background-repeat":"repeat","background-position":"center center","background-size":"auto","background-attachment":"scroll","background-type":"","background-media":"","overlay-type":"","overlay-color":"","overlay-opacity":"","overlay-gradient":""},"tablet":{"background-color":"var(--ast-global-color-4)","background-image":"","background-repeat":"repeat","background-position":"center center","background-size":"auto","background-attachment":"scroll","background-type":"","background-media":"","overlay-type":"","overlay-color":"","overlay-opacity":"","overlay-gradient":""},"mobile":{"background-color":"var(--ast-global-color-4)","background-image":"","background-repeat":"repeat","background-position":"center center","background-size":"auto","background-attachment":"scroll","background-type":"","background-media":"","overlay-type":"","overlay-color":"","overlay-opacity":"","overlay-gradient":""}},"footnotes":""},"categories":[1],"tags":[],"class_list":["post-95018","post","type-post","status-publish","format-standard","hentry","category-sem-categoria"],"yoast_head":"<!-- This site is optimized with the Yoast SEO plugin v26.6 - https:\/\/yoast.com\/wordpress\/plugins\/seo\/ -->\n<title>TRT-MA realiza audi\u00eancia de concilia\u00e7\u00e3o entre rodovi\u00e1rios e empres\u00e1rios do transporte nesta sexta-feira (11) - Daniel Matos<\/title>\n<meta name=\"robots\" content=\"index, follow, max-snippet:-1, max-image-preview:large, max-video-preview:-1\" \/>\n<link rel=\"canonical\" href=\"https:\/\/www.blogsoestado.com\/danielmatos\/trt-ma-realiza-audiencia-de-conciliacao-entre-rodoviarios-e-empresarios-do-transporte-nesta-sexta-feira-11\/\" \/>\n<meta property=\"og:locale\" content=\"pt_BR\" \/>\n<meta property=\"og:type\" content=\"article\" \/>\n<meta property=\"og:title\" content=\"TRT-MA realiza audi\u00eancia de concilia\u00e7\u00e3o entre rodovi\u00e1rios e empres\u00e1rios do transporte nesta sexta-feira (11) - Daniel Matos\" \/>\n<meta property=\"og:description\" content=\"O presidente do Tribunal Regional do Trabalho da 16\u00aa Regi\u00e3o (Maranh\u00e3o), desembargador Francisco Jos\u00e9 de Carvalho Neto, determinou a realiza\u00e7\u00e3o [&hellip;]\" \/>\n<meta property=\"og:url\" content=\"https:\/\/www.blogsoestado.com\/danielmatos\/trt-ma-realiza-audiencia-de-conciliacao-entre-rodoviarios-e-empresarios-do-transporte-nesta-sexta-feira-11\/\" \/>\n<meta property=\"og:site_name\" content=\"Daniel Matos\" \/>\n<meta property=\"article:published_time\" content=\"2022-03-11T01:42:25+00:00\" \/>\n<meta property=\"og:image\" content=\"https:\/\/www.blogsoestado.com\/danielmatos\/files\/2022\/03\/Screenshot_20220310-2239222.png\" \/>\n<meta name=\"twitter:card\" content=\"summary_large_image\" \/>\n<meta name=\"twitter:label1\" content=\"Est. tempo de leitura\" \/>\n\t<meta name=\"twitter:data1\" content=\"2 minutos\" \/>\n<script type=\"application\/ld+json\" class=\"yoast-schema-graph\">{\"@context\":\"https:\/\/schema.org\",\"@graph\":[{\"@type\":\"WebPage\",\"@id\":\"https:\/\/www.blogsoestado.com\/danielmatos\/trt-ma-realiza-audiencia-de-conciliacao-entre-rodoviarios-e-empresarios-do-transporte-nesta-sexta-feira-11\/\",\"url\":\"https:\/\/www.blogsoestado.com\/danielmatos\/trt-ma-realiza-audiencia-de-conciliacao-entre-rodoviarios-e-empresarios-do-transporte-nesta-sexta-feira-11\/\",\"name\":\"TRT-MA realiza audi\u00eancia de concilia\u00e7\u00e3o entre rodovi\u00e1rios e empres\u00e1rios do transporte nesta sexta-feira (11) - Daniel Matos\",\"isPartOf\":{\"@id\":\"https:\/\/www.blogsoestado.com\/danielmatos\/#website\"},\"primaryImageOfPage\":{\"@id\":\"https:\/\/www.blogsoestado.com\/danielmatos\/trt-ma-realiza-audiencia-de-conciliacao-entre-rodoviarios-e-empresarios-do-transporte-nesta-sexta-feira-11\/#primaryimage\"},\"image\":{\"@id\":\"https:\/\/www.blogsoestado.com\/danielmatos\/trt-ma-realiza-audiencia-de-conciliacao-entre-rodoviarios-e-empresarios-do-transporte-nesta-sexta-feira-11\/#primaryimage\"},\"thumbnailUrl\":\"https:\/\/www.blogsoestado.com\/danielmatos\/files\/2022\/03\/Screenshot_20220310-2239222.png\",\"datePublished\":\"2022-03-11T01:42:25+00:00\",\"author\":{\"@id\":\"\"},\"breadcrumb\":{\"@id\":\"https:\/\/www.blogsoestado.com\/danielmatos\/trt-ma-realiza-audiencia-de-conciliacao-entre-rodoviarios-e-empresarios-do-transporte-nesta-sexta-feira-11\/#breadcrumb\"},\"inLanguage\":\"pt-BR\",\"potentialAction\":[{\"@type\":\"ReadAction\",\"target\":[\"https:\/\/www.blogsoestado.com\/danielmatos\/trt-ma-realiza-audiencia-de-conciliacao-entre-rodoviarios-e-empresarios-do-transporte-nesta-sexta-feira-11\/\"]}]},{\"@type\":\"ImageObject\",\"inLanguage\":\"pt-BR\",\"@id\":\"https:\/\/www.blogsoestado.com\/danielmatos\/trt-ma-realiza-audiencia-de-conciliacao-entre-rodoviarios-e-empresarios-do-transporte-nesta-sexta-feira-11\/#primaryimage\",\"url\":\"https:\/\/www.blogsoestado.com\/danielmatos\/files\/2022\/03\/Screenshot_20220310-2239222.png\",\"contentUrl\":\"https:\/\/www.blogsoestado.com\/danielmatos\/files\/2022\/03\/Screenshot_20220310-2239222.png\"},{\"@type\":\"BreadcrumbList\",\"@id\":\"https:\/\/www.blogsoestado.com\/danielmatos\/trt-ma-realiza-audiencia-de-conciliacao-entre-rodoviarios-e-empresarios-do-transporte-nesta-sexta-feira-11\/#breadcrumb\",\"itemListElement\":[{\"@type\":\"ListItem\",\"position\":1,\"name\":\"In\u00edcio\",\"item\":\"https:\/\/www.blogsoestado.com\/danielmatos\/\"},{\"@type\":\"ListItem\",\"position\":2,\"name\":\"TRT-MA realiza audi\u00eancia de concilia\u00e7\u00e3o entre rodovi\u00e1rios e empres\u00e1rios do transporte nesta sexta-feira (11)\"}]},{\"@type\":\"WebSite\",\"@id\":\"https:\/\/www.blogsoestado.com\/danielmatos\/#website\",\"url\":\"https:\/\/www.blogsoestado.com\/danielmatos\/\",\"name\":\"Daniel Matos\",\"description\":\"\",\"potentialAction\":[{\"@type\":\"SearchAction\",\"target\":{\"@type\":\"EntryPoint\",\"urlTemplate\":\"https:\/\/www.blogsoestado.com\/danielmatos\/?s={search_term_string}\"},\"query-input\":{\"@type\":\"PropertyValueSpecification\",\"valueRequired\":true,\"valueName\":\"search_term_string\"}}],\"inLanguage\":\"pt-BR\"}]}<\/script>\n<!-- \/ Yoast SEO plugin. -->","yoast_head_json":{"title":"TRT-MA realiza audi\u00eancia de concilia\u00e7\u00e3o entre rodovi\u00e1rios e empres\u00e1rios do transporte nesta sexta-feira (11) - Daniel Matos","robots":{"index":"index","follow":"follow","max-snippet":"max-snippet:-1","max-image-preview":"max-image-preview:large","max-video-preview":"max-video-preview:-1"},"canonical":"https:\/\/www.blogsoestado.com\/danielmatos\/trt-ma-realiza-audiencia-de-conciliacao-entre-rodoviarios-e-empresarios-do-transporte-nesta-sexta-feira-11\/","og_locale":"pt_BR","og_type":"article","og_title":"TRT-MA realiza audi\u00eancia de concilia\u00e7\u00e3o entre rodovi\u00e1rios e empres\u00e1rios do transporte nesta sexta-feira (11) - Daniel Matos","og_description":"O presidente do Tribunal Regional do Trabalho da 16\u00aa Regi\u00e3o (Maranh\u00e3o), desembargador Francisco Jos\u00e9 de Carvalho Neto, determinou a realiza\u00e7\u00e3o [&hellip;]","og_url":"https:\/\/www.blogsoestado.com\/danielmatos\/trt-ma-realiza-audiencia-de-conciliacao-entre-rodoviarios-e-empresarios-do-transporte-nesta-sexta-feira-11\/","og_site_name":"Daniel Matos","article_published_time":"2022-03-11T01:42:25+00:00","og_image":[{"url":"https:\/\/www.blogsoestado.com\/danielmatos\/files\/2022\/03\/Screenshot_20220310-2239222.png","type":"","width":"","height":""}],"twitter_card":"summary_large_image","twitter_misc":{"Est. tempo de leitura":"2 minutos"},"schema":{"@context":"https:\/\/schema.org","@graph":[{"@type":"WebPage","@id":"https:\/\/www.blogsoestado.com\/danielmatos\/trt-ma-realiza-audiencia-de-conciliacao-entre-rodoviarios-e-empresarios-do-transporte-nesta-sexta-feira-11\/","url":"https:\/\/www.blogsoestado.com\/danielmatos\/trt-ma-realiza-audiencia-de-conciliacao-entre-rodoviarios-e-empresarios-do-transporte-nesta-sexta-feira-11\/","name":"TRT-MA realiza audi\u00eancia de concilia\u00e7\u00e3o entre rodovi\u00e1rios e empres\u00e1rios do transporte nesta sexta-feira (11) - Daniel Matos","isPartOf":{"@id":"https:\/\/www.blogsoestado.com\/danielmatos\/#website"},"primaryImageOfPage":{"@id":"https:\/\/www.blogsoestado.com\/danielmatos\/trt-ma-realiza-audiencia-de-conciliacao-entre-rodoviarios-e-empresarios-do-transporte-nesta-sexta-feira-11\/#primaryimage"},"image":{"@id":"https:\/\/www.blogsoestado.com\/danielmatos\/trt-ma-realiza-audiencia-de-conciliacao-entre-rodoviarios-e-empresarios-do-transporte-nesta-sexta-feira-11\/#primaryimage"},"thumbnailUrl":"https:\/\/www.blogsoestado.com\/danielmatos\/files\/2022\/03\/Screenshot_20220310-2239222.png","datePublished":"2022-03-11T01:42:25+00:00","author":{"@id":""},"breadcrumb":{"@id":"https:\/\/www.blogsoestado.com\/danielmatos\/trt-ma-realiza-audiencia-de-conciliacao-entre-rodoviarios-e-empresarios-do-transporte-nesta-sexta-feira-11\/#breadcrumb"},"inLanguage":"pt-BR","potentialAction":[{"@type":"ReadAction","target":["https:\/\/www.blogsoestado.com\/danielmatos\/trt-ma-realiza-audiencia-de-conciliacao-entre-rodoviarios-e-empresarios-do-transporte-nesta-sexta-feira-11\/"]}]},{"@type":"ImageObject","inLanguage":"pt-BR","@id":"https:\/\/www.blogsoestado.com\/danielmatos\/trt-ma-realiza-audiencia-de-conciliacao-entre-rodoviarios-e-empresarios-do-transporte-nesta-sexta-feira-11\/#primaryimage","url":"https:\/\/www.blogsoestado.com\/danielmatos\/files\/2022\/03\/Screenshot_20220310-2239222.png","contentUrl":"https:\/\/www.blogsoestado.com\/danielmatos\/files\/2022\/03\/Screenshot_20220310-2239222.png"},{"@type":"BreadcrumbList","@id":"https:\/\/www.blogsoestado.com\/danielmatos\/trt-ma-realiza-audiencia-de-conciliacao-entre-rodoviarios-e-empresarios-do-transporte-nesta-sexta-feira-11\/#breadcrumb","itemListElement":[{"@type":"ListItem","position":1,"name":"In\u00edcio","item":"https:\/\/www.blogsoestado.com\/danielmatos\/"},{"@type":"ListItem","position":2,"name":"TRT-MA realiza audi\u00eancia de concilia\u00e7\u00e3o entre rodovi\u00e1rios e empres\u00e1rios do transporte nesta sexta-feira (11)"}]},{"@type":"WebSite","@id":"https:\/\/www.blogsoestado.com\/danielmatos\/#website","url":"https:\/\/www.blogsoestado.com\/danielmatos\/","name":"Daniel Matos","description":"","potentialAction":[{"@type":"SearchAction","target":{"@type":"EntryPoint","urlTemplate":"https:\/\/www.blogsoestado.com\/danielmatos\/?s={search_term_string}"},"query-input":{"@type":"PropertyValueSpecification","valueRequired":true,"valueName":"search_term_string"}}],"inLanguage":"pt-BR"}]}},"jetpack_featured_media_url":"","_links":{"self":[{"href":"https:\/\/www.blogsoestado.com\/danielmatos\/wp-json\/wp\/v2\/posts\/95018","targetHints":{"allow":["GET"]}}],"collection":[{"href":"https:\/\/www.blogsoestado.com\/danielmatos\/wp-json\/wp\/v2\/posts"}],"about":[{"href":"https:\/\/www.blogsoestado.com\/danielmatos\/wp-json\/wp\/v2\/types\/post"}],"replies":[{"embeddable":true,"href":"https:\/\/www.blogsoestado.com\/danielmatos\/wp-json\/wp\/v2\/comments?post=95018"}],"version-history":[{"count":0,"href":"https:\/\/www.blogsoestado.com\/danielmatos\/wp-json\/wp\/v2\/posts\/95018\/revisions"}],"wp:attachment":[{"href":"https:\/\/www.blogsoestado.com\/danielmatos\/wp-json\/wp\/v2\/media?parent=95018"}],"wp:term":[{"taxonomy":"category","embeddable":true,"href":"https:\/\/www.blogsoestado.com\/danielmatos\/wp-json\/wp\/v2\/categories?post=95018"},{"taxonomy":"post_tag","embeddable":true,"href":"https:\/\/www.blogsoestado.com\/danielmatos\/wp-json\/wp\/v2\/tags?post=95018"}],"curies":[{"name":"wp","href":"https:\/\/api.w.org\/{rel}","templated":true}]}}