{"id":95028,"date":"2022-03-11T05:00:00","date_gmt":"2022-03-11T08:00:00","guid":{"rendered":"https:\/\/www.blogsoestado.com\/danielmatos\/?p=95028"},"modified":"2022-03-11T05:00:00","modified_gmt":"2022-03-11T08:00:00","slug":"nao-voto-contra-trabalhador-afirma-marcial-lima-ao-justificar-saida-da-lideranca-de-governo","status":"publish","type":"post","link":"https:\/\/www.blogsoestado.com\/danielmatos\/nao-voto-contra-trabalhador-afirma-marcial-lima-ao-justificar-saida-da-lideranca-de-governo\/","title":{"rendered":"\u201cN\u00e3o voto contra trabalhador\u201d, afirma Marcial Lima ao justificar sa\u00edda da lideran\u00e7a de governo"},"content":{"rendered":"\n<p><strong><span class=\"has-inline-color has-vivid-red-color\">Em seu discurso, o vereador afirmou que sai da fun\u00e7\u00e3o com a sensa\u00e7\u00e3o de dever cumprido<\/span><\/strong><\/p>\n\n\n\n<div class=\"wp-block-image\"><figure class=\"aligncenter size-large\"><a href=\"https:\/\/www.blogsoestado.com\/danielmatos\/files\/2022\/03\/Screenshot_20220311-0117462.png\"><img decoding=\"async\" src=\"https:\/\/www.blogsoestado.com\/danielmatos\/files\/2022\/03\/Screenshot_20220311-0117462.png\" alt=\"\" class=\"wp-image-95029\"\/><\/a><figcaption>Em seu discurso, Marcial disse que continuaria apoiando os projetos que trouxessem benef\u00edcios para a popula\u00e7\u00e3o<strong>\u00a0<\/strong>(<strong>Foto:<\/strong> Leonardo Mendon\u00e7a)<\/figcaption><\/figure><\/div>\n\n\n\n<p id=\"E71\">O vereador Marcial Lima (Podemos) justificou, na sess\u00e3o desta segunda-feira (7), o que motivou sua sa\u00edda da lideran\u00e7a do governo na C\u00e2mara Municipal de S\u00e3o Lu\u00eds, posto que ocupava desde fevereiro de 2021.<\/p>\n\n\n\n<p id=\"E73\">Em seu discurso, o parlamentar afirmou que sai do cargo com dever cumprido e que desde de o m\u00eas passado tinha comunicado sua decis\u00e3o ao secret\u00e1rio municipal de Articula\u00e7\u00e3o, Marcio Andrade.<\/p>\n\n\n\n<p id=\"E77\">\u201cH\u00e1 cerca de 20 dias, aproximadamente, eu me submeti a uma cirurgia no olho direito e me encontrei dia depois com o senhor M\u00e1rcio Andrade, que \u00e9 o secret\u00e1rio de articula\u00e7\u00e3o do governo Braide, e disse para ele que a partir da primeira semana de mar\u00e7o, estaria deixando a lideran\u00e7a do governo com a sensa\u00e7\u00e3o de dever cumprido\u201d, declarou.<\/p>\n\n\n\n<p id=\"E83\">Ap\u00f3s explicar os motivos da sa\u00edda do posto, Marcial afirmou que tomou a decis\u00e3o para n\u00e3o jogar fora sua \u201cdigna vida de homem p\u00fablico\u201d. Segundo o vereador do Podemos, ele n\u00e3o poderia continuar votando contra o trabalhador, mas seguiria apoiando todas as mat\u00e9rias que possam beneficiar a popula\u00e7\u00e3o ludovicense.<\/p>\n\n\n\n<p id=\"E89\">\u201cN\u00e3o posso jogar fora minha digna vida de homem p\u00fablico. Eu jamais posso votar contra o trabalhador, mas seguirei apoiando todas as mat\u00e9rias que possam beneficiar a popula\u00e7\u00e3o ludovicense nesta Casa\u201d, completou.<\/p>\n\n\n\n<p id=\"E95\">Ao encerrar seu pronunciamento, o ex-l\u00edder do governo teceu v\u00e1rias cr\u00edticas ao prefeito Eduardo Braide (Podemos) e destacou que estava fazendo isso para trazer \u00e0 tona a verdade dos fatos.<\/p>\n\n\n\n<p id=\"E97\">\u201cO Braide que votei n\u00e3o era esse que hoje administra a prefeitura. O Braide que conheci caminha comigo pelas feiras e mercado, mas o Braide de hoje pega megafone pela manh\u00e3, para dizer que estava com os rodovi\u00e1rios, mas \u00e0 noite manda a Guarda Municipal prender os trabalhadores\u201d, concluiu.<\/p>\n","protected":false},"excerpt":{"rendered":"<p>Em seu discurso, o vereador afirmou que sai da fun\u00e7\u00e3o com a sensa\u00e7\u00e3o de dever cumprido O vereador Marcial Lima [&hellip;]<\/p>\n","protected":false},"author":0,"featured_media":0,"comment_status":"open","ping_status":"open","sticky":false,"template":"","format":"standard","meta":{"site-sidebar-layout":"default","site-content-layout":"","ast-site-content-layout":"default","site-content-style":"default","site-sidebar-style":"default","ast-global-header-display":"","ast-banner-title-visibility":"","ast-main-header-display":"","ast-hfb-above-header-display":"","ast-hfb-below-header-display":"","ast-hfb-mobile-header-display":"","site-post-title":"","ast-breadcrumbs-content":"","ast-featured-img":"","footer-sml-layout":"","ast-disable-related-posts":"","theme-transparent-header-meta":"","adv-header-id-meta":"","stick-header-meta":"","header-above-stick-meta":"","header-main-stick-meta":"","header-below-stick-meta":"","astra-migrate-meta-layouts":"default","ast-page-background-enabled":"default","ast-page-background-meta":{"desktop":{"background-color":"var(--ast-global-color-5)","background-image":"","background-repeat":"repeat","background-position":"center center","background-size":"auto","background-attachment":"scroll","background-type":"","background-media":"","overlay-type":"","overlay-color":"","overlay-opacity":"","overlay-gradient":""},"tablet":{"background-color":"","background-image":"","background-repeat":"repeat","background-position":"center center","background-size":"auto","background-attachment":"scroll","background-type":"","background-media":"","overlay-type":"","overlay-color":"","overlay-opacity":"","overlay-gradient":""},"mobile":{"background-color":"","background-image":"","background-repeat":"repeat","background-position":"center center","background-size":"auto","background-attachment":"scroll","background-type":"","background-media":"","overlay-type":"","overlay-color":"","overlay-opacity":"","overlay-gradient":""}},"ast-content-background-meta":{"desktop":{"background-color":"var(--ast-global-color-4)","background-image":"","background-repeat":"repeat","background-position":"center center","background-size":"auto","background-attachment":"scroll","background-type":"","background-media":"","overlay-type":"","overlay-color":"","overlay-opacity":"","overlay-gradient":""},"tablet":{"background-color":"var(--ast-global-color-4)","background-image":"","background-repeat":"repeat","background-position":"center center","background-size":"auto","background-attachment":"scroll","background-type":"","background-media":"","overlay-type":"","overlay-color":"","overlay-opacity":"","overlay-gradient":""},"mobile":{"background-color":"var(--ast-global-color-4)","background-image":"","background-repeat":"repeat","background-position":"center center","background-size":"auto","background-attachment":"scroll","background-type":"","background-media":"","overlay-type":"","overlay-color":"","overlay-opacity":"","overlay-gradient":""}},"footnotes":""},"categories":[1],"tags":[],"class_list":["post-95028","post","type-post","status-publish","format-standard","hentry","category-sem-categoria"],"yoast_head":"<!-- This site is optimized with the Yoast SEO plugin v26.6 - https:\/\/yoast.com\/wordpress\/plugins\/seo\/ -->\n<title>\u201cN\u00e3o voto contra trabalhador\u201d, afirma Marcial Lima ao justificar sa\u00edda da lideran\u00e7a de governo - Daniel Matos<\/title>\n<meta name=\"robots\" content=\"index, follow, max-snippet:-1, max-image-preview:large, max-video-preview:-1\" \/>\n<link rel=\"canonical\" href=\"https:\/\/www.blogsoestado.com\/danielmatos\/nao-voto-contra-trabalhador-afirma-marcial-lima-ao-justificar-saida-da-lideranca-de-governo\/\" \/>\n<meta property=\"og:locale\" content=\"pt_BR\" \/>\n<meta property=\"og:type\" content=\"article\" \/>\n<meta property=\"og:title\" content=\"\u201cN\u00e3o voto contra trabalhador\u201d, afirma Marcial Lima ao justificar sa\u00edda da lideran\u00e7a de governo - Daniel Matos\" \/>\n<meta property=\"og:description\" content=\"Em seu discurso, o vereador afirmou que sai da fun\u00e7\u00e3o com a sensa\u00e7\u00e3o de dever cumprido O vereador Marcial Lima [&hellip;]\" \/>\n<meta property=\"og:url\" content=\"https:\/\/www.blogsoestado.com\/danielmatos\/nao-voto-contra-trabalhador-afirma-marcial-lima-ao-justificar-saida-da-lideranca-de-governo\/\" \/>\n<meta property=\"og:site_name\" content=\"Daniel Matos\" \/>\n<meta property=\"article:published_time\" content=\"2022-03-11T08:00:00+00:00\" \/>\n<meta property=\"og:image\" content=\"https:\/\/www.blogsoestado.com\/danielmatos\/files\/2022\/03\/Screenshot_20220311-0117462.png\" \/>\n<meta name=\"twitter:card\" content=\"summary_large_image\" \/>\n<meta name=\"twitter:label1\" content=\"Est. tempo de leitura\" \/>\n\t<meta name=\"twitter:data1\" content=\"2 minutos\" \/>\n<script type=\"application\/ld+json\" class=\"yoast-schema-graph\">{\"@context\":\"https:\/\/schema.org\",\"@graph\":[{\"@type\":\"WebPage\",\"@id\":\"https:\/\/www.blogsoestado.com\/danielmatos\/nao-voto-contra-trabalhador-afirma-marcial-lima-ao-justificar-saida-da-lideranca-de-governo\/\",\"url\":\"https:\/\/www.blogsoestado.com\/danielmatos\/nao-voto-contra-trabalhador-afirma-marcial-lima-ao-justificar-saida-da-lideranca-de-governo\/\",\"name\":\"\u201cN\u00e3o voto contra trabalhador\u201d, afirma Marcial Lima ao justificar sa\u00edda da lideran\u00e7a de governo - Daniel Matos\",\"isPartOf\":{\"@id\":\"https:\/\/www.blogsoestado.com\/danielmatos\/#website\"},\"primaryImageOfPage\":{\"@id\":\"https:\/\/www.blogsoestado.com\/danielmatos\/nao-voto-contra-trabalhador-afirma-marcial-lima-ao-justificar-saida-da-lideranca-de-governo\/#primaryimage\"},\"image\":{\"@id\":\"https:\/\/www.blogsoestado.com\/danielmatos\/nao-voto-contra-trabalhador-afirma-marcial-lima-ao-justificar-saida-da-lideranca-de-governo\/#primaryimage\"},\"thumbnailUrl\":\"https:\/\/www.blogsoestado.com\/danielmatos\/files\/2022\/03\/Screenshot_20220311-0117462.png\",\"datePublished\":\"2022-03-11T08:00:00+00:00\",\"author\":{\"@id\":\"\"},\"breadcrumb\":{\"@id\":\"https:\/\/www.blogsoestado.com\/danielmatos\/nao-voto-contra-trabalhador-afirma-marcial-lima-ao-justificar-saida-da-lideranca-de-governo\/#breadcrumb\"},\"inLanguage\":\"pt-BR\",\"potentialAction\":[{\"@type\":\"ReadAction\",\"target\":[\"https:\/\/www.blogsoestado.com\/danielmatos\/nao-voto-contra-trabalhador-afirma-marcial-lima-ao-justificar-saida-da-lideranca-de-governo\/\"]}]},{\"@type\":\"ImageObject\",\"inLanguage\":\"pt-BR\",\"@id\":\"https:\/\/www.blogsoestado.com\/danielmatos\/nao-voto-contra-trabalhador-afirma-marcial-lima-ao-justificar-saida-da-lideranca-de-governo\/#primaryimage\",\"url\":\"https:\/\/www.blogsoestado.com\/danielmatos\/files\/2022\/03\/Screenshot_20220311-0117462.png\",\"contentUrl\":\"https:\/\/www.blogsoestado.com\/danielmatos\/files\/2022\/03\/Screenshot_20220311-0117462.png\"},{\"@type\":\"BreadcrumbList\",\"@id\":\"https:\/\/www.blogsoestado.com\/danielmatos\/nao-voto-contra-trabalhador-afirma-marcial-lima-ao-justificar-saida-da-lideranca-de-governo\/#breadcrumb\",\"itemListElement\":[{\"@type\":\"ListItem\",\"position\":1,\"name\":\"In\u00edcio\",\"item\":\"https:\/\/www.blogsoestado.com\/danielmatos\/\"},{\"@type\":\"ListItem\",\"position\":2,\"name\":\"\u201cN\u00e3o voto contra trabalhador\u201d, afirma Marcial Lima ao justificar sa\u00edda da lideran\u00e7a de governo\"}]},{\"@type\":\"WebSite\",\"@id\":\"https:\/\/www.blogsoestado.com\/danielmatos\/#website\",\"url\":\"https:\/\/www.blogsoestado.com\/danielmatos\/\",\"name\":\"Daniel Matos\",\"description\":\"\",\"potentialAction\":[{\"@type\":\"SearchAction\",\"target\":{\"@type\":\"EntryPoint\",\"urlTemplate\":\"https:\/\/www.blogsoestado.com\/danielmatos\/?s={search_term_string}\"},\"query-input\":{\"@type\":\"PropertyValueSpecification\",\"valueRequired\":true,\"valueName\":\"search_term_string\"}}],\"inLanguage\":\"pt-BR\"}]}<\/script>\n<!-- \/ Yoast SEO plugin. -->","yoast_head_json":{"title":"\u201cN\u00e3o voto contra trabalhador\u201d, afirma Marcial Lima ao justificar sa\u00edda da lideran\u00e7a de governo - Daniel Matos","robots":{"index":"index","follow":"follow","max-snippet":"max-snippet:-1","max-image-preview":"max-image-preview:large","max-video-preview":"max-video-preview:-1"},"canonical":"https:\/\/www.blogsoestado.com\/danielmatos\/nao-voto-contra-trabalhador-afirma-marcial-lima-ao-justificar-saida-da-lideranca-de-governo\/","og_locale":"pt_BR","og_type":"article","og_title":"\u201cN\u00e3o voto contra trabalhador\u201d, afirma Marcial Lima ao justificar sa\u00edda da lideran\u00e7a de governo - Daniel Matos","og_description":"Em seu discurso, o vereador afirmou que sai da fun\u00e7\u00e3o com a sensa\u00e7\u00e3o de dever cumprido O vereador Marcial Lima [&hellip;]","og_url":"https:\/\/www.blogsoestado.com\/danielmatos\/nao-voto-contra-trabalhador-afirma-marcial-lima-ao-justificar-saida-da-lideranca-de-governo\/","og_site_name":"Daniel Matos","article_published_time":"2022-03-11T08:00:00+00:00","og_image":[{"url":"https:\/\/www.blogsoestado.com\/danielmatos\/files\/2022\/03\/Screenshot_20220311-0117462.png","type":"","width":"","height":""}],"twitter_card":"summary_large_image","twitter_misc":{"Est. tempo de leitura":"2 minutos"},"schema":{"@context":"https:\/\/schema.org","@graph":[{"@type":"WebPage","@id":"https:\/\/www.blogsoestado.com\/danielmatos\/nao-voto-contra-trabalhador-afirma-marcial-lima-ao-justificar-saida-da-lideranca-de-governo\/","url":"https:\/\/www.blogsoestado.com\/danielmatos\/nao-voto-contra-trabalhador-afirma-marcial-lima-ao-justificar-saida-da-lideranca-de-governo\/","name":"\u201cN\u00e3o voto contra trabalhador\u201d, afirma Marcial Lima ao justificar sa\u00edda da lideran\u00e7a de governo - Daniel Matos","isPartOf":{"@id":"https:\/\/www.blogsoestado.com\/danielmatos\/#website"},"primaryImageOfPage":{"@id":"https:\/\/www.blogsoestado.com\/danielmatos\/nao-voto-contra-trabalhador-afirma-marcial-lima-ao-justificar-saida-da-lideranca-de-governo\/#primaryimage"},"image":{"@id":"https:\/\/www.blogsoestado.com\/danielmatos\/nao-voto-contra-trabalhador-afirma-marcial-lima-ao-justificar-saida-da-lideranca-de-governo\/#primaryimage"},"thumbnailUrl":"https:\/\/www.blogsoestado.com\/danielmatos\/files\/2022\/03\/Screenshot_20220311-0117462.png","datePublished":"2022-03-11T08:00:00+00:00","author":{"@id":""},"breadcrumb":{"@id":"https:\/\/www.blogsoestado.com\/danielmatos\/nao-voto-contra-trabalhador-afirma-marcial-lima-ao-justificar-saida-da-lideranca-de-governo\/#breadcrumb"},"inLanguage":"pt-BR","potentialAction":[{"@type":"ReadAction","target":["https:\/\/www.blogsoestado.com\/danielmatos\/nao-voto-contra-trabalhador-afirma-marcial-lima-ao-justificar-saida-da-lideranca-de-governo\/"]}]},{"@type":"ImageObject","inLanguage":"pt-BR","@id":"https:\/\/www.blogsoestado.com\/danielmatos\/nao-voto-contra-trabalhador-afirma-marcial-lima-ao-justificar-saida-da-lideranca-de-governo\/#primaryimage","url":"https:\/\/www.blogsoestado.com\/danielmatos\/files\/2022\/03\/Screenshot_20220311-0117462.png","contentUrl":"https:\/\/www.blogsoestado.com\/danielmatos\/files\/2022\/03\/Screenshot_20220311-0117462.png"},{"@type":"BreadcrumbList","@id":"https:\/\/www.blogsoestado.com\/danielmatos\/nao-voto-contra-trabalhador-afirma-marcial-lima-ao-justificar-saida-da-lideranca-de-governo\/#breadcrumb","itemListElement":[{"@type":"ListItem","position":1,"name":"In\u00edcio","item":"https:\/\/www.blogsoestado.com\/danielmatos\/"},{"@type":"ListItem","position":2,"name":"\u201cN\u00e3o voto contra trabalhador\u201d, afirma Marcial Lima ao justificar sa\u00edda da lideran\u00e7a de governo"}]},{"@type":"WebSite","@id":"https:\/\/www.blogsoestado.com\/danielmatos\/#website","url":"https:\/\/www.blogsoestado.com\/danielmatos\/","name":"Daniel Matos","description":"","potentialAction":[{"@type":"SearchAction","target":{"@type":"EntryPoint","urlTemplate":"https:\/\/www.blogsoestado.com\/danielmatos\/?s={search_term_string}"},"query-input":{"@type":"PropertyValueSpecification","valueRequired":true,"valueName":"search_term_string"}}],"inLanguage":"pt-BR"}]}},"jetpack_featured_media_url":"","_links":{"self":[{"href":"https:\/\/www.blogsoestado.com\/danielmatos\/wp-json\/wp\/v2\/posts\/95028","targetHints":{"allow":["GET"]}}],"collection":[{"href":"https:\/\/www.blogsoestado.com\/danielmatos\/wp-json\/wp\/v2\/posts"}],"about":[{"href":"https:\/\/www.blogsoestado.com\/danielmatos\/wp-json\/wp\/v2\/types\/post"}],"replies":[{"embeddable":true,"href":"https:\/\/www.blogsoestado.com\/danielmatos\/wp-json\/wp\/v2\/comments?post=95028"}],"version-history":[{"count":0,"href":"https:\/\/www.blogsoestado.com\/danielmatos\/wp-json\/wp\/v2\/posts\/95028\/revisions"}],"wp:attachment":[{"href":"https:\/\/www.blogsoestado.com\/danielmatos\/wp-json\/wp\/v2\/media?parent=95028"}],"wp:term":[{"taxonomy":"category","embeddable":true,"href":"https:\/\/www.blogsoestado.com\/danielmatos\/wp-json\/wp\/v2\/categories?post=95028"},{"taxonomy":"post_tag","embeddable":true,"href":"https:\/\/www.blogsoestado.com\/danielmatos\/wp-json\/wp\/v2\/tags?post=95028"}],"curies":[{"name":"wp","href":"https:\/\/api.w.org\/{rel}","templated":true}]}}