{"id":95048,"date":"2022-03-11T18:30:00","date_gmt":"2022-03-11T21:30:00","guid":{"rendered":"https:\/\/www.blogsoestado.com\/danielmatos\/?p=95048"},"modified":"2022-03-11T18:30:00","modified_gmt":"2022-03-11T21:30:00","slug":"ufma-e-cim-em-parceria-com-a-vale-e-com-o-apoio-da-fsadu-lancam-laboratorio-de-educacao-e-inovacoes-na-gestao-publica-nessa-terca-feira-15","status":"publish","type":"post","link":"https:\/\/www.blogsoestado.com\/danielmatos\/ufma-e-cim-em-parceria-com-a-vale-e-com-o-apoio-da-fsadu-lancam-laboratorio-de-educacao-e-inovacoes-na-gestao-publica-nessa-terca-feira-15\/","title":{"rendered":"UFMA e CIM, em parceria com a Vale e com o apoio da FSADU, lan\u00e7am Laborat\u00f3rio de Educa\u00e7\u00e3o e Inova\u00e7\u00f5es na Gest\u00e3o P\u00fablica, nessa ter\u00e7a-feira, 15"},"content":{"rendered":"\n<div class=\"wp-block-image\"><figure class=\"aligncenter size-large\"><a href=\"https:\/\/www.blogsoestado.com\/danielmatos\/files\/2022\/03\/Screenshot_20220311-1751512.png\"><img decoding=\"async\" src=\"https:\/\/www.blogsoestado.com\/danielmatos\/files\/2022\/03\/Screenshot_20220311-1751512.png\" alt=\"\" class=\"wp-image-95049\"\/><\/a><\/figure><\/div>\n\n\n\n<p>A Universidade Federal do Maranh\u00e3o e o Cons\u00f3rcio Intermunicipal Multimodal (CIM), em parceria com a Vale e com o apoio da Funda\u00e7\u00e3o Sous\u00e2ndrade, realizar\u00e3o, no dia 15 de mar\u00e7o, ter\u00e7a-feira, o projeto de pesquisa com aplica\u00e7\u00e3o pr\u00e1tica denominado LabCim &#8211; Laborat\u00f3rio de Educa\u00e7\u00e3o e Inova\u00e7\u00f5es na Gest\u00e3o P\u00fablica: coopera\u00e7\u00e3o T\u00e9cnica para Desenvolvimento de Projetos Especiais \u2013 CIM \u2013 UFMA. A solenidade de lan\u00e7amento, que vai ocorrer no Audit\u00f3rio Central da UFMA e transmitida no\u00a0<a href=\"https:\/\/www.youtube.com\/ufmaoficial\" target=\"_blank\" rel=\"noreferrer noopener\">Canal Institucional da UFMA, no YouTube<\/a>, contar\u00e1 com a presen\u00e7a de prefeitos, deputados, representantes da sociedade civil e demais autoridades maranhenses.<\/p>\n\n\n\n<p>&#8220;Esse projeto tem por objetivo construir conhecimento no \u00e2mbito da Coopera\u00e7\u00e3o T\u00e9cnica e Cient\u00edfica entre a UFMA e o CIM visando ao interc\u00e2mbio, \u00e0 elabora\u00e7\u00e3o, ao desenvolvimento e \u00e0 execu\u00e7\u00e3o de programas, projetos e a\u00e7\u00f5es, bem como de atividades de forma\u00e7\u00e3o, pesquisa e extens\u00e3o, unindo os 26 munic\u00edpios (25 do Maranh\u00e3o e 1 do Par\u00e1), que est\u00e3o associados ao Cons\u00f3rcio&#8221;, explicou o coordenador do LABCIM na UFMA, professor Arkley Bandeira.<\/p>\n\n\n\n<p>O foco de atua\u00e7\u00e3o do projeto centra-se nos munic\u00edpios que est\u00e3o consorciados no \u00e2mbito do CIM \u2013 Cons\u00f3rcio Intermunicipal Multimodal, entidade de direito p\u00fablico constitu\u00eddo por munic\u00edpios brasileiros, incluindo-se os maranhenses que t\u00eam interesse comum de melhorar a qualidade de vida da popula\u00e7\u00e3o, com a miss\u00e3o de prestar m\u00fatua assist\u00eancia para promover o desenvolvimento. Ele foi criado em fun\u00e7\u00e3o do modal ferrovi\u00e1rio, com foco nos munic\u00edpios afetados pela Estrada de Ferro Caraj\u00e1s (quando se chamava COMEFC).<\/p>\n\n\n\n<p>Uma das primeiras constata\u00e7\u00f5es foi a necessidade de criar compet\u00eancia nas principais \u00e1reas, desde os projetos at\u00e9 a gest\u00e3o p\u00fablica. Esse projeto foi delineado como uma a\u00e7\u00e3o de aplica\u00e7\u00e3o real, para desenvolver, em uma parceria institucional entre a UFMA, o CIM \u2013 Maranh\u00e3o e a Vale, compet\u00eancias no campo da gest\u00e3o p\u00fablica por meio da pesquisa e inova\u00e7\u00e3o, em particular, na \u00e1rea de elabora\u00e7\u00e3o e gerenciamento de projetos e constru\u00e7\u00e3o de uma rede com os poderes p\u00fablicos municipais e outros entes governamentais e privados.<\/p>\n\n\n\n<p>O presidente do CIM, o prefeito de Alto Alegre do Pindar\u00e9, Fufuca Dantas, explicou que o Cons\u00f3rcio Intermunicipal Multimodal desenvolveu o Laborat\u00f3rio de Inova\u00e7\u00e3o e Sustentabilidade da Gest\u00e3o P\u00fablica (LabCIM) e est\u00e1 concentrado em duas a\u00e7\u00f5es estruturantes de atua\u00e7\u00e3o:\u00a01) Forma\u00e7\u00e3o e Aprimoramento de Servidores P\u00fablicos Municipais e\u00a02) Resid\u00eancia em Projetos.<\/p>\n\n\n\n<p>&#8220;A configura\u00e7\u00e3o no modelo de Laborat\u00f3rio de Inova\u00e7\u00e3o segue uma tend\u00eancia de aproxima\u00e7\u00e3o dos entes p\u00fablicos com os centros de pesquisa e forma\u00e7\u00e3o. Portanto houve a necessidade de formalizar essa rela\u00e7\u00e3o, primeiramente com a Universidade Federal do Maranh\u00e3o, para que seja utilizada a experi\u00eancia e os instrumentos que a institui\u00e7\u00e3o disp\u00f5e, quanto \u00e0 capacita\u00e7\u00e3o de servidores municipais e ao desenvolvimento de pesquisas, incubadoras e resid\u00eancias de projetos dos munic\u00edpios consorciados, com \u00eanfase nos eixos: Gest\u00e3o e Governan\u00e7a P\u00fablica, Educa\u00e7\u00e3o e Inova\u00e7\u00e3o Tecnol\u00f3gica, Ordenamento Territorial, Gera\u00e7\u00e3o de Emprego e Renda, Sa\u00fade e Meio Ambiente e Saneamento&#8221;, detalhou.<\/p>\n\n\n\n<p>Para o reitor da UFMA, Natalino Salgado, o LABCIM aproxima a Universidade da sociedade, do setor p\u00fablico e produtivo, tendo em vista a sua miss\u00e3o institucional de promover o conhecimento e a sua aplica\u00e7\u00e3o para a melhoria do IDH do Maranh\u00e3o. &#8220;A UFMA est\u00e1 aberta \u00e0 sociedade, e a nossa gest\u00e3o sempre colocou como princ\u00edpio de trabalho o fomento de parcerias institucionais&#8221;, destacou.<\/p>\n\n\n\n<p>A estrutura funcional do LabCIM est\u00e1 organizada, em tr\u00eas eixos:1)\u00a0 \u00a0 Educa\u00e7\u00e3o, Inova\u00e7\u00e3o em Gest\u00e3o P\u00fablica e Tecnologia;2)\u00a0 \u00a0 Ordenamento Territorial e Gera\u00e7\u00e3o de Emprego e Renda; e3)\u00a0 \u00a0 Sa\u00fade, Meio Ambiente e Saneamento.Cada eixo, por sua vez, subdivide-se em temas espec\u00edficos relacionados ao eixo de que fazem parte, tendo como uma de suas fun\u00e7\u00f5es a elabora\u00e7\u00e3o de projetos de modo a destacar a finalidade pr\u00e1tica e aplicada do projeto.<\/p>\n\n\n\n<p><strong>Objetivos do LabCIM<\/strong><\/p>\n\n\n\n<p>1) Estruturar o N\u00facleo de Forma\u00e7\u00e3o e Aprimoramento em Gest\u00e3o P\u00fablica, com base em metodologias de trabalho inovadoras, alicer\u00e7adas no aprender fazendo;<\/p>\n\n\n\n<p>2) Identificar, potencializar e desenvolver estrat\u00e9gias inovadoras na gest\u00e3o p\u00fablica por meio dos Projetos de Inova\u00e7\u00e3o Incubados e Tutorados;<\/p>\n\n\n\n<p>3) Criar procedimentos e protocolos para apoiar o desenvolvimento de projetos dos munic\u00edpios consorciados com a elabora\u00e7\u00e3o e publica\u00e7\u00e3o do Guia de Procedimentos e Protocolos para Desenvolvimento de Projetos P\u00fablicos;<\/p>\n\n\n\n<p>4) Formar t\u00e9cnicos especializados em projetos por meio da Resid\u00eancia em Projetos com a previs\u00e3o inicial de 10 Residentes Formados (5 Residentes por Semestre x 2 semestres), durante 12 meses;<\/p>\n\n\n\n<p>5) Promover a forma\u00e7\u00e3o de servidores e gestores municipais nas \u00e1reas de compet\u00eancia do projeto, por meio de 1.200 capacita\u00e7\u00f5es nos 12 meses de vig\u00eancia;<\/p>\n\n\n\n<p>6) Apoiar o CIM nas rela\u00e7\u00f5es institucionais estrat\u00e9gicas por meio de reuni\u00f5es e encontros para a Apresenta\u00e7\u00e3o e Capta\u00e7\u00e3o de Projetos.<\/p>\n\n\n\n<p>Para dar suporte ao planejamento, \u00e0 execu\u00e7\u00e3o, gest\u00e3o e \u00e0 avalia\u00e7\u00e3o das metas do CIM, foi necess\u00e1ria a cria\u00e7\u00e3o de um espa\u00e7o acad\u00eamico que garantisse alcan\u00e7ar resultados tang\u00edveis para a implementa\u00e7\u00e3o das pol\u00edticas p\u00fablicas que atendam \u00e0s novas demandas de uma sociedade em transforma\u00e7\u00e3o e as especificidades das regi\u00f5es maranhenses abrangidas pelo Cons\u00f3rcio.<\/p>\n\n\n\n<p>A atua\u00e7\u00e3o desse projeto pretende, principalmente, auxiliar os munic\u00edpios envolvidos a diagnosticarem seus principais problemas relacionados aos eixos tem\u00e1ticos de atua\u00e7\u00e3o do projeto, para que, em seguida, em um processo de constru\u00e7\u00e3o conjunta, possam aplicar os conhecimentos adquiridos na proposi\u00e7\u00e3o de solu\u00e7\u00f5es e adequa\u00e7\u00f5es pr\u00e1ticas.<\/p>\n","protected":false},"excerpt":{"rendered":"<p>A Universidade Federal do Maranh\u00e3o e o Cons\u00f3rcio Intermunicipal Multimodal (CIM), em parceria com a Vale e com o apoio [&hellip;]<\/p>\n","protected":false},"author":0,"featured_media":0,"comment_status":"open","ping_status":"open","sticky":false,"template":"","format":"standard","meta":{"site-sidebar-layout":"default","site-content-layout":"","ast-site-content-layout":"default","site-content-style":"default","site-sidebar-style":"default","ast-global-header-display":"","ast-banner-title-visibility":"","ast-main-header-display":"","ast-hfb-above-header-display":"","ast-hfb-below-header-display":"","ast-hfb-mobile-header-display":"","site-post-title":"","ast-breadcrumbs-content":"","ast-featured-img":"","footer-sml-layout":"","ast-disable-related-posts":"","theme-transparent-header-meta":"","adv-header-id-meta":"","stick-header-meta":"","header-above-stick-meta":"","header-main-stick-meta":"","header-below-stick-meta":"","astra-migrate-meta-layouts":"default","ast-page-background-enabled":"default","ast-page-background-meta":{"desktop":{"background-color":"var(--ast-global-color-5)","background-image":"","background-repeat":"repeat","background-position":"center center","background-size":"auto","background-attachment":"scroll","background-type":"","background-media":"","overlay-type":"","overlay-color":"","overlay-opacity":"","overlay-gradient":""},"tablet":{"background-color":"","background-image":"","background-repeat":"repeat","background-position":"center center","background-size":"auto","background-attachment":"scroll","background-type":"","background-media":"","overlay-type":"","overlay-color":"","overlay-opacity":"","overlay-gradient":""},"mobile":{"background-color":"","background-image":"","background-repeat":"repeat","background-position":"center center","background-size":"auto","background-attachment":"scroll","background-type":"","background-media":"","overlay-type":"","overlay-color":"","overlay-opacity":"","overlay-gradient":""}},"ast-content-background-meta":{"desktop":{"background-color":"var(--ast-global-color-4)","background-image":"","background-repeat":"repeat","background-position":"center center","background-size":"auto","background-attachment":"scroll","background-type":"","background-media":"","overlay-type":"","overlay-color":"","overlay-opacity":"","overlay-gradient":""},"tablet":{"background-color":"var(--ast-global-color-4)","background-image":"","background-repeat":"repeat","background-position":"center center","background-size":"auto","background-attachment":"scroll","background-type":"","background-media":"","overlay-type":"","overlay-color":"","overlay-opacity":"","overlay-gradient":""},"mobile":{"background-color":"var(--ast-global-color-4)","background-image":"","background-repeat":"repeat","background-position":"center center","background-size":"auto","background-attachment":"scroll","background-type":"","background-media":"","overlay-type":"","overlay-color":"","overlay-opacity":"","overlay-gradient":""}},"footnotes":""},"categories":[1],"tags":[],"class_list":["post-95048","post","type-post","status-publish","format-standard","hentry","category-sem-categoria"],"yoast_head":"<!-- This site is optimized with the Yoast SEO plugin v26.6 - https:\/\/yoast.com\/wordpress\/plugins\/seo\/ -->\n<title>UFMA e CIM, em parceria com a Vale e com o apoio da FSADU, lan\u00e7am Laborat\u00f3rio de Educa\u00e7\u00e3o e Inova\u00e7\u00f5es na Gest\u00e3o P\u00fablica, nessa ter\u00e7a-feira, 15 - Daniel Matos<\/title>\n<meta name=\"robots\" content=\"index, follow, max-snippet:-1, max-image-preview:large, max-video-preview:-1\" \/>\n<link rel=\"canonical\" href=\"https:\/\/www.blogsoestado.com\/danielmatos\/ufma-e-cim-em-parceria-com-a-vale-e-com-o-apoio-da-fsadu-lancam-laboratorio-de-educacao-e-inovacoes-na-gestao-publica-nessa-terca-feira-15\/\" \/>\n<meta property=\"og:locale\" content=\"pt_BR\" \/>\n<meta property=\"og:type\" content=\"article\" \/>\n<meta property=\"og:title\" content=\"UFMA e CIM, em parceria com a Vale e com o apoio da FSADU, lan\u00e7am Laborat\u00f3rio de Educa\u00e7\u00e3o e Inova\u00e7\u00f5es na Gest\u00e3o P\u00fablica, nessa ter\u00e7a-feira, 15 - Daniel Matos\" \/>\n<meta property=\"og:description\" content=\"A Universidade Federal do Maranh\u00e3o e o Cons\u00f3rcio Intermunicipal Multimodal (CIM), em parceria com a Vale e com o apoio [&hellip;]\" \/>\n<meta property=\"og:url\" content=\"https:\/\/www.blogsoestado.com\/danielmatos\/ufma-e-cim-em-parceria-com-a-vale-e-com-o-apoio-da-fsadu-lancam-laboratorio-de-educacao-e-inovacoes-na-gestao-publica-nessa-terca-feira-15\/\" \/>\n<meta property=\"og:site_name\" content=\"Daniel Matos\" \/>\n<meta property=\"article:published_time\" content=\"2022-03-11T21:30:00+00:00\" \/>\n<meta property=\"og:image\" content=\"https:\/\/www.blogsoestado.com\/danielmatos\/files\/2022\/03\/Screenshot_20220311-1751512.png\" \/>\n<meta name=\"twitter:card\" content=\"summary_large_image\" \/>\n<meta name=\"twitter:label1\" content=\"Est. tempo de leitura\" \/>\n\t<meta name=\"twitter:data1\" content=\"4 minutos\" \/>\n<script type=\"application\/ld+json\" class=\"yoast-schema-graph\">{\"@context\":\"https:\/\/schema.org\",\"@graph\":[{\"@type\":\"WebPage\",\"@id\":\"https:\/\/www.blogsoestado.com\/danielmatos\/ufma-e-cim-em-parceria-com-a-vale-e-com-o-apoio-da-fsadu-lancam-laboratorio-de-educacao-e-inovacoes-na-gestao-publica-nessa-terca-feira-15\/\",\"url\":\"https:\/\/www.blogsoestado.com\/danielmatos\/ufma-e-cim-em-parceria-com-a-vale-e-com-o-apoio-da-fsadu-lancam-laboratorio-de-educacao-e-inovacoes-na-gestao-publica-nessa-terca-feira-15\/\",\"name\":\"UFMA e CIM, em parceria com a Vale e com o apoio da FSADU, lan\u00e7am Laborat\u00f3rio de Educa\u00e7\u00e3o e Inova\u00e7\u00f5es na Gest\u00e3o P\u00fablica, nessa ter\u00e7a-feira, 15 - Daniel Matos\",\"isPartOf\":{\"@id\":\"https:\/\/www.blogsoestado.com\/danielmatos\/#website\"},\"primaryImageOfPage\":{\"@id\":\"https:\/\/www.blogsoestado.com\/danielmatos\/ufma-e-cim-em-parceria-com-a-vale-e-com-o-apoio-da-fsadu-lancam-laboratorio-de-educacao-e-inovacoes-na-gestao-publica-nessa-terca-feira-15\/#primaryimage\"},\"image\":{\"@id\":\"https:\/\/www.blogsoestado.com\/danielmatos\/ufma-e-cim-em-parceria-com-a-vale-e-com-o-apoio-da-fsadu-lancam-laboratorio-de-educacao-e-inovacoes-na-gestao-publica-nessa-terca-feira-15\/#primaryimage\"},\"thumbnailUrl\":\"https:\/\/www.blogsoestado.com\/danielmatos\/files\/2022\/03\/Screenshot_20220311-1751512.png\",\"datePublished\":\"2022-03-11T21:30:00+00:00\",\"author\":{\"@id\":\"\"},\"breadcrumb\":{\"@id\":\"https:\/\/www.blogsoestado.com\/danielmatos\/ufma-e-cim-em-parceria-com-a-vale-e-com-o-apoio-da-fsadu-lancam-laboratorio-de-educacao-e-inovacoes-na-gestao-publica-nessa-terca-feira-15\/#breadcrumb\"},\"inLanguage\":\"pt-BR\",\"potentialAction\":[{\"@type\":\"ReadAction\",\"target\":[\"https:\/\/www.blogsoestado.com\/danielmatos\/ufma-e-cim-em-parceria-com-a-vale-e-com-o-apoio-da-fsadu-lancam-laboratorio-de-educacao-e-inovacoes-na-gestao-publica-nessa-terca-feira-15\/\"]}]},{\"@type\":\"ImageObject\",\"inLanguage\":\"pt-BR\",\"@id\":\"https:\/\/www.blogsoestado.com\/danielmatos\/ufma-e-cim-em-parceria-com-a-vale-e-com-o-apoio-da-fsadu-lancam-laboratorio-de-educacao-e-inovacoes-na-gestao-publica-nessa-terca-feira-15\/#primaryimage\",\"url\":\"https:\/\/www.blogsoestado.com\/danielmatos\/files\/2022\/03\/Screenshot_20220311-1751512.png\",\"contentUrl\":\"https:\/\/www.blogsoestado.com\/danielmatos\/files\/2022\/03\/Screenshot_20220311-1751512.png\"},{\"@type\":\"BreadcrumbList\",\"@id\":\"https:\/\/www.blogsoestado.com\/danielmatos\/ufma-e-cim-em-parceria-com-a-vale-e-com-o-apoio-da-fsadu-lancam-laboratorio-de-educacao-e-inovacoes-na-gestao-publica-nessa-terca-feira-15\/#breadcrumb\",\"itemListElement\":[{\"@type\":\"ListItem\",\"position\":1,\"name\":\"In\u00edcio\",\"item\":\"https:\/\/www.blogsoestado.com\/danielmatos\/\"},{\"@type\":\"ListItem\",\"position\":2,\"name\":\"UFMA e CIM, em parceria com a Vale e com o apoio da FSADU, lan\u00e7am Laborat\u00f3rio de Educa\u00e7\u00e3o e Inova\u00e7\u00f5es na Gest\u00e3o P\u00fablica, nessa ter\u00e7a-feira, 15\"}]},{\"@type\":\"WebSite\",\"@id\":\"https:\/\/www.blogsoestado.com\/danielmatos\/#website\",\"url\":\"https:\/\/www.blogsoestado.com\/danielmatos\/\",\"name\":\"Daniel Matos\",\"description\":\"\",\"potentialAction\":[{\"@type\":\"SearchAction\",\"target\":{\"@type\":\"EntryPoint\",\"urlTemplate\":\"https:\/\/www.blogsoestado.com\/danielmatos\/?s={search_term_string}\"},\"query-input\":{\"@type\":\"PropertyValueSpecification\",\"valueRequired\":true,\"valueName\":\"search_term_string\"}}],\"inLanguage\":\"pt-BR\"}]}<\/script>\n<!-- \/ Yoast SEO plugin. -->","yoast_head_json":{"title":"UFMA e CIM, em parceria com a Vale e com o apoio da FSADU, lan\u00e7am Laborat\u00f3rio de Educa\u00e7\u00e3o e Inova\u00e7\u00f5es na Gest\u00e3o P\u00fablica, nessa ter\u00e7a-feira, 15 - Daniel Matos","robots":{"index":"index","follow":"follow","max-snippet":"max-snippet:-1","max-image-preview":"max-image-preview:large","max-video-preview":"max-video-preview:-1"},"canonical":"https:\/\/www.blogsoestado.com\/danielmatos\/ufma-e-cim-em-parceria-com-a-vale-e-com-o-apoio-da-fsadu-lancam-laboratorio-de-educacao-e-inovacoes-na-gestao-publica-nessa-terca-feira-15\/","og_locale":"pt_BR","og_type":"article","og_title":"UFMA e CIM, em parceria com a Vale e com o apoio da FSADU, lan\u00e7am Laborat\u00f3rio de Educa\u00e7\u00e3o e Inova\u00e7\u00f5es na Gest\u00e3o P\u00fablica, nessa ter\u00e7a-feira, 15 - Daniel Matos","og_description":"A Universidade Federal do Maranh\u00e3o e o Cons\u00f3rcio Intermunicipal Multimodal (CIM), em parceria com a Vale e com o apoio [&hellip;]","og_url":"https:\/\/www.blogsoestado.com\/danielmatos\/ufma-e-cim-em-parceria-com-a-vale-e-com-o-apoio-da-fsadu-lancam-laboratorio-de-educacao-e-inovacoes-na-gestao-publica-nessa-terca-feira-15\/","og_site_name":"Daniel Matos","article_published_time":"2022-03-11T21:30:00+00:00","og_image":[{"url":"https:\/\/www.blogsoestado.com\/danielmatos\/files\/2022\/03\/Screenshot_20220311-1751512.png","type":"","width":"","height":""}],"twitter_card":"summary_large_image","twitter_misc":{"Est. tempo de leitura":"4 minutos"},"schema":{"@context":"https:\/\/schema.org","@graph":[{"@type":"WebPage","@id":"https:\/\/www.blogsoestado.com\/danielmatos\/ufma-e-cim-em-parceria-com-a-vale-e-com-o-apoio-da-fsadu-lancam-laboratorio-de-educacao-e-inovacoes-na-gestao-publica-nessa-terca-feira-15\/","url":"https:\/\/www.blogsoestado.com\/danielmatos\/ufma-e-cim-em-parceria-com-a-vale-e-com-o-apoio-da-fsadu-lancam-laboratorio-de-educacao-e-inovacoes-na-gestao-publica-nessa-terca-feira-15\/","name":"UFMA e CIM, em parceria com a Vale e com o apoio da FSADU, lan\u00e7am Laborat\u00f3rio de Educa\u00e7\u00e3o e Inova\u00e7\u00f5es na Gest\u00e3o P\u00fablica, nessa ter\u00e7a-feira, 15 - Daniel Matos","isPartOf":{"@id":"https:\/\/www.blogsoestado.com\/danielmatos\/#website"},"primaryImageOfPage":{"@id":"https:\/\/www.blogsoestado.com\/danielmatos\/ufma-e-cim-em-parceria-com-a-vale-e-com-o-apoio-da-fsadu-lancam-laboratorio-de-educacao-e-inovacoes-na-gestao-publica-nessa-terca-feira-15\/#primaryimage"},"image":{"@id":"https:\/\/www.blogsoestado.com\/danielmatos\/ufma-e-cim-em-parceria-com-a-vale-e-com-o-apoio-da-fsadu-lancam-laboratorio-de-educacao-e-inovacoes-na-gestao-publica-nessa-terca-feira-15\/#primaryimage"},"thumbnailUrl":"https:\/\/www.blogsoestado.com\/danielmatos\/files\/2022\/03\/Screenshot_20220311-1751512.png","datePublished":"2022-03-11T21:30:00+00:00","author":{"@id":""},"breadcrumb":{"@id":"https:\/\/www.blogsoestado.com\/danielmatos\/ufma-e-cim-em-parceria-com-a-vale-e-com-o-apoio-da-fsadu-lancam-laboratorio-de-educacao-e-inovacoes-na-gestao-publica-nessa-terca-feira-15\/#breadcrumb"},"inLanguage":"pt-BR","potentialAction":[{"@type":"ReadAction","target":["https:\/\/www.blogsoestado.com\/danielmatos\/ufma-e-cim-em-parceria-com-a-vale-e-com-o-apoio-da-fsadu-lancam-laboratorio-de-educacao-e-inovacoes-na-gestao-publica-nessa-terca-feira-15\/"]}]},{"@type":"ImageObject","inLanguage":"pt-BR","@id":"https:\/\/www.blogsoestado.com\/danielmatos\/ufma-e-cim-em-parceria-com-a-vale-e-com-o-apoio-da-fsadu-lancam-laboratorio-de-educacao-e-inovacoes-na-gestao-publica-nessa-terca-feira-15\/#primaryimage","url":"https:\/\/www.blogsoestado.com\/danielmatos\/files\/2022\/03\/Screenshot_20220311-1751512.png","contentUrl":"https:\/\/www.blogsoestado.com\/danielmatos\/files\/2022\/03\/Screenshot_20220311-1751512.png"},{"@type":"BreadcrumbList","@id":"https:\/\/www.blogsoestado.com\/danielmatos\/ufma-e-cim-em-parceria-com-a-vale-e-com-o-apoio-da-fsadu-lancam-laboratorio-de-educacao-e-inovacoes-na-gestao-publica-nessa-terca-feira-15\/#breadcrumb","itemListElement":[{"@type":"ListItem","position":1,"name":"In\u00edcio","item":"https:\/\/www.blogsoestado.com\/danielmatos\/"},{"@type":"ListItem","position":2,"name":"UFMA e CIM, em parceria com a Vale e com o apoio da FSADU, lan\u00e7am Laborat\u00f3rio de Educa\u00e7\u00e3o e Inova\u00e7\u00f5es na Gest\u00e3o P\u00fablica, nessa ter\u00e7a-feira, 15"}]},{"@type":"WebSite","@id":"https:\/\/www.blogsoestado.com\/danielmatos\/#website","url":"https:\/\/www.blogsoestado.com\/danielmatos\/","name":"Daniel Matos","description":"","potentialAction":[{"@type":"SearchAction","target":{"@type":"EntryPoint","urlTemplate":"https:\/\/www.blogsoestado.com\/danielmatos\/?s={search_term_string}"},"query-input":{"@type":"PropertyValueSpecification","valueRequired":true,"valueName":"search_term_string"}}],"inLanguage":"pt-BR"}]}},"jetpack_featured_media_url":"","_links":{"self":[{"href":"https:\/\/www.blogsoestado.com\/danielmatos\/wp-json\/wp\/v2\/posts\/95048","targetHints":{"allow":["GET"]}}],"collection":[{"href":"https:\/\/www.blogsoestado.com\/danielmatos\/wp-json\/wp\/v2\/posts"}],"about":[{"href":"https:\/\/www.blogsoestado.com\/danielmatos\/wp-json\/wp\/v2\/types\/post"}],"replies":[{"embeddable":true,"href":"https:\/\/www.blogsoestado.com\/danielmatos\/wp-json\/wp\/v2\/comments?post=95048"}],"version-history":[{"count":0,"href":"https:\/\/www.blogsoestado.com\/danielmatos\/wp-json\/wp\/v2\/posts\/95048\/revisions"}],"wp:attachment":[{"href":"https:\/\/www.blogsoestado.com\/danielmatos\/wp-json\/wp\/v2\/media?parent=95048"}],"wp:term":[{"taxonomy":"category","embeddable":true,"href":"https:\/\/www.blogsoestado.com\/danielmatos\/wp-json\/wp\/v2\/categories?post=95048"},{"taxonomy":"post_tag","embeddable":true,"href":"https:\/\/www.blogsoestado.com\/danielmatos\/wp-json\/wp\/v2\/tags?post=95048"}],"curies":[{"name":"wp","href":"https:\/\/api.w.org\/{rel}","templated":true}]}}