{"id":95051,"date":"2022-03-11T18:56:54","date_gmt":"2022-03-11T21:56:54","guid":{"rendered":"https:\/\/www.blogsoestado.com\/danielmatos\/?p=95051"},"modified":"2022-03-11T18:56:54","modified_gmt":"2022-03-11T21:56:54","slug":"aula-inaugural-marca-o-programa-de-capacitacao-tecnica-de-mulheres-na-fabrica-de-aluminio-da-alumar","status":"publish","type":"post","link":"https:\/\/www.blogsoestado.com\/danielmatos\/aula-inaugural-marca-o-programa-de-capacitacao-tecnica-de-mulheres-na-fabrica-de-aluminio-da-alumar\/","title":{"rendered":"Aula inaugural marca o programa de capacita\u00e7\u00e3o t\u00e9cnica de mulheres na f\u00e1brica de alum\u00ednio da Alumar"},"content":{"rendered":"\n<p><strong><span class=\"has-inline-color has-vivid-red-color\">Abertura oficial ocorreu na sexta feira,11, no audit\u00f3rio do Centro de Treinamento do Cons\u00f3rcio<\/span><\/strong><\/p>\n\n\n\n<div class=\"wp-block-image\"><figure class=\"aligncenter size-large\"><a href=\"https:\/\/www.blogsoestado.com\/danielmatos\/files\/2022\/03\/Screenshot_20220311-1852282.png\"><img decoding=\"async\" src=\"https:\/\/www.blogsoestado.com\/danielmatos\/files\/2022\/03\/Screenshot_20220311-1852282.png\" alt=\"\" class=\"wp-image-95052\"\/><\/a><figcaption>A aula inaugural foi ministrada por Riane Oliveira, business partner da f\u00e1brica de alum\u00ednio, que discorreu sobre a import\u00e2ncia do papel da mulher no universo laboral<\/figcaption><\/figure><\/div>\n\n\n\n<p>Alinhado com a sua pol\u00edtica de inclus\u00e3o e de incentivo \u00e0 presen\u00e7a feminina na f\u00e1brica, a Alumar deu in\u00edcio ao Programa de Mulheres na Redu\u00e7\u00e3o, com o objetivo de contratar e qualificar 50 profissionais para as \u00e1reas operacionais da f\u00e1brica de alum\u00ednio. As selecionadas receber\u00e3o forma\u00e7\u00e3o no per\u00edodo de um m\u00eas, a ser realizada em parceria com o Servi\u00e7o Nacional de Aprendizagem Industrial (Senai), com conte\u00fado te\u00f3rico e a\u00e7\u00f5es pr\u00e1ticas.<\/p>\n\n\n\n<p>A aula inaugural foi ministrada por Riane Oliveira, Business partner da f\u00e1brica de alum\u00ednio, que discorreu sobre a import\u00e2ncia do papel da mulher no universo laboral. O programa do curso \u00e9 voltado para temas relacionados \u00e0 educa\u00e7\u00e3o para o trabalho, como comunica\u00e7\u00e3o oral e escrita, planejamento e sa\u00fade e seguran\u00e7a, al\u00e9m de m\u00f3dulos t\u00e9cnicos, com atividades envolvendo abordando a opera\u00e7\u00e3o e outros processos operacionais. Al\u00e9m disso, as profissionais ter\u00e3o acompanhamento de um tutor durante os tr\u00eas primeiros meses de trabalho.<\/p>\n\n\n\n<p>Segundo o diretor da Alumar, Helder Teixeira, presente ao evento, &#8220;o mundo est\u00e1 cada vez mais complexo e desafiador e, nesse quadro de constantes desafios, a maior participa\u00e7\u00e3o das mulheres empregando sua for\u00e7a de trabalho com compet\u00eancia e qualidade \u00e9 fundamental para o sucesso de qualquer empreendimento\u201d, destacou.<\/p>\n\n\n\n<p>A expectativa das selecionadas para trabalhar na empresa \u00e9 um diferencial \u00e0 parte. A Alumar, reconhecida como um grande empreendimento no estado, \u00e9 meta para os objetivos profissionais das maranhenses. \u201cAs oportunidades de trabalho em uma grande ind\u00fastria ainda s\u00e3o muito limitadas, at\u00e9 pelo perfil do estado, muito mais voltado para o agropecu\u00e1rio. Uma possibilidade de trabalho aqui pode ser transformador em v\u00e1rios aspectos das nossas vidas\u201d, afirmou Daphne Rodrigues, 27, entusiasmada com novas possibilidades na carreira.<\/p>\n\n\n\n<p>A gerente de RH, Teresa Cavalca, incentiva novas conquistas pelas alunas do Programa. &#8220;A hist\u00f3ria da Alumar est\u00e1 ligada \u00e0 vanguarda dos acontecimentos, tanto nos fundamentos relativos ao crescimento social, quanto \u00e0 aten\u00e7\u00e3o em dire\u00e7\u00e3o \u00e0 diversidade e inclus\u00e3o. O RH da Alumar n\u00e3o \u00e9 mero contratador de m\u00e3o de obra, mas, sobretudo, representa o esp\u00edrito da nossa f\u00e1brica, que qualifica e emprega sempre em conex\u00e3o com as mudan\u00e7as do mundo no seu aspecto social e econ\u00f4mico. O Programa Avisa Que S\u00e3o Elas \u00e9 um exemplo disto&#8221;, disse.<\/p>\n\n\n\n<p>Jehynny Pinheiro, 31, retorna \u00e0 Alumar, depois de trabalhar na f\u00e1brica no setor administrativo por uma terceirizada do Cons\u00f3rcio. Selecionada para o Programa Avisa Que S\u00e3o Elas, disse estar mais que pronta para o futuro. \u201cEu amo a atividade industrial, nasci para trabalhar na opera\u00e7\u00e3o e essa \u00e9 uma oportunidade \u00fanica. O primeiro passo para uma nova hist\u00f3ria na minha carreira\u201d, enfatizou.<\/p>\n\n\n\n<p>A Alumar \u00e9 reconhecida nacional e internacionalmente pelas suas pol\u00edticas de inclus\u00e3o. Em 2021, foi certificada pelo Guia Exame de Inclus\u00e3o &amp; Diversidade e, em 2020, recebeu a premia\u00e7\u00e3o de Melhor Empresa em Diversidade no setor de Siderurgia e Minera\u00e7\u00e3o. Entre as iniciativas desenvolvidas pela Alumar, destacam-se a AWN (Rede de Mulheres da Alcoa), que tem como miss\u00e3o fornecer inspira\u00e7\u00e3o, conscientiza\u00e7\u00e3o e conex\u00f5es na promo\u00e7\u00e3o de uma cultura de inclus\u00e3o de mulheres e melhoria da diversidade de g\u00eanero. Tamb\u00e9m conta com os grupos EAGLE (Colaboradores na Alcoa pela Igualdade LGBTQIA+), AWARE (Alcoanos e Alcoanas Trabalhando Ativamente para a Equidade \u00c9tnico-Racial) e ABLE (Alcoanos e Alcoanas Indo Al\u00e9m de Expectativas Limitantes).<\/p>\n\n\n\n<p><strong>Sobre a Alumar<\/strong><\/p>\n\n\n\n<p>O Cons\u00f3rcio de Alum\u00ednio do Maranh\u00e3o &#8211; Alumar \u00e9 um dos maiores complexos industriais de produ\u00e7\u00e3o de alumina e alum\u00ednio do mundo. Inaugurado em julho de 1984, \u00e9 formado pelas empresas Alcoa, Rio Tinto e South32 e desempenha um papel importante no Maranh\u00e3o. Cerca de 90% de seus colaboradores s\u00e3o maranhenses, al\u00e9m de contar com centenas de fornecedores locais.<\/p>\n\n\n\n<p>O sistema de gest\u00e3o da Alumar \u00e9 integrado e engloba gest\u00f5es de qualidade, sa\u00fade, seguran\u00e7a e meio ambiente estabelecido com base nas normas NBR ISO 9001, NBR ISO 14001 e NBR ISO 45001. Em 2019, obteve a certifica\u00e7\u00e3o ASI (Aluminium Stewardship Initiative), o mais importante Selo de Sustentabilidade na cadeia de valor do alum\u00ednio.<\/p>\n","protected":false},"excerpt":{"rendered":"<p>Abertura oficial ocorreu na sexta feira,11, no audit\u00f3rio do Centro de Treinamento do Cons\u00f3rcio Alinhado com a sua pol\u00edtica de [&hellip;]<\/p>\n","protected":false},"author":0,"featured_media":0,"comment_status":"open","ping_status":"open","sticky":false,"template":"","format":"standard","meta":{"site-sidebar-layout":"default","site-content-layout":"","ast-site-content-layout":"default","site-content-style":"default","site-sidebar-style":"default","ast-global-header-display":"","ast-banner-title-visibility":"","ast-main-header-display":"","ast-hfb-above-header-display":"","ast-hfb-below-header-display":"","ast-hfb-mobile-header-display":"","site-post-title":"","ast-breadcrumbs-content":"","ast-featured-img":"","footer-sml-layout":"","ast-disable-related-posts":"","theme-transparent-header-meta":"","adv-header-id-meta":"","stick-header-meta":"","header-above-stick-meta":"","header-main-stick-meta":"","header-below-stick-meta":"","astra-migrate-meta-layouts":"default","ast-page-background-enabled":"default","ast-page-background-meta":{"desktop":{"background-color":"var(--ast-global-color-5)","background-image":"","background-repeat":"repeat","background-position":"center center","background-size":"auto","background-attachment":"scroll","background-type":"","background-media":"","overlay-type":"","overlay-color":"","overlay-opacity":"","overlay-gradient":""},"tablet":{"background-color":"","background-image":"","background-repeat":"repeat","background-position":"center center","background-size":"auto","background-attachment":"scroll","background-type":"","background-media":"","overlay-type":"","overlay-color":"","overlay-opacity":"","overlay-gradient":""},"mobile":{"background-color":"","background-image":"","background-repeat":"repeat","background-position":"center center","background-size":"auto","background-attachment":"scroll","background-type":"","background-media":"","overlay-type":"","overlay-color":"","overlay-opacity":"","overlay-gradient":""}},"ast-content-background-meta":{"desktop":{"background-color":"var(--ast-global-color-4)","background-image":"","background-repeat":"repeat","background-position":"center center","background-size":"auto","background-attachment":"scroll","background-type":"","background-media":"","overlay-type":"","overlay-color":"","overlay-opacity":"","overlay-gradient":""},"tablet":{"background-color":"var(--ast-global-color-4)","background-image":"","background-repeat":"repeat","background-position":"center center","background-size":"auto","background-attachment":"scroll","background-type":"","background-media":"","overlay-type":"","overlay-color":"","overlay-opacity":"","overlay-gradient":""},"mobile":{"background-color":"var(--ast-global-color-4)","background-image":"","background-repeat":"repeat","background-position":"center center","background-size":"auto","background-attachment":"scroll","background-type":"","background-media":"","overlay-type":"","overlay-color":"","overlay-opacity":"","overlay-gradient":""}},"footnotes":""},"categories":[1],"tags":[],"class_list":["post-95051","post","type-post","status-publish","format-standard","hentry","category-sem-categoria"],"yoast_head":"<!-- This site is optimized with the Yoast SEO plugin v26.6 - https:\/\/yoast.com\/wordpress\/plugins\/seo\/ -->\n<title>Aula inaugural marca o programa de capacita\u00e7\u00e3o t\u00e9cnica de mulheres na f\u00e1brica de alum\u00ednio da Alumar - Daniel Matos<\/title>\n<meta name=\"robots\" content=\"index, follow, max-snippet:-1, max-image-preview:large, max-video-preview:-1\" \/>\n<link rel=\"canonical\" href=\"https:\/\/www.blogsoestado.com\/danielmatos\/aula-inaugural-marca-o-programa-de-capacitacao-tecnica-de-mulheres-na-fabrica-de-aluminio-da-alumar\/\" \/>\n<meta property=\"og:locale\" content=\"pt_BR\" \/>\n<meta property=\"og:type\" content=\"article\" \/>\n<meta property=\"og:title\" content=\"Aula inaugural marca o programa de capacita\u00e7\u00e3o t\u00e9cnica de mulheres na f\u00e1brica de alum\u00ednio da Alumar - Daniel Matos\" \/>\n<meta property=\"og:description\" content=\"Abertura oficial ocorreu na sexta feira,11, no audit\u00f3rio do Centro de Treinamento do Cons\u00f3rcio Alinhado com a sua pol\u00edtica de [&hellip;]\" \/>\n<meta property=\"og:url\" content=\"https:\/\/www.blogsoestado.com\/danielmatos\/aula-inaugural-marca-o-programa-de-capacitacao-tecnica-de-mulheres-na-fabrica-de-aluminio-da-alumar\/\" \/>\n<meta property=\"og:site_name\" content=\"Daniel Matos\" \/>\n<meta property=\"article:published_time\" content=\"2022-03-11T21:56:54+00:00\" \/>\n<meta property=\"og:image\" content=\"https:\/\/www.blogsoestado.com\/danielmatos\/files\/2022\/03\/Screenshot_20220311-1852282.png\" \/>\n<meta name=\"twitter:card\" content=\"summary_large_image\" \/>\n<meta name=\"twitter:label1\" content=\"Est. tempo de leitura\" \/>\n\t<meta name=\"twitter:data1\" content=\"4 minutos\" \/>\n<script type=\"application\/ld+json\" class=\"yoast-schema-graph\">{\"@context\":\"https:\/\/schema.org\",\"@graph\":[{\"@type\":\"WebPage\",\"@id\":\"https:\/\/www.blogsoestado.com\/danielmatos\/aula-inaugural-marca-o-programa-de-capacitacao-tecnica-de-mulheres-na-fabrica-de-aluminio-da-alumar\/\",\"url\":\"https:\/\/www.blogsoestado.com\/danielmatos\/aula-inaugural-marca-o-programa-de-capacitacao-tecnica-de-mulheres-na-fabrica-de-aluminio-da-alumar\/\",\"name\":\"Aula inaugural marca o programa de capacita\u00e7\u00e3o t\u00e9cnica de mulheres na f\u00e1brica de alum\u00ednio da Alumar - Daniel Matos\",\"isPartOf\":{\"@id\":\"https:\/\/www.blogsoestado.com\/danielmatos\/#website\"},\"primaryImageOfPage\":{\"@id\":\"https:\/\/www.blogsoestado.com\/danielmatos\/aula-inaugural-marca-o-programa-de-capacitacao-tecnica-de-mulheres-na-fabrica-de-aluminio-da-alumar\/#primaryimage\"},\"image\":{\"@id\":\"https:\/\/www.blogsoestado.com\/danielmatos\/aula-inaugural-marca-o-programa-de-capacitacao-tecnica-de-mulheres-na-fabrica-de-aluminio-da-alumar\/#primaryimage\"},\"thumbnailUrl\":\"https:\/\/www.blogsoestado.com\/danielmatos\/files\/2022\/03\/Screenshot_20220311-1852282.png\",\"datePublished\":\"2022-03-11T21:56:54+00:00\",\"author\":{\"@id\":\"\"},\"breadcrumb\":{\"@id\":\"https:\/\/www.blogsoestado.com\/danielmatos\/aula-inaugural-marca-o-programa-de-capacitacao-tecnica-de-mulheres-na-fabrica-de-aluminio-da-alumar\/#breadcrumb\"},\"inLanguage\":\"pt-BR\",\"potentialAction\":[{\"@type\":\"ReadAction\",\"target\":[\"https:\/\/www.blogsoestado.com\/danielmatos\/aula-inaugural-marca-o-programa-de-capacitacao-tecnica-de-mulheres-na-fabrica-de-aluminio-da-alumar\/\"]}]},{\"@type\":\"ImageObject\",\"inLanguage\":\"pt-BR\",\"@id\":\"https:\/\/www.blogsoestado.com\/danielmatos\/aula-inaugural-marca-o-programa-de-capacitacao-tecnica-de-mulheres-na-fabrica-de-aluminio-da-alumar\/#primaryimage\",\"url\":\"https:\/\/www.blogsoestado.com\/danielmatos\/files\/2022\/03\/Screenshot_20220311-1852282.png\",\"contentUrl\":\"https:\/\/www.blogsoestado.com\/danielmatos\/files\/2022\/03\/Screenshot_20220311-1852282.png\"},{\"@type\":\"BreadcrumbList\",\"@id\":\"https:\/\/www.blogsoestado.com\/danielmatos\/aula-inaugural-marca-o-programa-de-capacitacao-tecnica-de-mulheres-na-fabrica-de-aluminio-da-alumar\/#breadcrumb\",\"itemListElement\":[{\"@type\":\"ListItem\",\"position\":1,\"name\":\"In\u00edcio\",\"item\":\"https:\/\/www.blogsoestado.com\/danielmatos\/\"},{\"@type\":\"ListItem\",\"position\":2,\"name\":\"Aula inaugural marca o programa de capacita\u00e7\u00e3o t\u00e9cnica de mulheres na f\u00e1brica de alum\u00ednio da Alumar\"}]},{\"@type\":\"WebSite\",\"@id\":\"https:\/\/www.blogsoestado.com\/danielmatos\/#website\",\"url\":\"https:\/\/www.blogsoestado.com\/danielmatos\/\",\"name\":\"Daniel Matos\",\"description\":\"\",\"potentialAction\":[{\"@type\":\"SearchAction\",\"target\":{\"@type\":\"EntryPoint\",\"urlTemplate\":\"https:\/\/www.blogsoestado.com\/danielmatos\/?s={search_term_string}\"},\"query-input\":{\"@type\":\"PropertyValueSpecification\",\"valueRequired\":true,\"valueName\":\"search_term_string\"}}],\"inLanguage\":\"pt-BR\"}]}<\/script>\n<!-- \/ Yoast SEO plugin. -->","yoast_head_json":{"title":"Aula inaugural marca o programa de capacita\u00e7\u00e3o t\u00e9cnica de mulheres na f\u00e1brica de alum\u00ednio da Alumar - Daniel Matos","robots":{"index":"index","follow":"follow","max-snippet":"max-snippet:-1","max-image-preview":"max-image-preview:large","max-video-preview":"max-video-preview:-1"},"canonical":"https:\/\/www.blogsoestado.com\/danielmatos\/aula-inaugural-marca-o-programa-de-capacitacao-tecnica-de-mulheres-na-fabrica-de-aluminio-da-alumar\/","og_locale":"pt_BR","og_type":"article","og_title":"Aula inaugural marca o programa de capacita\u00e7\u00e3o t\u00e9cnica de mulheres na f\u00e1brica de alum\u00ednio da Alumar - Daniel Matos","og_description":"Abertura oficial ocorreu na sexta feira,11, no audit\u00f3rio do Centro de Treinamento do Cons\u00f3rcio Alinhado com a sua pol\u00edtica de [&hellip;]","og_url":"https:\/\/www.blogsoestado.com\/danielmatos\/aula-inaugural-marca-o-programa-de-capacitacao-tecnica-de-mulheres-na-fabrica-de-aluminio-da-alumar\/","og_site_name":"Daniel Matos","article_published_time":"2022-03-11T21:56:54+00:00","og_image":[{"url":"https:\/\/www.blogsoestado.com\/danielmatos\/files\/2022\/03\/Screenshot_20220311-1852282.png","type":"","width":"","height":""}],"twitter_card":"summary_large_image","twitter_misc":{"Est. tempo de leitura":"4 minutos"},"schema":{"@context":"https:\/\/schema.org","@graph":[{"@type":"WebPage","@id":"https:\/\/www.blogsoestado.com\/danielmatos\/aula-inaugural-marca-o-programa-de-capacitacao-tecnica-de-mulheres-na-fabrica-de-aluminio-da-alumar\/","url":"https:\/\/www.blogsoestado.com\/danielmatos\/aula-inaugural-marca-o-programa-de-capacitacao-tecnica-de-mulheres-na-fabrica-de-aluminio-da-alumar\/","name":"Aula inaugural marca o programa de capacita\u00e7\u00e3o t\u00e9cnica de mulheres na f\u00e1brica de alum\u00ednio da Alumar - Daniel Matos","isPartOf":{"@id":"https:\/\/www.blogsoestado.com\/danielmatos\/#website"},"primaryImageOfPage":{"@id":"https:\/\/www.blogsoestado.com\/danielmatos\/aula-inaugural-marca-o-programa-de-capacitacao-tecnica-de-mulheres-na-fabrica-de-aluminio-da-alumar\/#primaryimage"},"image":{"@id":"https:\/\/www.blogsoestado.com\/danielmatos\/aula-inaugural-marca-o-programa-de-capacitacao-tecnica-de-mulheres-na-fabrica-de-aluminio-da-alumar\/#primaryimage"},"thumbnailUrl":"https:\/\/www.blogsoestado.com\/danielmatos\/files\/2022\/03\/Screenshot_20220311-1852282.png","datePublished":"2022-03-11T21:56:54+00:00","author":{"@id":""},"breadcrumb":{"@id":"https:\/\/www.blogsoestado.com\/danielmatos\/aula-inaugural-marca-o-programa-de-capacitacao-tecnica-de-mulheres-na-fabrica-de-aluminio-da-alumar\/#breadcrumb"},"inLanguage":"pt-BR","potentialAction":[{"@type":"ReadAction","target":["https:\/\/www.blogsoestado.com\/danielmatos\/aula-inaugural-marca-o-programa-de-capacitacao-tecnica-de-mulheres-na-fabrica-de-aluminio-da-alumar\/"]}]},{"@type":"ImageObject","inLanguage":"pt-BR","@id":"https:\/\/www.blogsoestado.com\/danielmatos\/aula-inaugural-marca-o-programa-de-capacitacao-tecnica-de-mulheres-na-fabrica-de-aluminio-da-alumar\/#primaryimage","url":"https:\/\/www.blogsoestado.com\/danielmatos\/files\/2022\/03\/Screenshot_20220311-1852282.png","contentUrl":"https:\/\/www.blogsoestado.com\/danielmatos\/files\/2022\/03\/Screenshot_20220311-1852282.png"},{"@type":"BreadcrumbList","@id":"https:\/\/www.blogsoestado.com\/danielmatos\/aula-inaugural-marca-o-programa-de-capacitacao-tecnica-de-mulheres-na-fabrica-de-aluminio-da-alumar\/#breadcrumb","itemListElement":[{"@type":"ListItem","position":1,"name":"In\u00edcio","item":"https:\/\/www.blogsoestado.com\/danielmatos\/"},{"@type":"ListItem","position":2,"name":"Aula inaugural marca o programa de capacita\u00e7\u00e3o t\u00e9cnica de mulheres na f\u00e1brica de alum\u00ednio da Alumar"}]},{"@type":"WebSite","@id":"https:\/\/www.blogsoestado.com\/danielmatos\/#website","url":"https:\/\/www.blogsoestado.com\/danielmatos\/","name":"Daniel Matos","description":"","potentialAction":[{"@type":"SearchAction","target":{"@type":"EntryPoint","urlTemplate":"https:\/\/www.blogsoestado.com\/danielmatos\/?s={search_term_string}"},"query-input":{"@type":"PropertyValueSpecification","valueRequired":true,"valueName":"search_term_string"}}],"inLanguage":"pt-BR"}]}},"jetpack_featured_media_url":"","_links":{"self":[{"href":"https:\/\/www.blogsoestado.com\/danielmatos\/wp-json\/wp\/v2\/posts\/95051","targetHints":{"allow":["GET"]}}],"collection":[{"href":"https:\/\/www.blogsoestado.com\/danielmatos\/wp-json\/wp\/v2\/posts"}],"about":[{"href":"https:\/\/www.blogsoestado.com\/danielmatos\/wp-json\/wp\/v2\/types\/post"}],"replies":[{"embeddable":true,"href":"https:\/\/www.blogsoestado.com\/danielmatos\/wp-json\/wp\/v2\/comments?post=95051"}],"version-history":[{"count":0,"href":"https:\/\/www.blogsoestado.com\/danielmatos\/wp-json\/wp\/v2\/posts\/95051\/revisions"}],"wp:attachment":[{"href":"https:\/\/www.blogsoestado.com\/danielmatos\/wp-json\/wp\/v2\/media?parent=95051"}],"wp:term":[{"taxonomy":"category","embeddable":true,"href":"https:\/\/www.blogsoestado.com\/danielmatos\/wp-json\/wp\/v2\/categories?post=95051"},{"taxonomy":"post_tag","embeddable":true,"href":"https:\/\/www.blogsoestado.com\/danielmatos\/wp-json\/wp\/v2\/tags?post=95051"}],"curies":[{"name":"wp","href":"https:\/\/api.w.org\/{rel}","templated":true}]}}