{"id":95054,"date":"2022-03-11T20:00:39","date_gmt":"2022-03-11T23:00:39","guid":{"rendered":"https:\/\/www.blogsoestado.com\/danielmatos\/?p=95054"},"modified":"2022-03-11T20:00:39","modified_gmt":"2022-03-11T23:00:39","slug":"desembargador-do-trabalho-da-prazo-de-48-paras-para-braide-apresentar-solucao-para-o-transporte","status":"publish","type":"post","link":"https:\/\/www.blogsoestado.com\/danielmatos\/desembargador-do-trabalho-da-prazo-de-48-paras-para-braide-apresentar-solucao-para-o-transporte\/","title":{"rendered":"Presidente do TRT-MA d\u00e1 prazo de 48 horas para Braide apresentar solu\u00e7\u00e3o para o transporte"},"content":{"rendered":"\n<div class=\"wp-block-image\"><figure class=\"aligncenter size-large\"><a href=\"https:\/\/www.blogsoestado.com\/danielmatos\/files\/2022\/03\/Screenshot_20220311-1958322.png\"><img decoding=\"async\" src=\"https:\/\/www.blogsoestado.com\/danielmatos\/files\/2022\/03\/Screenshot_20220311-1958322.png\" alt=\"\" class=\"wp-image-95055\"\/><\/a><figcaption>Audi\u00eancia de concilia\u00e7\u00e3o desta sexta-feira (16) teve como principal resultado a determina\u00e7\u00e3o dada \u00e0 Prefeitura de S\u00e3o Lu\u00eds para apresentar solu\u00e7\u00e3o para o impasse do transporte p\u00fablico<\/figcaption><\/figure><\/div>\n\n\n\n<p>Em audi\u00eancia de concilia\u00e7\u00e3o com representantes dos sindicatos dos Trabalhadores Rodovi\u00e1rios (STTREMA) e das Empresas de Transporte de Passageiros (SET), na tarde desta sexta-feira (11), o presidente do Tribunal Regional do Trabalho da 16\u00aa Regi\u00e3o (TRT-MA), desembargador Francisco Jos\u00e9 de Carvalho Neto, deu prazo de 48 horas para que a Prefeitura de S\u00e3o Lu\u00eds apresente uma solu\u00e7\u00e3o capaz de equilibrar o sistema e afastar o risco de um colapso em raz\u00e3o de m\u00faltiplos fatores que oneram a opera\u00e7\u00e3o das linhas de \u00f4nibus que atendem cerca de 700 mil usu\u00e1rios na capital.<\/p>\n\n\n\n<p>O magistrado marcou para a pr\u00f3xima quarta-feira, dia 16, \u00e0s 14h, nova audi\u00eancia de concilia\u00e7\u00e3o entre lideran\u00e7as dos trabalhadores e das empresas do sistema de transporte de S\u00e3o Lu\u00eds. Na nova reuni\u00e3o, a Justi\u00e7a do Trabalho e as duas partes em lit\u00edgio esperam retomar a negocia\u00e7\u00e3o j\u00e1 com condi\u00e7\u00f5es favor\u00e1veis a um acordo, a serem viabilizadas pela administra\u00e7\u00e3o municipal, conforme determinou o presidente do TRT-MA.<\/p>\n\n\n\n<p>Os trabalhadores reivindicam concess\u00e3o imediata do \u00edndice de 15% de reajuste salarial, t\u00edquete-alimenta\u00e7\u00e3o no valor de R$ 800,00 (oitocentos reais) e manuten\u00e7\u00e3o do plano de sa\u00fade pelas empresas de transporte.<\/p>\n\n\n\n<p><strong>Inviabilidade financeira<\/strong><\/p>\n\n\n\n<p>Os empres\u00e1rios alegam, no entanto, falta de viabilidade financeira para atender a extensa pauta de benef\u00edcios pleiteada por motoristas, cobradores e fiscais por causa da press\u00e3o exercida sobre o sistema pela alta de pre\u00e7os de insumos como pneus, pe\u00e7as mec\u00e2nicas e \u00f3leo diesel e pela falta de uma pol\u00edtica p\u00fablica que priorize o transporte e o eleve \u00e0 categoria de servi\u00e7o essencial.<\/p>\n\n\n\n<p>Alegam ainda os concession\u00e1rios das linhas de \u00f4nibus que nem mesmo o recente reajuste tarif\u00e1rio de R$ 0,20 (vinte centavos) concedido pela Prefeitura de S\u00e3o Lu\u00eds elevou a receita das empresas. Pelo contr\u00e1rio, o realinhamento agravou a crise financeira, pois ao autorizar o aumento do pre\u00e7o da passagem, o prefeito Eduardo Braide (Podemos) retirou o subs\u00eddio mensal de R$ 2,5 milh\u00f5es (dois milh\u00f5es e quinhentos mil reais) que era repassado a t\u00edtulo de compensa\u00e7\u00e3o das perdas acumuladas pelo sistema.<\/p>\n","protected":false},"excerpt":{"rendered":"<p>Em audi\u00eancia de concilia\u00e7\u00e3o com representantes dos sindicatos dos Trabalhadores Rodovi\u00e1rios (STTREMA) e das Empresas de Transporte de Passageiros (SET), [&hellip;]<\/p>\n","protected":false},"author":0,"featured_media":0,"comment_status":"open","ping_status":"open","sticky":false,"template":"","format":"standard","meta":{"site-sidebar-layout":"default","site-content-layout":"","ast-site-content-layout":"default","site-content-style":"default","site-sidebar-style":"default","ast-global-header-display":"","ast-banner-title-visibility":"","ast-main-header-display":"","ast-hfb-above-header-display":"","ast-hfb-below-header-display":"","ast-hfb-mobile-header-display":"","site-post-title":"","ast-breadcrumbs-content":"","ast-featured-img":"","footer-sml-layout":"","ast-disable-related-posts":"","theme-transparent-header-meta":"","adv-header-id-meta":"","stick-header-meta":"","header-above-stick-meta":"","header-main-stick-meta":"","header-below-stick-meta":"","astra-migrate-meta-layouts":"default","ast-page-background-enabled":"default","ast-page-background-meta":{"desktop":{"background-color":"var(--ast-global-color-5)","background-image":"","background-repeat":"repeat","background-position":"center center","background-size":"auto","background-attachment":"scroll","background-type":"","background-media":"","overlay-type":"","overlay-color":"","overlay-opacity":"","overlay-gradient":""},"tablet":{"background-color":"","background-image":"","background-repeat":"repeat","background-position":"center center","background-size":"auto","background-attachment":"scroll","background-type":"","background-media":"","overlay-type":"","overlay-color":"","overlay-opacity":"","overlay-gradient":""},"mobile":{"background-color":"","background-image":"","background-repeat":"repeat","background-position":"center center","background-size":"auto","background-attachment":"scroll","background-type":"","background-media":"","overlay-type":"","overlay-color":"","overlay-opacity":"","overlay-gradient":""}},"ast-content-background-meta":{"desktop":{"background-color":"var(--ast-global-color-4)","background-image":"","background-repeat":"repeat","background-position":"center center","background-size":"auto","background-attachment":"scroll","background-type":"","background-media":"","overlay-type":"","overlay-color":"","overlay-opacity":"","overlay-gradient":""},"tablet":{"background-color":"var(--ast-global-color-4)","background-image":"","background-repeat":"repeat","background-position":"center center","background-size":"auto","background-attachment":"scroll","background-type":"","background-media":"","overlay-type":"","overlay-color":"","overlay-opacity":"","overlay-gradient":""},"mobile":{"background-color":"var(--ast-global-color-4)","background-image":"","background-repeat":"repeat","background-position":"center center","background-size":"auto","background-attachment":"scroll","background-type":"","background-media":"","overlay-type":"","overlay-color":"","overlay-opacity":"","overlay-gradient":""}},"footnotes":""},"categories":[1],"tags":[],"class_list":["post-95054","post","type-post","status-publish","format-standard","hentry","category-sem-categoria"],"yoast_head":"<!-- This site is optimized with the Yoast SEO plugin v26.6 - https:\/\/yoast.com\/wordpress\/plugins\/seo\/ -->\n<title>Presidente do TRT-MA d\u00e1 prazo de 48 horas para Braide apresentar solu\u00e7\u00e3o para o transporte - Daniel Matos<\/title>\n<meta name=\"robots\" content=\"index, follow, max-snippet:-1, max-image-preview:large, max-video-preview:-1\" \/>\n<link rel=\"canonical\" href=\"https:\/\/www.blogsoestado.com\/danielmatos\/desembargador-do-trabalho-da-prazo-de-48-paras-para-braide-apresentar-solucao-para-o-transporte\/\" \/>\n<meta property=\"og:locale\" content=\"pt_BR\" \/>\n<meta property=\"og:type\" content=\"article\" \/>\n<meta property=\"og:title\" content=\"Presidente do TRT-MA d\u00e1 prazo de 48 horas para Braide apresentar solu\u00e7\u00e3o para o transporte - Daniel Matos\" \/>\n<meta property=\"og:description\" content=\"Em audi\u00eancia de concilia\u00e7\u00e3o com representantes dos sindicatos dos Trabalhadores Rodovi\u00e1rios (STTREMA) e das Empresas de Transporte de Passageiros (SET), [&hellip;]\" \/>\n<meta property=\"og:url\" content=\"https:\/\/www.blogsoestado.com\/danielmatos\/desembargador-do-trabalho-da-prazo-de-48-paras-para-braide-apresentar-solucao-para-o-transporte\/\" \/>\n<meta property=\"og:site_name\" content=\"Daniel Matos\" \/>\n<meta property=\"article:published_time\" content=\"2022-03-11T23:00:39+00:00\" \/>\n<meta property=\"og:image\" content=\"https:\/\/www.blogsoestado.com\/danielmatos\/files\/2022\/03\/Screenshot_20220311-1958322.png\" \/>\n<meta name=\"twitter:card\" content=\"summary_large_image\" \/>\n<meta name=\"twitter:label1\" content=\"Est. tempo de leitura\" \/>\n\t<meta name=\"twitter:data1\" content=\"2 minutos\" \/>\n<script type=\"application\/ld+json\" class=\"yoast-schema-graph\">{\"@context\":\"https:\/\/schema.org\",\"@graph\":[{\"@type\":\"WebPage\",\"@id\":\"https:\/\/www.blogsoestado.com\/danielmatos\/desembargador-do-trabalho-da-prazo-de-48-paras-para-braide-apresentar-solucao-para-o-transporte\/\",\"url\":\"https:\/\/www.blogsoestado.com\/danielmatos\/desembargador-do-trabalho-da-prazo-de-48-paras-para-braide-apresentar-solucao-para-o-transporte\/\",\"name\":\"Presidente do TRT-MA d\u00e1 prazo de 48 horas para Braide apresentar solu\u00e7\u00e3o para o transporte - Daniel Matos\",\"isPartOf\":{\"@id\":\"https:\/\/www.blogsoestado.com\/danielmatos\/#website\"},\"primaryImageOfPage\":{\"@id\":\"https:\/\/www.blogsoestado.com\/danielmatos\/desembargador-do-trabalho-da-prazo-de-48-paras-para-braide-apresentar-solucao-para-o-transporte\/#primaryimage\"},\"image\":{\"@id\":\"https:\/\/www.blogsoestado.com\/danielmatos\/desembargador-do-trabalho-da-prazo-de-48-paras-para-braide-apresentar-solucao-para-o-transporte\/#primaryimage\"},\"thumbnailUrl\":\"https:\/\/www.blogsoestado.com\/danielmatos\/files\/2022\/03\/Screenshot_20220311-1958322.png\",\"datePublished\":\"2022-03-11T23:00:39+00:00\",\"author\":{\"@id\":\"\"},\"breadcrumb\":{\"@id\":\"https:\/\/www.blogsoestado.com\/danielmatos\/desembargador-do-trabalho-da-prazo-de-48-paras-para-braide-apresentar-solucao-para-o-transporte\/#breadcrumb\"},\"inLanguage\":\"pt-BR\",\"potentialAction\":[{\"@type\":\"ReadAction\",\"target\":[\"https:\/\/www.blogsoestado.com\/danielmatos\/desembargador-do-trabalho-da-prazo-de-48-paras-para-braide-apresentar-solucao-para-o-transporte\/\"]}]},{\"@type\":\"ImageObject\",\"inLanguage\":\"pt-BR\",\"@id\":\"https:\/\/www.blogsoestado.com\/danielmatos\/desembargador-do-trabalho-da-prazo-de-48-paras-para-braide-apresentar-solucao-para-o-transporte\/#primaryimage\",\"url\":\"https:\/\/www.blogsoestado.com\/danielmatos\/files\/2022\/03\/Screenshot_20220311-1958322.png\",\"contentUrl\":\"https:\/\/www.blogsoestado.com\/danielmatos\/files\/2022\/03\/Screenshot_20220311-1958322.png\"},{\"@type\":\"BreadcrumbList\",\"@id\":\"https:\/\/www.blogsoestado.com\/danielmatos\/desembargador-do-trabalho-da-prazo-de-48-paras-para-braide-apresentar-solucao-para-o-transporte\/#breadcrumb\",\"itemListElement\":[{\"@type\":\"ListItem\",\"position\":1,\"name\":\"In\u00edcio\",\"item\":\"https:\/\/www.blogsoestado.com\/danielmatos\/\"},{\"@type\":\"ListItem\",\"position\":2,\"name\":\"Presidente do TRT-MA d\u00e1 prazo de 48 horas para Braide apresentar solu\u00e7\u00e3o para o transporte\"}]},{\"@type\":\"WebSite\",\"@id\":\"https:\/\/www.blogsoestado.com\/danielmatos\/#website\",\"url\":\"https:\/\/www.blogsoestado.com\/danielmatos\/\",\"name\":\"Daniel Matos\",\"description\":\"\",\"potentialAction\":[{\"@type\":\"SearchAction\",\"target\":{\"@type\":\"EntryPoint\",\"urlTemplate\":\"https:\/\/www.blogsoestado.com\/danielmatos\/?s={search_term_string}\"},\"query-input\":{\"@type\":\"PropertyValueSpecification\",\"valueRequired\":true,\"valueName\":\"search_term_string\"}}],\"inLanguage\":\"pt-BR\"}]}<\/script>\n<!-- \/ Yoast SEO plugin. -->","yoast_head_json":{"title":"Presidente do TRT-MA d\u00e1 prazo de 48 horas para Braide apresentar solu\u00e7\u00e3o para o transporte - Daniel Matos","robots":{"index":"index","follow":"follow","max-snippet":"max-snippet:-1","max-image-preview":"max-image-preview:large","max-video-preview":"max-video-preview:-1"},"canonical":"https:\/\/www.blogsoestado.com\/danielmatos\/desembargador-do-trabalho-da-prazo-de-48-paras-para-braide-apresentar-solucao-para-o-transporte\/","og_locale":"pt_BR","og_type":"article","og_title":"Presidente do TRT-MA d\u00e1 prazo de 48 horas para Braide apresentar solu\u00e7\u00e3o para o transporte - Daniel Matos","og_description":"Em audi\u00eancia de concilia\u00e7\u00e3o com representantes dos sindicatos dos Trabalhadores Rodovi\u00e1rios (STTREMA) e das Empresas de Transporte de Passageiros (SET), [&hellip;]","og_url":"https:\/\/www.blogsoestado.com\/danielmatos\/desembargador-do-trabalho-da-prazo-de-48-paras-para-braide-apresentar-solucao-para-o-transporte\/","og_site_name":"Daniel Matos","article_published_time":"2022-03-11T23:00:39+00:00","og_image":[{"url":"https:\/\/www.blogsoestado.com\/danielmatos\/files\/2022\/03\/Screenshot_20220311-1958322.png","type":"","width":"","height":""}],"twitter_card":"summary_large_image","twitter_misc":{"Est. tempo de leitura":"2 minutos"},"schema":{"@context":"https:\/\/schema.org","@graph":[{"@type":"WebPage","@id":"https:\/\/www.blogsoestado.com\/danielmatos\/desembargador-do-trabalho-da-prazo-de-48-paras-para-braide-apresentar-solucao-para-o-transporte\/","url":"https:\/\/www.blogsoestado.com\/danielmatos\/desembargador-do-trabalho-da-prazo-de-48-paras-para-braide-apresentar-solucao-para-o-transporte\/","name":"Presidente do TRT-MA d\u00e1 prazo de 48 horas para Braide apresentar solu\u00e7\u00e3o para o transporte - Daniel Matos","isPartOf":{"@id":"https:\/\/www.blogsoestado.com\/danielmatos\/#website"},"primaryImageOfPage":{"@id":"https:\/\/www.blogsoestado.com\/danielmatos\/desembargador-do-trabalho-da-prazo-de-48-paras-para-braide-apresentar-solucao-para-o-transporte\/#primaryimage"},"image":{"@id":"https:\/\/www.blogsoestado.com\/danielmatos\/desembargador-do-trabalho-da-prazo-de-48-paras-para-braide-apresentar-solucao-para-o-transporte\/#primaryimage"},"thumbnailUrl":"https:\/\/www.blogsoestado.com\/danielmatos\/files\/2022\/03\/Screenshot_20220311-1958322.png","datePublished":"2022-03-11T23:00:39+00:00","author":{"@id":""},"breadcrumb":{"@id":"https:\/\/www.blogsoestado.com\/danielmatos\/desembargador-do-trabalho-da-prazo-de-48-paras-para-braide-apresentar-solucao-para-o-transporte\/#breadcrumb"},"inLanguage":"pt-BR","potentialAction":[{"@type":"ReadAction","target":["https:\/\/www.blogsoestado.com\/danielmatos\/desembargador-do-trabalho-da-prazo-de-48-paras-para-braide-apresentar-solucao-para-o-transporte\/"]}]},{"@type":"ImageObject","inLanguage":"pt-BR","@id":"https:\/\/www.blogsoestado.com\/danielmatos\/desembargador-do-trabalho-da-prazo-de-48-paras-para-braide-apresentar-solucao-para-o-transporte\/#primaryimage","url":"https:\/\/www.blogsoestado.com\/danielmatos\/files\/2022\/03\/Screenshot_20220311-1958322.png","contentUrl":"https:\/\/www.blogsoestado.com\/danielmatos\/files\/2022\/03\/Screenshot_20220311-1958322.png"},{"@type":"BreadcrumbList","@id":"https:\/\/www.blogsoestado.com\/danielmatos\/desembargador-do-trabalho-da-prazo-de-48-paras-para-braide-apresentar-solucao-para-o-transporte\/#breadcrumb","itemListElement":[{"@type":"ListItem","position":1,"name":"In\u00edcio","item":"https:\/\/www.blogsoestado.com\/danielmatos\/"},{"@type":"ListItem","position":2,"name":"Presidente do TRT-MA d\u00e1 prazo de 48 horas para Braide apresentar solu\u00e7\u00e3o para o transporte"}]},{"@type":"WebSite","@id":"https:\/\/www.blogsoestado.com\/danielmatos\/#website","url":"https:\/\/www.blogsoestado.com\/danielmatos\/","name":"Daniel Matos","description":"","potentialAction":[{"@type":"SearchAction","target":{"@type":"EntryPoint","urlTemplate":"https:\/\/www.blogsoestado.com\/danielmatos\/?s={search_term_string}"},"query-input":{"@type":"PropertyValueSpecification","valueRequired":true,"valueName":"search_term_string"}}],"inLanguage":"pt-BR"}]}},"jetpack_featured_media_url":"","_links":{"self":[{"href":"https:\/\/www.blogsoestado.com\/danielmatos\/wp-json\/wp\/v2\/posts\/95054","targetHints":{"allow":["GET"]}}],"collection":[{"href":"https:\/\/www.blogsoestado.com\/danielmatos\/wp-json\/wp\/v2\/posts"}],"about":[{"href":"https:\/\/www.blogsoestado.com\/danielmatos\/wp-json\/wp\/v2\/types\/post"}],"replies":[{"embeddable":true,"href":"https:\/\/www.blogsoestado.com\/danielmatos\/wp-json\/wp\/v2\/comments?post=95054"}],"version-history":[{"count":0,"href":"https:\/\/www.blogsoestado.com\/danielmatos\/wp-json\/wp\/v2\/posts\/95054\/revisions"}],"wp:attachment":[{"href":"https:\/\/www.blogsoestado.com\/danielmatos\/wp-json\/wp\/v2\/media?parent=95054"}],"wp:term":[{"taxonomy":"category","embeddable":true,"href":"https:\/\/www.blogsoestado.com\/danielmatos\/wp-json\/wp\/v2\/categories?post=95054"},{"taxonomy":"post_tag","embeddable":true,"href":"https:\/\/www.blogsoestado.com\/danielmatos\/wp-json\/wp\/v2\/tags?post=95054"}],"curies":[{"name":"wp","href":"https:\/\/api.w.org\/{rel}","templated":true}]}}