{"id":95083,"date":"2022-03-14T06:30:00","date_gmt":"2022-03-14T09:30:00","guid":{"rendered":"https:\/\/www.blogsoestado.com\/danielmatos\/?p=95083"},"modified":"2022-03-14T06:30:00","modified_gmt":"2022-03-14T09:30:00","slug":"presidente-do-trt-ma-quer-que-prefeitura-de-sao-luis-informe-claramente-que-contribuicao-financeira-pode-dar-para-solucionar-crise-do-transporte","status":"publish","type":"post","link":"https:\/\/www.blogsoestado.com\/danielmatos\/presidente-do-trt-ma-quer-que-prefeitura-de-sao-luis-informe-claramente-que-contribuicao-financeira-pode-dar-para-solucionar-crise-do-transporte\/","title":{"rendered":"Presidente do TRT-MA quer que Prefeitura de S\u00e3o Lu\u00eds informe claramente que contribui\u00e7\u00e3o financeira pode dar para solucionar crise do transporte"},"content":{"rendered":"\n<p><strong><span class=\"has-inline-color has-vivid-red-color\">Justi\u00e7a do Trabalho marcou para a pr\u00f3xima quarta-feira, dia 16, nova audi\u00eancia de concilia\u00e7\u00e3o no diss\u00eddio coletivo dos rodovi\u00e1rios <\/span><\/strong><\/p>\n\n\n\n<div class=\"wp-block-image\"><figure class=\"alignright size-large\"><a href=\"https:\/\/www.blogsoestado.com\/danielmatos\/files\/2022\/03\/Screenshot_20220313-2150152.png\"><img decoding=\"async\" src=\"https:\/\/www.blogsoestado.com\/danielmatos\/files\/2022\/03\/Screenshot_20220313-2150152.png\" alt=\"\" class=\"wp-image-95084\"\/><\/a><\/figure><\/div>\n\n\n\n<p>O presidente do Tribunal Regional do Trabalho da 16\u00aa Regi\u00e3o (Maranh\u00e3o), desembargador Francisco Jos\u00e9 de Carvalho Neto, vai dar continuidade \u00e0 concilia\u00e7\u00e3o no diss\u00eddio coletivo dos rodovi\u00e1rios na pr\u00f3xima quarta-feira (16), \u00e0s 14h, no Gabinete da Presid\u00eancia do Tribunal. O magistrado solicitou \u00e0 Prefeitura de S\u00e3o Lu\u00eds que informe claramente qual pode ser a contribui\u00e7\u00e3o financeira do Munic\u00edpio para solucionar crise do transporte, que amea\u00e7a levar o sistema a um colapso.<\/p>\n\n\n\n<p>A nova audi\u00eancia foi definida na \u00faltima sexta-feira (11), durante a primeira audi\u00eancia presencial de concilia\u00e7\u00e3o no diss\u00eddio coletivo ajuizado pelo Sindicato dos Trabalhadores em Transportes Rodovi\u00e1rios do Estado do Maranh\u00e3o (STTREMA) em face do Sindicato das Empresas de Transportes de Passageiros de S\u00e3o Lu\u00eds, Munic\u00edpio de S\u00e3o Lu\u00eds e Ag\u00eancia Estadual de Mobilidade Urbana e Servi\u00e7os P\u00fablicos (MOB).\u00a0<\/p>\n\n\n\n<p>O presidente do Tribunal colocou-se \u00e0 disposi\u00e7\u00e3o dos envolvidos no diss\u00eddio para prosseguir com as negocia\u00e7\u00f5es. Ressaltou a import\u00e2ncia do papel do Munic\u00edpio de S\u00e3o Lu\u00eds, suscitando que o ente municipal afirme, &#8220;de forma clara e direta, qual pode ser a sua participa\u00e7\u00e3o, em termos financeiros, na solu\u00e7\u00e3o da controv\u00e9rsia&#8221;, conforme conta na ata da audi\u00eancia.\u00a0<\/p>\n\n\n\n<p>Participaram da audi\u00eancia presencial, realizada no Gabinete da Presid\u00eancia do TRT, o procurador regional do Trabalho, Maur\u00edcio Pessoa Lima; os representantes do STTREMA, Marcelo Luis Alves Brito e Jos\u00e9 Rodrigues da Silva; acompanhados da advogada Valuzia Maria Cunha Santos; os representantes do SET, representados por Jorgele Maria Rezende Matos Freitas e Paulo Renato Pereira Pires, acompanhados dos advogados Erick Abdalla Brito, Bruno Castello Branco e Ruy Vilas Boas; o Munic\u00edpio de S\u00e3o Lu\u00eds, representado pelo procurador do Munic\u00edpio Victor Paiva Gomes Marques do Ros\u00e1rio, acompanhando do secret\u00e1rio da Secretaria Municipal de Tr\u00e2nsito e Transportes (SMTT), Diego Baluz Furtado, e do assessor jur\u00eddico F\u00e1bio Augusto Vidigal Cantanhede. <\/p>\n\n\n\n<p>A Ag\u00eancia Estadual de Mobilidade Urbana e Servi\u00e7os P\u00fablicos (MOB) foi representada pelo vice-presidente Lucas Rodrigues S\u00e1.<\/p>\n","protected":false},"excerpt":{"rendered":"<p>Justi\u00e7a do Trabalho marcou para a pr\u00f3xima quarta-feira, dia 16, nova audi\u00eancia de concilia\u00e7\u00e3o no diss\u00eddio coletivo dos rodovi\u00e1rios O [&hellip;]<\/p>\n","protected":false},"author":0,"featured_media":0,"comment_status":"open","ping_status":"open","sticky":false,"template":"","format":"standard","meta":{"site-sidebar-layout":"default","site-content-layout":"","ast-site-content-layout":"default","site-content-style":"default","site-sidebar-style":"default","ast-global-header-display":"","ast-banner-title-visibility":"","ast-main-header-display":"","ast-hfb-above-header-display":"","ast-hfb-below-header-display":"","ast-hfb-mobile-header-display":"","site-post-title":"","ast-breadcrumbs-content":"","ast-featured-img":"","footer-sml-layout":"","ast-disable-related-posts":"","theme-transparent-header-meta":"","adv-header-id-meta":"","stick-header-meta":"","header-above-stick-meta":"","header-main-stick-meta":"","header-below-stick-meta":"","astra-migrate-meta-layouts":"default","ast-page-background-enabled":"default","ast-page-background-meta":{"desktop":{"background-color":"var(--ast-global-color-5)","background-image":"","background-repeat":"repeat","background-position":"center center","background-size":"auto","background-attachment":"scroll","background-type":"","background-media":"","overlay-type":"","overlay-color":"","overlay-opacity":"","overlay-gradient":""},"tablet":{"background-color":"","background-image":"","background-repeat":"repeat","background-position":"center center","background-size":"auto","background-attachment":"scroll","background-type":"","background-media":"","overlay-type":"","overlay-color":"","overlay-opacity":"","overlay-gradient":""},"mobile":{"background-color":"","background-image":"","background-repeat":"repeat","background-position":"center center","background-size":"auto","background-attachment":"scroll","background-type":"","background-media":"","overlay-type":"","overlay-color":"","overlay-opacity":"","overlay-gradient":""}},"ast-content-background-meta":{"desktop":{"background-color":"var(--ast-global-color-4)","background-image":"","background-repeat":"repeat","background-position":"center center","background-size":"auto","background-attachment":"scroll","background-type":"","background-media":"","overlay-type":"","overlay-color":"","overlay-opacity":"","overlay-gradient":""},"tablet":{"background-color":"var(--ast-global-color-4)","background-image":"","background-repeat":"repeat","background-position":"center center","background-size":"auto","background-attachment":"scroll","background-type":"","background-media":"","overlay-type":"","overlay-color":"","overlay-opacity":"","overlay-gradient":""},"mobile":{"background-color":"var(--ast-global-color-4)","background-image":"","background-repeat":"repeat","background-position":"center center","background-size":"auto","background-attachment":"scroll","background-type":"","background-media":"","overlay-type":"","overlay-color":"","overlay-opacity":"","overlay-gradient":""}},"footnotes":""},"categories":[1],"tags":[],"class_list":["post-95083","post","type-post","status-publish","format-standard","hentry","category-sem-categoria"],"yoast_head":"<!-- This site is optimized with the Yoast SEO plugin v26.6 - https:\/\/yoast.com\/wordpress\/plugins\/seo\/ -->\n<title>Presidente do TRT-MA quer que Prefeitura de S\u00e3o Lu\u00eds informe claramente que contribui\u00e7\u00e3o financeira pode dar para solucionar crise do transporte - Daniel Matos<\/title>\n<meta name=\"robots\" content=\"index, follow, max-snippet:-1, max-image-preview:large, max-video-preview:-1\" \/>\n<link rel=\"canonical\" href=\"https:\/\/www.blogsoestado.com\/danielmatos\/presidente-do-trt-ma-quer-que-prefeitura-de-sao-luis-informe-claramente-que-contribuicao-financeira-pode-dar-para-solucionar-crise-do-transporte\/\" \/>\n<meta property=\"og:locale\" content=\"pt_BR\" \/>\n<meta property=\"og:type\" content=\"article\" \/>\n<meta property=\"og:title\" content=\"Presidente do TRT-MA quer que Prefeitura de S\u00e3o Lu\u00eds informe claramente que contribui\u00e7\u00e3o financeira pode dar para solucionar crise do transporte - Daniel Matos\" \/>\n<meta property=\"og:description\" content=\"Justi\u00e7a do Trabalho marcou para a pr\u00f3xima quarta-feira, dia 16, nova audi\u00eancia de concilia\u00e7\u00e3o no diss\u00eddio coletivo dos rodovi\u00e1rios O [&hellip;]\" \/>\n<meta property=\"og:url\" content=\"https:\/\/www.blogsoestado.com\/danielmatos\/presidente-do-trt-ma-quer-que-prefeitura-de-sao-luis-informe-claramente-que-contribuicao-financeira-pode-dar-para-solucionar-crise-do-transporte\/\" \/>\n<meta property=\"og:site_name\" content=\"Daniel Matos\" \/>\n<meta property=\"article:published_time\" content=\"2022-03-14T09:30:00+00:00\" \/>\n<meta property=\"og:image\" content=\"https:\/\/www.blogsoestado.com\/danielmatos\/files\/2022\/03\/Screenshot_20220313-2150152.png\" \/>\n<meta name=\"twitter:card\" content=\"summary_large_image\" \/>\n<meta name=\"twitter:label1\" content=\"Est. tempo de leitura\" \/>\n\t<meta name=\"twitter:data1\" content=\"2 minutos\" \/>\n<script type=\"application\/ld+json\" class=\"yoast-schema-graph\">{\"@context\":\"https:\/\/schema.org\",\"@graph\":[{\"@type\":\"WebPage\",\"@id\":\"https:\/\/www.blogsoestado.com\/danielmatos\/presidente-do-trt-ma-quer-que-prefeitura-de-sao-luis-informe-claramente-que-contribuicao-financeira-pode-dar-para-solucionar-crise-do-transporte\/\",\"url\":\"https:\/\/www.blogsoestado.com\/danielmatos\/presidente-do-trt-ma-quer-que-prefeitura-de-sao-luis-informe-claramente-que-contribuicao-financeira-pode-dar-para-solucionar-crise-do-transporte\/\",\"name\":\"Presidente do TRT-MA quer que Prefeitura de S\u00e3o Lu\u00eds informe claramente que contribui\u00e7\u00e3o financeira pode dar para solucionar crise do transporte - Daniel Matos\",\"isPartOf\":{\"@id\":\"https:\/\/www.blogsoestado.com\/danielmatos\/#website\"},\"primaryImageOfPage\":{\"@id\":\"https:\/\/www.blogsoestado.com\/danielmatos\/presidente-do-trt-ma-quer-que-prefeitura-de-sao-luis-informe-claramente-que-contribuicao-financeira-pode-dar-para-solucionar-crise-do-transporte\/#primaryimage\"},\"image\":{\"@id\":\"https:\/\/www.blogsoestado.com\/danielmatos\/presidente-do-trt-ma-quer-que-prefeitura-de-sao-luis-informe-claramente-que-contribuicao-financeira-pode-dar-para-solucionar-crise-do-transporte\/#primaryimage\"},\"thumbnailUrl\":\"https:\/\/www.blogsoestado.com\/danielmatos\/files\/2022\/03\/Screenshot_20220313-2150152.png\",\"datePublished\":\"2022-03-14T09:30:00+00:00\",\"author\":{\"@id\":\"\"},\"breadcrumb\":{\"@id\":\"https:\/\/www.blogsoestado.com\/danielmatos\/presidente-do-trt-ma-quer-que-prefeitura-de-sao-luis-informe-claramente-que-contribuicao-financeira-pode-dar-para-solucionar-crise-do-transporte\/#breadcrumb\"},\"inLanguage\":\"pt-BR\",\"potentialAction\":[{\"@type\":\"ReadAction\",\"target\":[\"https:\/\/www.blogsoestado.com\/danielmatos\/presidente-do-trt-ma-quer-que-prefeitura-de-sao-luis-informe-claramente-que-contribuicao-financeira-pode-dar-para-solucionar-crise-do-transporte\/\"]}]},{\"@type\":\"ImageObject\",\"inLanguage\":\"pt-BR\",\"@id\":\"https:\/\/www.blogsoestado.com\/danielmatos\/presidente-do-trt-ma-quer-que-prefeitura-de-sao-luis-informe-claramente-que-contribuicao-financeira-pode-dar-para-solucionar-crise-do-transporte\/#primaryimage\",\"url\":\"https:\/\/www.blogsoestado.com\/danielmatos\/files\/2022\/03\/Screenshot_20220313-2150152.png\",\"contentUrl\":\"https:\/\/www.blogsoestado.com\/danielmatos\/files\/2022\/03\/Screenshot_20220313-2150152.png\"},{\"@type\":\"BreadcrumbList\",\"@id\":\"https:\/\/www.blogsoestado.com\/danielmatos\/presidente-do-trt-ma-quer-que-prefeitura-de-sao-luis-informe-claramente-que-contribuicao-financeira-pode-dar-para-solucionar-crise-do-transporte\/#breadcrumb\",\"itemListElement\":[{\"@type\":\"ListItem\",\"position\":1,\"name\":\"In\u00edcio\",\"item\":\"https:\/\/www.blogsoestado.com\/danielmatos\/\"},{\"@type\":\"ListItem\",\"position\":2,\"name\":\"Presidente do TRT-MA quer que Prefeitura de S\u00e3o Lu\u00eds informe claramente que contribui\u00e7\u00e3o financeira pode dar para solucionar crise do transporte\"}]},{\"@type\":\"WebSite\",\"@id\":\"https:\/\/www.blogsoestado.com\/danielmatos\/#website\",\"url\":\"https:\/\/www.blogsoestado.com\/danielmatos\/\",\"name\":\"Daniel Matos\",\"description\":\"\",\"potentialAction\":[{\"@type\":\"SearchAction\",\"target\":{\"@type\":\"EntryPoint\",\"urlTemplate\":\"https:\/\/www.blogsoestado.com\/danielmatos\/?s={search_term_string}\"},\"query-input\":{\"@type\":\"PropertyValueSpecification\",\"valueRequired\":true,\"valueName\":\"search_term_string\"}}],\"inLanguage\":\"pt-BR\"}]}<\/script>\n<!-- \/ Yoast SEO plugin. -->","yoast_head_json":{"title":"Presidente do TRT-MA quer que Prefeitura de S\u00e3o Lu\u00eds informe claramente que contribui\u00e7\u00e3o financeira pode dar para solucionar crise do transporte - Daniel Matos","robots":{"index":"index","follow":"follow","max-snippet":"max-snippet:-1","max-image-preview":"max-image-preview:large","max-video-preview":"max-video-preview:-1"},"canonical":"https:\/\/www.blogsoestado.com\/danielmatos\/presidente-do-trt-ma-quer-que-prefeitura-de-sao-luis-informe-claramente-que-contribuicao-financeira-pode-dar-para-solucionar-crise-do-transporte\/","og_locale":"pt_BR","og_type":"article","og_title":"Presidente do TRT-MA quer que Prefeitura de S\u00e3o Lu\u00eds informe claramente que contribui\u00e7\u00e3o financeira pode dar para solucionar crise do transporte - Daniel Matos","og_description":"Justi\u00e7a do Trabalho marcou para a pr\u00f3xima quarta-feira, dia 16, nova audi\u00eancia de concilia\u00e7\u00e3o no diss\u00eddio coletivo dos rodovi\u00e1rios O [&hellip;]","og_url":"https:\/\/www.blogsoestado.com\/danielmatos\/presidente-do-trt-ma-quer-que-prefeitura-de-sao-luis-informe-claramente-que-contribuicao-financeira-pode-dar-para-solucionar-crise-do-transporte\/","og_site_name":"Daniel Matos","article_published_time":"2022-03-14T09:30:00+00:00","og_image":[{"url":"https:\/\/www.blogsoestado.com\/danielmatos\/files\/2022\/03\/Screenshot_20220313-2150152.png","type":"","width":"","height":""}],"twitter_card":"summary_large_image","twitter_misc":{"Est. tempo de leitura":"2 minutos"},"schema":{"@context":"https:\/\/schema.org","@graph":[{"@type":"WebPage","@id":"https:\/\/www.blogsoestado.com\/danielmatos\/presidente-do-trt-ma-quer-que-prefeitura-de-sao-luis-informe-claramente-que-contribuicao-financeira-pode-dar-para-solucionar-crise-do-transporte\/","url":"https:\/\/www.blogsoestado.com\/danielmatos\/presidente-do-trt-ma-quer-que-prefeitura-de-sao-luis-informe-claramente-que-contribuicao-financeira-pode-dar-para-solucionar-crise-do-transporte\/","name":"Presidente do TRT-MA quer que Prefeitura de S\u00e3o Lu\u00eds informe claramente que contribui\u00e7\u00e3o financeira pode dar para solucionar crise do transporte - Daniel Matos","isPartOf":{"@id":"https:\/\/www.blogsoestado.com\/danielmatos\/#website"},"primaryImageOfPage":{"@id":"https:\/\/www.blogsoestado.com\/danielmatos\/presidente-do-trt-ma-quer-que-prefeitura-de-sao-luis-informe-claramente-que-contribuicao-financeira-pode-dar-para-solucionar-crise-do-transporte\/#primaryimage"},"image":{"@id":"https:\/\/www.blogsoestado.com\/danielmatos\/presidente-do-trt-ma-quer-que-prefeitura-de-sao-luis-informe-claramente-que-contribuicao-financeira-pode-dar-para-solucionar-crise-do-transporte\/#primaryimage"},"thumbnailUrl":"https:\/\/www.blogsoestado.com\/danielmatos\/files\/2022\/03\/Screenshot_20220313-2150152.png","datePublished":"2022-03-14T09:30:00+00:00","author":{"@id":""},"breadcrumb":{"@id":"https:\/\/www.blogsoestado.com\/danielmatos\/presidente-do-trt-ma-quer-que-prefeitura-de-sao-luis-informe-claramente-que-contribuicao-financeira-pode-dar-para-solucionar-crise-do-transporte\/#breadcrumb"},"inLanguage":"pt-BR","potentialAction":[{"@type":"ReadAction","target":["https:\/\/www.blogsoestado.com\/danielmatos\/presidente-do-trt-ma-quer-que-prefeitura-de-sao-luis-informe-claramente-que-contribuicao-financeira-pode-dar-para-solucionar-crise-do-transporte\/"]}]},{"@type":"ImageObject","inLanguage":"pt-BR","@id":"https:\/\/www.blogsoestado.com\/danielmatos\/presidente-do-trt-ma-quer-que-prefeitura-de-sao-luis-informe-claramente-que-contribuicao-financeira-pode-dar-para-solucionar-crise-do-transporte\/#primaryimage","url":"https:\/\/www.blogsoestado.com\/danielmatos\/files\/2022\/03\/Screenshot_20220313-2150152.png","contentUrl":"https:\/\/www.blogsoestado.com\/danielmatos\/files\/2022\/03\/Screenshot_20220313-2150152.png"},{"@type":"BreadcrumbList","@id":"https:\/\/www.blogsoestado.com\/danielmatos\/presidente-do-trt-ma-quer-que-prefeitura-de-sao-luis-informe-claramente-que-contribuicao-financeira-pode-dar-para-solucionar-crise-do-transporte\/#breadcrumb","itemListElement":[{"@type":"ListItem","position":1,"name":"In\u00edcio","item":"https:\/\/www.blogsoestado.com\/danielmatos\/"},{"@type":"ListItem","position":2,"name":"Presidente do TRT-MA quer que Prefeitura de S\u00e3o Lu\u00eds informe claramente que contribui\u00e7\u00e3o financeira pode dar para solucionar crise do transporte"}]},{"@type":"WebSite","@id":"https:\/\/www.blogsoestado.com\/danielmatos\/#website","url":"https:\/\/www.blogsoestado.com\/danielmatos\/","name":"Daniel Matos","description":"","potentialAction":[{"@type":"SearchAction","target":{"@type":"EntryPoint","urlTemplate":"https:\/\/www.blogsoestado.com\/danielmatos\/?s={search_term_string}"},"query-input":{"@type":"PropertyValueSpecification","valueRequired":true,"valueName":"search_term_string"}}],"inLanguage":"pt-BR"}]}},"jetpack_featured_media_url":"","_links":{"self":[{"href":"https:\/\/www.blogsoestado.com\/danielmatos\/wp-json\/wp\/v2\/posts\/95083","targetHints":{"allow":["GET"]}}],"collection":[{"href":"https:\/\/www.blogsoestado.com\/danielmatos\/wp-json\/wp\/v2\/posts"}],"about":[{"href":"https:\/\/www.blogsoestado.com\/danielmatos\/wp-json\/wp\/v2\/types\/post"}],"replies":[{"embeddable":true,"href":"https:\/\/www.blogsoestado.com\/danielmatos\/wp-json\/wp\/v2\/comments?post=95083"}],"version-history":[{"count":0,"href":"https:\/\/www.blogsoestado.com\/danielmatos\/wp-json\/wp\/v2\/posts\/95083\/revisions"}],"wp:attachment":[{"href":"https:\/\/www.blogsoestado.com\/danielmatos\/wp-json\/wp\/v2\/media?parent=95083"}],"wp:term":[{"taxonomy":"category","embeddable":true,"href":"https:\/\/www.blogsoestado.com\/danielmatos\/wp-json\/wp\/v2\/categories?post=95083"},{"taxonomy":"post_tag","embeddable":true,"href":"https:\/\/www.blogsoestado.com\/danielmatos\/wp-json\/wp\/v2\/tags?post=95083"}],"curies":[{"name":"wp","href":"https:\/\/api.w.org\/{rel}","templated":true}]}}