{"id":95098,"date":"2022-03-14T09:50:14","date_gmt":"2022-03-14T12:50:14","guid":{"rendered":"https:\/\/www.blogsoestado.com\/danielmatos\/?p=95098"},"modified":"2022-03-14T09:50:14","modified_gmt":"2022-03-14T12:50:14","slug":"porto-da-vale-no-maranhao-foi-o-que-mais-movimentou-cargas-no-brasil-em-janeiro","status":"publish","type":"post","link":"https:\/\/www.blogsoestado.com\/danielmatos\/porto-da-vale-no-maranhao-foi-o-que-mais-movimentou-cargas-no-brasil-em-janeiro\/","title":{"rendered":"Porto da Vale no Maranh\u00e3o foi o que mais movimentou cargas no Brasil em janeiro"},"content":{"rendered":"\n<p><span class=\"has-inline-color has-vivid-red-color\"><strong>Segundo dados da ANTAQ, a<b>pesar do bom desempenho, o Terminal Mar\u00edtimo de Ponta da Madeira registrou queda de 7,31% nas opera\u00e7\u00f5es em rela\u00e7\u00e3o ao primeiro m\u00eas de 2021<\/b><\/strong><\/span><\/p>\n\n\n\n<div class=\"wp-block-image\"><figure class=\"aligncenter size-large\"><a href=\"https:\/\/www.blogsoestado.com\/danielmatos\/files\/2022\/03\/Screenshot_20220314-0945052.png\"><img decoding=\"async\" src=\"https:\/\/www.blogsoestado.com\/danielmatos\/files\/2022\/03\/Screenshot_20220314-0945052.png\" alt=\"\" class=\"wp-image-95099\"\/><\/a><figcaption>Terminal Mar\u00edtimo de Ponta da Madeira, operado pela Vale no Maranh\u00e3o, liderou a movimenta\u00e7\u00e3o nacional de cargas em janeiro, mas houve queda de 7,31% em compara\u00e7\u00e3o com o mesmo per\u00edodo do ano passado<\/figcaption><\/figure><\/div>\n\n\n\n<p>O setor portu\u00e1rio nacional (portos p\u00fablicos + terminais autorizados) movimentou 88,5 milh\u00f5es de toneladas em janeiro de 2022. O n\u00famero representou queda de 0,75% em compara\u00e7\u00e3o com o mesmo m\u00eas de 2021, quando foram movimentados 89,2 milh\u00f5es de toneladas. O Porto da Ponta da Madeira, operado pela Vale no Maranh\u00e3o, foi o terminal mar\u00edtimo que mais movimentou cargas no primeiro m\u00eas deste ano, embora tenha registrado queda expressiva em rela\u00e7\u00e3o a janeiro de 2021.<\/p>\n\n\n\n<p>Os dados foram divulgados na \u00faltima quinta-feira (10) pela Ag\u00eancia Nacional de Transportes Aquavi\u00e1rios (ANTAQ). Em rela\u00e7\u00e3o \u00e0s instala\u00e7\u00f5es, os portos p\u00fablicos movimentaram 27,9 milh\u00f5es de toneladas em janeiro deste ano \u2013 um crescimento de 4,41%. Os terminais autorizados (portos privados) movimentaram 60,5 milh\u00f5es de toneladas \u2013 queda de 3,11%.<\/p>\n\n\n\n<p>Sobre os perfis de carga, o setor portu\u00e1rio movimentou 47,6 milh\u00f5es de toneladas de granel s\u00f3lido (queda de 0,32% em compara\u00e7\u00e3o com janeiro de 2021). A movimenta\u00e7\u00e3o de gran\u00e9is l\u00edquido e gasoso alcan\u00e7ou 25,5 milh\u00f5es de toneladas \u2013 redu\u00e7\u00e3o de 4,42%. Na carga conteinerizada, redu\u00e7\u00e3o de 1,06% (10 milh\u00f5es de toneladas). Por fim, o setor movimentou 5,4 milh\u00f5es de toneladas de carga geral, aumento de 14,32%.<\/p>\n\n\n\n<p>Levando-se em conta as mercadorias, a carga mais movimentada foi o min\u00e9rio de ferro: 25,8 milh\u00f5es de toneladas, redu\u00e7\u00e3o de 13,51%. Em seguida, petr\u00f3leo e derivados (\u00f3leo bruto), com 15,9 milh\u00f5es de toneladas movimentadas e queda de 8,53% em compara\u00e7\u00e3o com janeiro de 2021. Depois, petr\u00f3leo e derivados (sem \u00f3leo bruto) \u2013 10 milh\u00f5es de toneladas, queda de 1,06%.<\/p>\n\n\n\n<p><strong>Ponta da Madeira<\/strong><\/p>\n\n\n\n<p>O Terminal Mar\u00edtimo de Ponta da Madeira (MA) foi a instala\u00e7\u00e3o que mais movimentou em janeiro deste ano \u2013 14,5 milh\u00f5es de toneladas, redu\u00e7\u00e3o de 7,31% em compara\u00e7\u00e3o com igual per\u00edodo de 2021. Em seguida, apareceu o Porto Organizado de Santos (SP). O complexo portu\u00e1rio santista movimentou 7,9 milh\u00f5es de toneladas, registrando aumento de 8,42%. Na terceira posi\u00e7\u00e3o, veio o Terminal Aquavi\u00e1rio de Angra dos Reis. A instala\u00e7\u00e3o fluminense movimentou 6,1 milh\u00f5es de toneladas, aumento de 4,51%.<\/p>\n\n\n\n<p><strong>Navega\u00e7\u00e3o<\/strong><\/p>\n\n\n\n<p>A navega\u00e7\u00e3o de longo curso movimentou 60,1 milh\u00f5es de toneladas em janeiro de 2022, crescimento de 0,02% em rela\u00e7\u00e3o ao mesmo per\u00edodo do ano passado. J\u00e1 a cabotagem movimentou 23,7 milh\u00f5es de toneladas, redu\u00e7\u00e3o de 6,97%. A navega\u00e7\u00e3o interior movimentou 4,4 milh\u00f5es de toneladas, registrando um expressivo aumento de 31,19%.<\/p>\n","protected":false},"excerpt":{"rendered":"<p>Segundo dados da ANTAQ, apesar do bom desempenho, o Terminal Mar\u00edtimo de Ponta da Madeira registrou queda de 7,31% nas [&hellip;]<\/p>\n","protected":false},"author":0,"featured_media":0,"comment_status":"open","ping_status":"open","sticky":false,"template":"","format":"standard","meta":{"site-sidebar-layout":"default","site-content-layout":"","ast-site-content-layout":"default","site-content-style":"default","site-sidebar-style":"default","ast-global-header-display":"","ast-banner-title-visibility":"","ast-main-header-display":"","ast-hfb-above-header-display":"","ast-hfb-below-header-display":"","ast-hfb-mobile-header-display":"","site-post-title":"","ast-breadcrumbs-content":"","ast-featured-img":"","footer-sml-layout":"","ast-disable-related-posts":"","theme-transparent-header-meta":"","adv-header-id-meta":"","stick-header-meta":"","header-above-stick-meta":"","header-main-stick-meta":"","header-below-stick-meta":"","astra-migrate-meta-layouts":"default","ast-page-background-enabled":"default","ast-page-background-meta":{"desktop":{"background-color":"var(--ast-global-color-5)","background-image":"","background-repeat":"repeat","background-position":"center center","background-size":"auto","background-attachment":"scroll","background-type":"","background-media":"","overlay-type":"","overlay-color":"","overlay-opacity":"","overlay-gradient":""},"tablet":{"background-color":"","background-image":"","background-repeat":"repeat","background-position":"center center","background-size":"auto","background-attachment":"scroll","background-type":"","background-media":"","overlay-type":"","overlay-color":"","overlay-opacity":"","overlay-gradient":""},"mobile":{"background-color":"","background-image":"","background-repeat":"repeat","background-position":"center center","background-size":"auto","background-attachment":"scroll","background-type":"","background-media":"","overlay-type":"","overlay-color":"","overlay-opacity":"","overlay-gradient":""}},"ast-content-background-meta":{"desktop":{"background-color":"var(--ast-global-color-4)","background-image":"","background-repeat":"repeat","background-position":"center center","background-size":"auto","background-attachment":"scroll","background-type":"","background-media":"","overlay-type":"","overlay-color":"","overlay-opacity":"","overlay-gradient":""},"tablet":{"background-color":"var(--ast-global-color-4)","background-image":"","background-repeat":"repeat","background-position":"center center","background-size":"auto","background-attachment":"scroll","background-type":"","background-media":"","overlay-type":"","overlay-color":"","overlay-opacity":"","overlay-gradient":""},"mobile":{"background-color":"var(--ast-global-color-4)","background-image":"","background-repeat":"repeat","background-position":"center center","background-size":"auto","background-attachment":"scroll","background-type":"","background-media":"","overlay-type":"","overlay-color":"","overlay-opacity":"","overlay-gradient":""}},"footnotes":""},"categories":[1],"tags":[],"class_list":["post-95098","post","type-post","status-publish","format-standard","hentry","category-sem-categoria"],"yoast_head":"<!-- This site is optimized with the Yoast SEO plugin v26.6 - https:\/\/yoast.com\/wordpress\/plugins\/seo\/ -->\n<title>Porto da Vale no Maranh\u00e3o foi o que mais movimentou cargas no Brasil em janeiro - Daniel Matos<\/title>\n<meta name=\"robots\" content=\"index, follow, max-snippet:-1, max-image-preview:large, max-video-preview:-1\" \/>\n<link rel=\"canonical\" href=\"https:\/\/www.blogsoestado.com\/danielmatos\/porto-da-vale-no-maranhao-foi-o-que-mais-movimentou-cargas-no-brasil-em-janeiro\/\" \/>\n<meta property=\"og:locale\" content=\"pt_BR\" \/>\n<meta property=\"og:type\" content=\"article\" \/>\n<meta property=\"og:title\" content=\"Porto da Vale no Maranh\u00e3o foi o que mais movimentou cargas no Brasil em janeiro - Daniel Matos\" \/>\n<meta property=\"og:description\" content=\"Segundo dados da ANTAQ, apesar do bom desempenho, o Terminal Mar\u00edtimo de Ponta da Madeira registrou queda de 7,31% nas [&hellip;]\" \/>\n<meta property=\"og:url\" content=\"https:\/\/www.blogsoestado.com\/danielmatos\/porto-da-vale-no-maranhao-foi-o-que-mais-movimentou-cargas-no-brasil-em-janeiro\/\" \/>\n<meta property=\"og:site_name\" content=\"Daniel Matos\" \/>\n<meta property=\"article:published_time\" content=\"2022-03-14T12:50:14+00:00\" \/>\n<meta property=\"og:image\" content=\"https:\/\/www.blogsoestado.com\/danielmatos\/files\/2022\/03\/Screenshot_20220314-0945052.png\" \/>\n<meta name=\"twitter:card\" content=\"summary_large_image\" \/>\n<meta name=\"twitter:label1\" content=\"Est. tempo de leitura\" \/>\n\t<meta name=\"twitter:data1\" content=\"3 minutos\" \/>\n<script type=\"application\/ld+json\" class=\"yoast-schema-graph\">{\"@context\":\"https:\/\/schema.org\",\"@graph\":[{\"@type\":\"WebPage\",\"@id\":\"https:\/\/www.blogsoestado.com\/danielmatos\/porto-da-vale-no-maranhao-foi-o-que-mais-movimentou-cargas-no-brasil-em-janeiro\/\",\"url\":\"https:\/\/www.blogsoestado.com\/danielmatos\/porto-da-vale-no-maranhao-foi-o-que-mais-movimentou-cargas-no-brasil-em-janeiro\/\",\"name\":\"Porto da Vale no Maranh\u00e3o foi o que mais movimentou cargas no Brasil em janeiro - Daniel Matos\",\"isPartOf\":{\"@id\":\"https:\/\/www.blogsoestado.com\/danielmatos\/#website\"},\"primaryImageOfPage\":{\"@id\":\"https:\/\/www.blogsoestado.com\/danielmatos\/porto-da-vale-no-maranhao-foi-o-que-mais-movimentou-cargas-no-brasil-em-janeiro\/#primaryimage\"},\"image\":{\"@id\":\"https:\/\/www.blogsoestado.com\/danielmatos\/porto-da-vale-no-maranhao-foi-o-que-mais-movimentou-cargas-no-brasil-em-janeiro\/#primaryimage\"},\"thumbnailUrl\":\"https:\/\/www.blogsoestado.com\/danielmatos\/files\/2022\/03\/Screenshot_20220314-0945052.png\",\"datePublished\":\"2022-03-14T12:50:14+00:00\",\"author\":{\"@id\":\"\"},\"breadcrumb\":{\"@id\":\"https:\/\/www.blogsoestado.com\/danielmatos\/porto-da-vale-no-maranhao-foi-o-que-mais-movimentou-cargas-no-brasil-em-janeiro\/#breadcrumb\"},\"inLanguage\":\"pt-BR\",\"potentialAction\":[{\"@type\":\"ReadAction\",\"target\":[\"https:\/\/www.blogsoestado.com\/danielmatos\/porto-da-vale-no-maranhao-foi-o-que-mais-movimentou-cargas-no-brasil-em-janeiro\/\"]}]},{\"@type\":\"ImageObject\",\"inLanguage\":\"pt-BR\",\"@id\":\"https:\/\/www.blogsoestado.com\/danielmatos\/porto-da-vale-no-maranhao-foi-o-que-mais-movimentou-cargas-no-brasil-em-janeiro\/#primaryimage\",\"url\":\"https:\/\/www.blogsoestado.com\/danielmatos\/files\/2022\/03\/Screenshot_20220314-0945052.png\",\"contentUrl\":\"https:\/\/www.blogsoestado.com\/danielmatos\/files\/2022\/03\/Screenshot_20220314-0945052.png\"},{\"@type\":\"BreadcrumbList\",\"@id\":\"https:\/\/www.blogsoestado.com\/danielmatos\/porto-da-vale-no-maranhao-foi-o-que-mais-movimentou-cargas-no-brasil-em-janeiro\/#breadcrumb\",\"itemListElement\":[{\"@type\":\"ListItem\",\"position\":1,\"name\":\"In\u00edcio\",\"item\":\"https:\/\/www.blogsoestado.com\/danielmatos\/\"},{\"@type\":\"ListItem\",\"position\":2,\"name\":\"Porto da Vale no Maranh\u00e3o foi o que mais movimentou cargas no Brasil em janeiro\"}]},{\"@type\":\"WebSite\",\"@id\":\"https:\/\/www.blogsoestado.com\/danielmatos\/#website\",\"url\":\"https:\/\/www.blogsoestado.com\/danielmatos\/\",\"name\":\"Daniel Matos\",\"description\":\"\",\"potentialAction\":[{\"@type\":\"SearchAction\",\"target\":{\"@type\":\"EntryPoint\",\"urlTemplate\":\"https:\/\/www.blogsoestado.com\/danielmatos\/?s={search_term_string}\"},\"query-input\":{\"@type\":\"PropertyValueSpecification\",\"valueRequired\":true,\"valueName\":\"search_term_string\"}}],\"inLanguage\":\"pt-BR\"}]}<\/script>\n<!-- \/ Yoast SEO plugin. -->","yoast_head_json":{"title":"Porto da Vale no Maranh\u00e3o foi o que mais movimentou cargas no Brasil em janeiro - Daniel Matos","robots":{"index":"index","follow":"follow","max-snippet":"max-snippet:-1","max-image-preview":"max-image-preview:large","max-video-preview":"max-video-preview:-1"},"canonical":"https:\/\/www.blogsoestado.com\/danielmatos\/porto-da-vale-no-maranhao-foi-o-que-mais-movimentou-cargas-no-brasil-em-janeiro\/","og_locale":"pt_BR","og_type":"article","og_title":"Porto da Vale no Maranh\u00e3o foi o que mais movimentou cargas no Brasil em janeiro - Daniel Matos","og_description":"Segundo dados da ANTAQ, apesar do bom desempenho, o Terminal Mar\u00edtimo de Ponta da Madeira registrou queda de 7,31% nas [&hellip;]","og_url":"https:\/\/www.blogsoestado.com\/danielmatos\/porto-da-vale-no-maranhao-foi-o-que-mais-movimentou-cargas-no-brasil-em-janeiro\/","og_site_name":"Daniel Matos","article_published_time":"2022-03-14T12:50:14+00:00","og_image":[{"url":"https:\/\/www.blogsoestado.com\/danielmatos\/files\/2022\/03\/Screenshot_20220314-0945052.png","type":"","width":"","height":""}],"twitter_card":"summary_large_image","twitter_misc":{"Est. tempo de leitura":"3 minutos"},"schema":{"@context":"https:\/\/schema.org","@graph":[{"@type":"WebPage","@id":"https:\/\/www.blogsoestado.com\/danielmatos\/porto-da-vale-no-maranhao-foi-o-que-mais-movimentou-cargas-no-brasil-em-janeiro\/","url":"https:\/\/www.blogsoestado.com\/danielmatos\/porto-da-vale-no-maranhao-foi-o-que-mais-movimentou-cargas-no-brasil-em-janeiro\/","name":"Porto da Vale no Maranh\u00e3o foi o que mais movimentou cargas no Brasil em janeiro - Daniel Matos","isPartOf":{"@id":"https:\/\/www.blogsoestado.com\/danielmatos\/#website"},"primaryImageOfPage":{"@id":"https:\/\/www.blogsoestado.com\/danielmatos\/porto-da-vale-no-maranhao-foi-o-que-mais-movimentou-cargas-no-brasil-em-janeiro\/#primaryimage"},"image":{"@id":"https:\/\/www.blogsoestado.com\/danielmatos\/porto-da-vale-no-maranhao-foi-o-que-mais-movimentou-cargas-no-brasil-em-janeiro\/#primaryimage"},"thumbnailUrl":"https:\/\/www.blogsoestado.com\/danielmatos\/files\/2022\/03\/Screenshot_20220314-0945052.png","datePublished":"2022-03-14T12:50:14+00:00","author":{"@id":""},"breadcrumb":{"@id":"https:\/\/www.blogsoestado.com\/danielmatos\/porto-da-vale-no-maranhao-foi-o-que-mais-movimentou-cargas-no-brasil-em-janeiro\/#breadcrumb"},"inLanguage":"pt-BR","potentialAction":[{"@type":"ReadAction","target":["https:\/\/www.blogsoestado.com\/danielmatos\/porto-da-vale-no-maranhao-foi-o-que-mais-movimentou-cargas-no-brasil-em-janeiro\/"]}]},{"@type":"ImageObject","inLanguage":"pt-BR","@id":"https:\/\/www.blogsoestado.com\/danielmatos\/porto-da-vale-no-maranhao-foi-o-que-mais-movimentou-cargas-no-brasil-em-janeiro\/#primaryimage","url":"https:\/\/www.blogsoestado.com\/danielmatos\/files\/2022\/03\/Screenshot_20220314-0945052.png","contentUrl":"https:\/\/www.blogsoestado.com\/danielmatos\/files\/2022\/03\/Screenshot_20220314-0945052.png"},{"@type":"BreadcrumbList","@id":"https:\/\/www.blogsoestado.com\/danielmatos\/porto-da-vale-no-maranhao-foi-o-que-mais-movimentou-cargas-no-brasil-em-janeiro\/#breadcrumb","itemListElement":[{"@type":"ListItem","position":1,"name":"In\u00edcio","item":"https:\/\/www.blogsoestado.com\/danielmatos\/"},{"@type":"ListItem","position":2,"name":"Porto da Vale no Maranh\u00e3o foi o que mais movimentou cargas no Brasil em janeiro"}]},{"@type":"WebSite","@id":"https:\/\/www.blogsoestado.com\/danielmatos\/#website","url":"https:\/\/www.blogsoestado.com\/danielmatos\/","name":"Daniel Matos","description":"","potentialAction":[{"@type":"SearchAction","target":{"@type":"EntryPoint","urlTemplate":"https:\/\/www.blogsoestado.com\/danielmatos\/?s={search_term_string}"},"query-input":{"@type":"PropertyValueSpecification","valueRequired":true,"valueName":"search_term_string"}}],"inLanguage":"pt-BR"}]}},"jetpack_featured_media_url":"","_links":{"self":[{"href":"https:\/\/www.blogsoestado.com\/danielmatos\/wp-json\/wp\/v2\/posts\/95098","targetHints":{"allow":["GET"]}}],"collection":[{"href":"https:\/\/www.blogsoestado.com\/danielmatos\/wp-json\/wp\/v2\/posts"}],"about":[{"href":"https:\/\/www.blogsoestado.com\/danielmatos\/wp-json\/wp\/v2\/types\/post"}],"replies":[{"embeddable":true,"href":"https:\/\/www.blogsoestado.com\/danielmatos\/wp-json\/wp\/v2\/comments?post=95098"}],"version-history":[{"count":0,"href":"https:\/\/www.blogsoestado.com\/danielmatos\/wp-json\/wp\/v2\/posts\/95098\/revisions"}],"wp:attachment":[{"href":"https:\/\/www.blogsoestado.com\/danielmatos\/wp-json\/wp\/v2\/media?parent=95098"}],"wp:term":[{"taxonomy":"category","embeddable":true,"href":"https:\/\/www.blogsoestado.com\/danielmatos\/wp-json\/wp\/v2\/categories?post=95098"},{"taxonomy":"post_tag","embeddable":true,"href":"https:\/\/www.blogsoestado.com\/danielmatos\/wp-json\/wp\/v2\/tags?post=95098"}],"curies":[{"name":"wp","href":"https:\/\/api.w.org\/{rel}","templated":true}]}}