{"id":95110,"date":"2022-03-14T17:42:24","date_gmt":"2022-03-14T20:42:24","guid":{"rendered":"https:\/\/www.blogsoestado.com\/danielmatos\/?p=95110"},"modified":"2022-03-14T17:42:24","modified_gmt":"2022-03-14T20:42:24","slug":"universidade-ceuma-segue-novo-cronograma-do-fies-estabelecido-pelo-mec","status":"publish","type":"post","link":"https:\/\/www.blogsoestado.com\/danielmatos\/universidade-ceuma-segue-novo-cronograma-do-fies-estabelecido-pelo-mec\/","title":{"rendered":"Universidade Ceuma segue novo cronograma do FIES estabelecido pelo MEC"},"content":{"rendered":"\n<p><strong><span class=\"has-inline-color has-vivid-cyan-blue-color\">Inscri\u00e7\u00f5es para cursos de gradua\u00e7\u00e3o por meio Fundo de Financiamento Estudantil podem ser feitas at\u00e9 as 23h59 dessa ter\u00e7a-feira (15)<\/span><\/strong><\/p>\n\n\n\n<div class=\"wp-block-image\"><figure class=\"aligncenter size-large\"><a href=\"https:\/\/www.blogsoestado.com\/danielmatos\/files\/2022\/03\/Screenshot_20220314-1722203.png\"><img decoding=\"async\" src=\"https:\/\/www.blogsoestado.com\/danielmatos\/files\/2022\/03\/Screenshot_20220314-1722203-631x1024.png\" alt=\"\" class=\"wp-image-95112\"\/><\/a><\/figure><\/div>\n\n\n\n<p>As inscri\u00e7\u00f5es para o primeiro processo seletivo de 2022 do Fundo de Financiamento Estudantil (Fies) foram reabertas e a <strong>Universidade Ceuma<\/strong> est\u00e1 seguindo o novo calend\u00e1rio estabelecido pelo Minist\u00e9rio da Educa\u00e7\u00e3o (MEC).\u00a0Com o per\u00edodo ampliado, os estudantes\u00a0ter\u00e3o at\u00e9\u00a0as 23h59\u00a0dessa ter\u00e7a-feira (15)\u00a0para se inscrever.\u00a0A data do resultado\u00a0da chamada regular, que seria divulgada\u00a0no dia 15,\u00a0tamb\u00e9m mudou\u00a0e ser\u00e1\u00a0publicada\u00a0no dia\u00a018 de mar\u00e7o, no\u00a0<a href=\"https:\/\/acessounico.mec.gov.br\/\" target=\"_blank\" rel=\"noreferrer noopener\">portal Acesso \u00danico<\/a>.\u00a0<\/p>\n\n\n\n<p>\u201cO MEC\u00a0decidiu ampliar o prazo ap\u00f3s identificar lentid\u00e3o e interrup\u00e7\u00f5es pontuais na performance da solu\u00e7\u00e3o tecnol\u00f3gica, durante poucos minutos, no sistema eletr\u00f4nico de inscri\u00e7\u00e3o. A instabilidade, ocorrida apenas no final da noite do \u00faltimo prazo previsto para inscri\u00e7\u00e3o, que seria no dia 11, foi pontual, tanto que somente foi percebida por quem acessava o sistema, no hor\u00e1rio pr\u00f3ximo do encerramento do prazo de inscri\u00e7\u00e3o\u201d, justificou o minist\u00e9rio.<\/p>\n\n\n\n<p>Para concorrer, o candidato precisa\u00a0ter\u00a0feito o\u00a0Exame Nacional do Ensino M\u00e9dio (Enem)\u00a0a partir de 2010\u00a0e\u00a0ter\u00a0obtido nota igual ou superior a 450 pontos.\u00a0Outra exig\u00eancia para inscri\u00e7\u00e3o \u00e9\u00a0n\u00e3o\u00a0ter\u00a0zerado a reda\u00e7\u00e3o.<\/p>\n\n\n\n<p><strong>Novo cronograma do FIES<\/strong><\/p>\n\n\n\n<p>Dia&nbsp;15 de mar\u00e7o \u2013 \u00faltimo dia para inscri\u00e7\u00e3o;<\/p>\n\n\n\n<p>Dia&nbsp;18 de mar\u00e7o\u2013 resultado da chamada \u00fanica e lista de espera;<\/p>\n\n\n\n<p>De 21 a&nbsp;23 de mar\u00e7o \u2013 prazo para complementa\u00e7\u00e3o das inscri\u00e7\u00f5es dos pr\u00e9-selecionados na chamada regular;<\/p>\n\n\n\n<p>De\u00a024 de mar\u00e7o a\u00a04 de maio\u00a0&#8211; prazo para convoca\u00e7\u00e3o dos pr\u00e9-selecionados por meio da lista de espera.<\/p>\n","protected":false},"excerpt":{"rendered":"<p>Inscri\u00e7\u00f5es para cursos de gradua\u00e7\u00e3o por meio Fundo de Financiamento Estudantil podem ser feitas at\u00e9 as 23h59 dessa ter\u00e7a-feira (15) [&hellip;]<\/p>\n","protected":false},"author":0,"featured_media":0,"comment_status":"open","ping_status":"open","sticky":false,"template":"","format":"standard","meta":{"site-sidebar-layout":"default","site-content-layout":"","ast-site-content-layout":"default","site-content-style":"default","site-sidebar-style":"default","ast-global-header-display":"","ast-banner-title-visibility":"","ast-main-header-display":"","ast-hfb-above-header-display":"","ast-hfb-below-header-display":"","ast-hfb-mobile-header-display":"","site-post-title":"","ast-breadcrumbs-content":"","ast-featured-img":"","footer-sml-layout":"","ast-disable-related-posts":"","theme-transparent-header-meta":"","adv-header-id-meta":"","stick-header-meta":"","header-above-stick-meta":"","header-main-stick-meta":"","header-below-stick-meta":"","astra-migrate-meta-layouts":"default","ast-page-background-enabled":"default","ast-page-background-meta":{"desktop":{"background-color":"var(--ast-global-color-5)","background-image":"","background-repeat":"repeat","background-position":"center center","background-size":"auto","background-attachment":"scroll","background-type":"","background-media":"","overlay-type":"","overlay-color":"","overlay-opacity":"","overlay-gradient":""},"tablet":{"background-color":"","background-image":"","background-repeat":"repeat","background-position":"center center","background-size":"auto","background-attachment":"scroll","background-type":"","background-media":"","overlay-type":"","overlay-color":"","overlay-opacity":"","overlay-gradient":""},"mobile":{"background-color":"","background-image":"","background-repeat":"repeat","background-position":"center center","background-size":"auto","background-attachment":"scroll","background-type":"","background-media":"","overlay-type":"","overlay-color":"","overlay-opacity":"","overlay-gradient":""}},"ast-content-background-meta":{"desktop":{"background-color":"var(--ast-global-color-4)","background-image":"","background-repeat":"repeat","background-position":"center center","background-size":"auto","background-attachment":"scroll","background-type":"","background-media":"","overlay-type":"","overlay-color":"","overlay-opacity":"","overlay-gradient":""},"tablet":{"background-color":"var(--ast-global-color-4)","background-image":"","background-repeat":"repeat","background-position":"center center","background-size":"auto","background-attachment":"scroll","background-type":"","background-media":"","overlay-type":"","overlay-color":"","overlay-opacity":"","overlay-gradient":""},"mobile":{"background-color":"var(--ast-global-color-4)","background-image":"","background-repeat":"repeat","background-position":"center center","background-size":"auto","background-attachment":"scroll","background-type":"","background-media":"","overlay-type":"","overlay-color":"","overlay-opacity":"","overlay-gradient":""}},"footnotes":""},"categories":[1],"tags":[],"class_list":["post-95110","post","type-post","status-publish","format-standard","hentry","category-sem-categoria"],"yoast_head":"<!-- This site is optimized with the Yoast SEO plugin v26.6 - https:\/\/yoast.com\/wordpress\/plugins\/seo\/ -->\n<title>Universidade Ceuma segue novo cronograma do FIES estabelecido pelo MEC - Daniel Matos<\/title>\n<meta name=\"robots\" content=\"index, follow, max-snippet:-1, max-image-preview:large, max-video-preview:-1\" \/>\n<link rel=\"canonical\" href=\"https:\/\/www.blogsoestado.com\/danielmatos\/universidade-ceuma-segue-novo-cronograma-do-fies-estabelecido-pelo-mec\/\" \/>\n<meta property=\"og:locale\" content=\"pt_BR\" \/>\n<meta property=\"og:type\" content=\"article\" \/>\n<meta property=\"og:title\" content=\"Universidade Ceuma segue novo cronograma do FIES estabelecido pelo MEC - Daniel Matos\" \/>\n<meta property=\"og:description\" content=\"Inscri\u00e7\u00f5es para cursos de gradua\u00e7\u00e3o por meio Fundo de Financiamento Estudantil podem ser feitas at\u00e9 as 23h59 dessa ter\u00e7a-feira (15) [&hellip;]\" \/>\n<meta property=\"og:url\" content=\"https:\/\/www.blogsoestado.com\/danielmatos\/universidade-ceuma-segue-novo-cronograma-do-fies-estabelecido-pelo-mec\/\" \/>\n<meta property=\"og:site_name\" content=\"Daniel Matos\" \/>\n<meta property=\"article:published_time\" content=\"2022-03-14T20:42:24+00:00\" \/>\n<meta property=\"og:image\" content=\"https:\/\/www.blogsoestado.com\/danielmatos\/files\/2022\/03\/Screenshot_20220314-1722203-631x1024.png\" \/>\n<meta name=\"twitter:card\" content=\"summary_large_image\" \/>\n<meta name=\"twitter:label1\" content=\"Est. tempo de leitura\" \/>\n\t<meta name=\"twitter:data1\" content=\"1 minuto\" \/>\n<script type=\"application\/ld+json\" class=\"yoast-schema-graph\">{\"@context\":\"https:\/\/schema.org\",\"@graph\":[{\"@type\":\"WebPage\",\"@id\":\"https:\/\/www.blogsoestado.com\/danielmatos\/universidade-ceuma-segue-novo-cronograma-do-fies-estabelecido-pelo-mec\/\",\"url\":\"https:\/\/www.blogsoestado.com\/danielmatos\/universidade-ceuma-segue-novo-cronograma-do-fies-estabelecido-pelo-mec\/\",\"name\":\"Universidade Ceuma segue novo cronograma do FIES estabelecido pelo MEC - Daniel Matos\",\"isPartOf\":{\"@id\":\"https:\/\/www.blogsoestado.com\/danielmatos\/#website\"},\"primaryImageOfPage\":{\"@id\":\"https:\/\/www.blogsoestado.com\/danielmatos\/universidade-ceuma-segue-novo-cronograma-do-fies-estabelecido-pelo-mec\/#primaryimage\"},\"image\":{\"@id\":\"https:\/\/www.blogsoestado.com\/danielmatos\/universidade-ceuma-segue-novo-cronograma-do-fies-estabelecido-pelo-mec\/#primaryimage\"},\"thumbnailUrl\":\"https:\/\/www.blogsoestado.com\/danielmatos\/files\/2022\/03\/Screenshot_20220314-1722203-631x1024.png\",\"datePublished\":\"2022-03-14T20:42:24+00:00\",\"author\":{\"@id\":\"\"},\"breadcrumb\":{\"@id\":\"https:\/\/www.blogsoestado.com\/danielmatos\/universidade-ceuma-segue-novo-cronograma-do-fies-estabelecido-pelo-mec\/#breadcrumb\"},\"inLanguage\":\"pt-BR\",\"potentialAction\":[{\"@type\":\"ReadAction\",\"target\":[\"https:\/\/www.blogsoestado.com\/danielmatos\/universidade-ceuma-segue-novo-cronograma-do-fies-estabelecido-pelo-mec\/\"]}]},{\"@type\":\"ImageObject\",\"inLanguage\":\"pt-BR\",\"@id\":\"https:\/\/www.blogsoestado.com\/danielmatos\/universidade-ceuma-segue-novo-cronograma-do-fies-estabelecido-pelo-mec\/#primaryimage\",\"url\":\"https:\/\/www.blogsoestado.com\/danielmatos\/files\/2022\/03\/Screenshot_20220314-1722203-631x1024.png\",\"contentUrl\":\"https:\/\/www.blogsoestado.com\/danielmatos\/files\/2022\/03\/Screenshot_20220314-1722203-631x1024.png\"},{\"@type\":\"BreadcrumbList\",\"@id\":\"https:\/\/www.blogsoestado.com\/danielmatos\/universidade-ceuma-segue-novo-cronograma-do-fies-estabelecido-pelo-mec\/#breadcrumb\",\"itemListElement\":[{\"@type\":\"ListItem\",\"position\":1,\"name\":\"In\u00edcio\",\"item\":\"https:\/\/www.blogsoestado.com\/danielmatos\/\"},{\"@type\":\"ListItem\",\"position\":2,\"name\":\"Universidade Ceuma segue novo cronograma do FIES estabelecido pelo MEC\"}]},{\"@type\":\"WebSite\",\"@id\":\"https:\/\/www.blogsoestado.com\/danielmatos\/#website\",\"url\":\"https:\/\/www.blogsoestado.com\/danielmatos\/\",\"name\":\"Daniel Matos\",\"description\":\"\",\"potentialAction\":[{\"@type\":\"SearchAction\",\"target\":{\"@type\":\"EntryPoint\",\"urlTemplate\":\"https:\/\/www.blogsoestado.com\/danielmatos\/?s={search_term_string}\"},\"query-input\":{\"@type\":\"PropertyValueSpecification\",\"valueRequired\":true,\"valueName\":\"search_term_string\"}}],\"inLanguage\":\"pt-BR\"}]}<\/script>\n<!-- \/ Yoast SEO plugin. -->","yoast_head_json":{"title":"Universidade Ceuma segue novo cronograma do FIES estabelecido pelo MEC - Daniel Matos","robots":{"index":"index","follow":"follow","max-snippet":"max-snippet:-1","max-image-preview":"max-image-preview:large","max-video-preview":"max-video-preview:-1"},"canonical":"https:\/\/www.blogsoestado.com\/danielmatos\/universidade-ceuma-segue-novo-cronograma-do-fies-estabelecido-pelo-mec\/","og_locale":"pt_BR","og_type":"article","og_title":"Universidade Ceuma segue novo cronograma do FIES estabelecido pelo MEC - Daniel Matos","og_description":"Inscri\u00e7\u00f5es para cursos de gradua\u00e7\u00e3o por meio Fundo de Financiamento Estudantil podem ser feitas at\u00e9 as 23h59 dessa ter\u00e7a-feira (15) [&hellip;]","og_url":"https:\/\/www.blogsoestado.com\/danielmatos\/universidade-ceuma-segue-novo-cronograma-do-fies-estabelecido-pelo-mec\/","og_site_name":"Daniel Matos","article_published_time":"2022-03-14T20:42:24+00:00","og_image":[{"url":"https:\/\/www.blogsoestado.com\/danielmatos\/files\/2022\/03\/Screenshot_20220314-1722203-631x1024.png","type":"","width":"","height":""}],"twitter_card":"summary_large_image","twitter_misc":{"Est. tempo de leitura":"1 minuto"},"schema":{"@context":"https:\/\/schema.org","@graph":[{"@type":"WebPage","@id":"https:\/\/www.blogsoestado.com\/danielmatos\/universidade-ceuma-segue-novo-cronograma-do-fies-estabelecido-pelo-mec\/","url":"https:\/\/www.blogsoestado.com\/danielmatos\/universidade-ceuma-segue-novo-cronograma-do-fies-estabelecido-pelo-mec\/","name":"Universidade Ceuma segue novo cronograma do FIES estabelecido pelo MEC - Daniel Matos","isPartOf":{"@id":"https:\/\/www.blogsoestado.com\/danielmatos\/#website"},"primaryImageOfPage":{"@id":"https:\/\/www.blogsoestado.com\/danielmatos\/universidade-ceuma-segue-novo-cronograma-do-fies-estabelecido-pelo-mec\/#primaryimage"},"image":{"@id":"https:\/\/www.blogsoestado.com\/danielmatos\/universidade-ceuma-segue-novo-cronograma-do-fies-estabelecido-pelo-mec\/#primaryimage"},"thumbnailUrl":"https:\/\/www.blogsoestado.com\/danielmatos\/files\/2022\/03\/Screenshot_20220314-1722203-631x1024.png","datePublished":"2022-03-14T20:42:24+00:00","author":{"@id":""},"breadcrumb":{"@id":"https:\/\/www.blogsoestado.com\/danielmatos\/universidade-ceuma-segue-novo-cronograma-do-fies-estabelecido-pelo-mec\/#breadcrumb"},"inLanguage":"pt-BR","potentialAction":[{"@type":"ReadAction","target":["https:\/\/www.blogsoestado.com\/danielmatos\/universidade-ceuma-segue-novo-cronograma-do-fies-estabelecido-pelo-mec\/"]}]},{"@type":"ImageObject","inLanguage":"pt-BR","@id":"https:\/\/www.blogsoestado.com\/danielmatos\/universidade-ceuma-segue-novo-cronograma-do-fies-estabelecido-pelo-mec\/#primaryimage","url":"https:\/\/www.blogsoestado.com\/danielmatos\/files\/2022\/03\/Screenshot_20220314-1722203-631x1024.png","contentUrl":"https:\/\/www.blogsoestado.com\/danielmatos\/files\/2022\/03\/Screenshot_20220314-1722203-631x1024.png"},{"@type":"BreadcrumbList","@id":"https:\/\/www.blogsoestado.com\/danielmatos\/universidade-ceuma-segue-novo-cronograma-do-fies-estabelecido-pelo-mec\/#breadcrumb","itemListElement":[{"@type":"ListItem","position":1,"name":"In\u00edcio","item":"https:\/\/www.blogsoestado.com\/danielmatos\/"},{"@type":"ListItem","position":2,"name":"Universidade Ceuma segue novo cronograma do FIES estabelecido pelo MEC"}]},{"@type":"WebSite","@id":"https:\/\/www.blogsoestado.com\/danielmatos\/#website","url":"https:\/\/www.blogsoestado.com\/danielmatos\/","name":"Daniel Matos","description":"","potentialAction":[{"@type":"SearchAction","target":{"@type":"EntryPoint","urlTemplate":"https:\/\/www.blogsoestado.com\/danielmatos\/?s={search_term_string}"},"query-input":{"@type":"PropertyValueSpecification","valueRequired":true,"valueName":"search_term_string"}}],"inLanguage":"pt-BR"}]}},"jetpack_featured_media_url":"","_links":{"self":[{"href":"https:\/\/www.blogsoestado.com\/danielmatos\/wp-json\/wp\/v2\/posts\/95110","targetHints":{"allow":["GET"]}}],"collection":[{"href":"https:\/\/www.blogsoestado.com\/danielmatos\/wp-json\/wp\/v2\/posts"}],"about":[{"href":"https:\/\/www.blogsoestado.com\/danielmatos\/wp-json\/wp\/v2\/types\/post"}],"replies":[{"embeddable":true,"href":"https:\/\/www.blogsoestado.com\/danielmatos\/wp-json\/wp\/v2\/comments?post=95110"}],"version-history":[{"count":0,"href":"https:\/\/www.blogsoestado.com\/danielmatos\/wp-json\/wp\/v2\/posts\/95110\/revisions"}],"wp:attachment":[{"href":"https:\/\/www.blogsoestado.com\/danielmatos\/wp-json\/wp\/v2\/media?parent=95110"}],"wp:term":[{"taxonomy":"category","embeddable":true,"href":"https:\/\/www.blogsoestado.com\/danielmatos\/wp-json\/wp\/v2\/categories?post=95110"},{"taxonomy":"post_tag","embeddable":true,"href":"https:\/\/www.blogsoestado.com\/danielmatos\/wp-json\/wp\/v2\/tags?post=95110"}],"curies":[{"name":"wp","href":"https:\/\/api.w.org\/{rel}","templated":true}]}}