{"id":95148,"date":"2022-03-15T16:37:27","date_gmt":"2022-03-15T19:37:27","guid":{"rendered":"https:\/\/www.blogsoestado.com\/danielmatos\/?p=95148"},"modified":"2022-03-15T16:37:27","modified_gmt":"2022-03-15T19:37:27","slug":"dr-gutemberg-leva-projeto-cuidando-de-voce-para-o-bairro-monte-castelo","status":"publish","type":"post","link":"https:\/\/www.blogsoestado.com\/danielmatos\/dr-gutemberg-leva-projeto-cuidando-de-voce-para-o-bairro-monte-castelo\/","title":{"rendered":"Dr.Gutemberg leva projeto \u2018Cuidando de Voc\u00ea\u2019 para o bairro Monte Castelo"},"content":{"rendered":"\n<div class=\"wp-block-image\"><figure class=\"aligncenter size-large\"><a href=\"https:\/\/www.blogsoestado.com\/danielmatos\/files\/2022\/03\/Screenshot_20220315-1632092.png\"><img decoding=\"async\" src=\"https:\/\/www.blogsoestado.com\/danielmatos\/files\/2022\/03\/Screenshot_20220315-1632092.png\" alt=\"\" class=\"wp-image-95149\"\/><\/a><figcaption>Dr. Gutemberg e equipe durante atendimento a uma menina assistida pelo projeto<\/figcaption><\/figure><\/div>\n\n\n\n<p>Os moradores do Monte Castelo e adjac\u00eancias tiveram um fim de semana diferente, com a oferta gratuita de servi\u00e7os de sa\u00fade do projeto \u2018Cuidando de Voc\u00ea\u2019, idealizado pelo vereador Dr. Gutemberg, vice \u2013 presidente da C\u00e2mara Municipal de S\u00e3o Lu\u00eds.<\/p>\n\n\n\n<p>\u201cO projeto Cuidando de Voc\u00ea tem v\u00e1rias vertentes, e uma delas s\u00e3o as a\u00e7\u00f5es de sa\u00fade. Nesta a\u00e7\u00e3o em especial, temos o destaque do Odontom\u00f3vel. A\u00e7\u00f5es como essas s\u00e3o extremamente importantes para ajudar as pessoas que mais precisam e fortalecem o bem estar da nossa popula\u00e7\u00e3o. Agrade\u00e7o o apoio dos parceiros e volunt\u00e1rios que est\u00e3o sendo fundamentais no atendimento. E fique atento \u00e0s nossas m\u00eddias sociais. Em breve, o projeto o Cuidando de Voc\u00ea vai estar no seu bairro\u201d, disse Dr. Gutemberg.<\/p>\n\n\n\n<p>Durante todo o s\u00e1bado (12), os moradores receberam servi\u00e7os de sa\u00fade. Foram oferecidas consultas com dentistas no odontom\u00f3vel, um\u00a0 pequeno consult\u00f3rio odontol\u00f3gico montando em um ve\u00edculo,\u00a0 al\u00e9m de servi\u00e7os de aferi\u00e7\u00e3o de press\u00e3o e glicemia.<\/p>\n\n\n\n<div class=\"wp-block-image\"><figure class=\"aligncenter size-large\"><a href=\"https:\/\/www.blogsoestado.com\/danielmatos\/files\/2022\/03\/Screenshot_20220315-1632512.png\"><img decoding=\"async\" src=\"https:\/\/www.blogsoestado.com\/danielmatos\/files\/2022\/03\/Screenshot_20220315-1632512.png\" alt=\"\" class=\"wp-image-95150\"\/><\/a><figcaption>M\u00e9dico por forma\u00e7\u00e3o, o vereador examina outra paciente<\/figcaption><\/figure><\/div>\n\n\n\n<p>\u201cEsse dia est\u00e1 sendo muito bom para todos os moradores do Monte Castelo.&nbsp; Trouxe minha fam\u00edlia para se beneficiar com os servi\u00e7os do odontom\u00f3vel. Agrade\u00e7o ao Dr. Gutemberg por esse carinho com a nossa comunidade\u201d , agradeceu Carlos Henrique Ribeiro, morador do Monte Castelo<\/p>\n\n\n\n<p>A dona de casa Cl\u00e1udia Silva, moradora do Coroadinho, acordou cedo para fazer o tratamento dent\u00e1rio no Monte Castelo.<\/p>\n\n\n\n<p>\u201cSou moradora do Coroadinho, mas fiz quest\u00e3o de acordar cedo para vir aqui no Monte Castelo e participar do projeto. Fui muito bem atendida. Fiz minha limpeza nos dentes e chequei a press\u00e3o e glicemia. Quero agradecer ao Dr. Gutemberg por esse dia maravilhoso\u201d, disse Cl\u00e1udia.<\/p>\n","protected":false},"excerpt":{"rendered":"<p>Os moradores do Monte Castelo e adjac\u00eancias tiveram um fim de semana diferente, com a oferta gratuita de servi\u00e7os de [&hellip;]<\/p>\n","protected":false},"author":0,"featured_media":0,"comment_status":"open","ping_status":"open","sticky":false,"template":"","format":"standard","meta":{"site-sidebar-layout":"default","site-content-layout":"","ast-site-content-layout":"default","site-content-style":"default","site-sidebar-style":"default","ast-global-header-display":"","ast-banner-title-visibility":"","ast-main-header-display":"","ast-hfb-above-header-display":"","ast-hfb-below-header-display":"","ast-hfb-mobile-header-display":"","site-post-title":"","ast-breadcrumbs-content":"","ast-featured-img":"","footer-sml-layout":"","ast-disable-related-posts":"","theme-transparent-header-meta":"","adv-header-id-meta":"","stick-header-meta":"","header-above-stick-meta":"","header-main-stick-meta":"","header-below-stick-meta":"","astra-migrate-meta-layouts":"default","ast-page-background-enabled":"default","ast-page-background-meta":{"desktop":{"background-color":"var(--ast-global-color-5)","background-image":"","background-repeat":"repeat","background-position":"center center","background-size":"auto","background-attachment":"scroll","background-type":"","background-media":"","overlay-type":"","overlay-color":"","overlay-opacity":"","overlay-gradient":""},"tablet":{"background-color":"","background-image":"","background-repeat":"repeat","background-position":"center center","background-size":"auto","background-attachment":"scroll","background-type":"","background-media":"","overlay-type":"","overlay-color":"","overlay-opacity":"","overlay-gradient":""},"mobile":{"background-color":"","background-image":"","background-repeat":"repeat","background-position":"center center","background-size":"auto","background-attachment":"scroll","background-type":"","background-media":"","overlay-type":"","overlay-color":"","overlay-opacity":"","overlay-gradient":""}},"ast-content-background-meta":{"desktop":{"background-color":"var(--ast-global-color-4)","background-image":"","background-repeat":"repeat","background-position":"center center","background-size":"auto","background-attachment":"scroll","background-type":"","background-media":"","overlay-type":"","overlay-color":"","overlay-opacity":"","overlay-gradient":""},"tablet":{"background-color":"var(--ast-global-color-4)","background-image":"","background-repeat":"repeat","background-position":"center center","background-size":"auto","background-attachment":"scroll","background-type":"","background-media":"","overlay-type":"","overlay-color":"","overlay-opacity":"","overlay-gradient":""},"mobile":{"background-color":"var(--ast-global-color-4)","background-image":"","background-repeat":"repeat","background-position":"center center","background-size":"auto","background-attachment":"scroll","background-type":"","background-media":"","overlay-type":"","overlay-color":"","overlay-opacity":"","overlay-gradient":""}},"footnotes":""},"categories":[1],"tags":[],"class_list":["post-95148","post","type-post","status-publish","format-standard","hentry","category-sem-categoria"],"yoast_head":"<!-- This site is optimized with the Yoast SEO plugin v26.6 - https:\/\/yoast.com\/wordpress\/plugins\/seo\/ -->\n<title>Dr.Gutemberg leva projeto \u2018Cuidando de Voc\u00ea\u2019 para o bairro Monte Castelo - Daniel Matos<\/title>\n<meta name=\"robots\" content=\"index, follow, max-snippet:-1, max-image-preview:large, max-video-preview:-1\" \/>\n<link rel=\"canonical\" href=\"https:\/\/www.blogsoestado.com\/danielmatos\/dr-gutemberg-leva-projeto-cuidando-de-voce-para-o-bairro-monte-castelo\/\" \/>\n<meta property=\"og:locale\" content=\"pt_BR\" \/>\n<meta property=\"og:type\" content=\"article\" \/>\n<meta property=\"og:title\" content=\"Dr.Gutemberg leva projeto \u2018Cuidando de Voc\u00ea\u2019 para o bairro Monte Castelo - Daniel Matos\" \/>\n<meta property=\"og:description\" content=\"Os moradores do Monte Castelo e adjac\u00eancias tiveram um fim de semana diferente, com a oferta gratuita de servi\u00e7os de [&hellip;]\" \/>\n<meta property=\"og:url\" content=\"https:\/\/www.blogsoestado.com\/danielmatos\/dr-gutemberg-leva-projeto-cuidando-de-voce-para-o-bairro-monte-castelo\/\" \/>\n<meta property=\"og:site_name\" content=\"Daniel Matos\" \/>\n<meta property=\"article:published_time\" content=\"2022-03-15T19:37:27+00:00\" \/>\n<meta property=\"og:image\" content=\"https:\/\/www.blogsoestado.com\/danielmatos\/files\/2022\/03\/Screenshot_20220315-1632092.png\" \/>\n<meta name=\"twitter:card\" content=\"summary_large_image\" \/>\n<meta name=\"twitter:label1\" content=\"Est. tempo de leitura\" \/>\n\t<meta name=\"twitter:data1\" content=\"2 minutos\" \/>\n<script type=\"application\/ld+json\" class=\"yoast-schema-graph\">{\"@context\":\"https:\/\/schema.org\",\"@graph\":[{\"@type\":\"WebPage\",\"@id\":\"https:\/\/www.blogsoestado.com\/danielmatos\/dr-gutemberg-leva-projeto-cuidando-de-voce-para-o-bairro-monte-castelo\/\",\"url\":\"https:\/\/www.blogsoestado.com\/danielmatos\/dr-gutemberg-leva-projeto-cuidando-de-voce-para-o-bairro-monte-castelo\/\",\"name\":\"Dr.Gutemberg leva projeto \u2018Cuidando de Voc\u00ea\u2019 para o bairro Monte Castelo - Daniel Matos\",\"isPartOf\":{\"@id\":\"https:\/\/www.blogsoestado.com\/danielmatos\/#website\"},\"primaryImageOfPage\":{\"@id\":\"https:\/\/www.blogsoestado.com\/danielmatos\/dr-gutemberg-leva-projeto-cuidando-de-voce-para-o-bairro-monte-castelo\/#primaryimage\"},\"image\":{\"@id\":\"https:\/\/www.blogsoestado.com\/danielmatos\/dr-gutemberg-leva-projeto-cuidando-de-voce-para-o-bairro-monte-castelo\/#primaryimage\"},\"thumbnailUrl\":\"https:\/\/www.blogsoestado.com\/danielmatos\/files\/2022\/03\/Screenshot_20220315-1632092.png\",\"datePublished\":\"2022-03-15T19:37:27+00:00\",\"author\":{\"@id\":\"\"},\"breadcrumb\":{\"@id\":\"https:\/\/www.blogsoestado.com\/danielmatos\/dr-gutemberg-leva-projeto-cuidando-de-voce-para-o-bairro-monte-castelo\/#breadcrumb\"},\"inLanguage\":\"pt-BR\",\"potentialAction\":[{\"@type\":\"ReadAction\",\"target\":[\"https:\/\/www.blogsoestado.com\/danielmatos\/dr-gutemberg-leva-projeto-cuidando-de-voce-para-o-bairro-monte-castelo\/\"]}]},{\"@type\":\"ImageObject\",\"inLanguage\":\"pt-BR\",\"@id\":\"https:\/\/www.blogsoestado.com\/danielmatos\/dr-gutemberg-leva-projeto-cuidando-de-voce-para-o-bairro-monte-castelo\/#primaryimage\",\"url\":\"https:\/\/www.blogsoestado.com\/danielmatos\/files\/2022\/03\/Screenshot_20220315-1632092.png\",\"contentUrl\":\"https:\/\/www.blogsoestado.com\/danielmatos\/files\/2022\/03\/Screenshot_20220315-1632092.png\"},{\"@type\":\"BreadcrumbList\",\"@id\":\"https:\/\/www.blogsoestado.com\/danielmatos\/dr-gutemberg-leva-projeto-cuidando-de-voce-para-o-bairro-monte-castelo\/#breadcrumb\",\"itemListElement\":[{\"@type\":\"ListItem\",\"position\":1,\"name\":\"In\u00edcio\",\"item\":\"https:\/\/www.blogsoestado.com\/danielmatos\/\"},{\"@type\":\"ListItem\",\"position\":2,\"name\":\"Dr.Gutemberg leva projeto \u2018Cuidando de Voc\u00ea\u2019 para o bairro Monte Castelo\"}]},{\"@type\":\"WebSite\",\"@id\":\"https:\/\/www.blogsoestado.com\/danielmatos\/#website\",\"url\":\"https:\/\/www.blogsoestado.com\/danielmatos\/\",\"name\":\"Daniel Matos\",\"description\":\"\",\"potentialAction\":[{\"@type\":\"SearchAction\",\"target\":{\"@type\":\"EntryPoint\",\"urlTemplate\":\"https:\/\/www.blogsoestado.com\/danielmatos\/?s={search_term_string}\"},\"query-input\":{\"@type\":\"PropertyValueSpecification\",\"valueRequired\":true,\"valueName\":\"search_term_string\"}}],\"inLanguage\":\"pt-BR\"}]}<\/script>\n<!-- \/ Yoast SEO plugin. -->","yoast_head_json":{"title":"Dr.Gutemberg leva projeto \u2018Cuidando de Voc\u00ea\u2019 para o bairro Monte Castelo - Daniel Matos","robots":{"index":"index","follow":"follow","max-snippet":"max-snippet:-1","max-image-preview":"max-image-preview:large","max-video-preview":"max-video-preview:-1"},"canonical":"https:\/\/www.blogsoestado.com\/danielmatos\/dr-gutemberg-leva-projeto-cuidando-de-voce-para-o-bairro-monte-castelo\/","og_locale":"pt_BR","og_type":"article","og_title":"Dr.Gutemberg leva projeto \u2018Cuidando de Voc\u00ea\u2019 para o bairro Monte Castelo - Daniel Matos","og_description":"Os moradores do Monte Castelo e adjac\u00eancias tiveram um fim de semana diferente, com a oferta gratuita de servi\u00e7os de [&hellip;]","og_url":"https:\/\/www.blogsoestado.com\/danielmatos\/dr-gutemberg-leva-projeto-cuidando-de-voce-para-o-bairro-monte-castelo\/","og_site_name":"Daniel Matos","article_published_time":"2022-03-15T19:37:27+00:00","og_image":[{"url":"https:\/\/www.blogsoestado.com\/danielmatos\/files\/2022\/03\/Screenshot_20220315-1632092.png","type":"","width":"","height":""}],"twitter_card":"summary_large_image","twitter_misc":{"Est. tempo de leitura":"2 minutos"},"schema":{"@context":"https:\/\/schema.org","@graph":[{"@type":"WebPage","@id":"https:\/\/www.blogsoestado.com\/danielmatos\/dr-gutemberg-leva-projeto-cuidando-de-voce-para-o-bairro-monte-castelo\/","url":"https:\/\/www.blogsoestado.com\/danielmatos\/dr-gutemberg-leva-projeto-cuidando-de-voce-para-o-bairro-monte-castelo\/","name":"Dr.Gutemberg leva projeto \u2018Cuidando de Voc\u00ea\u2019 para o bairro Monte Castelo - Daniel Matos","isPartOf":{"@id":"https:\/\/www.blogsoestado.com\/danielmatos\/#website"},"primaryImageOfPage":{"@id":"https:\/\/www.blogsoestado.com\/danielmatos\/dr-gutemberg-leva-projeto-cuidando-de-voce-para-o-bairro-monte-castelo\/#primaryimage"},"image":{"@id":"https:\/\/www.blogsoestado.com\/danielmatos\/dr-gutemberg-leva-projeto-cuidando-de-voce-para-o-bairro-monte-castelo\/#primaryimage"},"thumbnailUrl":"https:\/\/www.blogsoestado.com\/danielmatos\/files\/2022\/03\/Screenshot_20220315-1632092.png","datePublished":"2022-03-15T19:37:27+00:00","author":{"@id":""},"breadcrumb":{"@id":"https:\/\/www.blogsoestado.com\/danielmatos\/dr-gutemberg-leva-projeto-cuidando-de-voce-para-o-bairro-monte-castelo\/#breadcrumb"},"inLanguage":"pt-BR","potentialAction":[{"@type":"ReadAction","target":["https:\/\/www.blogsoestado.com\/danielmatos\/dr-gutemberg-leva-projeto-cuidando-de-voce-para-o-bairro-monte-castelo\/"]}]},{"@type":"ImageObject","inLanguage":"pt-BR","@id":"https:\/\/www.blogsoestado.com\/danielmatos\/dr-gutemberg-leva-projeto-cuidando-de-voce-para-o-bairro-monte-castelo\/#primaryimage","url":"https:\/\/www.blogsoestado.com\/danielmatos\/files\/2022\/03\/Screenshot_20220315-1632092.png","contentUrl":"https:\/\/www.blogsoestado.com\/danielmatos\/files\/2022\/03\/Screenshot_20220315-1632092.png"},{"@type":"BreadcrumbList","@id":"https:\/\/www.blogsoestado.com\/danielmatos\/dr-gutemberg-leva-projeto-cuidando-de-voce-para-o-bairro-monte-castelo\/#breadcrumb","itemListElement":[{"@type":"ListItem","position":1,"name":"In\u00edcio","item":"https:\/\/www.blogsoestado.com\/danielmatos\/"},{"@type":"ListItem","position":2,"name":"Dr.Gutemberg leva projeto \u2018Cuidando de Voc\u00ea\u2019 para o bairro Monte Castelo"}]},{"@type":"WebSite","@id":"https:\/\/www.blogsoestado.com\/danielmatos\/#website","url":"https:\/\/www.blogsoestado.com\/danielmatos\/","name":"Daniel Matos","description":"","potentialAction":[{"@type":"SearchAction","target":{"@type":"EntryPoint","urlTemplate":"https:\/\/www.blogsoestado.com\/danielmatos\/?s={search_term_string}"},"query-input":{"@type":"PropertyValueSpecification","valueRequired":true,"valueName":"search_term_string"}}],"inLanguage":"pt-BR"}]}},"jetpack_featured_media_url":"","_links":{"self":[{"href":"https:\/\/www.blogsoestado.com\/danielmatos\/wp-json\/wp\/v2\/posts\/95148","targetHints":{"allow":["GET"]}}],"collection":[{"href":"https:\/\/www.blogsoestado.com\/danielmatos\/wp-json\/wp\/v2\/posts"}],"about":[{"href":"https:\/\/www.blogsoestado.com\/danielmatos\/wp-json\/wp\/v2\/types\/post"}],"replies":[{"embeddable":true,"href":"https:\/\/www.blogsoestado.com\/danielmatos\/wp-json\/wp\/v2\/comments?post=95148"}],"version-history":[{"count":0,"href":"https:\/\/www.blogsoestado.com\/danielmatos\/wp-json\/wp\/v2\/posts\/95148\/revisions"}],"wp:attachment":[{"href":"https:\/\/www.blogsoestado.com\/danielmatos\/wp-json\/wp\/v2\/media?parent=95148"}],"wp:term":[{"taxonomy":"category","embeddable":true,"href":"https:\/\/www.blogsoestado.com\/danielmatos\/wp-json\/wp\/v2\/categories?post=95148"},{"taxonomy":"post_tag","embeddable":true,"href":"https:\/\/www.blogsoestado.com\/danielmatos\/wp-json\/wp\/v2\/tags?post=95148"}],"curies":[{"name":"wp","href":"https:\/\/api.w.org\/{rel}","templated":true}]}}