{"id":95165,"date":"2022-03-15T23:03:49","date_gmt":"2022-03-16T02:03:49","guid":{"rendered":"https:\/\/www.blogsoestado.com\/danielmatos\/?p=95165"},"modified":"2022-03-15T23:03:49","modified_gmt":"2022-03-16T02:03:49","slug":"trt-ma-adia-para-sexta-feira-18-audiencia-de-conciliacao-em-dissidio-coletivo-de-rodoviarios","status":"publish","type":"post","link":"https:\/\/www.blogsoestado.com\/danielmatos\/trt-ma-adia-para-sexta-feira-18-audiencia-de-conciliacao-em-dissidio-coletivo-de-rodoviarios\/","title":{"rendered":"TRT-MA adia para sexta-feira (18) audi\u00eancia de concilia\u00e7\u00e3o em diss\u00eddio coletivo de rodovi\u00e1rios"},"content":{"rendered":"\n<div class=\"wp-block-image\"><figure class=\"alignright size-large\"><a href=\"https:\/\/www.blogsoestado.com\/danielmatos\/files\/2022\/03\/2022-03_img-principal-12238_id10602.png\"><img decoding=\"async\" src=\"https:\/\/www.blogsoestado.com\/danielmatos\/files\/2022\/03\/2022-03_img-principal-12238_id10602.png\" alt=\"\" class=\"wp-image-95166\"\/><\/a><\/figure><\/div>\n\n\n\n<p>Por motivo de for\u00e7a maior, o presidente do Tribunal Regional do Trabalho da 16\u00aa Regi\u00e3o (Maranh\u00e3o), desembargador Francisco Jos\u00e9 de Carvalho Neto, transferiu para a pr\u00f3xima sexta-feira, 18\/3, \u00e0s 14h, a audi\u00eancia de concilia\u00e7\u00e3o do diss\u00eddio coletivo dos rodovi\u00e1rios que seria realizada nesta quarta-feira (16). Esta vai ser a segunda audi\u00eancia de concilia\u00e7\u00e3o, pois na primeira realizada na \u00faltima sexta-feira (11) n\u00e3o houve acordo. As partes envolvidas no diss\u00eddio foram notificadas sobre a nova data da audi\u00eancia.<\/p>\n\n\n\n<p>O presidente Carvalho Neto colocou-se \u00e0 disposi\u00e7\u00e3o dos envolvidos na quest\u00e3o para dar continuidade \u00e0 concilia\u00e7\u00e3o no diss\u00eddio coletivo ajuizado pelo Sindicato dos Trabalhadores em Transportes Rodovi\u00e1rios do Estado do Maranh\u00e3o (Sttrema), em face do Sindicato das Empresas de Transportes de Passageiros de S\u00e3o Lu\u00eds, Munic\u00edpio de S\u00e3o Lu\u00eds e Ag\u00eancia Estadual de Mobilidade Urbana e Servi\u00e7os P\u00fablicos. <\/p>\n\n\n\n<p>Na audi\u00eancia do dia 11, o presidente ressaltou a import\u00e2ncia do papel do Munic\u00edpio de S\u00e3o Lu\u00eds, suscitando que o ente municipal afirme, &#8220;de forma clara e direta, qual pode ser a sua participa\u00e7\u00e3o, em termos financeiros, na solu\u00e7\u00e3o da controv\u00e9rsia\u201d.<\/p>\n\n\n\n<p>Al\u00e9m de dois representantes de cada sindicato, participar\u00e3o da audi\u00eancia advogados credenciados nos autos, procurador do Minist\u00e9rio P\u00fablico do Trabalho e assessoria da Presid\u00eancia do Tribunal.<\/p>\n\n\n\n<p><strong>Diss\u00eddio coletivo de greve<\/strong><\/p>\n\n\n\n<p>Entre as reivindica\u00e7\u00f5es apresentadas no diss\u00eddio est\u00e3o a implanta\u00e7\u00e3o imediata do \u00edndice de 15% de reajuste salarial, ticket alimenta\u00e7\u00e3o no valor de R$ 800,00 e manuten\u00e7\u00e3o do plano de sa\u00fade pelas empresas componentes da categoria patronal do diss\u00eddio. Tamb\u00e9m requerem o pagamento das diferen\u00e7as resultantes desse percentual nos sal\u00e1rios e no ticket alimenta\u00e7\u00e3o dos membros da categoria profissional, retroativamente a janeiro de 2020 (data-base).<\/p>\n","protected":false},"excerpt":{"rendered":"<p>Por motivo de for\u00e7a maior, o presidente do Tribunal Regional do Trabalho da 16\u00aa Regi\u00e3o (Maranh\u00e3o), desembargador Francisco Jos\u00e9 de [&hellip;]<\/p>\n","protected":false},"author":0,"featured_media":0,"comment_status":"open","ping_status":"open","sticky":false,"template":"","format":"standard","meta":{"site-sidebar-layout":"default","site-content-layout":"","ast-site-content-layout":"default","site-content-style":"default","site-sidebar-style":"default","ast-global-header-display":"","ast-banner-title-visibility":"","ast-main-header-display":"","ast-hfb-above-header-display":"","ast-hfb-below-header-display":"","ast-hfb-mobile-header-display":"","site-post-title":"","ast-breadcrumbs-content":"","ast-featured-img":"","footer-sml-layout":"","ast-disable-related-posts":"","theme-transparent-header-meta":"","adv-header-id-meta":"","stick-header-meta":"","header-above-stick-meta":"","header-main-stick-meta":"","header-below-stick-meta":"","astra-migrate-meta-layouts":"default","ast-page-background-enabled":"default","ast-page-background-meta":{"desktop":{"background-color":"var(--ast-global-color-5)","background-image":"","background-repeat":"repeat","background-position":"center center","background-size":"auto","background-attachment":"scroll","background-type":"","background-media":"","overlay-type":"","overlay-color":"","overlay-opacity":"","overlay-gradient":""},"tablet":{"background-color":"","background-image":"","background-repeat":"repeat","background-position":"center center","background-size":"auto","background-attachment":"scroll","background-type":"","background-media":"","overlay-type":"","overlay-color":"","overlay-opacity":"","overlay-gradient":""},"mobile":{"background-color":"","background-image":"","background-repeat":"repeat","background-position":"center center","background-size":"auto","background-attachment":"scroll","background-type":"","background-media":"","overlay-type":"","overlay-color":"","overlay-opacity":"","overlay-gradient":""}},"ast-content-background-meta":{"desktop":{"background-color":"var(--ast-global-color-4)","background-image":"","background-repeat":"repeat","background-position":"center center","background-size":"auto","background-attachment":"scroll","background-type":"","background-media":"","overlay-type":"","overlay-color":"","overlay-opacity":"","overlay-gradient":""},"tablet":{"background-color":"var(--ast-global-color-4)","background-image":"","background-repeat":"repeat","background-position":"center center","background-size":"auto","background-attachment":"scroll","background-type":"","background-media":"","overlay-type":"","overlay-color":"","overlay-opacity":"","overlay-gradient":""},"mobile":{"background-color":"var(--ast-global-color-4)","background-image":"","background-repeat":"repeat","background-position":"center center","background-size":"auto","background-attachment":"scroll","background-type":"","background-media":"","overlay-type":"","overlay-color":"","overlay-opacity":"","overlay-gradient":""}},"footnotes":""},"categories":[1],"tags":[],"class_list":["post-95165","post","type-post","status-publish","format-standard","hentry","category-sem-categoria"],"yoast_head":"<!-- This site is optimized with the Yoast SEO plugin v26.6 - https:\/\/yoast.com\/wordpress\/plugins\/seo\/ -->\n<title>TRT-MA adia para sexta-feira (18) audi\u00eancia de concilia\u00e7\u00e3o em diss\u00eddio coletivo de rodovi\u00e1rios - Daniel Matos<\/title>\n<meta name=\"robots\" content=\"index, follow, max-snippet:-1, max-image-preview:large, max-video-preview:-1\" \/>\n<link rel=\"canonical\" href=\"https:\/\/www.blogsoestado.com\/danielmatos\/trt-ma-adia-para-sexta-feira-18-audiencia-de-conciliacao-em-dissidio-coletivo-de-rodoviarios\/\" \/>\n<meta property=\"og:locale\" content=\"pt_BR\" \/>\n<meta property=\"og:type\" content=\"article\" \/>\n<meta property=\"og:title\" content=\"TRT-MA adia para sexta-feira (18) audi\u00eancia de concilia\u00e7\u00e3o em diss\u00eddio coletivo de rodovi\u00e1rios - Daniel Matos\" \/>\n<meta property=\"og:description\" content=\"Por motivo de for\u00e7a maior, o presidente do Tribunal Regional do Trabalho da 16\u00aa Regi\u00e3o (Maranh\u00e3o), desembargador Francisco Jos\u00e9 de [&hellip;]\" \/>\n<meta property=\"og:url\" content=\"https:\/\/www.blogsoestado.com\/danielmatos\/trt-ma-adia-para-sexta-feira-18-audiencia-de-conciliacao-em-dissidio-coletivo-de-rodoviarios\/\" \/>\n<meta property=\"og:site_name\" content=\"Daniel Matos\" \/>\n<meta property=\"article:published_time\" content=\"2022-03-16T02:03:49+00:00\" \/>\n<meta property=\"og:image\" content=\"https:\/\/www.blogsoestado.com\/danielmatos\/files\/2022\/03\/2022-03_img-principal-12238_id10602.png\" \/>\n<meta name=\"twitter:card\" content=\"summary_large_image\" \/>\n<meta name=\"twitter:label1\" content=\"Est. tempo de leitura\" \/>\n\t<meta name=\"twitter:data1\" content=\"2 minutos\" \/>\n<script type=\"application\/ld+json\" class=\"yoast-schema-graph\">{\"@context\":\"https:\/\/schema.org\",\"@graph\":[{\"@type\":\"WebPage\",\"@id\":\"https:\/\/www.blogsoestado.com\/danielmatos\/trt-ma-adia-para-sexta-feira-18-audiencia-de-conciliacao-em-dissidio-coletivo-de-rodoviarios\/\",\"url\":\"https:\/\/www.blogsoestado.com\/danielmatos\/trt-ma-adia-para-sexta-feira-18-audiencia-de-conciliacao-em-dissidio-coletivo-de-rodoviarios\/\",\"name\":\"TRT-MA adia para sexta-feira (18) audi\u00eancia de concilia\u00e7\u00e3o em diss\u00eddio coletivo de rodovi\u00e1rios - Daniel Matos\",\"isPartOf\":{\"@id\":\"https:\/\/www.blogsoestado.com\/danielmatos\/#website\"},\"primaryImageOfPage\":{\"@id\":\"https:\/\/www.blogsoestado.com\/danielmatos\/trt-ma-adia-para-sexta-feira-18-audiencia-de-conciliacao-em-dissidio-coletivo-de-rodoviarios\/#primaryimage\"},\"image\":{\"@id\":\"https:\/\/www.blogsoestado.com\/danielmatos\/trt-ma-adia-para-sexta-feira-18-audiencia-de-conciliacao-em-dissidio-coletivo-de-rodoviarios\/#primaryimage\"},\"thumbnailUrl\":\"https:\/\/www.blogsoestado.com\/danielmatos\/files\/2022\/03\/2022-03_img-principal-12238_id10602.png\",\"datePublished\":\"2022-03-16T02:03:49+00:00\",\"author\":{\"@id\":\"\"},\"breadcrumb\":{\"@id\":\"https:\/\/www.blogsoestado.com\/danielmatos\/trt-ma-adia-para-sexta-feira-18-audiencia-de-conciliacao-em-dissidio-coletivo-de-rodoviarios\/#breadcrumb\"},\"inLanguage\":\"pt-BR\",\"potentialAction\":[{\"@type\":\"ReadAction\",\"target\":[\"https:\/\/www.blogsoestado.com\/danielmatos\/trt-ma-adia-para-sexta-feira-18-audiencia-de-conciliacao-em-dissidio-coletivo-de-rodoviarios\/\"]}]},{\"@type\":\"ImageObject\",\"inLanguage\":\"pt-BR\",\"@id\":\"https:\/\/www.blogsoestado.com\/danielmatos\/trt-ma-adia-para-sexta-feira-18-audiencia-de-conciliacao-em-dissidio-coletivo-de-rodoviarios\/#primaryimage\",\"url\":\"https:\/\/www.blogsoestado.com\/danielmatos\/files\/2022\/03\/2022-03_img-principal-12238_id10602.png\",\"contentUrl\":\"https:\/\/www.blogsoestado.com\/danielmatos\/files\/2022\/03\/2022-03_img-principal-12238_id10602.png\"},{\"@type\":\"BreadcrumbList\",\"@id\":\"https:\/\/www.blogsoestado.com\/danielmatos\/trt-ma-adia-para-sexta-feira-18-audiencia-de-conciliacao-em-dissidio-coletivo-de-rodoviarios\/#breadcrumb\",\"itemListElement\":[{\"@type\":\"ListItem\",\"position\":1,\"name\":\"In\u00edcio\",\"item\":\"https:\/\/www.blogsoestado.com\/danielmatos\/\"},{\"@type\":\"ListItem\",\"position\":2,\"name\":\"TRT-MA adia para sexta-feira (18) audi\u00eancia de concilia\u00e7\u00e3o em diss\u00eddio coletivo de rodovi\u00e1rios\"}]},{\"@type\":\"WebSite\",\"@id\":\"https:\/\/www.blogsoestado.com\/danielmatos\/#website\",\"url\":\"https:\/\/www.blogsoestado.com\/danielmatos\/\",\"name\":\"Daniel Matos\",\"description\":\"\",\"potentialAction\":[{\"@type\":\"SearchAction\",\"target\":{\"@type\":\"EntryPoint\",\"urlTemplate\":\"https:\/\/www.blogsoestado.com\/danielmatos\/?s={search_term_string}\"},\"query-input\":{\"@type\":\"PropertyValueSpecification\",\"valueRequired\":true,\"valueName\":\"search_term_string\"}}],\"inLanguage\":\"pt-BR\"}]}<\/script>\n<!-- \/ Yoast SEO plugin. -->","yoast_head_json":{"title":"TRT-MA adia para sexta-feira (18) audi\u00eancia de concilia\u00e7\u00e3o em diss\u00eddio coletivo de rodovi\u00e1rios - Daniel Matos","robots":{"index":"index","follow":"follow","max-snippet":"max-snippet:-1","max-image-preview":"max-image-preview:large","max-video-preview":"max-video-preview:-1"},"canonical":"https:\/\/www.blogsoestado.com\/danielmatos\/trt-ma-adia-para-sexta-feira-18-audiencia-de-conciliacao-em-dissidio-coletivo-de-rodoviarios\/","og_locale":"pt_BR","og_type":"article","og_title":"TRT-MA adia para sexta-feira (18) audi\u00eancia de concilia\u00e7\u00e3o em diss\u00eddio coletivo de rodovi\u00e1rios - Daniel Matos","og_description":"Por motivo de for\u00e7a maior, o presidente do Tribunal Regional do Trabalho da 16\u00aa Regi\u00e3o (Maranh\u00e3o), desembargador Francisco Jos\u00e9 de [&hellip;]","og_url":"https:\/\/www.blogsoestado.com\/danielmatos\/trt-ma-adia-para-sexta-feira-18-audiencia-de-conciliacao-em-dissidio-coletivo-de-rodoviarios\/","og_site_name":"Daniel Matos","article_published_time":"2022-03-16T02:03:49+00:00","og_image":[{"url":"https:\/\/www.blogsoestado.com\/danielmatos\/files\/2022\/03\/2022-03_img-principal-12238_id10602.png","type":"","width":"","height":""}],"twitter_card":"summary_large_image","twitter_misc":{"Est. tempo de leitura":"2 minutos"},"schema":{"@context":"https:\/\/schema.org","@graph":[{"@type":"WebPage","@id":"https:\/\/www.blogsoestado.com\/danielmatos\/trt-ma-adia-para-sexta-feira-18-audiencia-de-conciliacao-em-dissidio-coletivo-de-rodoviarios\/","url":"https:\/\/www.blogsoestado.com\/danielmatos\/trt-ma-adia-para-sexta-feira-18-audiencia-de-conciliacao-em-dissidio-coletivo-de-rodoviarios\/","name":"TRT-MA adia para sexta-feira (18) audi\u00eancia de concilia\u00e7\u00e3o em diss\u00eddio coletivo de rodovi\u00e1rios - Daniel Matos","isPartOf":{"@id":"https:\/\/www.blogsoestado.com\/danielmatos\/#website"},"primaryImageOfPage":{"@id":"https:\/\/www.blogsoestado.com\/danielmatos\/trt-ma-adia-para-sexta-feira-18-audiencia-de-conciliacao-em-dissidio-coletivo-de-rodoviarios\/#primaryimage"},"image":{"@id":"https:\/\/www.blogsoestado.com\/danielmatos\/trt-ma-adia-para-sexta-feira-18-audiencia-de-conciliacao-em-dissidio-coletivo-de-rodoviarios\/#primaryimage"},"thumbnailUrl":"https:\/\/www.blogsoestado.com\/danielmatos\/files\/2022\/03\/2022-03_img-principal-12238_id10602.png","datePublished":"2022-03-16T02:03:49+00:00","author":{"@id":""},"breadcrumb":{"@id":"https:\/\/www.blogsoestado.com\/danielmatos\/trt-ma-adia-para-sexta-feira-18-audiencia-de-conciliacao-em-dissidio-coletivo-de-rodoviarios\/#breadcrumb"},"inLanguage":"pt-BR","potentialAction":[{"@type":"ReadAction","target":["https:\/\/www.blogsoestado.com\/danielmatos\/trt-ma-adia-para-sexta-feira-18-audiencia-de-conciliacao-em-dissidio-coletivo-de-rodoviarios\/"]}]},{"@type":"ImageObject","inLanguage":"pt-BR","@id":"https:\/\/www.blogsoestado.com\/danielmatos\/trt-ma-adia-para-sexta-feira-18-audiencia-de-conciliacao-em-dissidio-coletivo-de-rodoviarios\/#primaryimage","url":"https:\/\/www.blogsoestado.com\/danielmatos\/files\/2022\/03\/2022-03_img-principal-12238_id10602.png","contentUrl":"https:\/\/www.blogsoestado.com\/danielmatos\/files\/2022\/03\/2022-03_img-principal-12238_id10602.png"},{"@type":"BreadcrumbList","@id":"https:\/\/www.blogsoestado.com\/danielmatos\/trt-ma-adia-para-sexta-feira-18-audiencia-de-conciliacao-em-dissidio-coletivo-de-rodoviarios\/#breadcrumb","itemListElement":[{"@type":"ListItem","position":1,"name":"In\u00edcio","item":"https:\/\/www.blogsoestado.com\/danielmatos\/"},{"@type":"ListItem","position":2,"name":"TRT-MA adia para sexta-feira (18) audi\u00eancia de concilia\u00e7\u00e3o em diss\u00eddio coletivo de rodovi\u00e1rios"}]},{"@type":"WebSite","@id":"https:\/\/www.blogsoestado.com\/danielmatos\/#website","url":"https:\/\/www.blogsoestado.com\/danielmatos\/","name":"Daniel Matos","description":"","potentialAction":[{"@type":"SearchAction","target":{"@type":"EntryPoint","urlTemplate":"https:\/\/www.blogsoestado.com\/danielmatos\/?s={search_term_string}"},"query-input":{"@type":"PropertyValueSpecification","valueRequired":true,"valueName":"search_term_string"}}],"inLanguage":"pt-BR"}]}},"jetpack_featured_media_url":"","_links":{"self":[{"href":"https:\/\/www.blogsoestado.com\/danielmatos\/wp-json\/wp\/v2\/posts\/95165","targetHints":{"allow":["GET"]}}],"collection":[{"href":"https:\/\/www.blogsoestado.com\/danielmatos\/wp-json\/wp\/v2\/posts"}],"about":[{"href":"https:\/\/www.blogsoestado.com\/danielmatos\/wp-json\/wp\/v2\/types\/post"}],"replies":[{"embeddable":true,"href":"https:\/\/www.blogsoestado.com\/danielmatos\/wp-json\/wp\/v2\/comments?post=95165"}],"version-history":[{"count":0,"href":"https:\/\/www.blogsoestado.com\/danielmatos\/wp-json\/wp\/v2\/posts\/95165\/revisions"}],"wp:attachment":[{"href":"https:\/\/www.blogsoestado.com\/danielmatos\/wp-json\/wp\/v2\/media?parent=95165"}],"wp:term":[{"taxonomy":"category","embeddable":true,"href":"https:\/\/www.blogsoestado.com\/danielmatos\/wp-json\/wp\/v2\/categories?post=95165"},{"taxonomy":"post_tag","embeddable":true,"href":"https:\/\/www.blogsoestado.com\/danielmatos\/wp-json\/wp\/v2\/tags?post=95165"}],"curies":[{"name":"wp","href":"https:\/\/api.w.org\/{rel}","templated":true}]}}