{"id":95180,"date":"2022-03-16T19:20:54","date_gmt":"2022-03-16T22:20:54","guid":{"rendered":"https:\/\/www.blogsoestado.com\/danielmatos\/?p=95180"},"modified":"2022-03-16T19:20:54","modified_gmt":"2022-03-16T22:20:54","slug":"tribunal-de-justica-aprova-criacao-de-mais-7-vagas-de-desembargador","status":"publish","type":"post","link":"https:\/\/www.blogsoestado.com\/danielmatos\/tribunal-de-justica-aprova-criacao-de-mais-7-vagas-de-desembargador\/","title":{"rendered":"Tribunal de Justi\u00e7a aprova cria\u00e7\u00e3o de mais 7 vagas de desembargador"},"content":{"rendered":"\n<div class=\"wp-block-image\"><figure class=\"aligncenter size-large\"><a href=\"https:\/\/www.blogsoestado.com\/danielmatos\/files\/2022\/03\/Screenshot_20220316-1917302.png\"><img decoding=\"async\" src=\"https:\/\/www.blogsoestado.com\/danielmatos\/files\/2022\/03\/Screenshot_20220316-1917302.png\" alt=\"\" class=\"wp-image-95181\"\/><\/a><figcaption>Pleno do Tribunal de Justi\u00e7a do Maranh\u00e3o deve ganhar mais sete membros<\/figcaption><\/figure><\/div>\n\n\n\n<p>O Tribunal de Justi\u00e7a do Maranh\u00e3o aprovou anteprojeto de lei que cria mais sete cargos de desembargador no Poder Judici\u00e1rio do Maranh\u00e3o, em sess\u00e3o plen\u00e1ria administrativa, nesta quarta-feira (16), em processo sob a relatoria do desembargador Cleones Cunha. O documento que ser\u00e1 enviado \u00e0 Assembleia Legislativa do Estado para aprecia\u00e7\u00e3o \u2013 e, posteriormente, submetido \u00e0 san\u00e7\u00e3o do governador, caso aprovado \u2013 tamb\u00e9m cria o cargo de 2\u00ba vice-presidente do TJMA, que acumular\u00e1 as fun\u00e7\u00f5es de ouvidor judicial.<\/p>\n\n\n\n<p>A minuta altera a Lei Complementar n\u00ba 14, de 17 de dezembro de 1991, C\u00f3digo de Divis\u00e3o e Organiza\u00e7\u00e3o Judici\u00e1rias do Maranh\u00e3o, para a cria\u00e7\u00e3o dos sete novos cargos de desembargador. O anteprojeto foi aprovado por maioria de votos, contra o voto apenas do desembargador Jorge Rachid, e teve apoio do procurador-geral de Justi\u00e7a, Eduardo Nicolau; do presidente da Associa\u00e7\u00e3o dos Magistrados do Maranh\u00e3o, juiz Hol\u00eddice Barros; e do representante da Ordem dos Advogados do Brasil \u2013 Seccional Maranh\u00e3o (OAB\/MA), Vandir J\u00fanior.<\/p>\n\n\n\n<p><strong>DESTAQUE<\/strong><\/p>\n\n\n\n<p>Ap\u00f3s a vota\u00e7\u00e3o da proposta, foi apreciado o destaque de proposta do desembargador Tyrone Silva, de ementa supressiva, para exclus\u00e3o das fun\u00e7\u00f5es de ouvidor do cargo de 2\u00ba vice-presidente, no sentido de que ficasse mantido o cargo de ouvidor. Por maioria, o Pleno concordou com o entendimento do relator, para que as fun\u00e7\u00f5es passem a ser exercidas pelo 2\u00ba vice-presidente.<\/p>\n\n\n\n<p>Caso aprovada pela Assembleia Legislativa e sancionada como nova lei complementar, o Tribunal de Justi\u00e7a passar\u00e1 a ser composto por 37 desembargadores e desembargadoras, dentre os quais ser\u00e3o escolhidos o presidente, o 1\u00ba vice-presidente, o 2\u00ba vice-presidente e o corregedor-geral da Justi\u00e7a, com as compet\u00eancias e atribui\u00e7\u00f5es definidas na Constitui\u00e7\u00e3o do Estado, no C\u00f3digo e no Regimento Interno do TJMA.<\/p>\n\n\n\n<p>O acr\u00e9scimo de mais sete magistrados proporcionar\u00e1 a cria\u00e7\u00e3o de mais uma c\u00e2mara c\u00edvel \u2013 passando das sete atuais para oito \u2013 e da recria\u00e7\u00e3o da 3\u00aa C\u00e2mara Criminal \u2013 recentemente extinta. O Plen\u00e1rio funcionar\u00e1 com a presen\u00e7a de, pelo menos, 19 desembargadores e desembargadoras, al\u00e9m do presidente; e os seus julgamentos ser\u00e3o tomados por maioria de votos, salvo os casos que exijam qu\u00f3rum especial.<\/p>\n\n\n\n<p><strong>2\u00ba VICE-PRESIDENTE<\/strong><\/p>\n\n\n\n<p>O artigo 2\u00ba do anteprojeto estabelece que fica criado, na Mesa Diretora do Tribunal de Justi\u00e7a, o cargo de 2\u00ba vice-presidente; e transformado em 1\u00ba vice-presidente o atual cargo de vice-presidente, sendo atribu\u00edda ao 2\u00ba vice-presidente a mesma gratifica\u00e7\u00e3o do atual vice-presidente, cujo cargo est\u00e1 sendo transformado em 1\u00ba vice-presidente.<\/p>\n\n\n\n<p>O par\u00e1grafo \u00fanico informa que o 2\u00ba vice-presidente, assim como o 1\u00ba vice-presidente, ficar\u00e3o afastados de suas fun\u00e7\u00f5es judicantes, salvo no Plen\u00e1rio; e, al\u00e9m de substituir o 1\u00ba vice-presidente nas suas aus\u00eancias, licen\u00e7as e impedimentos, o 2\u00ba vice-presidente exercer\u00e1 as fun\u00e7\u00f5es de supervisor-geral dos juizados especiais e de ouvidor judicial do Poder Judici\u00e1rio.<\/p>\n\n\n\n<p>O Artigo 3\u00ba cria sete cargos de desembargador e o Artigo 4\u00ba cria cargos em comiss\u00e3o, referentes aos novos gabinetes. As despesas decorrentes desta Lei Complementar ocorrer\u00e3o por conta do or\u00e7amento do Poder Judici\u00e1rio.<\/p>\n","protected":false},"excerpt":{"rendered":"<p>O Tribunal de Justi\u00e7a do Maranh\u00e3o aprovou anteprojeto de lei que cria mais sete cargos de desembargador no Poder Judici\u00e1rio [&hellip;]<\/p>\n","protected":false},"author":0,"featured_media":0,"comment_status":"open","ping_status":"open","sticky":false,"template":"","format":"standard","meta":{"site-sidebar-layout":"default","site-content-layout":"","ast-site-content-layout":"default","site-content-style":"default","site-sidebar-style":"default","ast-global-header-display":"","ast-banner-title-visibility":"","ast-main-header-display":"","ast-hfb-above-header-display":"","ast-hfb-below-header-display":"","ast-hfb-mobile-header-display":"","site-post-title":"","ast-breadcrumbs-content":"","ast-featured-img":"","footer-sml-layout":"","ast-disable-related-posts":"","theme-transparent-header-meta":"","adv-header-id-meta":"","stick-header-meta":"","header-above-stick-meta":"","header-main-stick-meta":"","header-below-stick-meta":"","astra-migrate-meta-layouts":"default","ast-page-background-enabled":"default","ast-page-background-meta":{"desktop":{"background-color":"var(--ast-global-color-5)","background-image":"","background-repeat":"repeat","background-position":"center center","background-size":"auto","background-attachment":"scroll","background-type":"","background-media":"","overlay-type":"","overlay-color":"","overlay-opacity":"","overlay-gradient":""},"tablet":{"background-color":"","background-image":"","background-repeat":"repeat","background-position":"center center","background-size":"auto","background-attachment":"scroll","background-type":"","background-media":"","overlay-type":"","overlay-color":"","overlay-opacity":"","overlay-gradient":""},"mobile":{"background-color":"","background-image":"","background-repeat":"repeat","background-position":"center center","background-size":"auto","background-attachment":"scroll","background-type":"","background-media":"","overlay-type":"","overlay-color":"","overlay-opacity":"","overlay-gradient":""}},"ast-content-background-meta":{"desktop":{"background-color":"var(--ast-global-color-4)","background-image":"","background-repeat":"repeat","background-position":"center center","background-size":"auto","background-attachment":"scroll","background-type":"","background-media":"","overlay-type":"","overlay-color":"","overlay-opacity":"","overlay-gradient":""},"tablet":{"background-color":"var(--ast-global-color-4)","background-image":"","background-repeat":"repeat","background-position":"center center","background-size":"auto","background-attachment":"scroll","background-type":"","background-media":"","overlay-type":"","overlay-color":"","overlay-opacity":"","overlay-gradient":""},"mobile":{"background-color":"var(--ast-global-color-4)","background-image":"","background-repeat":"repeat","background-position":"center center","background-size":"auto","background-attachment":"scroll","background-type":"","background-media":"","overlay-type":"","overlay-color":"","overlay-opacity":"","overlay-gradient":""}},"footnotes":""},"categories":[1],"tags":[],"class_list":["post-95180","post","type-post","status-publish","format-standard","hentry","category-sem-categoria"],"yoast_head":"<!-- This site is optimized with the Yoast SEO plugin v26.6 - https:\/\/yoast.com\/wordpress\/plugins\/seo\/ -->\n<title>Tribunal de Justi\u00e7a aprova cria\u00e7\u00e3o de mais 7 vagas de desembargador - Daniel Matos<\/title>\n<meta name=\"robots\" content=\"index, follow, max-snippet:-1, max-image-preview:large, max-video-preview:-1\" \/>\n<link rel=\"canonical\" href=\"https:\/\/www.blogsoestado.com\/danielmatos\/tribunal-de-justica-aprova-criacao-de-mais-7-vagas-de-desembargador\/\" \/>\n<meta property=\"og:locale\" content=\"pt_BR\" \/>\n<meta property=\"og:type\" content=\"article\" \/>\n<meta property=\"og:title\" content=\"Tribunal de Justi\u00e7a aprova cria\u00e7\u00e3o de mais 7 vagas de desembargador - Daniel Matos\" \/>\n<meta property=\"og:description\" content=\"O Tribunal de Justi\u00e7a do Maranh\u00e3o aprovou anteprojeto de lei que cria mais sete cargos de desembargador no Poder Judici\u00e1rio [&hellip;]\" \/>\n<meta property=\"og:url\" content=\"https:\/\/www.blogsoestado.com\/danielmatos\/tribunal-de-justica-aprova-criacao-de-mais-7-vagas-de-desembargador\/\" \/>\n<meta property=\"og:site_name\" content=\"Daniel Matos\" \/>\n<meta property=\"article:published_time\" content=\"2022-03-16T22:20:54+00:00\" \/>\n<meta property=\"og:image\" content=\"https:\/\/www.blogsoestado.com\/danielmatos\/files\/2022\/03\/Screenshot_20220316-1917302.png\" \/>\n<meta name=\"twitter:card\" content=\"summary_large_image\" \/>\n<meta name=\"twitter:label1\" content=\"Est. tempo de leitura\" \/>\n\t<meta name=\"twitter:data1\" content=\"3 minutos\" \/>\n<script type=\"application\/ld+json\" class=\"yoast-schema-graph\">{\"@context\":\"https:\/\/schema.org\",\"@graph\":[{\"@type\":\"WebPage\",\"@id\":\"https:\/\/www.blogsoestado.com\/danielmatos\/tribunal-de-justica-aprova-criacao-de-mais-7-vagas-de-desembargador\/\",\"url\":\"https:\/\/www.blogsoestado.com\/danielmatos\/tribunal-de-justica-aprova-criacao-de-mais-7-vagas-de-desembargador\/\",\"name\":\"Tribunal de Justi\u00e7a aprova cria\u00e7\u00e3o de mais 7 vagas de desembargador - Daniel Matos\",\"isPartOf\":{\"@id\":\"https:\/\/www.blogsoestado.com\/danielmatos\/#website\"},\"primaryImageOfPage\":{\"@id\":\"https:\/\/www.blogsoestado.com\/danielmatos\/tribunal-de-justica-aprova-criacao-de-mais-7-vagas-de-desembargador\/#primaryimage\"},\"image\":{\"@id\":\"https:\/\/www.blogsoestado.com\/danielmatos\/tribunal-de-justica-aprova-criacao-de-mais-7-vagas-de-desembargador\/#primaryimage\"},\"thumbnailUrl\":\"https:\/\/www.blogsoestado.com\/danielmatos\/files\/2022\/03\/Screenshot_20220316-1917302.png\",\"datePublished\":\"2022-03-16T22:20:54+00:00\",\"author\":{\"@id\":\"\"},\"breadcrumb\":{\"@id\":\"https:\/\/www.blogsoestado.com\/danielmatos\/tribunal-de-justica-aprova-criacao-de-mais-7-vagas-de-desembargador\/#breadcrumb\"},\"inLanguage\":\"pt-BR\",\"potentialAction\":[{\"@type\":\"ReadAction\",\"target\":[\"https:\/\/www.blogsoestado.com\/danielmatos\/tribunal-de-justica-aprova-criacao-de-mais-7-vagas-de-desembargador\/\"]}]},{\"@type\":\"ImageObject\",\"inLanguage\":\"pt-BR\",\"@id\":\"https:\/\/www.blogsoestado.com\/danielmatos\/tribunal-de-justica-aprova-criacao-de-mais-7-vagas-de-desembargador\/#primaryimage\",\"url\":\"https:\/\/www.blogsoestado.com\/danielmatos\/files\/2022\/03\/Screenshot_20220316-1917302.png\",\"contentUrl\":\"https:\/\/www.blogsoestado.com\/danielmatos\/files\/2022\/03\/Screenshot_20220316-1917302.png\"},{\"@type\":\"BreadcrumbList\",\"@id\":\"https:\/\/www.blogsoestado.com\/danielmatos\/tribunal-de-justica-aprova-criacao-de-mais-7-vagas-de-desembargador\/#breadcrumb\",\"itemListElement\":[{\"@type\":\"ListItem\",\"position\":1,\"name\":\"In\u00edcio\",\"item\":\"https:\/\/www.blogsoestado.com\/danielmatos\/\"},{\"@type\":\"ListItem\",\"position\":2,\"name\":\"Tribunal de Justi\u00e7a aprova cria\u00e7\u00e3o de mais 7 vagas de desembargador\"}]},{\"@type\":\"WebSite\",\"@id\":\"https:\/\/www.blogsoestado.com\/danielmatos\/#website\",\"url\":\"https:\/\/www.blogsoestado.com\/danielmatos\/\",\"name\":\"Daniel Matos\",\"description\":\"\",\"potentialAction\":[{\"@type\":\"SearchAction\",\"target\":{\"@type\":\"EntryPoint\",\"urlTemplate\":\"https:\/\/www.blogsoestado.com\/danielmatos\/?s={search_term_string}\"},\"query-input\":{\"@type\":\"PropertyValueSpecification\",\"valueRequired\":true,\"valueName\":\"search_term_string\"}}],\"inLanguage\":\"pt-BR\"}]}<\/script>\n<!-- \/ Yoast SEO plugin. -->","yoast_head_json":{"title":"Tribunal de Justi\u00e7a aprova cria\u00e7\u00e3o de mais 7 vagas de desembargador - Daniel Matos","robots":{"index":"index","follow":"follow","max-snippet":"max-snippet:-1","max-image-preview":"max-image-preview:large","max-video-preview":"max-video-preview:-1"},"canonical":"https:\/\/www.blogsoestado.com\/danielmatos\/tribunal-de-justica-aprova-criacao-de-mais-7-vagas-de-desembargador\/","og_locale":"pt_BR","og_type":"article","og_title":"Tribunal de Justi\u00e7a aprova cria\u00e7\u00e3o de mais 7 vagas de desembargador - Daniel Matos","og_description":"O Tribunal de Justi\u00e7a do Maranh\u00e3o aprovou anteprojeto de lei que cria mais sete cargos de desembargador no Poder Judici\u00e1rio [&hellip;]","og_url":"https:\/\/www.blogsoestado.com\/danielmatos\/tribunal-de-justica-aprova-criacao-de-mais-7-vagas-de-desembargador\/","og_site_name":"Daniel Matos","article_published_time":"2022-03-16T22:20:54+00:00","og_image":[{"url":"https:\/\/www.blogsoestado.com\/danielmatos\/files\/2022\/03\/Screenshot_20220316-1917302.png","type":"","width":"","height":""}],"twitter_card":"summary_large_image","twitter_misc":{"Est. tempo de leitura":"3 minutos"},"schema":{"@context":"https:\/\/schema.org","@graph":[{"@type":"WebPage","@id":"https:\/\/www.blogsoestado.com\/danielmatos\/tribunal-de-justica-aprova-criacao-de-mais-7-vagas-de-desembargador\/","url":"https:\/\/www.blogsoestado.com\/danielmatos\/tribunal-de-justica-aprova-criacao-de-mais-7-vagas-de-desembargador\/","name":"Tribunal de Justi\u00e7a aprova cria\u00e7\u00e3o de mais 7 vagas de desembargador - Daniel Matos","isPartOf":{"@id":"https:\/\/www.blogsoestado.com\/danielmatos\/#website"},"primaryImageOfPage":{"@id":"https:\/\/www.blogsoestado.com\/danielmatos\/tribunal-de-justica-aprova-criacao-de-mais-7-vagas-de-desembargador\/#primaryimage"},"image":{"@id":"https:\/\/www.blogsoestado.com\/danielmatos\/tribunal-de-justica-aprova-criacao-de-mais-7-vagas-de-desembargador\/#primaryimage"},"thumbnailUrl":"https:\/\/www.blogsoestado.com\/danielmatos\/files\/2022\/03\/Screenshot_20220316-1917302.png","datePublished":"2022-03-16T22:20:54+00:00","author":{"@id":""},"breadcrumb":{"@id":"https:\/\/www.blogsoestado.com\/danielmatos\/tribunal-de-justica-aprova-criacao-de-mais-7-vagas-de-desembargador\/#breadcrumb"},"inLanguage":"pt-BR","potentialAction":[{"@type":"ReadAction","target":["https:\/\/www.blogsoestado.com\/danielmatos\/tribunal-de-justica-aprova-criacao-de-mais-7-vagas-de-desembargador\/"]}]},{"@type":"ImageObject","inLanguage":"pt-BR","@id":"https:\/\/www.blogsoestado.com\/danielmatos\/tribunal-de-justica-aprova-criacao-de-mais-7-vagas-de-desembargador\/#primaryimage","url":"https:\/\/www.blogsoestado.com\/danielmatos\/files\/2022\/03\/Screenshot_20220316-1917302.png","contentUrl":"https:\/\/www.blogsoestado.com\/danielmatos\/files\/2022\/03\/Screenshot_20220316-1917302.png"},{"@type":"BreadcrumbList","@id":"https:\/\/www.blogsoestado.com\/danielmatos\/tribunal-de-justica-aprova-criacao-de-mais-7-vagas-de-desembargador\/#breadcrumb","itemListElement":[{"@type":"ListItem","position":1,"name":"In\u00edcio","item":"https:\/\/www.blogsoestado.com\/danielmatos\/"},{"@type":"ListItem","position":2,"name":"Tribunal de Justi\u00e7a aprova cria\u00e7\u00e3o de mais 7 vagas de desembargador"}]},{"@type":"WebSite","@id":"https:\/\/www.blogsoestado.com\/danielmatos\/#website","url":"https:\/\/www.blogsoestado.com\/danielmatos\/","name":"Daniel Matos","description":"","potentialAction":[{"@type":"SearchAction","target":{"@type":"EntryPoint","urlTemplate":"https:\/\/www.blogsoestado.com\/danielmatos\/?s={search_term_string}"},"query-input":{"@type":"PropertyValueSpecification","valueRequired":true,"valueName":"search_term_string"}}],"inLanguage":"pt-BR"}]}},"jetpack_featured_media_url":"","_links":{"self":[{"href":"https:\/\/www.blogsoestado.com\/danielmatos\/wp-json\/wp\/v2\/posts\/95180","targetHints":{"allow":["GET"]}}],"collection":[{"href":"https:\/\/www.blogsoestado.com\/danielmatos\/wp-json\/wp\/v2\/posts"}],"about":[{"href":"https:\/\/www.blogsoestado.com\/danielmatos\/wp-json\/wp\/v2\/types\/post"}],"replies":[{"embeddable":true,"href":"https:\/\/www.blogsoestado.com\/danielmatos\/wp-json\/wp\/v2\/comments?post=95180"}],"version-history":[{"count":0,"href":"https:\/\/www.blogsoestado.com\/danielmatos\/wp-json\/wp\/v2\/posts\/95180\/revisions"}],"wp:attachment":[{"href":"https:\/\/www.blogsoestado.com\/danielmatos\/wp-json\/wp\/v2\/media?parent=95180"}],"wp:term":[{"taxonomy":"category","embeddable":true,"href":"https:\/\/www.blogsoestado.com\/danielmatos\/wp-json\/wp\/v2\/categories?post=95180"},{"taxonomy":"post_tag","embeddable":true,"href":"https:\/\/www.blogsoestado.com\/danielmatos\/wp-json\/wp\/v2\/tags?post=95180"}],"curies":[{"name":"wp","href":"https:\/\/api.w.org\/{rel}","templated":true}]}}