{"id":95193,"date":"2022-03-17T09:00:00","date_gmt":"2022-03-17T12:00:00","guid":{"rendered":"https:\/\/www.blogsoestado.com\/danielmatos\/?p=95193"},"modified":"2022-03-17T09:00:00","modified_gmt":"2022-03-17T12:00:00","slug":"molejo-de-volta-a-sao-luis-neste-sabado-19","status":"publish","type":"post","link":"https:\/\/www.blogsoestado.com\/danielmatos\/molejo-de-volta-a-sao-luis-neste-sabado-19\/","title":{"rendered":"&#8220;Molejo\u201d de volta a S\u00e3o Lu\u00eds neste s\u00e1bado (19)"},"content":{"rendered":"\n<p><strong><em><span class=\"has-inline-color has-vivid-red-color\">Ap\u00f3s 15 anos sem se apresentar na capital maranhense, o grupo que fez sucesso nos anos 1990 estar\u00e1 na The Music Hall, \u00e0s 21h<\/span><\/em><\/strong><\/p>\n\n\n\n<div class=\"wp-block-image\"><figure class=\"aligncenter size-large\"><a href=\"https:\/\/www.blogsoestado.com\/danielmatos\/files\/2022\/03\/Screenshot_20220317-0013052.png\"><img decoding=\"async\" src=\"https:\/\/www.blogsoestado.com\/danielmatos\/files\/2022\/03\/Screenshot_20220317-0013052.png\" alt=\"\" class=\"wp-image-95194\"\/><\/a><figcaption>O grupo \u201cMolejo\u201d, dono de sucessos como \u201cBrincadeira de Crian\u00e7a\u201d, \u201cCilada\u201d, \u201cDan\u00e7a da Vassoura\u201d, \u201cPaparico\u201d, &#8220;Ca\u00e7amba&#8221; e \u201cVoltei\u201d<\/figcaption><\/figure><\/div>\n\n\n\n<p><strong>S\u00e3o Lu\u00eds \u2013\u00a0<\/strong>Ap\u00f3s um hiato de 15 anos, uma das mais aplaudidas refer\u00eancias do samba e do pagode carioca vai desembarcar em S\u00e3o Lu\u00eds neste s\u00e1bado (19) para show exclusivo na casa de eventos The Music Hall, na Lagoa da Jansen, \u00e0s 21h. Quem assina o evento \u00e9 a Salve Simpatia Produ\u00e7\u00f5es, que tem \u00e0 frente a dupla formada por Mirella Castelo Branco e Anna Sousa Mota, e a Pororoca Produ\u00e7\u00f5es, do empres\u00e1rio Ricardo Fernandes.<\/p>\n\n\n\n<p>O grupo \u201cMolejo\u201d, dono de sucessos como \u201cBrincadeira de Crian\u00e7a\u201d, \u201cCilada\u201d, \u201cDan\u00e7a da Vassoura\u201d, \u201cPaparico\u201d, &#8220;Ca\u00e7amba&#8221; e \u201cVoltei\u201d, entre outros hits que marcaram a d\u00e9cada de 1990, vai sacudir o espa\u00e7o para comandar v\u00e1rias horas de descontra\u00e7\u00e3o com seu alto astral caracter\u00edstico.<\/p>\n\n\n\n<p>Com mais de 30 anos de carreira, \u201cMolejo\u201d aposta na moderniza\u00e7\u00e3o de suas m\u00fasicas e prioriza composi\u00e7\u00f5es de jovens artistas. A banda \u00e9 composta por Anderson Leonardo (cavaco e voz), Andr\u00e9zinho (surdo e voz), Claumirzinho (pandeiro e vocal), L\u00facio Nascimento (repique de m\u00e3o e vocal), Jimmy Batera (bateria e vocal) e Robson Calazans (tantan, caixa e reco reco).<\/p>\n\n\n\n<p>Em 2019, os rapazes lan\u00e7aram o single \u201cSe depender de mim, sextou\u201d, que se soma aos seus outros in\u00fameros trabalhos musicais. O repert\u00f3rio \u00e9 vasto e o show \u00e9 bem dan\u00e7ante, com can\u00e7\u00f5es novas e os cl\u00e1ssicos que n\u00e3o podem ficar de fora de suas apresenta\u00e7\u00f5es.<\/p>\n\n\n\n<p><strong>Servi\u00e7os<\/strong><\/p>\n\n\n\n<p><strong>O qu\u00ea<\/strong><\/p>\n\n\n\n<p>Show do grupo \u201cMolejo\u201d<\/p>\n\n\n\n<p><strong>Quando<\/strong><\/p>\n\n\n\n<p>Neste s\u00e1bado, \u00e0s 21h<\/p>\n\n\n\n<p><strong>Onde<\/strong><\/p>\n\n\n\n<p>The Music Hall (Lagoa da Jansen)<\/p>\n\n\n\n<p>Ingressos est\u00e3o \u00e0 venda pelo Sympla ou via pix.<\/p>\n\n\n\n<p>Mais informa\u00e7\u00f5es: (98) 8513-3449<\/p>\n","protected":false},"excerpt":{"rendered":"<p>Ap\u00f3s 15 anos sem se apresentar na capital maranhense, o grupo que fez sucesso nos anos 1990 estar\u00e1 na The [&hellip;]<\/p>\n","protected":false},"author":0,"featured_media":0,"comment_status":"open","ping_status":"open","sticky":false,"template":"","format":"standard","meta":{"site-sidebar-layout":"default","site-content-layout":"","ast-site-content-layout":"default","site-content-style":"default","site-sidebar-style":"default","ast-global-header-display":"","ast-banner-title-visibility":"","ast-main-header-display":"","ast-hfb-above-header-display":"","ast-hfb-below-header-display":"","ast-hfb-mobile-header-display":"","site-post-title":"","ast-breadcrumbs-content":"","ast-featured-img":"","footer-sml-layout":"","ast-disable-related-posts":"","theme-transparent-header-meta":"","adv-header-id-meta":"","stick-header-meta":"","header-above-stick-meta":"","header-main-stick-meta":"","header-below-stick-meta":"","astra-migrate-meta-layouts":"default","ast-page-background-enabled":"default","ast-page-background-meta":{"desktop":{"background-color":"var(--ast-global-color-5)","background-image":"","background-repeat":"repeat","background-position":"center center","background-size":"auto","background-attachment":"scroll","background-type":"","background-media":"","overlay-type":"","overlay-color":"","overlay-opacity":"","overlay-gradient":""},"tablet":{"background-color":"","background-image":"","background-repeat":"repeat","background-position":"center center","background-size":"auto","background-attachment":"scroll","background-type":"","background-media":"","overlay-type":"","overlay-color":"","overlay-opacity":"","overlay-gradient":""},"mobile":{"background-color":"","background-image":"","background-repeat":"repeat","background-position":"center center","background-size":"auto","background-attachment":"scroll","background-type":"","background-media":"","overlay-type":"","overlay-color":"","overlay-opacity":"","overlay-gradient":""}},"ast-content-background-meta":{"desktop":{"background-color":"var(--ast-global-color-4)","background-image":"","background-repeat":"repeat","background-position":"center center","background-size":"auto","background-attachment":"scroll","background-type":"","background-media":"","overlay-type":"","overlay-color":"","overlay-opacity":"","overlay-gradient":""},"tablet":{"background-color":"var(--ast-global-color-4)","background-image":"","background-repeat":"repeat","background-position":"center center","background-size":"auto","background-attachment":"scroll","background-type":"","background-media":"","overlay-type":"","overlay-color":"","overlay-opacity":"","overlay-gradient":""},"mobile":{"background-color":"var(--ast-global-color-4)","background-image":"","background-repeat":"repeat","background-position":"center center","background-size":"auto","background-attachment":"scroll","background-type":"","background-media":"","overlay-type":"","overlay-color":"","overlay-opacity":"","overlay-gradient":""}},"footnotes":""},"categories":[1],"tags":[],"class_list":["post-95193","post","type-post","status-publish","format-standard","hentry","category-sem-categoria"],"yoast_head":"<!-- This site is optimized with the Yoast SEO plugin v26.6 - https:\/\/yoast.com\/wordpress\/plugins\/seo\/ -->\n<title>&quot;Molejo\u201d de volta a S\u00e3o Lu\u00eds neste s\u00e1bado (19) - Daniel Matos<\/title>\n<meta name=\"robots\" content=\"index, follow, max-snippet:-1, max-image-preview:large, max-video-preview:-1\" \/>\n<link rel=\"canonical\" href=\"https:\/\/www.blogsoestado.com\/danielmatos\/molejo-de-volta-a-sao-luis-neste-sabado-19\/\" \/>\n<meta property=\"og:locale\" content=\"pt_BR\" \/>\n<meta property=\"og:type\" content=\"article\" \/>\n<meta property=\"og:title\" content=\"&quot;Molejo\u201d de volta a S\u00e3o Lu\u00eds neste s\u00e1bado (19) - Daniel Matos\" \/>\n<meta property=\"og:description\" content=\"Ap\u00f3s 15 anos sem se apresentar na capital maranhense, o grupo que fez sucesso nos anos 1990 estar\u00e1 na The [&hellip;]\" \/>\n<meta property=\"og:url\" content=\"https:\/\/www.blogsoestado.com\/danielmatos\/molejo-de-volta-a-sao-luis-neste-sabado-19\/\" \/>\n<meta property=\"og:site_name\" content=\"Daniel Matos\" \/>\n<meta property=\"article:published_time\" content=\"2022-03-17T12:00:00+00:00\" \/>\n<meta property=\"og:image\" content=\"https:\/\/www.blogsoestado.com\/danielmatos\/files\/2022\/03\/Screenshot_20220317-0013052.png\" \/>\n<meta name=\"twitter:card\" content=\"summary_large_image\" \/>\n<meta name=\"twitter:label1\" content=\"Est. tempo de leitura\" \/>\n\t<meta name=\"twitter:data1\" content=\"2 minutos\" \/>\n<script type=\"application\/ld+json\" class=\"yoast-schema-graph\">{\"@context\":\"https:\/\/schema.org\",\"@graph\":[{\"@type\":\"WebPage\",\"@id\":\"https:\/\/www.blogsoestado.com\/danielmatos\/molejo-de-volta-a-sao-luis-neste-sabado-19\/\",\"url\":\"https:\/\/www.blogsoestado.com\/danielmatos\/molejo-de-volta-a-sao-luis-neste-sabado-19\/\",\"name\":\"\\\"Molejo\u201d de volta a S\u00e3o Lu\u00eds neste s\u00e1bado (19) - Daniel Matos\",\"isPartOf\":{\"@id\":\"https:\/\/www.blogsoestado.com\/danielmatos\/#website\"},\"primaryImageOfPage\":{\"@id\":\"https:\/\/www.blogsoestado.com\/danielmatos\/molejo-de-volta-a-sao-luis-neste-sabado-19\/#primaryimage\"},\"image\":{\"@id\":\"https:\/\/www.blogsoestado.com\/danielmatos\/molejo-de-volta-a-sao-luis-neste-sabado-19\/#primaryimage\"},\"thumbnailUrl\":\"https:\/\/www.blogsoestado.com\/danielmatos\/files\/2022\/03\/Screenshot_20220317-0013052.png\",\"datePublished\":\"2022-03-17T12:00:00+00:00\",\"author\":{\"@id\":\"\"},\"breadcrumb\":{\"@id\":\"https:\/\/www.blogsoestado.com\/danielmatos\/molejo-de-volta-a-sao-luis-neste-sabado-19\/#breadcrumb\"},\"inLanguage\":\"pt-BR\",\"potentialAction\":[{\"@type\":\"ReadAction\",\"target\":[\"https:\/\/www.blogsoestado.com\/danielmatos\/molejo-de-volta-a-sao-luis-neste-sabado-19\/\"]}]},{\"@type\":\"ImageObject\",\"inLanguage\":\"pt-BR\",\"@id\":\"https:\/\/www.blogsoestado.com\/danielmatos\/molejo-de-volta-a-sao-luis-neste-sabado-19\/#primaryimage\",\"url\":\"https:\/\/www.blogsoestado.com\/danielmatos\/files\/2022\/03\/Screenshot_20220317-0013052.png\",\"contentUrl\":\"https:\/\/www.blogsoestado.com\/danielmatos\/files\/2022\/03\/Screenshot_20220317-0013052.png\"},{\"@type\":\"BreadcrumbList\",\"@id\":\"https:\/\/www.blogsoestado.com\/danielmatos\/molejo-de-volta-a-sao-luis-neste-sabado-19\/#breadcrumb\",\"itemListElement\":[{\"@type\":\"ListItem\",\"position\":1,\"name\":\"In\u00edcio\",\"item\":\"https:\/\/www.blogsoestado.com\/danielmatos\/\"},{\"@type\":\"ListItem\",\"position\":2,\"name\":\"&#8220;Molejo\u201d de volta a S\u00e3o Lu\u00eds neste s\u00e1bado (19)\"}]},{\"@type\":\"WebSite\",\"@id\":\"https:\/\/www.blogsoestado.com\/danielmatos\/#website\",\"url\":\"https:\/\/www.blogsoestado.com\/danielmatos\/\",\"name\":\"Daniel Matos\",\"description\":\"\",\"potentialAction\":[{\"@type\":\"SearchAction\",\"target\":{\"@type\":\"EntryPoint\",\"urlTemplate\":\"https:\/\/www.blogsoestado.com\/danielmatos\/?s={search_term_string}\"},\"query-input\":{\"@type\":\"PropertyValueSpecification\",\"valueRequired\":true,\"valueName\":\"search_term_string\"}}],\"inLanguage\":\"pt-BR\"}]}<\/script>\n<!-- \/ Yoast SEO plugin. -->","yoast_head_json":{"title":"\"Molejo\u201d de volta a S\u00e3o Lu\u00eds neste s\u00e1bado (19) - Daniel Matos","robots":{"index":"index","follow":"follow","max-snippet":"max-snippet:-1","max-image-preview":"max-image-preview:large","max-video-preview":"max-video-preview:-1"},"canonical":"https:\/\/www.blogsoestado.com\/danielmatos\/molejo-de-volta-a-sao-luis-neste-sabado-19\/","og_locale":"pt_BR","og_type":"article","og_title":"\"Molejo\u201d de volta a S\u00e3o Lu\u00eds neste s\u00e1bado (19) - Daniel Matos","og_description":"Ap\u00f3s 15 anos sem se apresentar na capital maranhense, o grupo que fez sucesso nos anos 1990 estar\u00e1 na The [&hellip;]","og_url":"https:\/\/www.blogsoestado.com\/danielmatos\/molejo-de-volta-a-sao-luis-neste-sabado-19\/","og_site_name":"Daniel Matos","article_published_time":"2022-03-17T12:00:00+00:00","og_image":[{"url":"https:\/\/www.blogsoestado.com\/danielmatos\/files\/2022\/03\/Screenshot_20220317-0013052.png","type":"","width":"","height":""}],"twitter_card":"summary_large_image","twitter_misc":{"Est. tempo de leitura":"2 minutos"},"schema":{"@context":"https:\/\/schema.org","@graph":[{"@type":"WebPage","@id":"https:\/\/www.blogsoestado.com\/danielmatos\/molejo-de-volta-a-sao-luis-neste-sabado-19\/","url":"https:\/\/www.blogsoestado.com\/danielmatos\/molejo-de-volta-a-sao-luis-neste-sabado-19\/","name":"\"Molejo\u201d de volta a S\u00e3o Lu\u00eds neste s\u00e1bado (19) - Daniel Matos","isPartOf":{"@id":"https:\/\/www.blogsoestado.com\/danielmatos\/#website"},"primaryImageOfPage":{"@id":"https:\/\/www.blogsoestado.com\/danielmatos\/molejo-de-volta-a-sao-luis-neste-sabado-19\/#primaryimage"},"image":{"@id":"https:\/\/www.blogsoestado.com\/danielmatos\/molejo-de-volta-a-sao-luis-neste-sabado-19\/#primaryimage"},"thumbnailUrl":"https:\/\/www.blogsoestado.com\/danielmatos\/files\/2022\/03\/Screenshot_20220317-0013052.png","datePublished":"2022-03-17T12:00:00+00:00","author":{"@id":""},"breadcrumb":{"@id":"https:\/\/www.blogsoestado.com\/danielmatos\/molejo-de-volta-a-sao-luis-neste-sabado-19\/#breadcrumb"},"inLanguage":"pt-BR","potentialAction":[{"@type":"ReadAction","target":["https:\/\/www.blogsoestado.com\/danielmatos\/molejo-de-volta-a-sao-luis-neste-sabado-19\/"]}]},{"@type":"ImageObject","inLanguage":"pt-BR","@id":"https:\/\/www.blogsoestado.com\/danielmatos\/molejo-de-volta-a-sao-luis-neste-sabado-19\/#primaryimage","url":"https:\/\/www.blogsoestado.com\/danielmatos\/files\/2022\/03\/Screenshot_20220317-0013052.png","contentUrl":"https:\/\/www.blogsoestado.com\/danielmatos\/files\/2022\/03\/Screenshot_20220317-0013052.png"},{"@type":"BreadcrumbList","@id":"https:\/\/www.blogsoestado.com\/danielmatos\/molejo-de-volta-a-sao-luis-neste-sabado-19\/#breadcrumb","itemListElement":[{"@type":"ListItem","position":1,"name":"In\u00edcio","item":"https:\/\/www.blogsoestado.com\/danielmatos\/"},{"@type":"ListItem","position":2,"name":"&#8220;Molejo\u201d de volta a S\u00e3o Lu\u00eds neste s\u00e1bado (19)"}]},{"@type":"WebSite","@id":"https:\/\/www.blogsoestado.com\/danielmatos\/#website","url":"https:\/\/www.blogsoestado.com\/danielmatos\/","name":"Daniel Matos","description":"","potentialAction":[{"@type":"SearchAction","target":{"@type":"EntryPoint","urlTemplate":"https:\/\/www.blogsoestado.com\/danielmatos\/?s={search_term_string}"},"query-input":{"@type":"PropertyValueSpecification","valueRequired":true,"valueName":"search_term_string"}}],"inLanguage":"pt-BR"}]}},"jetpack_featured_media_url":"","_links":{"self":[{"href":"https:\/\/www.blogsoestado.com\/danielmatos\/wp-json\/wp\/v2\/posts\/95193","targetHints":{"allow":["GET"]}}],"collection":[{"href":"https:\/\/www.blogsoestado.com\/danielmatos\/wp-json\/wp\/v2\/posts"}],"about":[{"href":"https:\/\/www.blogsoestado.com\/danielmatos\/wp-json\/wp\/v2\/types\/post"}],"replies":[{"embeddable":true,"href":"https:\/\/www.blogsoestado.com\/danielmatos\/wp-json\/wp\/v2\/comments?post=95193"}],"version-history":[{"count":0,"href":"https:\/\/www.blogsoestado.com\/danielmatos\/wp-json\/wp\/v2\/posts\/95193\/revisions"}],"wp:attachment":[{"href":"https:\/\/www.blogsoestado.com\/danielmatos\/wp-json\/wp\/v2\/media?parent=95193"}],"wp:term":[{"taxonomy":"category","embeddable":true,"href":"https:\/\/www.blogsoestado.com\/danielmatos\/wp-json\/wp\/v2\/categories?post=95193"},{"taxonomy":"post_tag","embeddable":true,"href":"https:\/\/www.blogsoestado.com\/danielmatos\/wp-json\/wp\/v2\/tags?post=95193"}],"curies":[{"name":"wp","href":"https:\/\/api.w.org\/{rel}","templated":true}]}}