{"id":95231,"date":"2022-03-17T23:29:09","date_gmt":"2022-03-18T02:29:09","guid":{"rendered":"https:\/\/www.blogsoestado.com\/danielmatos\/?p=95231"},"modified":"2022-03-17T23:29:09","modified_gmt":"2022-03-18T02:29:09","slug":"deputado-wellington-destaca-manifestacao-dos-professores-em-frente-ao-palacio-dos-leoes-na-luta-por-reajuste-de-3324-ei-camarao-tu-nao-te-elege-nao","status":"publish","type":"post","link":"https:\/\/www.blogsoestado.com\/danielmatos\/deputado-wellington-destaca-manifestacao-dos-professores-em-frente-ao-palacio-dos-leoes-na-luta-por-reajuste-de-3324-ei-camarao-tu-nao-te-elege-nao\/","title":{"rendered":"Deputado Wellington destaca manifesta\u00e7\u00e3o dos professores em frente ao Pal\u00e1cio dos Le\u00f5es na luta por reajuste de 33,24% : \u201cEi, Camar\u00e3o, tu n\u00e3o te elege n\u00e3o\u201d"},"content":{"rendered":"\n<div class=\"wp-block-image\"><figure class=\"aligncenter size-large\"><a href=\"https:\/\/www.blogsoestado.com\/danielmatos\/files\/2022\/03\/Screenshot_20220317-2324292.png\"><img decoding=\"async\" src=\"https:\/\/www.blogsoestado.com\/danielmatos\/files\/2022\/03\/Screenshot_20220317-2324292.png\" alt=\"\" class=\"wp-image-95232\"\/><\/a><\/figure><\/div>\n\n\n\n<p>O deputado estadual Wellington do Curso utilizou suas redes sociais para destacar a manifesta\u00e7\u00e3o ocorrida na manh\u00e3 desta quarta-feira (16), em que professores da rede estadual de educa\u00e7\u00e3o ocuparam a frente do Pal\u00e1cio dos Le\u00f5es na luta pelo reajuste de 33,24% e a contra a elei\u00e7\u00e3o do atual Secret\u00e1rio de Educa\u00e7\u00e3o do Estado, Felipe Camar\u00e3o, que se candidatar\u00e1 ao cargo de deputado federal nas elei\u00e7\u00f5es de 2022.<\/p>\n\n\n\n<p>Na oportunidade, Wellington questionou os motivos de o governo do estado n\u00e3o conceder o reajuste de 33,24% no vencimento dos professores e ressaltou que, diferente das propagandas enganosas, os educadores maranhenses n\u00e3o s\u00e3o valorizados no governo de Fl\u00e1vio Dino.<\/p>\n\n\n\n<p>\u201c\u2019Ei Camar\u00e3o, tu n\u00e3o te elege n\u00e3o!\u2019: essas foram as palavras utilizadas por professores da rede estadual em protesto realizado na manh\u00e3 de hoje no Pal\u00e1cio dos Le\u00f5es na luta pelo reajuste de 33,24%. Ao contr\u00e1rio da propaganda enganosa de Fl\u00e1vio Dino e das mentiras do atual Secret\u00e1rio de Educa\u00e7\u00e3o, Felipe Camar\u00e3o, o Estado do Maranh\u00e3o n\u00e3o cumpre a Lei Nacional do Piso e n\u00e3o valoriza os professores da rede p\u00fablica de ensino. Tanto que eles precisaram ir at\u00e9 a porta do Pal\u00e1cio dos Le\u00f5es, sede do governo, para protestar e defender seus direitos que s\u00e3o constantemente desrespeitados. A verdade \u00e9 que ningu\u00e9m mais acredita nas mentiras divulgadas por Fl\u00e1vio Dino de que os professores recebem o maior sal\u00e1rio do Brasil e os educadores n\u00e3o aguentam mais tanto descaso com a educa\u00e7\u00e3o p\u00fablica do estado. Por isso, reafirmo meu compromisso em defesa dos professores maranhenses, na luta reajuste do piso de 33,24% e rateio das sobras do FUNDEB como determina a lei. Governador Fl\u00e1vio Dino e Secret\u00e1rio Felipe Camar\u00e3o, respeitem os professores do Maranh\u00e3o!, disse Wellington.<\/p>\n\n\n\n<p><strong>DEN\u00daNCIA GRAVE<\/strong><\/p>\n\n\n\n<p>Aliado a isso, recebemos den\u00fancia de um membro da diretoria do SINPROESEMMA de Imperatriz sobre os supersal\u00e1rios de professores de integram a dire\u00e7\u00e3o do sindicato. Ao averiguar as informa\u00e7\u00f5es no Portal da Transpar\u00eancia, tivemos acesso, no dia 09 de mar\u00e7o, \u00e0 remunera\u00e7\u00e3o do atual presidente do SINPROESEMMA, Raimundo Oliveira e constatamos o recebimento de sal\u00e1rios mensais de R$ 15 mil reais como professor do estado.<\/p>\n\n\n\n<p>Assista:<\/p>\n\n\n\n<figure class=\"wp-block-embed is-type-video is-provider-youtube wp-block-embed-youtube wp-embed-aspect-4-3 wp-has-aspect-ratio\"><div class=\"wp-block-embed__wrapper\">\n<iframe title=\"Deputado Wellington destaca manifesta\u00e7\u00e3o de professores em frente ao Pal\u00e1cio dos Le\u00f5es\" width=\"500\" height=\"375\" src=\"https:\/\/www.youtube.com\/embed\/I6frE7jrTDs?feature=oembed\" frameborder=\"0\" allow=\"accelerometer; autoplay; clipboard-write; encrypted-media; gyroscope; picture-in-picture; web-share\" referrerpolicy=\"strict-origin-when-cross-origin\" allowfullscreen><\/iframe>\n<\/div><\/figure>\n","protected":false},"excerpt":{"rendered":"<p>O deputado estadual Wellington do Curso utilizou suas redes sociais para destacar a manifesta\u00e7\u00e3o ocorrida na manh\u00e3 desta quarta-feira (16), [&hellip;]<\/p>\n","protected":false},"author":0,"featured_media":0,"comment_status":"open","ping_status":"open","sticky":false,"template":"","format":"standard","meta":{"site-sidebar-layout":"default","site-content-layout":"","ast-site-content-layout":"default","site-content-style":"default","site-sidebar-style":"default","ast-global-header-display":"","ast-banner-title-visibility":"","ast-main-header-display":"","ast-hfb-above-header-display":"","ast-hfb-below-header-display":"","ast-hfb-mobile-header-display":"","site-post-title":"","ast-breadcrumbs-content":"","ast-featured-img":"","footer-sml-layout":"","ast-disable-related-posts":"","theme-transparent-header-meta":"","adv-header-id-meta":"","stick-header-meta":"","header-above-stick-meta":"","header-main-stick-meta":"","header-below-stick-meta":"","astra-migrate-meta-layouts":"default","ast-page-background-enabled":"default","ast-page-background-meta":{"desktop":{"background-color":"var(--ast-global-color-5)","background-image":"","background-repeat":"repeat","background-position":"center center","background-size":"auto","background-attachment":"scroll","background-type":"","background-media":"","overlay-type":"","overlay-color":"","overlay-opacity":"","overlay-gradient":""},"tablet":{"background-color":"","background-image":"","background-repeat":"repeat","background-position":"center center","background-size":"auto","background-attachment":"scroll","background-type":"","background-media":"","overlay-type":"","overlay-color":"","overlay-opacity":"","overlay-gradient":""},"mobile":{"background-color":"","background-image":"","background-repeat":"repeat","background-position":"center center","background-size":"auto","background-attachment":"scroll","background-type":"","background-media":"","overlay-type":"","overlay-color":"","overlay-opacity":"","overlay-gradient":""}},"ast-content-background-meta":{"desktop":{"background-color":"var(--ast-global-color-4)","background-image":"","background-repeat":"repeat","background-position":"center center","background-size":"auto","background-attachment":"scroll","background-type":"","background-media":"","overlay-type":"","overlay-color":"","overlay-opacity":"","overlay-gradient":""},"tablet":{"background-color":"var(--ast-global-color-4)","background-image":"","background-repeat":"repeat","background-position":"center center","background-size":"auto","background-attachment":"scroll","background-type":"","background-media":"","overlay-type":"","overlay-color":"","overlay-opacity":"","overlay-gradient":""},"mobile":{"background-color":"var(--ast-global-color-4)","background-image":"","background-repeat":"repeat","background-position":"center center","background-size":"auto","background-attachment":"scroll","background-type":"","background-media":"","overlay-type":"","overlay-color":"","overlay-opacity":"","overlay-gradient":""}},"footnotes":""},"categories":[1],"tags":[],"class_list":["post-95231","post","type-post","status-publish","format-standard","hentry","category-sem-categoria"],"yoast_head":"<!-- This site is optimized with the Yoast SEO plugin v26.6 - https:\/\/yoast.com\/wordpress\/plugins\/seo\/ -->\n<title>Deputado Wellington destaca manifesta\u00e7\u00e3o dos professores em frente ao Pal\u00e1cio dos Le\u00f5es na luta por reajuste de 33,24% : \u201cEi, Camar\u00e3o, tu n\u00e3o te elege n\u00e3o\u201d - Daniel Matos<\/title>\n<meta name=\"robots\" content=\"index, follow, max-snippet:-1, max-image-preview:large, max-video-preview:-1\" \/>\n<link rel=\"canonical\" href=\"https:\/\/www.blogsoestado.com\/danielmatos\/deputado-wellington-destaca-manifestacao-dos-professores-em-frente-ao-palacio-dos-leoes-na-luta-por-reajuste-de-3324-ei-camarao-tu-nao-te-elege-nao\/\" \/>\n<meta property=\"og:locale\" content=\"pt_BR\" \/>\n<meta property=\"og:type\" content=\"article\" \/>\n<meta property=\"og:title\" content=\"Deputado Wellington destaca manifesta\u00e7\u00e3o dos professores em frente ao Pal\u00e1cio dos Le\u00f5es na luta por reajuste de 33,24% : \u201cEi, Camar\u00e3o, tu n\u00e3o te elege n\u00e3o\u201d - Daniel Matos\" \/>\n<meta property=\"og:description\" content=\"O deputado estadual Wellington do Curso utilizou suas redes sociais para destacar a manifesta\u00e7\u00e3o ocorrida na manh\u00e3 desta quarta-feira (16), [&hellip;]\" \/>\n<meta property=\"og:url\" content=\"https:\/\/www.blogsoestado.com\/danielmatos\/deputado-wellington-destaca-manifestacao-dos-professores-em-frente-ao-palacio-dos-leoes-na-luta-por-reajuste-de-3324-ei-camarao-tu-nao-te-elege-nao\/\" \/>\n<meta property=\"og:site_name\" content=\"Daniel Matos\" \/>\n<meta property=\"article:published_time\" content=\"2022-03-18T02:29:09+00:00\" \/>\n<meta property=\"og:image\" content=\"https:\/\/www.blogsoestado.com\/danielmatos\/files\/2022\/03\/Screenshot_20220317-2324292.png\" \/>\n<meta name=\"twitter:card\" content=\"summary_large_image\" \/>\n<meta name=\"twitter:label1\" content=\"Est. tempo de leitura\" \/>\n\t<meta name=\"twitter:data1\" content=\"2 minutos\" \/>\n<script type=\"application\/ld+json\" class=\"yoast-schema-graph\">{\"@context\":\"https:\/\/schema.org\",\"@graph\":[{\"@type\":\"WebPage\",\"@id\":\"https:\/\/www.blogsoestado.com\/danielmatos\/deputado-wellington-destaca-manifestacao-dos-professores-em-frente-ao-palacio-dos-leoes-na-luta-por-reajuste-de-3324-ei-camarao-tu-nao-te-elege-nao\/\",\"url\":\"https:\/\/www.blogsoestado.com\/danielmatos\/deputado-wellington-destaca-manifestacao-dos-professores-em-frente-ao-palacio-dos-leoes-na-luta-por-reajuste-de-3324-ei-camarao-tu-nao-te-elege-nao\/\",\"name\":\"Deputado Wellington destaca manifesta\u00e7\u00e3o dos professores em frente ao Pal\u00e1cio dos Le\u00f5es na luta por reajuste de 33,24% : \u201cEi, Camar\u00e3o, tu n\u00e3o te elege n\u00e3o\u201d - Daniel Matos\",\"isPartOf\":{\"@id\":\"https:\/\/www.blogsoestado.com\/danielmatos\/#website\"},\"primaryImageOfPage\":{\"@id\":\"https:\/\/www.blogsoestado.com\/danielmatos\/deputado-wellington-destaca-manifestacao-dos-professores-em-frente-ao-palacio-dos-leoes-na-luta-por-reajuste-de-3324-ei-camarao-tu-nao-te-elege-nao\/#primaryimage\"},\"image\":{\"@id\":\"https:\/\/www.blogsoestado.com\/danielmatos\/deputado-wellington-destaca-manifestacao-dos-professores-em-frente-ao-palacio-dos-leoes-na-luta-por-reajuste-de-3324-ei-camarao-tu-nao-te-elege-nao\/#primaryimage\"},\"thumbnailUrl\":\"https:\/\/www.blogsoestado.com\/danielmatos\/files\/2022\/03\/Screenshot_20220317-2324292.png\",\"datePublished\":\"2022-03-18T02:29:09+00:00\",\"author\":{\"@id\":\"\"},\"breadcrumb\":{\"@id\":\"https:\/\/www.blogsoestado.com\/danielmatos\/deputado-wellington-destaca-manifestacao-dos-professores-em-frente-ao-palacio-dos-leoes-na-luta-por-reajuste-de-3324-ei-camarao-tu-nao-te-elege-nao\/#breadcrumb\"},\"inLanguage\":\"pt-BR\",\"potentialAction\":[{\"@type\":\"ReadAction\",\"target\":[\"https:\/\/www.blogsoestado.com\/danielmatos\/deputado-wellington-destaca-manifestacao-dos-professores-em-frente-ao-palacio-dos-leoes-na-luta-por-reajuste-de-3324-ei-camarao-tu-nao-te-elege-nao\/\"]}]},{\"@type\":\"ImageObject\",\"inLanguage\":\"pt-BR\",\"@id\":\"https:\/\/www.blogsoestado.com\/danielmatos\/deputado-wellington-destaca-manifestacao-dos-professores-em-frente-ao-palacio-dos-leoes-na-luta-por-reajuste-de-3324-ei-camarao-tu-nao-te-elege-nao\/#primaryimage\",\"url\":\"https:\/\/www.blogsoestado.com\/danielmatos\/files\/2022\/03\/Screenshot_20220317-2324292.png\",\"contentUrl\":\"https:\/\/www.blogsoestado.com\/danielmatos\/files\/2022\/03\/Screenshot_20220317-2324292.png\"},{\"@type\":\"BreadcrumbList\",\"@id\":\"https:\/\/www.blogsoestado.com\/danielmatos\/deputado-wellington-destaca-manifestacao-dos-professores-em-frente-ao-palacio-dos-leoes-na-luta-por-reajuste-de-3324-ei-camarao-tu-nao-te-elege-nao\/#breadcrumb\",\"itemListElement\":[{\"@type\":\"ListItem\",\"position\":1,\"name\":\"In\u00edcio\",\"item\":\"https:\/\/www.blogsoestado.com\/danielmatos\/\"},{\"@type\":\"ListItem\",\"position\":2,\"name\":\"Deputado Wellington destaca manifesta\u00e7\u00e3o dos professores em frente ao Pal\u00e1cio dos Le\u00f5es na luta por reajuste de 33,24% : \u201cEi, Camar\u00e3o, tu n\u00e3o te elege n\u00e3o\u201d\"}]},{\"@type\":\"WebSite\",\"@id\":\"https:\/\/www.blogsoestado.com\/danielmatos\/#website\",\"url\":\"https:\/\/www.blogsoestado.com\/danielmatos\/\",\"name\":\"Daniel Matos\",\"description\":\"\",\"potentialAction\":[{\"@type\":\"SearchAction\",\"target\":{\"@type\":\"EntryPoint\",\"urlTemplate\":\"https:\/\/www.blogsoestado.com\/danielmatos\/?s={search_term_string}\"},\"query-input\":{\"@type\":\"PropertyValueSpecification\",\"valueRequired\":true,\"valueName\":\"search_term_string\"}}],\"inLanguage\":\"pt-BR\"}]}<\/script>\n<!-- \/ Yoast SEO plugin. -->","yoast_head_json":{"title":"Deputado Wellington destaca manifesta\u00e7\u00e3o dos professores em frente ao Pal\u00e1cio dos Le\u00f5es na luta por reajuste de 33,24% : \u201cEi, Camar\u00e3o, tu n\u00e3o te elege n\u00e3o\u201d - Daniel Matos","robots":{"index":"index","follow":"follow","max-snippet":"max-snippet:-1","max-image-preview":"max-image-preview:large","max-video-preview":"max-video-preview:-1"},"canonical":"https:\/\/www.blogsoestado.com\/danielmatos\/deputado-wellington-destaca-manifestacao-dos-professores-em-frente-ao-palacio-dos-leoes-na-luta-por-reajuste-de-3324-ei-camarao-tu-nao-te-elege-nao\/","og_locale":"pt_BR","og_type":"article","og_title":"Deputado Wellington destaca manifesta\u00e7\u00e3o dos professores em frente ao Pal\u00e1cio dos Le\u00f5es na luta por reajuste de 33,24% : \u201cEi, Camar\u00e3o, tu n\u00e3o te elege n\u00e3o\u201d - Daniel Matos","og_description":"O deputado estadual Wellington do Curso utilizou suas redes sociais para destacar a manifesta\u00e7\u00e3o ocorrida na manh\u00e3 desta quarta-feira (16), [&hellip;]","og_url":"https:\/\/www.blogsoestado.com\/danielmatos\/deputado-wellington-destaca-manifestacao-dos-professores-em-frente-ao-palacio-dos-leoes-na-luta-por-reajuste-de-3324-ei-camarao-tu-nao-te-elege-nao\/","og_site_name":"Daniel Matos","article_published_time":"2022-03-18T02:29:09+00:00","og_image":[{"url":"https:\/\/www.blogsoestado.com\/danielmatos\/files\/2022\/03\/Screenshot_20220317-2324292.png","type":"","width":"","height":""}],"twitter_card":"summary_large_image","twitter_misc":{"Est. tempo de leitura":"2 minutos"},"schema":{"@context":"https:\/\/schema.org","@graph":[{"@type":"WebPage","@id":"https:\/\/www.blogsoestado.com\/danielmatos\/deputado-wellington-destaca-manifestacao-dos-professores-em-frente-ao-palacio-dos-leoes-na-luta-por-reajuste-de-3324-ei-camarao-tu-nao-te-elege-nao\/","url":"https:\/\/www.blogsoestado.com\/danielmatos\/deputado-wellington-destaca-manifestacao-dos-professores-em-frente-ao-palacio-dos-leoes-na-luta-por-reajuste-de-3324-ei-camarao-tu-nao-te-elege-nao\/","name":"Deputado Wellington destaca manifesta\u00e7\u00e3o dos professores em frente ao Pal\u00e1cio dos Le\u00f5es na luta por reajuste de 33,24% : \u201cEi, Camar\u00e3o, tu n\u00e3o te elege n\u00e3o\u201d - Daniel Matos","isPartOf":{"@id":"https:\/\/www.blogsoestado.com\/danielmatos\/#website"},"primaryImageOfPage":{"@id":"https:\/\/www.blogsoestado.com\/danielmatos\/deputado-wellington-destaca-manifestacao-dos-professores-em-frente-ao-palacio-dos-leoes-na-luta-por-reajuste-de-3324-ei-camarao-tu-nao-te-elege-nao\/#primaryimage"},"image":{"@id":"https:\/\/www.blogsoestado.com\/danielmatos\/deputado-wellington-destaca-manifestacao-dos-professores-em-frente-ao-palacio-dos-leoes-na-luta-por-reajuste-de-3324-ei-camarao-tu-nao-te-elege-nao\/#primaryimage"},"thumbnailUrl":"https:\/\/www.blogsoestado.com\/danielmatos\/files\/2022\/03\/Screenshot_20220317-2324292.png","datePublished":"2022-03-18T02:29:09+00:00","author":{"@id":""},"breadcrumb":{"@id":"https:\/\/www.blogsoestado.com\/danielmatos\/deputado-wellington-destaca-manifestacao-dos-professores-em-frente-ao-palacio-dos-leoes-na-luta-por-reajuste-de-3324-ei-camarao-tu-nao-te-elege-nao\/#breadcrumb"},"inLanguage":"pt-BR","potentialAction":[{"@type":"ReadAction","target":["https:\/\/www.blogsoestado.com\/danielmatos\/deputado-wellington-destaca-manifestacao-dos-professores-em-frente-ao-palacio-dos-leoes-na-luta-por-reajuste-de-3324-ei-camarao-tu-nao-te-elege-nao\/"]}]},{"@type":"ImageObject","inLanguage":"pt-BR","@id":"https:\/\/www.blogsoestado.com\/danielmatos\/deputado-wellington-destaca-manifestacao-dos-professores-em-frente-ao-palacio-dos-leoes-na-luta-por-reajuste-de-3324-ei-camarao-tu-nao-te-elege-nao\/#primaryimage","url":"https:\/\/www.blogsoestado.com\/danielmatos\/files\/2022\/03\/Screenshot_20220317-2324292.png","contentUrl":"https:\/\/www.blogsoestado.com\/danielmatos\/files\/2022\/03\/Screenshot_20220317-2324292.png"},{"@type":"BreadcrumbList","@id":"https:\/\/www.blogsoestado.com\/danielmatos\/deputado-wellington-destaca-manifestacao-dos-professores-em-frente-ao-palacio-dos-leoes-na-luta-por-reajuste-de-3324-ei-camarao-tu-nao-te-elege-nao\/#breadcrumb","itemListElement":[{"@type":"ListItem","position":1,"name":"In\u00edcio","item":"https:\/\/www.blogsoestado.com\/danielmatos\/"},{"@type":"ListItem","position":2,"name":"Deputado Wellington destaca manifesta\u00e7\u00e3o dos professores em frente ao Pal\u00e1cio dos Le\u00f5es na luta por reajuste de 33,24% : \u201cEi, Camar\u00e3o, tu n\u00e3o te elege n\u00e3o\u201d"}]},{"@type":"WebSite","@id":"https:\/\/www.blogsoestado.com\/danielmatos\/#website","url":"https:\/\/www.blogsoestado.com\/danielmatos\/","name":"Daniel Matos","description":"","potentialAction":[{"@type":"SearchAction","target":{"@type":"EntryPoint","urlTemplate":"https:\/\/www.blogsoestado.com\/danielmatos\/?s={search_term_string}"},"query-input":{"@type":"PropertyValueSpecification","valueRequired":true,"valueName":"search_term_string"}}],"inLanguage":"pt-BR"}]}},"jetpack_featured_media_url":"","_links":{"self":[{"href":"https:\/\/www.blogsoestado.com\/danielmatos\/wp-json\/wp\/v2\/posts\/95231","targetHints":{"allow":["GET"]}}],"collection":[{"href":"https:\/\/www.blogsoestado.com\/danielmatos\/wp-json\/wp\/v2\/posts"}],"about":[{"href":"https:\/\/www.blogsoestado.com\/danielmatos\/wp-json\/wp\/v2\/types\/post"}],"replies":[{"embeddable":true,"href":"https:\/\/www.blogsoestado.com\/danielmatos\/wp-json\/wp\/v2\/comments?post=95231"}],"version-history":[{"count":0,"href":"https:\/\/www.blogsoestado.com\/danielmatos\/wp-json\/wp\/v2\/posts\/95231\/revisions"}],"wp:attachment":[{"href":"https:\/\/www.blogsoestado.com\/danielmatos\/wp-json\/wp\/v2\/media?parent=95231"}],"wp:term":[{"taxonomy":"category","embeddable":true,"href":"https:\/\/www.blogsoestado.com\/danielmatos\/wp-json\/wp\/v2\/categories?post=95231"},{"taxonomy":"post_tag","embeddable":true,"href":"https:\/\/www.blogsoestado.com\/danielmatos\/wp-json\/wp\/v2\/tags?post=95231"}],"curies":[{"name":"wp","href":"https:\/\/api.w.org\/{rel}","templated":true}]}}