{"id":95234,"date":"2022-03-18T07:00:00","date_gmt":"2022-03-18T10:00:00","guid":{"rendered":"https:\/\/www.blogsoestado.com\/danielmatos\/?p=95234"},"modified":"2022-03-18T07:00:00","modified_gmt":"2022-03-18T10:00:00","slug":"homem-que-vazou-video-pornografico-de-ex-namorada-adolescente-no-facebook-e-no-instagram-e-condenado-a-9-anos-de-prisao-em-barra-do-corda","status":"publish","type":"post","link":"https:\/\/www.blogsoestado.com\/danielmatos\/homem-que-vazou-video-pornografico-de-ex-namorada-adolescente-no-facebook-e-no-instagram-e-condenado-a-9-anos-de-prisao-em-barra-do-corda\/","title":{"rendered":"Homem que vazou v\u00eddeo pornogr\u00e1fico de ex-namorada adolescente no Facebook e no Instagram \u00e9 condenado a 9 anos de pris\u00e3o em Barra do Corda"},"content":{"rendered":"\n<div class=\"wp-block-image\"><figure class=\"aligncenter size-large\"><a href=\"https:\/\/www.blogsoestado.com\/danielmatos\/files\/2022\/03\/Screenshot_20220318-0132422.png\"><img decoding=\"async\" src=\"https:\/\/www.blogsoestado.com\/danielmatos\/files\/2022\/03\/Screenshot_20220318-0132422.png\" alt=\"\" class=\"wp-image-95235\"\/><\/a><\/figure><\/div>\n\n\n\n<p>O juiz Ant\u00f4nio Queiroga Filho (1\u00aa Vara de Barra do Corda), condenou, nesta quarta-feira, 16, um homem a nove anos e um m\u00eas de reclus\u00e3o, em regime inicial fechado, pelo registro e publica\u00e7\u00e3o de v\u00eddeo pornogr\u00e1fico com imagem de adolescente de 14 anos em redes sociais, por vingan\u00e7a depois do fim de namoro.<\/p>\n\n\n\n<p>Segundo a den\u00fancia, o acusado teve um relacionamento de um ano e oito meses com uma adolescente, na \u00e9poca com 14 anos de idade, e a mantinha rela\u00e7\u00f5es sexuais, registrando fotos e v\u00eddeos \u00edntimos. Ap\u00f3s o fim do namoro, em 17 de mar\u00e7o de 2019, o acusado divulgou em um site de pornografias, v\u00eddeos \u00edntimos da v\u00edtima, contendo cena de pornografia, e enviou o link dos v\u00eddeos para v\u00e1rias pessoas, nas redes sociais Instagram e Facebook.<\/p>\n\n\n\n<p>O juiz deixou de substituir a pena privativa de liberdade por duas restritivas de direito, j\u00e1 que n\u00e3o foram atendidos os requisitos do C\u00f3digo Penal, ainda mais por ser crime cuja pena supera quatro anos, al\u00e9m das circunst\u00e2ncias judiciais n\u00e3o serem favor\u00e1veis. No entanto, deu ao acusado o direito de recorrer da senten\u00e7a judicial em liberdade, pela falta de motivos legais para a sua pris\u00e3o preventiva. O r\u00e9u tamb\u00e9m dever\u00e1 pagar as custas do processo.<\/p>\n\n\n\n<p><strong>ESTATUTO DA CRIAN\u00c7A E DO ADOLESCENTE<\/strong><\/p>\n\n\n\n<p>Em A\u00e7\u00e3o Penal proposta pelo Minist\u00e9rio P\u00fablico, o r\u00e9u foi acusado da pr\u00e1tica de dois crimes: registro de cena de sexo envolvendo adolescente e publica\u00e7\u00e3o de v\u00eddeo com cena de sexo expl\u00edcito ou pornografia envolvendo crian\u00e7a ou adolescente, conforme os artigos 240 e 241-A do Estatuto da Crian\u00e7a e do Adolescente &#8211; ECA (Lei 8.069\/90).&nbsp;<\/p>\n\n\n\n<p>Na senten\u00e7a, o juiz considerou que o acusado chantageou a v\u00edtima, amea\u00e7ando na publica\u00e7\u00e3o do material pornogr\u00e1fico, conforme revelado nas mensagens enviadas, al\u00e9m das agress\u00f5es f\u00edsicas e psicol\u00f3gicas \u00e0 v\u00edtima, que era perseguida no trajeto de casa para a escola. E que as consequ\u00eancias do crime s\u00e3o graves, pois a v\u00edtima est\u00e1 totalmente constrangida e abalada psicologicamente, conforme se verificou em seu depoimento especial.<\/p>\n\n\n\n<p>O acusado confessou ter filmado e registrado fotos e v\u00eddeos \u00edntimos, mas negou a divulga\u00e7\u00e3o do material. Disse que o seu perfil na rede social foi invadido. No decorrer do processo, a instru\u00e7\u00e3o criminal comprovou que foi ele que publicou os v\u00eddeos \u00edntimos com a v\u00edtima. \u201cAs mensagens amea\u00e7adoras por ele enviadas \u00e0 v\u00edtima em tom de chantagem para n\u00e3o por fim e reatar o relacionamento s\u00e3o t\u00e3o deplor\u00e1veis, que n\u00e3o merecem reprodu\u00e7\u00e3o nesta senten\u00e7a, tamanha \u00e9 a repugn\u00e2ncia de sua leitura\u201d, enfatiza o juiz senten\u00e7a.<\/p>\n","protected":false},"excerpt":{"rendered":"<p>O juiz Ant\u00f4nio Queiroga Filho (1\u00aa Vara de Barra do Corda), condenou, nesta quarta-feira, 16, um homem a nove anos [&hellip;]<\/p>\n","protected":false},"author":0,"featured_media":0,"comment_status":"open","ping_status":"open","sticky":false,"template":"","format":"standard","meta":{"site-sidebar-layout":"default","site-content-layout":"","ast-site-content-layout":"default","site-content-style":"default","site-sidebar-style":"default","ast-global-header-display":"","ast-banner-title-visibility":"","ast-main-header-display":"","ast-hfb-above-header-display":"","ast-hfb-below-header-display":"","ast-hfb-mobile-header-display":"","site-post-title":"","ast-breadcrumbs-content":"","ast-featured-img":"","footer-sml-layout":"","ast-disable-related-posts":"","theme-transparent-header-meta":"","adv-header-id-meta":"","stick-header-meta":"","header-above-stick-meta":"","header-main-stick-meta":"","header-below-stick-meta":"","astra-migrate-meta-layouts":"default","ast-page-background-enabled":"default","ast-page-background-meta":{"desktop":{"background-color":"var(--ast-global-color-5)","background-image":"","background-repeat":"repeat","background-position":"center center","background-size":"auto","background-attachment":"scroll","background-type":"","background-media":"","overlay-type":"","overlay-color":"","overlay-opacity":"","overlay-gradient":""},"tablet":{"background-color":"","background-image":"","background-repeat":"repeat","background-position":"center center","background-size":"auto","background-attachment":"scroll","background-type":"","background-media":"","overlay-type":"","overlay-color":"","overlay-opacity":"","overlay-gradient":""},"mobile":{"background-color":"","background-image":"","background-repeat":"repeat","background-position":"center center","background-size":"auto","background-attachment":"scroll","background-type":"","background-media":"","overlay-type":"","overlay-color":"","overlay-opacity":"","overlay-gradient":""}},"ast-content-background-meta":{"desktop":{"background-color":"var(--ast-global-color-4)","background-image":"","background-repeat":"repeat","background-position":"center center","background-size":"auto","background-attachment":"scroll","background-type":"","background-media":"","overlay-type":"","overlay-color":"","overlay-opacity":"","overlay-gradient":""},"tablet":{"background-color":"var(--ast-global-color-4)","background-image":"","background-repeat":"repeat","background-position":"center center","background-size":"auto","background-attachment":"scroll","background-type":"","background-media":"","overlay-type":"","overlay-color":"","overlay-opacity":"","overlay-gradient":""},"mobile":{"background-color":"var(--ast-global-color-4)","background-image":"","background-repeat":"repeat","background-position":"center center","background-size":"auto","background-attachment":"scroll","background-type":"","background-media":"","overlay-type":"","overlay-color":"","overlay-opacity":"","overlay-gradient":""}},"footnotes":""},"categories":[1],"tags":[],"class_list":["post-95234","post","type-post","status-publish","format-standard","hentry","category-sem-categoria"],"yoast_head":"<!-- This site is optimized with the Yoast SEO plugin v26.6 - https:\/\/yoast.com\/wordpress\/plugins\/seo\/ -->\n<title>Homem que vazou v\u00eddeo pornogr\u00e1fico de ex-namorada adolescente no Facebook e no Instagram \u00e9 condenado a 9 anos de pris\u00e3o em Barra do Corda - Daniel Matos<\/title>\n<meta name=\"robots\" content=\"index, follow, max-snippet:-1, max-image-preview:large, max-video-preview:-1\" \/>\n<link rel=\"canonical\" href=\"https:\/\/www.blogsoestado.com\/danielmatos\/homem-que-vazou-video-pornografico-de-ex-namorada-adolescente-no-facebook-e-no-instagram-e-condenado-a-9-anos-de-prisao-em-barra-do-corda\/\" \/>\n<meta property=\"og:locale\" content=\"pt_BR\" \/>\n<meta property=\"og:type\" content=\"article\" \/>\n<meta property=\"og:title\" content=\"Homem que vazou v\u00eddeo pornogr\u00e1fico de ex-namorada adolescente no Facebook e no Instagram \u00e9 condenado a 9 anos de pris\u00e3o em Barra do Corda - Daniel Matos\" \/>\n<meta property=\"og:description\" content=\"O juiz Ant\u00f4nio Queiroga Filho (1\u00aa Vara de Barra do Corda), condenou, nesta quarta-feira, 16, um homem a nove anos [&hellip;]\" \/>\n<meta property=\"og:url\" content=\"https:\/\/www.blogsoestado.com\/danielmatos\/homem-que-vazou-video-pornografico-de-ex-namorada-adolescente-no-facebook-e-no-instagram-e-condenado-a-9-anos-de-prisao-em-barra-do-corda\/\" \/>\n<meta property=\"og:site_name\" content=\"Daniel Matos\" \/>\n<meta property=\"article:published_time\" content=\"2022-03-18T10:00:00+00:00\" \/>\n<meta property=\"og:image\" content=\"https:\/\/www.blogsoestado.com\/danielmatos\/files\/2022\/03\/Screenshot_20220318-0132422.png\" \/>\n<meta name=\"twitter:card\" content=\"summary_large_image\" \/>\n<meta name=\"twitter:label1\" content=\"Est. tempo de leitura\" \/>\n\t<meta name=\"twitter:data1\" content=\"3 minutos\" \/>\n<script type=\"application\/ld+json\" class=\"yoast-schema-graph\">{\"@context\":\"https:\/\/schema.org\",\"@graph\":[{\"@type\":\"WebPage\",\"@id\":\"https:\/\/www.blogsoestado.com\/danielmatos\/homem-que-vazou-video-pornografico-de-ex-namorada-adolescente-no-facebook-e-no-instagram-e-condenado-a-9-anos-de-prisao-em-barra-do-corda\/\",\"url\":\"https:\/\/www.blogsoestado.com\/danielmatos\/homem-que-vazou-video-pornografico-de-ex-namorada-adolescente-no-facebook-e-no-instagram-e-condenado-a-9-anos-de-prisao-em-barra-do-corda\/\",\"name\":\"Homem que vazou v\u00eddeo pornogr\u00e1fico de ex-namorada adolescente no Facebook e no Instagram \u00e9 condenado a 9 anos de pris\u00e3o em Barra do Corda - Daniel Matos\",\"isPartOf\":{\"@id\":\"https:\/\/www.blogsoestado.com\/danielmatos\/#website\"},\"primaryImageOfPage\":{\"@id\":\"https:\/\/www.blogsoestado.com\/danielmatos\/homem-que-vazou-video-pornografico-de-ex-namorada-adolescente-no-facebook-e-no-instagram-e-condenado-a-9-anos-de-prisao-em-barra-do-corda\/#primaryimage\"},\"image\":{\"@id\":\"https:\/\/www.blogsoestado.com\/danielmatos\/homem-que-vazou-video-pornografico-de-ex-namorada-adolescente-no-facebook-e-no-instagram-e-condenado-a-9-anos-de-prisao-em-barra-do-corda\/#primaryimage\"},\"thumbnailUrl\":\"https:\/\/www.blogsoestado.com\/danielmatos\/files\/2022\/03\/Screenshot_20220318-0132422.png\",\"datePublished\":\"2022-03-18T10:00:00+00:00\",\"author\":{\"@id\":\"\"},\"breadcrumb\":{\"@id\":\"https:\/\/www.blogsoestado.com\/danielmatos\/homem-que-vazou-video-pornografico-de-ex-namorada-adolescente-no-facebook-e-no-instagram-e-condenado-a-9-anos-de-prisao-em-barra-do-corda\/#breadcrumb\"},\"inLanguage\":\"pt-BR\",\"potentialAction\":[{\"@type\":\"ReadAction\",\"target\":[\"https:\/\/www.blogsoestado.com\/danielmatos\/homem-que-vazou-video-pornografico-de-ex-namorada-adolescente-no-facebook-e-no-instagram-e-condenado-a-9-anos-de-prisao-em-barra-do-corda\/\"]}]},{\"@type\":\"ImageObject\",\"inLanguage\":\"pt-BR\",\"@id\":\"https:\/\/www.blogsoestado.com\/danielmatos\/homem-que-vazou-video-pornografico-de-ex-namorada-adolescente-no-facebook-e-no-instagram-e-condenado-a-9-anos-de-prisao-em-barra-do-corda\/#primaryimage\",\"url\":\"https:\/\/www.blogsoestado.com\/danielmatos\/files\/2022\/03\/Screenshot_20220318-0132422.png\",\"contentUrl\":\"https:\/\/www.blogsoestado.com\/danielmatos\/files\/2022\/03\/Screenshot_20220318-0132422.png\"},{\"@type\":\"BreadcrumbList\",\"@id\":\"https:\/\/www.blogsoestado.com\/danielmatos\/homem-que-vazou-video-pornografico-de-ex-namorada-adolescente-no-facebook-e-no-instagram-e-condenado-a-9-anos-de-prisao-em-barra-do-corda\/#breadcrumb\",\"itemListElement\":[{\"@type\":\"ListItem\",\"position\":1,\"name\":\"In\u00edcio\",\"item\":\"https:\/\/www.blogsoestado.com\/danielmatos\/\"},{\"@type\":\"ListItem\",\"position\":2,\"name\":\"Homem que vazou v\u00eddeo pornogr\u00e1fico de ex-namorada adolescente no Facebook e no Instagram \u00e9 condenado a 9 anos de pris\u00e3o em Barra do Corda\"}]},{\"@type\":\"WebSite\",\"@id\":\"https:\/\/www.blogsoestado.com\/danielmatos\/#website\",\"url\":\"https:\/\/www.blogsoestado.com\/danielmatos\/\",\"name\":\"Daniel Matos\",\"description\":\"\",\"potentialAction\":[{\"@type\":\"SearchAction\",\"target\":{\"@type\":\"EntryPoint\",\"urlTemplate\":\"https:\/\/www.blogsoestado.com\/danielmatos\/?s={search_term_string}\"},\"query-input\":{\"@type\":\"PropertyValueSpecification\",\"valueRequired\":true,\"valueName\":\"search_term_string\"}}],\"inLanguage\":\"pt-BR\"}]}<\/script>\n<!-- \/ Yoast SEO plugin. -->","yoast_head_json":{"title":"Homem que vazou v\u00eddeo pornogr\u00e1fico de ex-namorada adolescente no Facebook e no Instagram \u00e9 condenado a 9 anos de pris\u00e3o em Barra do Corda - Daniel Matos","robots":{"index":"index","follow":"follow","max-snippet":"max-snippet:-1","max-image-preview":"max-image-preview:large","max-video-preview":"max-video-preview:-1"},"canonical":"https:\/\/www.blogsoestado.com\/danielmatos\/homem-que-vazou-video-pornografico-de-ex-namorada-adolescente-no-facebook-e-no-instagram-e-condenado-a-9-anos-de-prisao-em-barra-do-corda\/","og_locale":"pt_BR","og_type":"article","og_title":"Homem que vazou v\u00eddeo pornogr\u00e1fico de ex-namorada adolescente no Facebook e no Instagram \u00e9 condenado a 9 anos de pris\u00e3o em Barra do Corda - Daniel Matos","og_description":"O juiz Ant\u00f4nio Queiroga Filho (1\u00aa Vara de Barra do Corda), condenou, nesta quarta-feira, 16, um homem a nove anos [&hellip;]","og_url":"https:\/\/www.blogsoestado.com\/danielmatos\/homem-que-vazou-video-pornografico-de-ex-namorada-adolescente-no-facebook-e-no-instagram-e-condenado-a-9-anos-de-prisao-em-barra-do-corda\/","og_site_name":"Daniel Matos","article_published_time":"2022-03-18T10:00:00+00:00","og_image":[{"url":"https:\/\/www.blogsoestado.com\/danielmatos\/files\/2022\/03\/Screenshot_20220318-0132422.png","type":"","width":"","height":""}],"twitter_card":"summary_large_image","twitter_misc":{"Est. tempo de leitura":"3 minutos"},"schema":{"@context":"https:\/\/schema.org","@graph":[{"@type":"WebPage","@id":"https:\/\/www.blogsoestado.com\/danielmatos\/homem-que-vazou-video-pornografico-de-ex-namorada-adolescente-no-facebook-e-no-instagram-e-condenado-a-9-anos-de-prisao-em-barra-do-corda\/","url":"https:\/\/www.blogsoestado.com\/danielmatos\/homem-que-vazou-video-pornografico-de-ex-namorada-adolescente-no-facebook-e-no-instagram-e-condenado-a-9-anos-de-prisao-em-barra-do-corda\/","name":"Homem que vazou v\u00eddeo pornogr\u00e1fico de ex-namorada adolescente no Facebook e no Instagram \u00e9 condenado a 9 anos de pris\u00e3o em Barra do Corda - Daniel Matos","isPartOf":{"@id":"https:\/\/www.blogsoestado.com\/danielmatos\/#website"},"primaryImageOfPage":{"@id":"https:\/\/www.blogsoestado.com\/danielmatos\/homem-que-vazou-video-pornografico-de-ex-namorada-adolescente-no-facebook-e-no-instagram-e-condenado-a-9-anos-de-prisao-em-barra-do-corda\/#primaryimage"},"image":{"@id":"https:\/\/www.blogsoestado.com\/danielmatos\/homem-que-vazou-video-pornografico-de-ex-namorada-adolescente-no-facebook-e-no-instagram-e-condenado-a-9-anos-de-prisao-em-barra-do-corda\/#primaryimage"},"thumbnailUrl":"https:\/\/www.blogsoestado.com\/danielmatos\/files\/2022\/03\/Screenshot_20220318-0132422.png","datePublished":"2022-03-18T10:00:00+00:00","author":{"@id":""},"breadcrumb":{"@id":"https:\/\/www.blogsoestado.com\/danielmatos\/homem-que-vazou-video-pornografico-de-ex-namorada-adolescente-no-facebook-e-no-instagram-e-condenado-a-9-anos-de-prisao-em-barra-do-corda\/#breadcrumb"},"inLanguage":"pt-BR","potentialAction":[{"@type":"ReadAction","target":["https:\/\/www.blogsoestado.com\/danielmatos\/homem-que-vazou-video-pornografico-de-ex-namorada-adolescente-no-facebook-e-no-instagram-e-condenado-a-9-anos-de-prisao-em-barra-do-corda\/"]}]},{"@type":"ImageObject","inLanguage":"pt-BR","@id":"https:\/\/www.blogsoestado.com\/danielmatos\/homem-que-vazou-video-pornografico-de-ex-namorada-adolescente-no-facebook-e-no-instagram-e-condenado-a-9-anos-de-prisao-em-barra-do-corda\/#primaryimage","url":"https:\/\/www.blogsoestado.com\/danielmatos\/files\/2022\/03\/Screenshot_20220318-0132422.png","contentUrl":"https:\/\/www.blogsoestado.com\/danielmatos\/files\/2022\/03\/Screenshot_20220318-0132422.png"},{"@type":"BreadcrumbList","@id":"https:\/\/www.blogsoestado.com\/danielmatos\/homem-que-vazou-video-pornografico-de-ex-namorada-adolescente-no-facebook-e-no-instagram-e-condenado-a-9-anos-de-prisao-em-barra-do-corda\/#breadcrumb","itemListElement":[{"@type":"ListItem","position":1,"name":"In\u00edcio","item":"https:\/\/www.blogsoestado.com\/danielmatos\/"},{"@type":"ListItem","position":2,"name":"Homem que vazou v\u00eddeo pornogr\u00e1fico de ex-namorada adolescente no Facebook e no Instagram \u00e9 condenado a 9 anos de pris\u00e3o em Barra do Corda"}]},{"@type":"WebSite","@id":"https:\/\/www.blogsoestado.com\/danielmatos\/#website","url":"https:\/\/www.blogsoestado.com\/danielmatos\/","name":"Daniel Matos","description":"","potentialAction":[{"@type":"SearchAction","target":{"@type":"EntryPoint","urlTemplate":"https:\/\/www.blogsoestado.com\/danielmatos\/?s={search_term_string}"},"query-input":{"@type":"PropertyValueSpecification","valueRequired":true,"valueName":"search_term_string"}}],"inLanguage":"pt-BR"}]}},"jetpack_featured_media_url":"","_links":{"self":[{"href":"https:\/\/www.blogsoestado.com\/danielmatos\/wp-json\/wp\/v2\/posts\/95234","targetHints":{"allow":["GET"]}}],"collection":[{"href":"https:\/\/www.blogsoestado.com\/danielmatos\/wp-json\/wp\/v2\/posts"}],"about":[{"href":"https:\/\/www.blogsoestado.com\/danielmatos\/wp-json\/wp\/v2\/types\/post"}],"replies":[{"embeddable":true,"href":"https:\/\/www.blogsoestado.com\/danielmatos\/wp-json\/wp\/v2\/comments?post=95234"}],"version-history":[{"count":0,"href":"https:\/\/www.blogsoestado.com\/danielmatos\/wp-json\/wp\/v2\/posts\/95234\/revisions"}],"wp:attachment":[{"href":"https:\/\/www.blogsoestado.com\/danielmatos\/wp-json\/wp\/v2\/media?parent=95234"}],"wp:term":[{"taxonomy":"category","embeddable":true,"href":"https:\/\/www.blogsoestado.com\/danielmatos\/wp-json\/wp\/v2\/categories?post=95234"},{"taxonomy":"post_tag","embeddable":true,"href":"https:\/\/www.blogsoestado.com\/danielmatos\/wp-json\/wp\/v2\/tags?post=95234"}],"curies":[{"name":"wp","href":"https:\/\/api.w.org\/{rel}","templated":true}]}}