{"id":95253,"date":"2022-03-18T15:22:18","date_gmt":"2022-03-18T18:22:18","guid":{"rendered":"https:\/\/www.blogsoestado.com\/danielmatos\/?p=95253"},"modified":"2022-03-18T15:22:18","modified_gmt":"2022-03-18T18:22:18","slug":"em-parceria-com-o-governo-do-estado-prefeito-fabio-gentil-inaugura-nova-beira-rio-de-caxias-neste-sabado-19","status":"publish","type":"post","link":"https:\/\/www.blogsoestado.com\/danielmatos\/em-parceria-com-o-governo-do-estado-prefeito-fabio-gentil-inaugura-nova-beira-rio-de-caxias-neste-sabado-19\/","title":{"rendered":"Em parceria com o Governo do Estado, prefeito F\u00e1bio Gentil inaugura nova Beira-Rio de Caxias neste s\u00e1bado (19)"},"content":{"rendered":"\n<div class=\"wp-block-image\"><figure class=\"aligncenter size-large\"><a href=\"https:\/\/www.blogsoestado.com\/danielmatos\/files\/2022\/03\/Screenshot_20220318-1513442.png\"><img decoding=\"async\" src=\"https:\/\/www.blogsoestado.com\/danielmatos\/files\/2022\/03\/Screenshot_20220318-1513442.png\" alt=\"\" class=\"wp-image-95254\"\/><\/a><\/figure><\/div>\n\n\n\n<p>Caxias ganha mais um cart\u00e3o postal. Neste s\u00e1bado, o Governo do Estado e a Prefeitura de Caxias v\u00e3o agraciar a popula\u00e7\u00e3o do munic\u00edpio com mais uma obra impactante, que vai impulsionar ainda mais o turismo local.<\/p>\n\n\n\n<p>Toda a popula\u00e7\u00e3o caxiense est\u00e1 convidada para a cerim\u00f4nia hist\u00f3rica, que ter\u00e1 in\u00edcio \u00e0s 9h, na Avenida Beira-Rio.<\/p>\n\n\n\n<p>A obra \u00e9 mais um fruto do trabalho Incans\u00e1vel do prefeito F\u00e1bio Gentil, em parceria com o governo. O resultado dessa sintonia s\u00e3o sucessivas conquistas para a cidade, que dia ap\u00f3s dia vai trilhando o caminho do progresso, com pleno aproveitamento das suas potencialidades.<\/p>\n","protected":false},"excerpt":{"rendered":"<p>Caxias ganha mais um cart\u00e3o postal. Neste s\u00e1bado, o Governo do Estado e a Prefeitura de Caxias v\u00e3o agraciar a [&hellip;]<\/p>\n","protected":false},"author":0,"featured_media":0,"comment_status":"open","ping_status":"open","sticky":false,"template":"","format":"standard","meta":{"site-sidebar-layout":"default","site-content-layout":"","ast-site-content-layout":"default","site-content-style":"default","site-sidebar-style":"default","ast-global-header-display":"","ast-banner-title-visibility":"","ast-main-header-display":"","ast-hfb-above-header-display":"","ast-hfb-below-header-display":"","ast-hfb-mobile-header-display":"","site-post-title":"","ast-breadcrumbs-content":"","ast-featured-img":"","footer-sml-layout":"","ast-disable-related-posts":"","theme-transparent-header-meta":"","adv-header-id-meta":"","stick-header-meta":"","header-above-stick-meta":"","header-main-stick-meta":"","header-below-stick-meta":"","astra-migrate-meta-layouts":"default","ast-page-background-enabled":"default","ast-page-background-meta":{"desktop":{"background-color":"var(--ast-global-color-5)","background-image":"","background-repeat":"repeat","background-position":"center center","background-size":"auto","background-attachment":"scroll","background-type":"","background-media":"","overlay-type":"","overlay-color":"","overlay-opacity":"","overlay-gradient":""},"tablet":{"background-color":"","background-image":"","background-repeat":"repeat","background-position":"center center","background-size":"auto","background-attachment":"scroll","background-type":"","background-media":"","overlay-type":"","overlay-color":"","overlay-opacity":"","overlay-gradient":""},"mobile":{"background-color":"","background-image":"","background-repeat":"repeat","background-position":"center center","background-size":"auto","background-attachment":"scroll","background-type":"","background-media":"","overlay-type":"","overlay-color":"","overlay-opacity":"","overlay-gradient":""}},"ast-content-background-meta":{"desktop":{"background-color":"var(--ast-global-color-4)","background-image":"","background-repeat":"repeat","background-position":"center center","background-size":"auto","background-attachment":"scroll","background-type":"","background-media":"","overlay-type":"","overlay-color":"","overlay-opacity":"","overlay-gradient":""},"tablet":{"background-color":"var(--ast-global-color-4)","background-image":"","background-repeat":"repeat","background-position":"center center","background-size":"auto","background-attachment":"scroll","background-type":"","background-media":"","overlay-type":"","overlay-color":"","overlay-opacity":"","overlay-gradient":""},"mobile":{"background-color":"var(--ast-global-color-4)","background-image":"","background-repeat":"repeat","background-position":"center center","background-size":"auto","background-attachment":"scroll","background-type":"","background-media":"","overlay-type":"","overlay-color":"","overlay-opacity":"","overlay-gradient":""}},"footnotes":""},"categories":[1],"tags":[],"class_list":["post-95253","post","type-post","status-publish","format-standard","hentry","category-sem-categoria"],"yoast_head":"<!-- This site is optimized with the Yoast SEO plugin v26.6 - https:\/\/yoast.com\/wordpress\/plugins\/seo\/ -->\n<title>Em parceria com o Governo do Estado, prefeito F\u00e1bio Gentil inaugura nova Beira-Rio de Caxias neste s\u00e1bado (19) - Daniel Matos<\/title>\n<meta name=\"robots\" content=\"index, follow, max-snippet:-1, max-image-preview:large, max-video-preview:-1\" \/>\n<link rel=\"canonical\" href=\"https:\/\/www.blogsoestado.com\/danielmatos\/em-parceria-com-o-governo-do-estado-prefeito-fabio-gentil-inaugura-nova-beira-rio-de-caxias-neste-sabado-19\/\" \/>\n<meta property=\"og:locale\" content=\"pt_BR\" \/>\n<meta property=\"og:type\" content=\"article\" \/>\n<meta property=\"og:title\" content=\"Em parceria com o Governo do Estado, prefeito F\u00e1bio Gentil inaugura nova Beira-Rio de Caxias neste s\u00e1bado (19) - Daniel Matos\" \/>\n<meta property=\"og:description\" content=\"Caxias ganha mais um cart\u00e3o postal. Neste s\u00e1bado, o Governo do Estado e a Prefeitura de Caxias v\u00e3o agraciar a [&hellip;]\" \/>\n<meta property=\"og:url\" content=\"https:\/\/www.blogsoestado.com\/danielmatos\/em-parceria-com-o-governo-do-estado-prefeito-fabio-gentil-inaugura-nova-beira-rio-de-caxias-neste-sabado-19\/\" \/>\n<meta property=\"og:site_name\" content=\"Daniel Matos\" \/>\n<meta property=\"article:published_time\" content=\"2022-03-18T18:22:18+00:00\" \/>\n<meta property=\"og:image\" content=\"https:\/\/www.blogsoestado.com\/danielmatos\/files\/2022\/03\/Screenshot_20220318-1513442.png\" \/>\n<meta name=\"twitter:card\" content=\"summary_large_image\" \/>\n<meta name=\"twitter:label1\" content=\"Est. tempo de leitura\" \/>\n\t<meta name=\"twitter:data1\" content=\"1 minuto\" \/>\n<script type=\"application\/ld+json\" class=\"yoast-schema-graph\">{\"@context\":\"https:\/\/schema.org\",\"@graph\":[{\"@type\":\"WebPage\",\"@id\":\"https:\/\/www.blogsoestado.com\/danielmatos\/em-parceria-com-o-governo-do-estado-prefeito-fabio-gentil-inaugura-nova-beira-rio-de-caxias-neste-sabado-19\/\",\"url\":\"https:\/\/www.blogsoestado.com\/danielmatos\/em-parceria-com-o-governo-do-estado-prefeito-fabio-gentil-inaugura-nova-beira-rio-de-caxias-neste-sabado-19\/\",\"name\":\"Em parceria com o Governo do Estado, prefeito F\u00e1bio Gentil inaugura nova Beira-Rio de Caxias neste s\u00e1bado (19) - Daniel Matos\",\"isPartOf\":{\"@id\":\"https:\/\/www.blogsoestado.com\/danielmatos\/#website\"},\"primaryImageOfPage\":{\"@id\":\"https:\/\/www.blogsoestado.com\/danielmatos\/em-parceria-com-o-governo-do-estado-prefeito-fabio-gentil-inaugura-nova-beira-rio-de-caxias-neste-sabado-19\/#primaryimage\"},\"image\":{\"@id\":\"https:\/\/www.blogsoestado.com\/danielmatos\/em-parceria-com-o-governo-do-estado-prefeito-fabio-gentil-inaugura-nova-beira-rio-de-caxias-neste-sabado-19\/#primaryimage\"},\"thumbnailUrl\":\"https:\/\/www.blogsoestado.com\/danielmatos\/files\/2022\/03\/Screenshot_20220318-1513442.png\",\"datePublished\":\"2022-03-18T18:22:18+00:00\",\"author\":{\"@id\":\"\"},\"breadcrumb\":{\"@id\":\"https:\/\/www.blogsoestado.com\/danielmatos\/em-parceria-com-o-governo-do-estado-prefeito-fabio-gentil-inaugura-nova-beira-rio-de-caxias-neste-sabado-19\/#breadcrumb\"},\"inLanguage\":\"pt-BR\",\"potentialAction\":[{\"@type\":\"ReadAction\",\"target\":[\"https:\/\/www.blogsoestado.com\/danielmatos\/em-parceria-com-o-governo-do-estado-prefeito-fabio-gentil-inaugura-nova-beira-rio-de-caxias-neste-sabado-19\/\"]}]},{\"@type\":\"ImageObject\",\"inLanguage\":\"pt-BR\",\"@id\":\"https:\/\/www.blogsoestado.com\/danielmatos\/em-parceria-com-o-governo-do-estado-prefeito-fabio-gentil-inaugura-nova-beira-rio-de-caxias-neste-sabado-19\/#primaryimage\",\"url\":\"https:\/\/www.blogsoestado.com\/danielmatos\/files\/2022\/03\/Screenshot_20220318-1513442.png\",\"contentUrl\":\"https:\/\/www.blogsoestado.com\/danielmatos\/files\/2022\/03\/Screenshot_20220318-1513442.png\"},{\"@type\":\"BreadcrumbList\",\"@id\":\"https:\/\/www.blogsoestado.com\/danielmatos\/em-parceria-com-o-governo-do-estado-prefeito-fabio-gentil-inaugura-nova-beira-rio-de-caxias-neste-sabado-19\/#breadcrumb\",\"itemListElement\":[{\"@type\":\"ListItem\",\"position\":1,\"name\":\"In\u00edcio\",\"item\":\"https:\/\/www.blogsoestado.com\/danielmatos\/\"},{\"@type\":\"ListItem\",\"position\":2,\"name\":\"Em parceria com o Governo do Estado, prefeito F\u00e1bio Gentil inaugura nova Beira-Rio de Caxias neste s\u00e1bado (19)\"}]},{\"@type\":\"WebSite\",\"@id\":\"https:\/\/www.blogsoestado.com\/danielmatos\/#website\",\"url\":\"https:\/\/www.blogsoestado.com\/danielmatos\/\",\"name\":\"Daniel Matos\",\"description\":\"\",\"potentialAction\":[{\"@type\":\"SearchAction\",\"target\":{\"@type\":\"EntryPoint\",\"urlTemplate\":\"https:\/\/www.blogsoestado.com\/danielmatos\/?s={search_term_string}\"},\"query-input\":{\"@type\":\"PropertyValueSpecification\",\"valueRequired\":true,\"valueName\":\"search_term_string\"}}],\"inLanguage\":\"pt-BR\"}]}<\/script>\n<!-- \/ Yoast SEO plugin. -->","yoast_head_json":{"title":"Em parceria com o Governo do Estado, prefeito F\u00e1bio Gentil inaugura nova Beira-Rio de Caxias neste s\u00e1bado (19) - Daniel Matos","robots":{"index":"index","follow":"follow","max-snippet":"max-snippet:-1","max-image-preview":"max-image-preview:large","max-video-preview":"max-video-preview:-1"},"canonical":"https:\/\/www.blogsoestado.com\/danielmatos\/em-parceria-com-o-governo-do-estado-prefeito-fabio-gentil-inaugura-nova-beira-rio-de-caxias-neste-sabado-19\/","og_locale":"pt_BR","og_type":"article","og_title":"Em parceria com o Governo do Estado, prefeito F\u00e1bio Gentil inaugura nova Beira-Rio de Caxias neste s\u00e1bado (19) - Daniel Matos","og_description":"Caxias ganha mais um cart\u00e3o postal. Neste s\u00e1bado, o Governo do Estado e a Prefeitura de Caxias v\u00e3o agraciar a [&hellip;]","og_url":"https:\/\/www.blogsoestado.com\/danielmatos\/em-parceria-com-o-governo-do-estado-prefeito-fabio-gentil-inaugura-nova-beira-rio-de-caxias-neste-sabado-19\/","og_site_name":"Daniel Matos","article_published_time":"2022-03-18T18:22:18+00:00","og_image":[{"url":"https:\/\/www.blogsoestado.com\/danielmatos\/files\/2022\/03\/Screenshot_20220318-1513442.png","type":"","width":"","height":""}],"twitter_card":"summary_large_image","twitter_misc":{"Est. tempo de leitura":"1 minuto"},"schema":{"@context":"https:\/\/schema.org","@graph":[{"@type":"WebPage","@id":"https:\/\/www.blogsoestado.com\/danielmatos\/em-parceria-com-o-governo-do-estado-prefeito-fabio-gentil-inaugura-nova-beira-rio-de-caxias-neste-sabado-19\/","url":"https:\/\/www.blogsoestado.com\/danielmatos\/em-parceria-com-o-governo-do-estado-prefeito-fabio-gentil-inaugura-nova-beira-rio-de-caxias-neste-sabado-19\/","name":"Em parceria com o Governo do Estado, prefeito F\u00e1bio Gentil inaugura nova Beira-Rio de Caxias neste s\u00e1bado (19) - Daniel Matos","isPartOf":{"@id":"https:\/\/www.blogsoestado.com\/danielmatos\/#website"},"primaryImageOfPage":{"@id":"https:\/\/www.blogsoestado.com\/danielmatos\/em-parceria-com-o-governo-do-estado-prefeito-fabio-gentil-inaugura-nova-beira-rio-de-caxias-neste-sabado-19\/#primaryimage"},"image":{"@id":"https:\/\/www.blogsoestado.com\/danielmatos\/em-parceria-com-o-governo-do-estado-prefeito-fabio-gentil-inaugura-nova-beira-rio-de-caxias-neste-sabado-19\/#primaryimage"},"thumbnailUrl":"https:\/\/www.blogsoestado.com\/danielmatos\/files\/2022\/03\/Screenshot_20220318-1513442.png","datePublished":"2022-03-18T18:22:18+00:00","author":{"@id":""},"breadcrumb":{"@id":"https:\/\/www.blogsoestado.com\/danielmatos\/em-parceria-com-o-governo-do-estado-prefeito-fabio-gentil-inaugura-nova-beira-rio-de-caxias-neste-sabado-19\/#breadcrumb"},"inLanguage":"pt-BR","potentialAction":[{"@type":"ReadAction","target":["https:\/\/www.blogsoestado.com\/danielmatos\/em-parceria-com-o-governo-do-estado-prefeito-fabio-gentil-inaugura-nova-beira-rio-de-caxias-neste-sabado-19\/"]}]},{"@type":"ImageObject","inLanguage":"pt-BR","@id":"https:\/\/www.blogsoestado.com\/danielmatos\/em-parceria-com-o-governo-do-estado-prefeito-fabio-gentil-inaugura-nova-beira-rio-de-caxias-neste-sabado-19\/#primaryimage","url":"https:\/\/www.blogsoestado.com\/danielmatos\/files\/2022\/03\/Screenshot_20220318-1513442.png","contentUrl":"https:\/\/www.blogsoestado.com\/danielmatos\/files\/2022\/03\/Screenshot_20220318-1513442.png"},{"@type":"BreadcrumbList","@id":"https:\/\/www.blogsoestado.com\/danielmatos\/em-parceria-com-o-governo-do-estado-prefeito-fabio-gentil-inaugura-nova-beira-rio-de-caxias-neste-sabado-19\/#breadcrumb","itemListElement":[{"@type":"ListItem","position":1,"name":"In\u00edcio","item":"https:\/\/www.blogsoestado.com\/danielmatos\/"},{"@type":"ListItem","position":2,"name":"Em parceria com o Governo do Estado, prefeito F\u00e1bio Gentil inaugura nova Beira-Rio de Caxias neste s\u00e1bado (19)"}]},{"@type":"WebSite","@id":"https:\/\/www.blogsoestado.com\/danielmatos\/#website","url":"https:\/\/www.blogsoestado.com\/danielmatos\/","name":"Daniel Matos","description":"","potentialAction":[{"@type":"SearchAction","target":{"@type":"EntryPoint","urlTemplate":"https:\/\/www.blogsoestado.com\/danielmatos\/?s={search_term_string}"},"query-input":{"@type":"PropertyValueSpecification","valueRequired":true,"valueName":"search_term_string"}}],"inLanguage":"pt-BR"}]}},"jetpack_featured_media_url":"","_links":{"self":[{"href":"https:\/\/www.blogsoestado.com\/danielmatos\/wp-json\/wp\/v2\/posts\/95253","targetHints":{"allow":["GET"]}}],"collection":[{"href":"https:\/\/www.blogsoestado.com\/danielmatos\/wp-json\/wp\/v2\/posts"}],"about":[{"href":"https:\/\/www.blogsoestado.com\/danielmatos\/wp-json\/wp\/v2\/types\/post"}],"replies":[{"embeddable":true,"href":"https:\/\/www.blogsoestado.com\/danielmatos\/wp-json\/wp\/v2\/comments?post=95253"}],"version-history":[{"count":0,"href":"https:\/\/www.blogsoestado.com\/danielmatos\/wp-json\/wp\/v2\/posts\/95253\/revisions"}],"wp:attachment":[{"href":"https:\/\/www.blogsoestado.com\/danielmatos\/wp-json\/wp\/v2\/media?parent=95253"}],"wp:term":[{"taxonomy":"category","embeddable":true,"href":"https:\/\/www.blogsoestado.com\/danielmatos\/wp-json\/wp\/v2\/categories?post=95253"},{"taxonomy":"post_tag","embeddable":true,"href":"https:\/\/www.blogsoestado.com\/danielmatos\/wp-json\/wp\/v2\/tags?post=95253"}],"curies":[{"name":"wp","href":"https:\/\/api.w.org\/{rel}","templated":true}]}}