{"id":95260,"date":"2022-03-18T19:50:40","date_gmt":"2022-03-18T22:50:40","guid":{"rendered":"https:\/\/www.blogsoestado.com\/danielmatos\/?p=95260"},"modified":"2022-03-18T19:50:40","modified_gmt":"2022-03-18T22:50:40","slug":"sustentabilidade-descarte-residuos-eletronicos-corretamente-no-e-reciclagem","status":"publish","type":"post","link":"https:\/\/www.blogsoestado.com\/danielmatos\/sustentabilidade-descarte-residuos-eletronicos-corretamente-no-e-reciclagem\/","title":{"rendered":"Sustentabilidade: descarte res\u00edduos eletr\u00f4nicos corretamente no E+ Reciclagem"},"content":{"rendered":"\n<p><em><strong><span class=\"has-inline-color has-vivid-red-color\">Projeto da Equatorial Maranh\u00e3o faz o descarte correto de res\u00edduos recicl\u00e1veis h\u00e1 mais de 10 anos<\/span><\/strong><\/em><\/p>\n\n\n\n<div class=\"wp-block-image\"><figure class=\"aligncenter size-large\"><a href=\"https:\/\/www.blogsoestado.com\/danielmatos\/files\/2022\/03\/Screenshot_20220318-1933212.png\"><img decoding=\"async\" src=\"https:\/\/www.blogsoestado.com\/danielmatos\/files\/2022\/03\/Screenshot_20220318-1933212.png\" alt=\"\" class=\"wp-image-95261\"\/><\/a><figcaption>Res\u00edduos eletr\u00f4nicos descartados e recolhidos pela Equatorial Maranh\u00e3o <\/figcaption><\/figure><\/div>\n\n\n\n<p>H\u00e1 mais de 10 anos, o projeto E+ Reciclagem, que faz para do Programa de Efici\u00eancia Energ\u00e9tica da Equatorial Energia, atua no Maranh\u00e3o com o objetivo de diminuir os impactos causados pelos res\u00edduos s\u00f3lidos expostos ao meio ambiente, promovendo a\u00e7\u00f5es voltadas para difundir a cultura da coleta seletiva, conscientiza\u00e7\u00e3o e a preserva\u00e7\u00e3o ambiental. Al\u00e9m disso, os clientes trocam os res\u00edduos recicl\u00e1veis por b\u00f4nus na pr\u00f3pria fatura de energia el\u00e9trica ou tem a op\u00e7\u00e3o de doar o valor do b\u00f4nus para a fatura de institui\u00e7\u00f5es sociais e filantr\u00f3picas.<\/p>\n\n\n\n<p>O E+ Reciclagem recebe res\u00edduos&nbsp;como: papel, pl\u00e1stico, metal e agora tamb\u00e9m eletr\u00f4nicos. Veja abaixo a lista de materiais recebidos:<\/p>\n\n\n\n<ul class=\"wp-block-list\"><li><strong>Papel em geral:&nbsp;<\/strong>livros, revistas, encartes, jornal, papel\u00e3o, etc;<\/li><li><strong>Pl\u00e1stico:&nbsp;<\/strong>pet, pl\u00e1stico duro (embalagens de cosm\u00e9ticos, por exemplo), pl\u00e1stico filme, PVC, canos e forros, etc;<\/li><li><strong>Material Eletr\u00f4nico:&nbsp;<\/strong>celulares, placas eletr\u00f4nicas, televisor, aparelho de som e computador (exceto pilhas e baterias);<\/li><li><strong>Metal:&nbsp;<\/strong>a\u00e7o inox, alum\u00ednio, ferro, bronze e chumbo (baterias de carro, por exemplo);<\/li><li><strong>Embalagens Tetra pak&nbsp;<\/strong>(caixinhas de leite, ervilha, creme de leite, extrato de tomate, etc);<\/li><li><strong>Res\u00edduo Org\u00e2nico:&nbsp;<\/strong>\u00d3leo de cozinha.<\/li><\/ul>\n\n\n\n<div class=\"wp-block-image\"><figure class=\"aligncenter size-large\"><a href=\"https:\/\/www.blogsoestado.com\/danielmatos\/files\/2022\/03\/Screenshot_20220318-1933502.png\"><img decoding=\"async\" src=\"https:\/\/www.blogsoestado.com\/danielmatos\/files\/2022\/03\/Screenshot_20220318-1933502.png\" alt=\"\" class=\"wp-image-95262\"\/><\/a><figcaption>Consumidor entrega material de descarte em unidade do projeto E+<\/figcaption><\/figure><\/div>\n\n\n\n<p>Muitos clientes veem o projeto como uma oportunidade de fazer a sua parte em rela\u00e7\u00e3o ao meio ambiente. \u00c9 o caso do professor Felipe Rodrigues, que frequentemente acumula materiais recicl\u00e1veis em casa para levar a um ponto de coleta. \u201cHoje eu tenho um filho de 1 ano que ainda n\u00e3o entende o que essa atitude representa, mas acredito que seja muito importante ele ver o exemplo dentro de casa de que \u00e9 necess\u00e1rio pensar no meio ambiente, no lixo produzido e assim, cada um fazendo a sua parte, podemos ter um ambiente menos polu\u00eddo e mais agrad\u00e1vel\u201d, comenta.<\/p>\n\n\n\n<p>Para a supervisora do E+ Reciclagem na Equatorial Maranh\u00e3o, Tha\u00edse Herm\u00f3genes, o projeto j\u00e1 faz parte da cultura de muitos maranhenses, por isso, foi necess\u00e1rio ampliar os tipos de materiais recebidos. \u201cOs clientes j\u00e1 t\u00eam nossos postos como refer\u00eancia em reciclagem de res\u00edduos, vimos ent\u00e3o a necessidade de receber, al\u00e9m do papel, pl\u00e1stico e metal, os materiais eletr\u00f4nicos, que s\u00e3o de dif\u00edcil degrada\u00e7\u00e3o na natureza e que podem ser reaproveitados e transformados\u201d, destaca Thaise.&nbsp;Vale ressaltar que o projeto, no momento, n\u00e3o recebe pilhas e baterias por inviabilidade de descarte adequado desse tipo de res\u00edduo.<\/p>\n\n\n\n<div class=\"wp-block-image\"><figure class=\"aligncenter size-large\"><a href=\"https:\/\/www.blogsoestado.com\/danielmatos\/files\/2022\/03\/Screenshot_20220318-1934112.png\"><img decoding=\"async\" src=\"https:\/\/www.blogsoestado.com\/danielmatos\/files\/2022\/03\/Screenshot_20220318-1934112.png\" alt=\"\" class=\"wp-image-95263\"\/><\/a><figcaption>Gestores da Equatorial em posto do projeto E+, da Equatorial Maranh\u00e3o <\/figcaption><\/figure><\/div>\n\n\n\n<p>A Equatorial Energia, que tem a responsabilidade social e ambiental como um de seus valores, fomentando a reciclagem e estimulando a doa\u00e7\u00e3o de b\u00f4nus para institui\u00e7\u00f5es sociais, assumiu ainda o compromisso com a agenda 2031 da ONU. Dentre os Objetivos de Desenvolvimento Sustent\u00e1vel (ODS), est\u00e1 a A\u00e7\u00e3o Contra a Mudan\u00e7a Global do Clima que foca, entre outros fatores, no combate \u00e0 polui\u00e7\u00e3o em todos os meios.<\/p>\n\n\n\n<p>Grandes empresas tamb\u00e9m contribuem com o projeto, seja como ponto de coleta, pr\u00e1tica da reciclagem, ou como o caso do Centro El\u00e9trico, que al\u00e9m de parceiro do E + Reciclagem, tamb\u00e9m faz a sua parte coletando res\u00edduos e doando b\u00f4nus na conta de energia de institui\u00e7\u00f5es sociais. Segundo Jos\u00e9 Gon\u00e7alves Neto, CEO do Centro El\u00e9trico, a presen\u00e7a do posto de coleta oferece mais uma solu\u00e7\u00e3o para os clientes, parceiros e fornecedores da loja por meio do descarte adequado de res\u00edduos s\u00f3lidos. \u201cResponsabilidade social\/ambiental \u00e9 um de nossos principais valores e no que se refere ao cuidado que temos com nossos clientes e colaboradores. Acreditamos que apoiar projetos e atividades de impacto na vida da popula\u00e7\u00e3o local \u00e9 sempre a melhor solu\u00e7\u00e3o\u201d, destaca. Em 2021, o posto de coleta localizado no Centro El\u00e9trico arrecadou 157.483,35 Kg de res\u00edduos, convertendo em R$15.354,31 de b\u00f4nus. Desse valor mais de R$5.000 foram destinados a institui\u00e7\u00e3o sociais.<\/p>\n\n\n\n<div class=\"wp-block-image\"><figure class=\"aligncenter size-large\"><a href=\"https:\/\/www.blogsoestado.com\/danielmatos\/files\/2022\/03\/Screenshot_20220318-1934352.png\"><img decoding=\"async\" src=\"https:\/\/www.blogsoestado.com\/danielmatos\/files\/2022\/03\/Screenshot_20220318-1934352.png\" alt=\"\" class=\"wp-image-95264\"\/><\/a><figcaption>Gestores da Equatorial Maranh\u00e3o de prontid\u00e3o para acompanhar a execu\u00e7\u00e3o do projeto E+<\/figcaption><\/figure><\/div>\n\n\n\n<p>S\u00f3 em 2021 foram quase 5 milh\u00f5es de toneladas de res\u00edduos levados pelos 2.733 clientes cadastrados no projeto, o que gerou mais de R$ 240 mil em bonifica\u00e7\u00f5es na conta de energia. A Equatorial Maranh\u00e3o, atrav\u00e9s do E + Reciclagem, direcionou para institui\u00e7\u00f5es sociais quase R$ 64 mil em b\u00f4nus convertidos em desconto nas suas contas de energia.<\/p>\n\n\n\n<p>Atualmente, al\u00e9m do Maranh\u00e3o, o projeto atua em outros estados de concess\u00e3o da Equatorial Energia: Par\u00e1, Piau\u00ed e Alagoas. Aqui no estado, s\u00e3o 17 pontos de coleta, sendo 7 postos fixos em S\u00e3o Lu\u00eds, 1 em Timon, 1 em Caxias e 3 em Imperatriz. Outros 5 postos itinerantes (m\u00f3veis) funcionam em S\u00e3o Lu\u00eds em parceria com associa\u00e7\u00f5es em bairros distintos. Consulte os endere\u00e7os e funcionamento em&nbsp;<a href=\"http:\/\/www.equatorialenergia.com.br\/\" target=\"_blank\" rel=\"noreferrer noopener\">www.equatorialenergia.com.br<\/a>.<\/p>\n","protected":false},"excerpt":{"rendered":"<p>Projeto da Equatorial Maranh\u00e3o faz o descarte correto de res\u00edduos recicl\u00e1veis h\u00e1 mais de 10 anos H\u00e1 mais de 10 [&hellip;]<\/p>\n","protected":false},"author":0,"featured_media":0,"comment_status":"open","ping_status":"open","sticky":false,"template":"","format":"standard","meta":{"site-sidebar-layout":"default","site-content-layout":"","ast-site-content-layout":"default","site-content-style":"default","site-sidebar-style":"default","ast-global-header-display":"","ast-banner-title-visibility":"","ast-main-header-display":"","ast-hfb-above-header-display":"","ast-hfb-below-header-display":"","ast-hfb-mobile-header-display":"","site-post-title":"","ast-breadcrumbs-content":"","ast-featured-img":"","footer-sml-layout":"","ast-disable-related-posts":"","theme-transparent-header-meta":"","adv-header-id-meta":"","stick-header-meta":"","header-above-stick-meta":"","header-main-stick-meta":"","header-below-stick-meta":"","astra-migrate-meta-layouts":"default","ast-page-background-enabled":"default","ast-page-background-meta":{"desktop":{"background-color":"var(--ast-global-color-5)","background-image":"","background-repeat":"repeat","background-position":"center center","background-size":"auto","background-attachment":"scroll","background-type":"","background-media":"","overlay-type":"","overlay-color":"","overlay-opacity":"","overlay-gradient":""},"tablet":{"background-color":"","background-image":"","background-repeat":"repeat","background-position":"center center","background-size":"auto","background-attachment":"scroll","background-type":"","background-media":"","overlay-type":"","overlay-color":"","overlay-opacity":"","overlay-gradient":""},"mobile":{"background-color":"","background-image":"","background-repeat":"repeat","background-position":"center center","background-size":"auto","background-attachment":"scroll","background-type":"","background-media":"","overlay-type":"","overlay-color":"","overlay-opacity":"","overlay-gradient":""}},"ast-content-background-meta":{"desktop":{"background-color":"var(--ast-global-color-4)","background-image":"","background-repeat":"repeat","background-position":"center center","background-size":"auto","background-attachment":"scroll","background-type":"","background-media":"","overlay-type":"","overlay-color":"","overlay-opacity":"","overlay-gradient":""},"tablet":{"background-color":"var(--ast-global-color-4)","background-image":"","background-repeat":"repeat","background-position":"center center","background-size":"auto","background-attachment":"scroll","background-type":"","background-media":"","overlay-type":"","overlay-color":"","overlay-opacity":"","overlay-gradient":""},"mobile":{"background-color":"var(--ast-global-color-4)","background-image":"","background-repeat":"repeat","background-position":"center center","background-size":"auto","background-attachment":"scroll","background-type":"","background-media":"","overlay-type":"","overlay-color":"","overlay-opacity":"","overlay-gradient":""}},"footnotes":""},"categories":[1],"tags":[],"class_list":["post-95260","post","type-post","status-publish","format-standard","hentry","category-sem-categoria"],"yoast_head":"<!-- This site is optimized with the Yoast SEO plugin v26.6 - https:\/\/yoast.com\/wordpress\/plugins\/seo\/ -->\n<title>Sustentabilidade: descarte res\u00edduos eletr\u00f4nicos corretamente no E+ Reciclagem - Daniel Matos<\/title>\n<meta name=\"robots\" content=\"index, follow, max-snippet:-1, max-image-preview:large, max-video-preview:-1\" \/>\n<link rel=\"canonical\" href=\"https:\/\/www.blogsoestado.com\/danielmatos\/sustentabilidade-descarte-residuos-eletronicos-corretamente-no-e-reciclagem\/\" \/>\n<meta property=\"og:locale\" content=\"pt_BR\" \/>\n<meta property=\"og:type\" content=\"article\" \/>\n<meta property=\"og:title\" content=\"Sustentabilidade: descarte res\u00edduos eletr\u00f4nicos corretamente no E+ Reciclagem - Daniel Matos\" \/>\n<meta property=\"og:description\" content=\"Projeto da Equatorial Maranh\u00e3o faz o descarte correto de res\u00edduos recicl\u00e1veis h\u00e1 mais de 10 anos H\u00e1 mais de 10 [&hellip;]\" \/>\n<meta property=\"og:url\" content=\"https:\/\/www.blogsoestado.com\/danielmatos\/sustentabilidade-descarte-residuos-eletronicos-corretamente-no-e-reciclagem\/\" \/>\n<meta property=\"og:site_name\" content=\"Daniel Matos\" \/>\n<meta property=\"article:published_time\" content=\"2022-03-18T22:50:40+00:00\" \/>\n<meta property=\"og:image\" content=\"https:\/\/www.blogsoestado.com\/danielmatos\/files\/2022\/03\/Screenshot_20220318-1933212.png\" \/>\n<meta name=\"twitter:card\" content=\"summary_large_image\" \/>\n<meta name=\"twitter:label1\" content=\"Est. tempo de leitura\" \/>\n\t<meta name=\"twitter:data1\" content=\"5 minutos\" \/>\n<script type=\"application\/ld+json\" class=\"yoast-schema-graph\">{\"@context\":\"https:\/\/schema.org\",\"@graph\":[{\"@type\":\"WebPage\",\"@id\":\"https:\/\/www.blogsoestado.com\/danielmatos\/sustentabilidade-descarte-residuos-eletronicos-corretamente-no-e-reciclagem\/\",\"url\":\"https:\/\/www.blogsoestado.com\/danielmatos\/sustentabilidade-descarte-residuos-eletronicos-corretamente-no-e-reciclagem\/\",\"name\":\"Sustentabilidade: descarte res\u00edduos eletr\u00f4nicos corretamente no E+ Reciclagem - Daniel Matos\",\"isPartOf\":{\"@id\":\"https:\/\/www.blogsoestado.com\/danielmatos\/#website\"},\"primaryImageOfPage\":{\"@id\":\"https:\/\/www.blogsoestado.com\/danielmatos\/sustentabilidade-descarte-residuos-eletronicos-corretamente-no-e-reciclagem\/#primaryimage\"},\"image\":{\"@id\":\"https:\/\/www.blogsoestado.com\/danielmatos\/sustentabilidade-descarte-residuos-eletronicos-corretamente-no-e-reciclagem\/#primaryimage\"},\"thumbnailUrl\":\"https:\/\/www.blogsoestado.com\/danielmatos\/files\/2022\/03\/Screenshot_20220318-1933212.png\",\"datePublished\":\"2022-03-18T22:50:40+00:00\",\"author\":{\"@id\":\"\"},\"breadcrumb\":{\"@id\":\"https:\/\/www.blogsoestado.com\/danielmatos\/sustentabilidade-descarte-residuos-eletronicos-corretamente-no-e-reciclagem\/#breadcrumb\"},\"inLanguage\":\"pt-BR\",\"potentialAction\":[{\"@type\":\"ReadAction\",\"target\":[\"https:\/\/www.blogsoestado.com\/danielmatos\/sustentabilidade-descarte-residuos-eletronicos-corretamente-no-e-reciclagem\/\"]}]},{\"@type\":\"ImageObject\",\"inLanguage\":\"pt-BR\",\"@id\":\"https:\/\/www.blogsoestado.com\/danielmatos\/sustentabilidade-descarte-residuos-eletronicos-corretamente-no-e-reciclagem\/#primaryimage\",\"url\":\"https:\/\/www.blogsoestado.com\/danielmatos\/files\/2022\/03\/Screenshot_20220318-1933212.png\",\"contentUrl\":\"https:\/\/www.blogsoestado.com\/danielmatos\/files\/2022\/03\/Screenshot_20220318-1933212.png\"},{\"@type\":\"BreadcrumbList\",\"@id\":\"https:\/\/www.blogsoestado.com\/danielmatos\/sustentabilidade-descarte-residuos-eletronicos-corretamente-no-e-reciclagem\/#breadcrumb\",\"itemListElement\":[{\"@type\":\"ListItem\",\"position\":1,\"name\":\"In\u00edcio\",\"item\":\"https:\/\/www.blogsoestado.com\/danielmatos\/\"},{\"@type\":\"ListItem\",\"position\":2,\"name\":\"Sustentabilidade: descarte res\u00edduos eletr\u00f4nicos corretamente no E+ Reciclagem\"}]},{\"@type\":\"WebSite\",\"@id\":\"https:\/\/www.blogsoestado.com\/danielmatos\/#website\",\"url\":\"https:\/\/www.blogsoestado.com\/danielmatos\/\",\"name\":\"Daniel Matos\",\"description\":\"\",\"potentialAction\":[{\"@type\":\"SearchAction\",\"target\":{\"@type\":\"EntryPoint\",\"urlTemplate\":\"https:\/\/www.blogsoestado.com\/danielmatos\/?s={search_term_string}\"},\"query-input\":{\"@type\":\"PropertyValueSpecification\",\"valueRequired\":true,\"valueName\":\"search_term_string\"}}],\"inLanguage\":\"pt-BR\"}]}<\/script>\n<!-- \/ Yoast SEO plugin. -->","yoast_head_json":{"title":"Sustentabilidade: descarte res\u00edduos eletr\u00f4nicos corretamente no E+ Reciclagem - Daniel Matos","robots":{"index":"index","follow":"follow","max-snippet":"max-snippet:-1","max-image-preview":"max-image-preview:large","max-video-preview":"max-video-preview:-1"},"canonical":"https:\/\/www.blogsoestado.com\/danielmatos\/sustentabilidade-descarte-residuos-eletronicos-corretamente-no-e-reciclagem\/","og_locale":"pt_BR","og_type":"article","og_title":"Sustentabilidade: descarte res\u00edduos eletr\u00f4nicos corretamente no E+ Reciclagem - Daniel Matos","og_description":"Projeto da Equatorial Maranh\u00e3o faz o descarte correto de res\u00edduos recicl\u00e1veis h\u00e1 mais de 10 anos H\u00e1 mais de 10 [&hellip;]","og_url":"https:\/\/www.blogsoestado.com\/danielmatos\/sustentabilidade-descarte-residuos-eletronicos-corretamente-no-e-reciclagem\/","og_site_name":"Daniel Matos","article_published_time":"2022-03-18T22:50:40+00:00","og_image":[{"url":"https:\/\/www.blogsoestado.com\/danielmatos\/files\/2022\/03\/Screenshot_20220318-1933212.png","type":"","width":"","height":""}],"twitter_card":"summary_large_image","twitter_misc":{"Est. tempo de leitura":"5 minutos"},"schema":{"@context":"https:\/\/schema.org","@graph":[{"@type":"WebPage","@id":"https:\/\/www.blogsoestado.com\/danielmatos\/sustentabilidade-descarte-residuos-eletronicos-corretamente-no-e-reciclagem\/","url":"https:\/\/www.blogsoestado.com\/danielmatos\/sustentabilidade-descarte-residuos-eletronicos-corretamente-no-e-reciclagem\/","name":"Sustentabilidade: descarte res\u00edduos eletr\u00f4nicos corretamente no E+ Reciclagem - Daniel Matos","isPartOf":{"@id":"https:\/\/www.blogsoestado.com\/danielmatos\/#website"},"primaryImageOfPage":{"@id":"https:\/\/www.blogsoestado.com\/danielmatos\/sustentabilidade-descarte-residuos-eletronicos-corretamente-no-e-reciclagem\/#primaryimage"},"image":{"@id":"https:\/\/www.blogsoestado.com\/danielmatos\/sustentabilidade-descarte-residuos-eletronicos-corretamente-no-e-reciclagem\/#primaryimage"},"thumbnailUrl":"https:\/\/www.blogsoestado.com\/danielmatos\/files\/2022\/03\/Screenshot_20220318-1933212.png","datePublished":"2022-03-18T22:50:40+00:00","author":{"@id":""},"breadcrumb":{"@id":"https:\/\/www.blogsoestado.com\/danielmatos\/sustentabilidade-descarte-residuos-eletronicos-corretamente-no-e-reciclagem\/#breadcrumb"},"inLanguage":"pt-BR","potentialAction":[{"@type":"ReadAction","target":["https:\/\/www.blogsoestado.com\/danielmatos\/sustentabilidade-descarte-residuos-eletronicos-corretamente-no-e-reciclagem\/"]}]},{"@type":"ImageObject","inLanguage":"pt-BR","@id":"https:\/\/www.blogsoestado.com\/danielmatos\/sustentabilidade-descarte-residuos-eletronicos-corretamente-no-e-reciclagem\/#primaryimage","url":"https:\/\/www.blogsoestado.com\/danielmatos\/files\/2022\/03\/Screenshot_20220318-1933212.png","contentUrl":"https:\/\/www.blogsoestado.com\/danielmatos\/files\/2022\/03\/Screenshot_20220318-1933212.png"},{"@type":"BreadcrumbList","@id":"https:\/\/www.blogsoestado.com\/danielmatos\/sustentabilidade-descarte-residuos-eletronicos-corretamente-no-e-reciclagem\/#breadcrumb","itemListElement":[{"@type":"ListItem","position":1,"name":"In\u00edcio","item":"https:\/\/www.blogsoestado.com\/danielmatos\/"},{"@type":"ListItem","position":2,"name":"Sustentabilidade: descarte res\u00edduos eletr\u00f4nicos corretamente no E+ Reciclagem"}]},{"@type":"WebSite","@id":"https:\/\/www.blogsoestado.com\/danielmatos\/#website","url":"https:\/\/www.blogsoestado.com\/danielmatos\/","name":"Daniel Matos","description":"","potentialAction":[{"@type":"SearchAction","target":{"@type":"EntryPoint","urlTemplate":"https:\/\/www.blogsoestado.com\/danielmatos\/?s={search_term_string}"},"query-input":{"@type":"PropertyValueSpecification","valueRequired":true,"valueName":"search_term_string"}}],"inLanguage":"pt-BR"}]}},"jetpack_featured_media_url":"","_links":{"self":[{"href":"https:\/\/www.blogsoestado.com\/danielmatos\/wp-json\/wp\/v2\/posts\/95260","targetHints":{"allow":["GET"]}}],"collection":[{"href":"https:\/\/www.blogsoestado.com\/danielmatos\/wp-json\/wp\/v2\/posts"}],"about":[{"href":"https:\/\/www.blogsoestado.com\/danielmatos\/wp-json\/wp\/v2\/types\/post"}],"replies":[{"embeddable":true,"href":"https:\/\/www.blogsoestado.com\/danielmatos\/wp-json\/wp\/v2\/comments?post=95260"}],"version-history":[{"count":0,"href":"https:\/\/www.blogsoestado.com\/danielmatos\/wp-json\/wp\/v2\/posts\/95260\/revisions"}],"wp:attachment":[{"href":"https:\/\/www.blogsoestado.com\/danielmatos\/wp-json\/wp\/v2\/media?parent=95260"}],"wp:term":[{"taxonomy":"category","embeddable":true,"href":"https:\/\/www.blogsoestado.com\/danielmatos\/wp-json\/wp\/v2\/categories?post=95260"},{"taxonomy":"post_tag","embeddable":true,"href":"https:\/\/www.blogsoestado.com\/danielmatos\/wp-json\/wp\/v2\/tags?post=95260"}],"curies":[{"name":"wp","href":"https:\/\/api.w.org\/{rel}","templated":true}]}}