{"id":95274,"date":"2022-03-19T14:56:36","date_gmt":"2022-03-19T17:56:36","guid":{"rendered":"https:\/\/www.blogsoestado.com\/danielmatos\/?p=95274"},"modified":"2022-03-19T14:56:36","modified_gmt":"2022-03-19T17:56:36","slug":"dr-gutemberg-realiza-mediacao-em-busca-de-reajuste-salarial-para-servidores-publicos-municipais","status":"publish","type":"post","link":"https:\/\/www.blogsoestado.com\/danielmatos\/dr-gutemberg-realiza-mediacao-em-busca-de-reajuste-salarial-para-servidores-publicos-municipais\/","title":{"rendered":"Dr. Gutemberg realiza media\u00e7\u00e3o em busca de reajuste salarial para servidores p\u00fablicos municipais"},"content":{"rendered":"\n<div class=\"wp-block-image\"><figure class=\"aligncenter size-large\"><a href=\"https:\/\/www.blogsoestado.com\/danielmatos\/files\/2022\/03\/Screenshot_20220319-1450322.png\"><img decoding=\"async\" src=\"https:\/\/www.blogsoestado.com\/danielmatos\/files\/2022\/03\/Screenshot_20220319-1450322.png\" alt=\"\" class=\"wp-image-95275\"\/><\/a><figcaption>Vereador Dr. Gutemberg recebeu representantes do Sindicato dos Funcion\u00e1rios P\u00fablicos municipais de S\u00e3o Lu\u00eds para estreitar di\u00e1logo<\/figcaption><\/figure><\/div>\n\n\n\n<p>O vice-presidente da C\u00e2mara Municipal de S\u00e3o Lu\u00eds, vereador Dr. Gutemberg Ara\u00fajo (PSC), tem sido um parlamentar ativo na defesa do reajuste salarial dos servidores de S\u00e3o Lu\u00eds.<\/p>\n\n\n\n<p>Ap\u00f3s recente reuni\u00e3o, solicitada pelo Dr. Gutemberg, com a diretoria do sindicato e o Poder Executivo, o prefeito Eduardo Braide divulgou em suas m\u00eddias sociais que os sal\u00e1rios ser\u00e3o reajustados de acordo com as possibilidades do Munic\u00edpio.<\/p>\n\n\n\n<p>O vereador j\u00e1 recebeu, por diversas vezes, em seu gabinete, representantes do Sindicato dos Funcion\u00e1rios e Servidores Municipais (Sinfusp\/S\u00e3o Lu\u00eds).&nbsp; O parlamentar \u00e9 visto como importante interlocutor da categoria com o Poder Executivo.<\/p>\n\n\n\n<p>\u201cO meu gabinete sempre esteve de portas abertas para os representantes do Sinfusp. No ano passado, tratamos de prioridade na vacina\u00e7\u00e3o contra a Covid-19 para a categoria. Fiz o requerimento e conseguimos a vacina\u00e7\u00e3o com anteced\u00eancia para a classe. Depois, voltamos nossas aten\u00e7\u00f5es para o reajuste salarial. A categoria me pediu que fizesse essa media\u00e7\u00e3o com o Poder Executivo. Depois de v\u00e1rias reuni\u00f5es, veio essa excelente not\u00edcia\u201d, destaca Dr. Gutemberg.<\/p>\n\n\n\n<div class=\"wp-block-image\"><figure class=\"aligncenter size-large\"><a href=\"https:\/\/www.blogsoestado.com\/danielmatos\/files\/2022\/03\/Screenshot_20220319-1450562.png\"><img decoding=\"async\" src=\"https:\/\/www.blogsoestado.com\/danielmatos\/files\/2022\/03\/Screenshot_20220319-1450562.png\" alt=\"\" class=\"wp-image-95276\"\/><\/a><figcaption>Em reuni\u00e3o com os sindicalistas, Dr. Gutemberg afirmou que o prefeito Eduardo Braide acerta em firmar esse compromisso com a categoria <\/figcaption><\/figure><\/div>\n\n\n\n<p>H\u00e1 sete anos, o Sinfusp\/S\u00e3o Lu\u00eds reivindica o reajuste salarial. E essas vit\u00f3rias refletem a seriedade e o compromisso do vereador Dr. Gutemberg com a categoria.<\/p>\n\n\n\n<p>\u201cO prefeito Eduardo Braide acerta em firmar esse compromisso com a categoria. \u00c9 um exemplo de lideran\u00e7a, de um gestor preocupado em ajudar a todos. E fico muito feliz em fazer parte dessa conquista, em poder fazer essa media\u00e7\u00e3o. Os funcion\u00e1rios e servidores municipais s\u00e3o fundamentais para o desenvolvimento da nossa capital e merecem muito esse reajuste\u201d, disse Dr. Gutemberg.<\/p>\n","protected":false},"excerpt":{"rendered":"<p>O vice-presidente da C\u00e2mara Municipal de S\u00e3o Lu\u00eds, vereador Dr. Gutemberg Ara\u00fajo (PSC), tem sido um parlamentar ativo na defesa [&hellip;]<\/p>\n","protected":false},"author":0,"featured_media":0,"comment_status":"open","ping_status":"open","sticky":false,"template":"","format":"standard","meta":{"site-sidebar-layout":"default","site-content-layout":"","ast-site-content-layout":"default","site-content-style":"default","site-sidebar-style":"default","ast-global-header-display":"","ast-banner-title-visibility":"","ast-main-header-display":"","ast-hfb-above-header-display":"","ast-hfb-below-header-display":"","ast-hfb-mobile-header-display":"","site-post-title":"","ast-breadcrumbs-content":"","ast-featured-img":"","footer-sml-layout":"","ast-disable-related-posts":"","theme-transparent-header-meta":"","adv-header-id-meta":"","stick-header-meta":"","header-above-stick-meta":"","header-main-stick-meta":"","header-below-stick-meta":"","astra-migrate-meta-layouts":"default","ast-page-background-enabled":"default","ast-page-background-meta":{"desktop":{"background-color":"var(--ast-global-color-5)","background-image":"","background-repeat":"repeat","background-position":"center center","background-size":"auto","background-attachment":"scroll","background-type":"","background-media":"","overlay-type":"","overlay-color":"","overlay-opacity":"","overlay-gradient":""},"tablet":{"background-color":"","background-image":"","background-repeat":"repeat","background-position":"center center","background-size":"auto","background-attachment":"scroll","background-type":"","background-media":"","overlay-type":"","overlay-color":"","overlay-opacity":"","overlay-gradient":""},"mobile":{"background-color":"","background-image":"","background-repeat":"repeat","background-position":"center center","background-size":"auto","background-attachment":"scroll","background-type":"","background-media":"","overlay-type":"","overlay-color":"","overlay-opacity":"","overlay-gradient":""}},"ast-content-background-meta":{"desktop":{"background-color":"var(--ast-global-color-4)","background-image":"","background-repeat":"repeat","background-position":"center center","background-size":"auto","background-attachment":"scroll","background-type":"","background-media":"","overlay-type":"","overlay-color":"","overlay-opacity":"","overlay-gradient":""},"tablet":{"background-color":"var(--ast-global-color-4)","background-image":"","background-repeat":"repeat","background-position":"center center","background-size":"auto","background-attachment":"scroll","background-type":"","background-media":"","overlay-type":"","overlay-color":"","overlay-opacity":"","overlay-gradient":""},"mobile":{"background-color":"var(--ast-global-color-4)","background-image":"","background-repeat":"repeat","background-position":"center center","background-size":"auto","background-attachment":"scroll","background-type":"","background-media":"","overlay-type":"","overlay-color":"","overlay-opacity":"","overlay-gradient":""}},"footnotes":""},"categories":[1],"tags":[],"class_list":["post-95274","post","type-post","status-publish","format-standard","hentry","category-sem-categoria"],"yoast_head":"<!-- This site is optimized with the Yoast SEO plugin v26.6 - https:\/\/yoast.com\/wordpress\/plugins\/seo\/ -->\n<title>Dr. Gutemberg realiza media\u00e7\u00e3o em busca de reajuste salarial para servidores p\u00fablicos municipais - Daniel Matos<\/title>\n<meta name=\"robots\" content=\"index, follow, max-snippet:-1, max-image-preview:large, max-video-preview:-1\" \/>\n<link rel=\"canonical\" href=\"https:\/\/www.blogsoestado.com\/danielmatos\/dr-gutemberg-realiza-mediacao-em-busca-de-reajuste-salarial-para-servidores-publicos-municipais\/\" \/>\n<meta property=\"og:locale\" content=\"pt_BR\" \/>\n<meta property=\"og:type\" content=\"article\" \/>\n<meta property=\"og:title\" content=\"Dr. Gutemberg realiza media\u00e7\u00e3o em busca de reajuste salarial para servidores p\u00fablicos municipais - Daniel Matos\" \/>\n<meta property=\"og:description\" content=\"O vice-presidente da C\u00e2mara Municipal de S\u00e3o Lu\u00eds, vereador Dr. Gutemberg Ara\u00fajo (PSC), tem sido um parlamentar ativo na defesa [&hellip;]\" \/>\n<meta property=\"og:url\" content=\"https:\/\/www.blogsoestado.com\/danielmatos\/dr-gutemberg-realiza-mediacao-em-busca-de-reajuste-salarial-para-servidores-publicos-municipais\/\" \/>\n<meta property=\"og:site_name\" content=\"Daniel Matos\" \/>\n<meta property=\"article:published_time\" content=\"2022-03-19T17:56:36+00:00\" \/>\n<meta property=\"og:image\" content=\"https:\/\/www.blogsoestado.com\/danielmatos\/files\/2022\/03\/Screenshot_20220319-1450322.png\" \/>\n<meta name=\"twitter:card\" content=\"summary_large_image\" \/>\n<meta name=\"twitter:label1\" content=\"Est. tempo de leitura\" \/>\n\t<meta name=\"twitter:data1\" content=\"2 minutos\" \/>\n<script type=\"application\/ld+json\" class=\"yoast-schema-graph\">{\"@context\":\"https:\/\/schema.org\",\"@graph\":[{\"@type\":\"WebPage\",\"@id\":\"https:\/\/www.blogsoestado.com\/danielmatos\/dr-gutemberg-realiza-mediacao-em-busca-de-reajuste-salarial-para-servidores-publicos-municipais\/\",\"url\":\"https:\/\/www.blogsoestado.com\/danielmatos\/dr-gutemberg-realiza-mediacao-em-busca-de-reajuste-salarial-para-servidores-publicos-municipais\/\",\"name\":\"Dr. Gutemberg realiza media\u00e7\u00e3o em busca de reajuste salarial para servidores p\u00fablicos municipais - Daniel Matos\",\"isPartOf\":{\"@id\":\"https:\/\/www.blogsoestado.com\/danielmatos\/#website\"},\"primaryImageOfPage\":{\"@id\":\"https:\/\/www.blogsoestado.com\/danielmatos\/dr-gutemberg-realiza-mediacao-em-busca-de-reajuste-salarial-para-servidores-publicos-municipais\/#primaryimage\"},\"image\":{\"@id\":\"https:\/\/www.blogsoestado.com\/danielmatos\/dr-gutemberg-realiza-mediacao-em-busca-de-reajuste-salarial-para-servidores-publicos-municipais\/#primaryimage\"},\"thumbnailUrl\":\"https:\/\/www.blogsoestado.com\/danielmatos\/files\/2022\/03\/Screenshot_20220319-1450322.png\",\"datePublished\":\"2022-03-19T17:56:36+00:00\",\"author\":{\"@id\":\"\"},\"breadcrumb\":{\"@id\":\"https:\/\/www.blogsoestado.com\/danielmatos\/dr-gutemberg-realiza-mediacao-em-busca-de-reajuste-salarial-para-servidores-publicos-municipais\/#breadcrumb\"},\"inLanguage\":\"pt-BR\",\"potentialAction\":[{\"@type\":\"ReadAction\",\"target\":[\"https:\/\/www.blogsoestado.com\/danielmatos\/dr-gutemberg-realiza-mediacao-em-busca-de-reajuste-salarial-para-servidores-publicos-municipais\/\"]}]},{\"@type\":\"ImageObject\",\"inLanguage\":\"pt-BR\",\"@id\":\"https:\/\/www.blogsoestado.com\/danielmatos\/dr-gutemberg-realiza-mediacao-em-busca-de-reajuste-salarial-para-servidores-publicos-municipais\/#primaryimage\",\"url\":\"https:\/\/www.blogsoestado.com\/danielmatos\/files\/2022\/03\/Screenshot_20220319-1450322.png\",\"contentUrl\":\"https:\/\/www.blogsoestado.com\/danielmatos\/files\/2022\/03\/Screenshot_20220319-1450322.png\"},{\"@type\":\"BreadcrumbList\",\"@id\":\"https:\/\/www.blogsoestado.com\/danielmatos\/dr-gutemberg-realiza-mediacao-em-busca-de-reajuste-salarial-para-servidores-publicos-municipais\/#breadcrumb\",\"itemListElement\":[{\"@type\":\"ListItem\",\"position\":1,\"name\":\"In\u00edcio\",\"item\":\"https:\/\/www.blogsoestado.com\/danielmatos\/\"},{\"@type\":\"ListItem\",\"position\":2,\"name\":\"Dr. Gutemberg realiza media\u00e7\u00e3o em busca de reajuste salarial para servidores p\u00fablicos municipais\"}]},{\"@type\":\"WebSite\",\"@id\":\"https:\/\/www.blogsoestado.com\/danielmatos\/#website\",\"url\":\"https:\/\/www.blogsoestado.com\/danielmatos\/\",\"name\":\"Daniel Matos\",\"description\":\"\",\"potentialAction\":[{\"@type\":\"SearchAction\",\"target\":{\"@type\":\"EntryPoint\",\"urlTemplate\":\"https:\/\/www.blogsoestado.com\/danielmatos\/?s={search_term_string}\"},\"query-input\":{\"@type\":\"PropertyValueSpecification\",\"valueRequired\":true,\"valueName\":\"search_term_string\"}}],\"inLanguage\":\"pt-BR\"}]}<\/script>\n<!-- \/ Yoast SEO plugin. -->","yoast_head_json":{"title":"Dr. Gutemberg realiza media\u00e7\u00e3o em busca de reajuste salarial para servidores p\u00fablicos municipais - Daniel Matos","robots":{"index":"index","follow":"follow","max-snippet":"max-snippet:-1","max-image-preview":"max-image-preview:large","max-video-preview":"max-video-preview:-1"},"canonical":"https:\/\/www.blogsoestado.com\/danielmatos\/dr-gutemberg-realiza-mediacao-em-busca-de-reajuste-salarial-para-servidores-publicos-municipais\/","og_locale":"pt_BR","og_type":"article","og_title":"Dr. Gutemberg realiza media\u00e7\u00e3o em busca de reajuste salarial para servidores p\u00fablicos municipais - Daniel Matos","og_description":"O vice-presidente da C\u00e2mara Municipal de S\u00e3o Lu\u00eds, vereador Dr. Gutemberg Ara\u00fajo (PSC), tem sido um parlamentar ativo na defesa [&hellip;]","og_url":"https:\/\/www.blogsoestado.com\/danielmatos\/dr-gutemberg-realiza-mediacao-em-busca-de-reajuste-salarial-para-servidores-publicos-municipais\/","og_site_name":"Daniel Matos","article_published_time":"2022-03-19T17:56:36+00:00","og_image":[{"url":"https:\/\/www.blogsoestado.com\/danielmatos\/files\/2022\/03\/Screenshot_20220319-1450322.png","type":"","width":"","height":""}],"twitter_card":"summary_large_image","twitter_misc":{"Est. tempo de leitura":"2 minutos"},"schema":{"@context":"https:\/\/schema.org","@graph":[{"@type":"WebPage","@id":"https:\/\/www.blogsoestado.com\/danielmatos\/dr-gutemberg-realiza-mediacao-em-busca-de-reajuste-salarial-para-servidores-publicos-municipais\/","url":"https:\/\/www.blogsoestado.com\/danielmatos\/dr-gutemberg-realiza-mediacao-em-busca-de-reajuste-salarial-para-servidores-publicos-municipais\/","name":"Dr. Gutemberg realiza media\u00e7\u00e3o em busca de reajuste salarial para servidores p\u00fablicos municipais - Daniel Matos","isPartOf":{"@id":"https:\/\/www.blogsoestado.com\/danielmatos\/#website"},"primaryImageOfPage":{"@id":"https:\/\/www.blogsoestado.com\/danielmatos\/dr-gutemberg-realiza-mediacao-em-busca-de-reajuste-salarial-para-servidores-publicos-municipais\/#primaryimage"},"image":{"@id":"https:\/\/www.blogsoestado.com\/danielmatos\/dr-gutemberg-realiza-mediacao-em-busca-de-reajuste-salarial-para-servidores-publicos-municipais\/#primaryimage"},"thumbnailUrl":"https:\/\/www.blogsoestado.com\/danielmatos\/files\/2022\/03\/Screenshot_20220319-1450322.png","datePublished":"2022-03-19T17:56:36+00:00","author":{"@id":""},"breadcrumb":{"@id":"https:\/\/www.blogsoestado.com\/danielmatos\/dr-gutemberg-realiza-mediacao-em-busca-de-reajuste-salarial-para-servidores-publicos-municipais\/#breadcrumb"},"inLanguage":"pt-BR","potentialAction":[{"@type":"ReadAction","target":["https:\/\/www.blogsoestado.com\/danielmatos\/dr-gutemberg-realiza-mediacao-em-busca-de-reajuste-salarial-para-servidores-publicos-municipais\/"]}]},{"@type":"ImageObject","inLanguage":"pt-BR","@id":"https:\/\/www.blogsoestado.com\/danielmatos\/dr-gutemberg-realiza-mediacao-em-busca-de-reajuste-salarial-para-servidores-publicos-municipais\/#primaryimage","url":"https:\/\/www.blogsoestado.com\/danielmatos\/files\/2022\/03\/Screenshot_20220319-1450322.png","contentUrl":"https:\/\/www.blogsoestado.com\/danielmatos\/files\/2022\/03\/Screenshot_20220319-1450322.png"},{"@type":"BreadcrumbList","@id":"https:\/\/www.blogsoestado.com\/danielmatos\/dr-gutemberg-realiza-mediacao-em-busca-de-reajuste-salarial-para-servidores-publicos-municipais\/#breadcrumb","itemListElement":[{"@type":"ListItem","position":1,"name":"In\u00edcio","item":"https:\/\/www.blogsoestado.com\/danielmatos\/"},{"@type":"ListItem","position":2,"name":"Dr. Gutemberg realiza media\u00e7\u00e3o em busca de reajuste salarial para servidores p\u00fablicos municipais"}]},{"@type":"WebSite","@id":"https:\/\/www.blogsoestado.com\/danielmatos\/#website","url":"https:\/\/www.blogsoestado.com\/danielmatos\/","name":"Daniel Matos","description":"","potentialAction":[{"@type":"SearchAction","target":{"@type":"EntryPoint","urlTemplate":"https:\/\/www.blogsoestado.com\/danielmatos\/?s={search_term_string}"},"query-input":{"@type":"PropertyValueSpecification","valueRequired":true,"valueName":"search_term_string"}}],"inLanguage":"pt-BR"}]}},"jetpack_featured_media_url":"","_links":{"self":[{"href":"https:\/\/www.blogsoestado.com\/danielmatos\/wp-json\/wp\/v2\/posts\/95274","targetHints":{"allow":["GET"]}}],"collection":[{"href":"https:\/\/www.blogsoestado.com\/danielmatos\/wp-json\/wp\/v2\/posts"}],"about":[{"href":"https:\/\/www.blogsoestado.com\/danielmatos\/wp-json\/wp\/v2\/types\/post"}],"replies":[{"embeddable":true,"href":"https:\/\/www.blogsoestado.com\/danielmatos\/wp-json\/wp\/v2\/comments?post=95274"}],"version-history":[{"count":0,"href":"https:\/\/www.blogsoestado.com\/danielmatos\/wp-json\/wp\/v2\/posts\/95274\/revisions"}],"wp:attachment":[{"href":"https:\/\/www.blogsoestado.com\/danielmatos\/wp-json\/wp\/v2\/media?parent=95274"}],"wp:term":[{"taxonomy":"category","embeddable":true,"href":"https:\/\/www.blogsoestado.com\/danielmatos\/wp-json\/wp\/v2\/categories?post=95274"},{"taxonomy":"post_tag","embeddable":true,"href":"https:\/\/www.blogsoestado.com\/danielmatos\/wp-json\/wp\/v2\/tags?post=95274"}],"curies":[{"name":"wp","href":"https:\/\/api.w.org\/{rel}","templated":true}]}}