{"id":95278,"date":"2022-03-19T16:51:36","date_gmt":"2022-03-19T19:51:36","guid":{"rendered":"https:\/\/www.blogsoestado.com\/danielmatos\/?p=95278"},"modified":"2022-03-19T16:51:36","modified_gmt":"2022-03-19T19:51:36","slug":"carta-aberta-ao-povo-de-bequimao","status":"publish","type":"post","link":"https:\/\/www.blogsoestado.com\/danielmatos\/carta-aberta-ao-povo-de-bequimao\/","title":{"rendered":"Carta aberta ao povo de Bequim\u00e3o"},"content":{"rendered":"\n<div class=\"wp-block-image\"><figure class=\"aligncenter size-large\"><a href=\"https:\/\/www.blogsoestado.com\/danielmatos\/files\/2022\/03\/Screenshot_20220319-1644342.png\"><img decoding=\"async\" src=\"https:\/\/www.blogsoestado.com\/danielmatos\/files\/2022\/03\/Screenshot_20220319-1644342.png\" alt=\"\" class=\"wp-image-95279\"\/><\/a><figcaption>O prefeito Jo\u00e3o Martins manteve o pagamento de sal\u00e1rio acima do piso nacional aos professores de Bequim\u00e3o<\/figcaption><\/figure><\/div>\n\n\n\n<p>Em Bequim\u00e3o o Sindicato dos Servidores do Munic\u00edpio &#8211; SISMUBEQ, com a interfer\u00eancia de pol\u00edticos em campanha eleitoral antecipada, est\u00e1 tentando a todo custo confundir a cabe\u00e7a de alguns profissionais da educa\u00e7\u00e3o e de parte da popula\u00e7\u00e3o, quanto ao valor do piso nacional e o reajuste concedido pelo Governo Federal. O que nenhum dos &#8220;representantes&#8221; da categoria, explicou aos professores \u00e9 que o reajuste de 33,24% s\u00f3 \u00e9 poss\u00edvel caso o munic\u00edpio n\u00e3o cumpra o piso nacional exigido por lei.<\/p>\n\n\n\n<p>A pauta de reivindica\u00e7\u00f5es dos servidores possu\u00eda in\u00famerospontos mas os principais abordados foram: O rateio dos recursos do FUNDEB e o aumento de 33,24% como forma de reajuste salarial da categoria. \u00c9 importante ressaltar queessa pauta contempla apenas os professores,excluindo totalmente todas as demais categorias, e que de todas as reinvindica\u00e7\u00f5es apresentadas, apenas nestas n\u00e3o se conseguiu um consenso.<\/p>\n\n\n\n<p>Em Bequim\u00e3o, professores da rede municipal de ensino recebem desde 2017, ainda na gest\u00e3o do ex-prefeito Z\u00e9 Martins, sal\u00e1rios acima do piso nacional, direito mantido e assegurado pela gest\u00e3o do Prefeito Jo\u00e3o Martins. Atualmente um professor com n\u00edvel m\u00e9dio e com carga hor\u00e1ria de 20h semanais em Bequim\u00e3o, recebe um sal\u00e1rio de R$ 2.020,37 (dois mil, vinte reais e trinta e sete centavos), acima do piso nacional que \u00e9 de R$1.922,67 (um mil, novecentos e vinte dois reais e sessenta e sete centavos. J\u00e1 o professor que possui duas matr\u00edculas, recebe atualmente R$ 4.040,74 (quatro mil, quarenta reais e setenta e quatro centavos) ou seja, os professores de Bequim\u00e3o j\u00e1 ganham 5,8% a mais que o piso nacional recentemente reajustado pelo presidente da Rep\u00fablica.<\/p>\n\n\n\n<div class=\"wp-block-image\"><figure class=\"aligncenter size-large\"><a href=\"https:\/\/www.blogsoestado.com\/danielmatos\/files\/2022\/03\/Screenshot_20220319-1641232.png\"><img decoding=\"async\" src=\"https:\/\/www.blogsoestado.com\/danielmatos\/files\/2022\/03\/Screenshot_20220319-1641232.png\" alt=\"\" class=\"wp-image-95280\"\/><\/a><\/figure><\/div>\n\n\n\n<p>Em 2022 a previs\u00e3o de receitas do Fundo de Manuten\u00e7\u00e3o e Desenvolvimento da Educa\u00e7\u00e3o B\u00e1sica (FUNDEB) para Bequim\u00e3o \u00e9 de R$ 20.423.842,16 (vinte milh\u00f5es, quatrocentos e vinte e tr\u00eas mil, oitocentos e quarenta e dois reais e dezesseis centavos). S\u00f3 os servidores efetivos da rede municipal de educa\u00e7\u00e3o (professores e operacionais) ir\u00e3o consumir R$ 17.021.013,99 (dezessete milh\u00f5es, vinte e um mil, treze reais e noventa e nove centavos), o que corresponde a 83,34% (oitenta e tr\u00eas, trinta e quatro por cento) do total da receita.<\/p>\n\n\n\n<p>A lei diz que o restante precisa ser investido no custeio da educa\u00e7\u00e3o, que inclui a reforma de escolas, manuten\u00e7\u00e3o da nossa frotade \u00f4nibus escolar, al\u00e9m do aluguel de transportes escolares para complementar a frota, combust\u00edveis, materiais de limpeza, expedientee etc. Caso fosse aplicado o reajuste de 33,24% comprometeria 101,81% do or\u00e7amento, por isso, seria injusto, muito embora reconhe\u00e7amos o direito \u00e0 valoriza\u00e7\u00e3o da carreira do magist\u00e9rio, gastar-se todo o recurso do FUNDEB e ainda ter que utilizar outros recursos como complementa\u00e7\u00e3o para atender o aumento de sal\u00e1rios de professores e deixarmos de lado os estudantes sem a m\u00ednima assist\u00eancia.<\/p>\n\n\n\n<p>Mesmo assim, persiste uma confus\u00e3o formada dentro do sindicato da categoria, que insiste no reajuste de 33,24%, mesmo sabendo que v\u00e1rios munic\u00edpios, incluindo Bequim\u00e3o, n\u00e3o teriam verba para honrar com esse compromisso. Isso sem levar em considera\u00e7\u00e3o outras quest\u00f5es sobre a verba do FUNDEB, como por exemplo, a forma encontrada pelos gestores para pagar o 13\u00ba sal\u00e1rio aos profissionais, j\u00e1 que o governo repassa apenas 12 parcelas.<\/p>\n\n\n\n<div class=\"wp-block-image\"><figure class=\"aligncenter size-large\"><a href=\"https:\/\/www.blogsoestado.com\/danielmatos\/files\/2022\/03\/Screenshot_20220319-1642192.png\"><img decoding=\"async\" src=\"https:\/\/www.blogsoestado.com\/danielmatos\/files\/2022\/03\/Screenshot_20220319-1642192.png\" alt=\"\" class=\"wp-image-95281\"\/><\/a><\/figure><\/div>\n\n\n\n<p>Al\u00e9m de receber hoje acima do piso nacional, o que j\u00e1 supera o reajuste de 33,24% pedido, a categoria insiste em um outro aumento de 40% acima do piso, utilizando de uma previs\u00e3o existente no plano de cargos carreiras e sal\u00e1rios de 2011, que foi inclu\u00eddo para que fosse atingido o piso \u00e0 \u00e9poca, mas que hoje n\u00e3o se aplica aos valores pagos e nem se adequa a realidade financeira atual do munic\u00edpio.<\/p>\n\n\n\n<p>Por fim, gostar\u00edamos de esclarecer que a gest\u00e3o municipal sempre agiu e sempre agir\u00e1 com transpar\u00eancia e que nunca nos recusamos ou bloqueamos os canais de comunica\u00e7\u00e3o com a categoria. Aproveitamos o ensejo para desde j\u00e1 convidar os seus representantes para encontrarmos juntos, uma solu\u00e7\u00e3o que seja justa para todos, alertando que uma paralisa\u00e7\u00e3o neste momento de reinicio das aulas s\u00f3 causaria perda de mais alunos e consequentemente a redu\u00e7\u00e3o de recursos para a educa\u00e7\u00e3o do munic\u00edpio.<\/p>\n","protected":false},"excerpt":{"rendered":"<p>Em Bequim\u00e3o o Sindicato dos Servidores do Munic\u00edpio &#8211; SISMUBEQ, com a interfer\u00eancia de pol\u00edticos em campanha eleitoral antecipada, est\u00e1 [&hellip;]<\/p>\n","protected":false},"author":0,"featured_media":0,"comment_status":"open","ping_status":"open","sticky":false,"template":"","format":"standard","meta":{"site-sidebar-layout":"default","site-content-layout":"","ast-site-content-layout":"default","site-content-style":"default","site-sidebar-style":"default","ast-global-header-display":"","ast-banner-title-visibility":"","ast-main-header-display":"","ast-hfb-above-header-display":"","ast-hfb-below-header-display":"","ast-hfb-mobile-header-display":"","site-post-title":"","ast-breadcrumbs-content":"","ast-featured-img":"","footer-sml-layout":"","ast-disable-related-posts":"","theme-transparent-header-meta":"","adv-header-id-meta":"","stick-header-meta":"","header-above-stick-meta":"","header-main-stick-meta":"","header-below-stick-meta":"","astra-migrate-meta-layouts":"default","ast-page-background-enabled":"default","ast-page-background-meta":{"desktop":{"background-color":"var(--ast-global-color-5)","background-image":"","background-repeat":"repeat","background-position":"center center","background-size":"auto","background-attachment":"scroll","background-type":"","background-media":"","overlay-type":"","overlay-color":"","overlay-opacity":"","overlay-gradient":""},"tablet":{"background-color":"","background-image":"","background-repeat":"repeat","background-position":"center center","background-size":"auto","background-attachment":"scroll","background-type":"","background-media":"","overlay-type":"","overlay-color":"","overlay-opacity":"","overlay-gradient":""},"mobile":{"background-color":"","background-image":"","background-repeat":"repeat","background-position":"center center","background-size":"auto","background-attachment":"scroll","background-type":"","background-media":"","overlay-type":"","overlay-color":"","overlay-opacity":"","overlay-gradient":""}},"ast-content-background-meta":{"desktop":{"background-color":"var(--ast-global-color-4)","background-image":"","background-repeat":"repeat","background-position":"center center","background-size":"auto","background-attachment":"scroll","background-type":"","background-media":"","overlay-type":"","overlay-color":"","overlay-opacity":"","overlay-gradient":""},"tablet":{"background-color":"var(--ast-global-color-4)","background-image":"","background-repeat":"repeat","background-position":"center center","background-size":"auto","background-attachment":"scroll","background-type":"","background-media":"","overlay-type":"","overlay-color":"","overlay-opacity":"","overlay-gradient":""},"mobile":{"background-color":"var(--ast-global-color-4)","background-image":"","background-repeat":"repeat","background-position":"center center","background-size":"auto","background-attachment":"scroll","background-type":"","background-media":"","overlay-type":"","overlay-color":"","overlay-opacity":"","overlay-gradient":""}},"footnotes":""},"categories":[1],"tags":[],"class_list":["post-95278","post","type-post","status-publish","format-standard","hentry","category-sem-categoria"],"yoast_head":"<!-- This site is optimized with the Yoast SEO plugin v26.6 - https:\/\/yoast.com\/wordpress\/plugins\/seo\/ -->\n<title>Carta aberta ao povo de Bequim\u00e3o - Daniel Matos<\/title>\n<meta name=\"robots\" content=\"index, follow, max-snippet:-1, max-image-preview:large, max-video-preview:-1\" \/>\n<link rel=\"canonical\" href=\"https:\/\/www.blogsoestado.com\/danielmatos\/carta-aberta-ao-povo-de-bequimao\/\" \/>\n<meta property=\"og:locale\" content=\"pt_BR\" \/>\n<meta property=\"og:type\" content=\"article\" \/>\n<meta property=\"og:title\" content=\"Carta aberta ao povo de Bequim\u00e3o - Daniel Matos\" \/>\n<meta property=\"og:description\" content=\"Em Bequim\u00e3o o Sindicato dos Servidores do Munic\u00edpio &#8211; SISMUBEQ, com a interfer\u00eancia de pol\u00edticos em campanha eleitoral antecipada, est\u00e1 [&hellip;]\" \/>\n<meta property=\"og:url\" content=\"https:\/\/www.blogsoestado.com\/danielmatos\/carta-aberta-ao-povo-de-bequimao\/\" \/>\n<meta property=\"og:site_name\" content=\"Daniel Matos\" \/>\n<meta property=\"article:published_time\" content=\"2022-03-19T19:51:36+00:00\" \/>\n<meta property=\"og:image\" content=\"https:\/\/www.blogsoestado.com\/danielmatos\/files\/2022\/03\/Screenshot_20220319-1644342.png\" \/>\n<meta name=\"twitter:card\" content=\"summary_large_image\" \/>\n<meta name=\"twitter:label1\" content=\"Est. tempo de leitura\" \/>\n\t<meta name=\"twitter:data1\" content=\"4 minutos\" \/>\n<script type=\"application\/ld+json\" class=\"yoast-schema-graph\">{\"@context\":\"https:\/\/schema.org\",\"@graph\":[{\"@type\":\"WebPage\",\"@id\":\"https:\/\/www.blogsoestado.com\/danielmatos\/carta-aberta-ao-povo-de-bequimao\/\",\"url\":\"https:\/\/www.blogsoestado.com\/danielmatos\/carta-aberta-ao-povo-de-bequimao\/\",\"name\":\"Carta aberta ao povo de Bequim\u00e3o - Daniel Matos\",\"isPartOf\":{\"@id\":\"https:\/\/www.blogsoestado.com\/danielmatos\/#website\"},\"primaryImageOfPage\":{\"@id\":\"https:\/\/www.blogsoestado.com\/danielmatos\/carta-aberta-ao-povo-de-bequimao\/#primaryimage\"},\"image\":{\"@id\":\"https:\/\/www.blogsoestado.com\/danielmatos\/carta-aberta-ao-povo-de-bequimao\/#primaryimage\"},\"thumbnailUrl\":\"https:\/\/www.blogsoestado.com\/danielmatos\/files\/2022\/03\/Screenshot_20220319-1644342.png\",\"datePublished\":\"2022-03-19T19:51:36+00:00\",\"author\":{\"@id\":\"\"},\"breadcrumb\":{\"@id\":\"https:\/\/www.blogsoestado.com\/danielmatos\/carta-aberta-ao-povo-de-bequimao\/#breadcrumb\"},\"inLanguage\":\"pt-BR\",\"potentialAction\":[{\"@type\":\"ReadAction\",\"target\":[\"https:\/\/www.blogsoestado.com\/danielmatos\/carta-aberta-ao-povo-de-bequimao\/\"]}]},{\"@type\":\"ImageObject\",\"inLanguage\":\"pt-BR\",\"@id\":\"https:\/\/www.blogsoestado.com\/danielmatos\/carta-aberta-ao-povo-de-bequimao\/#primaryimage\",\"url\":\"https:\/\/www.blogsoestado.com\/danielmatos\/files\/2022\/03\/Screenshot_20220319-1644342.png\",\"contentUrl\":\"https:\/\/www.blogsoestado.com\/danielmatos\/files\/2022\/03\/Screenshot_20220319-1644342.png\"},{\"@type\":\"BreadcrumbList\",\"@id\":\"https:\/\/www.blogsoestado.com\/danielmatos\/carta-aberta-ao-povo-de-bequimao\/#breadcrumb\",\"itemListElement\":[{\"@type\":\"ListItem\",\"position\":1,\"name\":\"In\u00edcio\",\"item\":\"https:\/\/www.blogsoestado.com\/danielmatos\/\"},{\"@type\":\"ListItem\",\"position\":2,\"name\":\"Carta aberta ao povo de Bequim\u00e3o\"}]},{\"@type\":\"WebSite\",\"@id\":\"https:\/\/www.blogsoestado.com\/danielmatos\/#website\",\"url\":\"https:\/\/www.blogsoestado.com\/danielmatos\/\",\"name\":\"Daniel Matos\",\"description\":\"\",\"potentialAction\":[{\"@type\":\"SearchAction\",\"target\":{\"@type\":\"EntryPoint\",\"urlTemplate\":\"https:\/\/www.blogsoestado.com\/danielmatos\/?s={search_term_string}\"},\"query-input\":{\"@type\":\"PropertyValueSpecification\",\"valueRequired\":true,\"valueName\":\"search_term_string\"}}],\"inLanguage\":\"pt-BR\"}]}<\/script>\n<!-- \/ Yoast SEO plugin. -->","yoast_head_json":{"title":"Carta aberta ao povo de Bequim\u00e3o - Daniel Matos","robots":{"index":"index","follow":"follow","max-snippet":"max-snippet:-1","max-image-preview":"max-image-preview:large","max-video-preview":"max-video-preview:-1"},"canonical":"https:\/\/www.blogsoestado.com\/danielmatos\/carta-aberta-ao-povo-de-bequimao\/","og_locale":"pt_BR","og_type":"article","og_title":"Carta aberta ao povo de Bequim\u00e3o - Daniel Matos","og_description":"Em Bequim\u00e3o o Sindicato dos Servidores do Munic\u00edpio &#8211; SISMUBEQ, com a interfer\u00eancia de pol\u00edticos em campanha eleitoral antecipada, est\u00e1 [&hellip;]","og_url":"https:\/\/www.blogsoestado.com\/danielmatos\/carta-aberta-ao-povo-de-bequimao\/","og_site_name":"Daniel Matos","article_published_time":"2022-03-19T19:51:36+00:00","og_image":[{"url":"https:\/\/www.blogsoestado.com\/danielmatos\/files\/2022\/03\/Screenshot_20220319-1644342.png","type":"","width":"","height":""}],"twitter_card":"summary_large_image","twitter_misc":{"Est. tempo de leitura":"4 minutos"},"schema":{"@context":"https:\/\/schema.org","@graph":[{"@type":"WebPage","@id":"https:\/\/www.blogsoestado.com\/danielmatos\/carta-aberta-ao-povo-de-bequimao\/","url":"https:\/\/www.blogsoestado.com\/danielmatos\/carta-aberta-ao-povo-de-bequimao\/","name":"Carta aberta ao povo de Bequim\u00e3o - Daniel Matos","isPartOf":{"@id":"https:\/\/www.blogsoestado.com\/danielmatos\/#website"},"primaryImageOfPage":{"@id":"https:\/\/www.blogsoestado.com\/danielmatos\/carta-aberta-ao-povo-de-bequimao\/#primaryimage"},"image":{"@id":"https:\/\/www.blogsoestado.com\/danielmatos\/carta-aberta-ao-povo-de-bequimao\/#primaryimage"},"thumbnailUrl":"https:\/\/www.blogsoestado.com\/danielmatos\/files\/2022\/03\/Screenshot_20220319-1644342.png","datePublished":"2022-03-19T19:51:36+00:00","author":{"@id":""},"breadcrumb":{"@id":"https:\/\/www.blogsoestado.com\/danielmatos\/carta-aberta-ao-povo-de-bequimao\/#breadcrumb"},"inLanguage":"pt-BR","potentialAction":[{"@type":"ReadAction","target":["https:\/\/www.blogsoestado.com\/danielmatos\/carta-aberta-ao-povo-de-bequimao\/"]}]},{"@type":"ImageObject","inLanguage":"pt-BR","@id":"https:\/\/www.blogsoestado.com\/danielmatos\/carta-aberta-ao-povo-de-bequimao\/#primaryimage","url":"https:\/\/www.blogsoestado.com\/danielmatos\/files\/2022\/03\/Screenshot_20220319-1644342.png","contentUrl":"https:\/\/www.blogsoestado.com\/danielmatos\/files\/2022\/03\/Screenshot_20220319-1644342.png"},{"@type":"BreadcrumbList","@id":"https:\/\/www.blogsoestado.com\/danielmatos\/carta-aberta-ao-povo-de-bequimao\/#breadcrumb","itemListElement":[{"@type":"ListItem","position":1,"name":"In\u00edcio","item":"https:\/\/www.blogsoestado.com\/danielmatos\/"},{"@type":"ListItem","position":2,"name":"Carta aberta ao povo de Bequim\u00e3o"}]},{"@type":"WebSite","@id":"https:\/\/www.blogsoestado.com\/danielmatos\/#website","url":"https:\/\/www.blogsoestado.com\/danielmatos\/","name":"Daniel Matos","description":"","potentialAction":[{"@type":"SearchAction","target":{"@type":"EntryPoint","urlTemplate":"https:\/\/www.blogsoestado.com\/danielmatos\/?s={search_term_string}"},"query-input":{"@type":"PropertyValueSpecification","valueRequired":true,"valueName":"search_term_string"}}],"inLanguage":"pt-BR"}]}},"jetpack_featured_media_url":"","_links":{"self":[{"href":"https:\/\/www.blogsoestado.com\/danielmatos\/wp-json\/wp\/v2\/posts\/95278","targetHints":{"allow":["GET"]}}],"collection":[{"href":"https:\/\/www.blogsoestado.com\/danielmatos\/wp-json\/wp\/v2\/posts"}],"about":[{"href":"https:\/\/www.blogsoestado.com\/danielmatos\/wp-json\/wp\/v2\/types\/post"}],"replies":[{"embeddable":true,"href":"https:\/\/www.blogsoestado.com\/danielmatos\/wp-json\/wp\/v2\/comments?post=95278"}],"version-history":[{"count":0,"href":"https:\/\/www.blogsoestado.com\/danielmatos\/wp-json\/wp\/v2\/posts\/95278\/revisions"}],"wp:attachment":[{"href":"https:\/\/www.blogsoestado.com\/danielmatos\/wp-json\/wp\/v2\/media?parent=95278"}],"wp:term":[{"taxonomy":"category","embeddable":true,"href":"https:\/\/www.blogsoestado.com\/danielmatos\/wp-json\/wp\/v2\/categories?post=95278"},{"taxonomy":"post_tag","embeddable":true,"href":"https:\/\/www.blogsoestado.com\/danielmatos\/wp-json\/wp\/v2\/tags?post=95278"}],"curies":[{"name":"wp","href":"https:\/\/api.w.org\/{rel}","templated":true}]}}