{"id":95286,"date":"2022-03-19T19:39:35","date_gmt":"2022-03-19T22:39:35","guid":{"rendered":"https:\/\/www.blogsoestado.com\/danielmatos\/?p=95286"},"modified":"2022-03-19T19:39:35","modified_gmt":"2022-03-19T22:39:35","slug":"othelino-prestigia-reinauguracao-da-camara-municipal-de-sao-francisco-do-maranhao-reformada-com-seu-apoio","status":"publish","type":"post","link":"https:\/\/www.blogsoestado.com\/danielmatos\/othelino-prestigia-reinauguracao-da-camara-municipal-de-sao-francisco-do-maranhao-reformada-com-seu-apoio\/","title":{"rendered":"Othelino prestigia reinaugura\u00e7\u00e3o da C\u00e2mara Municipal de S\u00e3o Francisco do Maranh\u00e3o, reformada com seu apoio"},"content":{"rendered":"\n<div class=\"wp-block-image\"><figure class=\"aligncenter size-large\"><a href=\"https:\/\/www.blogsoestado.com\/danielmatos\/files\/2022\/03\/Screenshot_20220319-1926532.png\"><img decoding=\"async\" src=\"https:\/\/www.blogsoestado.com\/danielmatos\/files\/2022\/03\/Screenshot_20220319-1926532.png\" alt=\"\" class=\"wp-image-95287\"\/><\/a><figcaption>Othelino Neto reiterou o compromisso com o desenvolvimento do munic\u00edpio e refor\u00e7ou a import\u00e2ncia da rela\u00e7\u00e3o harmoniosa entre os Legislativos estadual e municipal em benef\u00edcio da popula\u00e7\u00e3o.<\/figcaption><\/figure><\/div>\n\n\n\n<p>O presidente da Assembleia Legislativa do Maranh\u00e3o, deputado Othelino Neto (PCdoB), ao lado de sua esposa, a vice-prefeita de Pinheiro, Ana Paula Lobato, prestigiou a cerim\u00f4nia de reinaugura\u00e7\u00e3o da nova sede da C\u00e2mara Municipal de S\u00e3o Francisco do Maranh\u00e3o, na noite de sexta-feira (18). A reforma do pr\u00e9dio contou com apoio do parlamentar, que destinou emenda para os servi\u00e7os de melhoria no espa\u00e7o.<\/p>\n\n\n\n<p>A solenidade, comandada pelo presidente da C\u00e2mara de Vereadores, Francisco da Padaria, contou com a presen\u00e7a do prefeito do munic\u00edpio, Adelbarto Santos.<\/p>\n\n\n\n<p>No ato, Othelino Neto reiterou o compromisso com o desenvolvimento do munic\u00edpio e refor\u00e7ou a import\u00e2ncia da rela\u00e7\u00e3o harmoniosa entre os Legislativos estadual e municipal em benef\u00edcio da popula\u00e7\u00e3o.<\/p>\n\n\n\n<div class=\"wp-block-image\"><figure class=\"aligncenter size-large\"><a href=\"https:\/\/www.blogsoestado.com\/danielmatos\/files\/2022\/03\/Screenshot_20220319-1927282.png\"><img decoding=\"async\" src=\"https:\/\/www.blogsoestado.com\/danielmatos\/files\/2022\/03\/Screenshot_20220319-1927282.png\" alt=\"\" class=\"wp-image-95288\"\/><\/a><figcaption>Othelino Neto comp\u00f4s a mesa com as outras autoridades presentes \u00e0 solenidade<\/figcaption><\/figure><\/div>\n\n\n\n<p>&#8220;Fico imensamente feliz de ter contribu\u00eddo para a concretiza\u00e7\u00e3o dessa obra t\u00e3o importante para os vereadores e a popula\u00e7\u00e3o de S\u00e3o Francisco. Muito satisfeito tamb\u00e9m de ver que aqui os poderes Legislativo e Executivo caminham de forma harmoniosa pelo bem-estar do povo franciscoense&#8221;, disse Othelino.<\/p>\n\n\n\n<p>Na ocasi\u00e3o, o chefe do Parlamento Estadual, que tem forte atua\u00e7\u00e3o pol\u00edtica no munic\u00edpio, elencou algumas a\u00e7\u00f5es, obras e servi\u00e7os realizados na cidade com apoio de suas emendas, indica\u00e7\u00f5es ou solicita\u00e7\u00f5es, como a pavimenta\u00e7\u00e3o de ruas, or\u00e7ada no valor de $ 1,6 milh\u00e3o; a entrega de cestas b\u00e1sicas, equipagens esportivas, melhorias em escolas, suporte para a realiza\u00e7\u00e3o do Arraial da Vacina\u00e7\u00e3o, entre outros.<\/p>\n\n\n\n<div class=\"wp-block-image\"><figure class=\"aligncenter size-large\"><a href=\"https:\/\/www.blogsoestado.com\/danielmatos\/files\/2022\/03\/Screenshot_20220319-1928032.png\"><img decoding=\"async\" src=\"https:\/\/www.blogsoestado.com\/danielmatos\/files\/2022\/03\/Screenshot_20220319-1928032.png\" alt=\"\" class=\"wp-image-95289\"\/><\/a><figcaption>O presidente da Assembleia Legislativa elencou a\u00e7\u00f5es  realizadas na cidade com apoio de suas emendas, indica\u00e7\u00f5es ou solicita\u00e7\u00f5es, como a pavimenta\u00e7\u00e3o de ruas, or\u00e7ada em R$ 1,6 milh\u00e3o; a entrega de cestas b\u00e1sicas, equipagens esportivas, melhorias em escolas, suporte para realiza\u00e7\u00e3o do Arraial da Vacina\u00e7\u00e3o, entre outras<\/figcaption><\/figure><\/div>\n\n\n\n<p>&#8220;E vamos fortalecer ainda mais nossa parceria porque novos servi\u00e7os chegar\u00e3o a S\u00e3o Francisco do Maranh\u00e3o&#8221;, garantiu ele.<\/p>\n\n\n\n<p>Durante a solenidade de entrega das obras de reforma da C\u00e2mara Municipal, Othelino conheceu as novas instala\u00e7\u00f5es da Casa, agora com novos gabinetes, plen\u00e1rio, sala de reuni\u00e3o, recep\u00e7\u00e3o e setores administrativos. Tamb\u00e9m foi inaugurada no espa\u00e7o a Galeria dos Ex-Vereadores, visando resguardar a mem\u00f3ria e a hist\u00f3ria dos que fizeram parte daquela Casa Legislativa.<\/p>\n\n\n\n<p><em><strong>Parceria<\/strong><\/em><\/p>\n\n\n\n<div class=\"wp-block-image\"><figure class=\"aligncenter size-large\"><a href=\"https:\/\/www.blogsoestado.com\/danielmatos\/files\/2022\/03\/Screenshot_20220319-1928372.png\"><img decoding=\"async\" src=\"https:\/\/www.blogsoestado.com\/danielmatos\/files\/2022\/03\/Screenshot_20220319-1928372.png\" alt=\"\" class=\"wp-image-95290\"\/><\/a><figcaption>Othelino e as outras autoridades descerram placa de reinaugura\u00e7\u00e3o da C\u00e2mara Municipal de S\u00e3o Francisco do Maranh\u00e3o<\/figcaption><\/figure><\/div>\n\n\n\n<p>O prefeito de S\u00e3o Francisco do Maranh\u00e3o, Adelbarto Santos, destacou a parceria com Othelino, que, segundo ele, tem rendido muitos frutos. &#8220;O deputado tem sido a m\u00e3o amiga que sempre desejamos ter. Junto conosco, n\u00e3o tem medido esfor\u00e7os para trazer benef\u00edcios importantes ao nosso povo&#8221; disse.<\/p>\n\n\n\n<p>O presidente da C\u00e2mara Municipal, Francisco da Padaria, tamb\u00e9m refor\u00e7ou o empenho de Othelino em favor do munic\u00edpio. &#8220;A reforma da nossa sede \u00e9 um grande marco para a cidade e para todos n\u00f3s, vereadores. Estou muito feliz de poder conduzir esse momento como presidente desta Casa. Agrade\u00e7o ao deputado Othelino pelo grande apoio que nos deu para a realiza\u00e7\u00e3o dessa obra t\u00e3o almejada&#8221;, disse o vereador.<\/p>\n","protected":false},"excerpt":{"rendered":"<p>O presidente da Assembleia Legislativa do Maranh\u00e3o, deputado Othelino Neto (PCdoB), ao lado de sua esposa, a vice-prefeita de Pinheiro, [&hellip;]<\/p>\n","protected":false},"author":0,"featured_media":0,"comment_status":"open","ping_status":"open","sticky":false,"template":"","format":"standard","meta":{"site-sidebar-layout":"default","site-content-layout":"","ast-site-content-layout":"default","site-content-style":"default","site-sidebar-style":"default","ast-global-header-display":"","ast-banner-title-visibility":"","ast-main-header-display":"","ast-hfb-above-header-display":"","ast-hfb-below-header-display":"","ast-hfb-mobile-header-display":"","site-post-title":"","ast-breadcrumbs-content":"","ast-featured-img":"","footer-sml-layout":"","ast-disable-related-posts":"","theme-transparent-header-meta":"","adv-header-id-meta":"","stick-header-meta":"","header-above-stick-meta":"","header-main-stick-meta":"","header-below-stick-meta":"","astra-migrate-meta-layouts":"default","ast-page-background-enabled":"default","ast-page-background-meta":{"desktop":{"background-color":"var(--ast-global-color-5)","background-image":"","background-repeat":"repeat","background-position":"center center","background-size":"auto","background-attachment":"scroll","background-type":"","background-media":"","overlay-type":"","overlay-color":"","overlay-opacity":"","overlay-gradient":""},"tablet":{"background-color":"","background-image":"","background-repeat":"repeat","background-position":"center center","background-size":"auto","background-attachment":"scroll","background-type":"","background-media":"","overlay-type":"","overlay-color":"","overlay-opacity":"","overlay-gradient":""},"mobile":{"background-color":"","background-image":"","background-repeat":"repeat","background-position":"center center","background-size":"auto","background-attachment":"scroll","background-type":"","background-media":"","overlay-type":"","overlay-color":"","overlay-opacity":"","overlay-gradient":""}},"ast-content-background-meta":{"desktop":{"background-color":"var(--ast-global-color-4)","background-image":"","background-repeat":"repeat","background-position":"center center","background-size":"auto","background-attachment":"scroll","background-type":"","background-media":"","overlay-type":"","overlay-color":"","overlay-opacity":"","overlay-gradient":""},"tablet":{"background-color":"var(--ast-global-color-4)","background-image":"","background-repeat":"repeat","background-position":"center center","background-size":"auto","background-attachment":"scroll","background-type":"","background-media":"","overlay-type":"","overlay-color":"","overlay-opacity":"","overlay-gradient":""},"mobile":{"background-color":"var(--ast-global-color-4)","background-image":"","background-repeat":"repeat","background-position":"center center","background-size":"auto","background-attachment":"scroll","background-type":"","background-media":"","overlay-type":"","overlay-color":"","overlay-opacity":"","overlay-gradient":""}},"footnotes":""},"categories":[1],"tags":[],"class_list":["post-95286","post","type-post","status-publish","format-standard","hentry","category-sem-categoria"],"yoast_head":"<!-- This site is optimized with the Yoast SEO plugin v26.6 - https:\/\/yoast.com\/wordpress\/plugins\/seo\/ -->\n<title>Othelino prestigia reinaugura\u00e7\u00e3o da C\u00e2mara Municipal de S\u00e3o Francisco do Maranh\u00e3o, reformada com seu apoio - Daniel Matos<\/title>\n<meta name=\"robots\" content=\"index, follow, max-snippet:-1, max-image-preview:large, max-video-preview:-1\" \/>\n<link rel=\"canonical\" href=\"https:\/\/www.blogsoestado.com\/danielmatos\/othelino-prestigia-reinauguracao-da-camara-municipal-de-sao-francisco-do-maranhao-reformada-com-seu-apoio\/\" \/>\n<meta property=\"og:locale\" content=\"pt_BR\" \/>\n<meta property=\"og:type\" content=\"article\" \/>\n<meta property=\"og:title\" content=\"Othelino prestigia reinaugura\u00e7\u00e3o da C\u00e2mara Municipal de S\u00e3o Francisco do Maranh\u00e3o, reformada com seu apoio - Daniel Matos\" \/>\n<meta property=\"og:description\" content=\"O presidente da Assembleia Legislativa do Maranh\u00e3o, deputado Othelino Neto (PCdoB), ao lado de sua esposa, a vice-prefeita de Pinheiro, [&hellip;]\" \/>\n<meta property=\"og:url\" content=\"https:\/\/www.blogsoestado.com\/danielmatos\/othelino-prestigia-reinauguracao-da-camara-municipal-de-sao-francisco-do-maranhao-reformada-com-seu-apoio\/\" \/>\n<meta property=\"og:site_name\" content=\"Daniel Matos\" \/>\n<meta property=\"article:published_time\" content=\"2022-03-19T22:39:35+00:00\" \/>\n<meta property=\"og:image\" content=\"https:\/\/www.blogsoestado.com\/danielmatos\/files\/2022\/03\/Screenshot_20220319-1926532.png\" \/>\n<meta name=\"twitter:card\" content=\"summary_large_image\" \/>\n<meta name=\"twitter:label1\" content=\"Est. tempo de leitura\" \/>\n\t<meta name=\"twitter:data1\" content=\"4 minutos\" \/>\n<script type=\"application\/ld+json\" class=\"yoast-schema-graph\">{\"@context\":\"https:\/\/schema.org\",\"@graph\":[{\"@type\":\"WebPage\",\"@id\":\"https:\/\/www.blogsoestado.com\/danielmatos\/othelino-prestigia-reinauguracao-da-camara-municipal-de-sao-francisco-do-maranhao-reformada-com-seu-apoio\/\",\"url\":\"https:\/\/www.blogsoestado.com\/danielmatos\/othelino-prestigia-reinauguracao-da-camara-municipal-de-sao-francisco-do-maranhao-reformada-com-seu-apoio\/\",\"name\":\"Othelino prestigia reinaugura\u00e7\u00e3o da C\u00e2mara Municipal de S\u00e3o Francisco do Maranh\u00e3o, reformada com seu apoio - Daniel Matos\",\"isPartOf\":{\"@id\":\"https:\/\/www.blogsoestado.com\/danielmatos\/#website\"},\"primaryImageOfPage\":{\"@id\":\"https:\/\/www.blogsoestado.com\/danielmatos\/othelino-prestigia-reinauguracao-da-camara-municipal-de-sao-francisco-do-maranhao-reformada-com-seu-apoio\/#primaryimage\"},\"image\":{\"@id\":\"https:\/\/www.blogsoestado.com\/danielmatos\/othelino-prestigia-reinauguracao-da-camara-municipal-de-sao-francisco-do-maranhao-reformada-com-seu-apoio\/#primaryimage\"},\"thumbnailUrl\":\"https:\/\/www.blogsoestado.com\/danielmatos\/files\/2022\/03\/Screenshot_20220319-1926532.png\",\"datePublished\":\"2022-03-19T22:39:35+00:00\",\"author\":{\"@id\":\"\"},\"breadcrumb\":{\"@id\":\"https:\/\/www.blogsoestado.com\/danielmatos\/othelino-prestigia-reinauguracao-da-camara-municipal-de-sao-francisco-do-maranhao-reformada-com-seu-apoio\/#breadcrumb\"},\"inLanguage\":\"pt-BR\",\"potentialAction\":[{\"@type\":\"ReadAction\",\"target\":[\"https:\/\/www.blogsoestado.com\/danielmatos\/othelino-prestigia-reinauguracao-da-camara-municipal-de-sao-francisco-do-maranhao-reformada-com-seu-apoio\/\"]}]},{\"@type\":\"ImageObject\",\"inLanguage\":\"pt-BR\",\"@id\":\"https:\/\/www.blogsoestado.com\/danielmatos\/othelino-prestigia-reinauguracao-da-camara-municipal-de-sao-francisco-do-maranhao-reformada-com-seu-apoio\/#primaryimage\",\"url\":\"https:\/\/www.blogsoestado.com\/danielmatos\/files\/2022\/03\/Screenshot_20220319-1926532.png\",\"contentUrl\":\"https:\/\/www.blogsoestado.com\/danielmatos\/files\/2022\/03\/Screenshot_20220319-1926532.png\"},{\"@type\":\"BreadcrumbList\",\"@id\":\"https:\/\/www.blogsoestado.com\/danielmatos\/othelino-prestigia-reinauguracao-da-camara-municipal-de-sao-francisco-do-maranhao-reformada-com-seu-apoio\/#breadcrumb\",\"itemListElement\":[{\"@type\":\"ListItem\",\"position\":1,\"name\":\"In\u00edcio\",\"item\":\"https:\/\/www.blogsoestado.com\/danielmatos\/\"},{\"@type\":\"ListItem\",\"position\":2,\"name\":\"Othelino prestigia reinaugura\u00e7\u00e3o da C\u00e2mara Municipal de S\u00e3o Francisco do Maranh\u00e3o, reformada com seu apoio\"}]},{\"@type\":\"WebSite\",\"@id\":\"https:\/\/www.blogsoestado.com\/danielmatos\/#website\",\"url\":\"https:\/\/www.blogsoestado.com\/danielmatos\/\",\"name\":\"Daniel Matos\",\"description\":\"\",\"potentialAction\":[{\"@type\":\"SearchAction\",\"target\":{\"@type\":\"EntryPoint\",\"urlTemplate\":\"https:\/\/www.blogsoestado.com\/danielmatos\/?s={search_term_string}\"},\"query-input\":{\"@type\":\"PropertyValueSpecification\",\"valueRequired\":true,\"valueName\":\"search_term_string\"}}],\"inLanguage\":\"pt-BR\"}]}<\/script>\n<!-- \/ Yoast SEO plugin. -->","yoast_head_json":{"title":"Othelino prestigia reinaugura\u00e7\u00e3o da C\u00e2mara Municipal de S\u00e3o Francisco do Maranh\u00e3o, reformada com seu apoio - Daniel Matos","robots":{"index":"index","follow":"follow","max-snippet":"max-snippet:-1","max-image-preview":"max-image-preview:large","max-video-preview":"max-video-preview:-1"},"canonical":"https:\/\/www.blogsoestado.com\/danielmatos\/othelino-prestigia-reinauguracao-da-camara-municipal-de-sao-francisco-do-maranhao-reformada-com-seu-apoio\/","og_locale":"pt_BR","og_type":"article","og_title":"Othelino prestigia reinaugura\u00e7\u00e3o da C\u00e2mara Municipal de S\u00e3o Francisco do Maranh\u00e3o, reformada com seu apoio - Daniel Matos","og_description":"O presidente da Assembleia Legislativa do Maranh\u00e3o, deputado Othelino Neto (PCdoB), ao lado de sua esposa, a vice-prefeita de Pinheiro, [&hellip;]","og_url":"https:\/\/www.blogsoestado.com\/danielmatos\/othelino-prestigia-reinauguracao-da-camara-municipal-de-sao-francisco-do-maranhao-reformada-com-seu-apoio\/","og_site_name":"Daniel Matos","article_published_time":"2022-03-19T22:39:35+00:00","og_image":[{"url":"https:\/\/www.blogsoestado.com\/danielmatos\/files\/2022\/03\/Screenshot_20220319-1926532.png","type":"","width":"","height":""}],"twitter_card":"summary_large_image","twitter_misc":{"Est. tempo de leitura":"4 minutos"},"schema":{"@context":"https:\/\/schema.org","@graph":[{"@type":"WebPage","@id":"https:\/\/www.blogsoestado.com\/danielmatos\/othelino-prestigia-reinauguracao-da-camara-municipal-de-sao-francisco-do-maranhao-reformada-com-seu-apoio\/","url":"https:\/\/www.blogsoestado.com\/danielmatos\/othelino-prestigia-reinauguracao-da-camara-municipal-de-sao-francisco-do-maranhao-reformada-com-seu-apoio\/","name":"Othelino prestigia reinaugura\u00e7\u00e3o da C\u00e2mara Municipal de S\u00e3o Francisco do Maranh\u00e3o, reformada com seu apoio - Daniel Matos","isPartOf":{"@id":"https:\/\/www.blogsoestado.com\/danielmatos\/#website"},"primaryImageOfPage":{"@id":"https:\/\/www.blogsoestado.com\/danielmatos\/othelino-prestigia-reinauguracao-da-camara-municipal-de-sao-francisco-do-maranhao-reformada-com-seu-apoio\/#primaryimage"},"image":{"@id":"https:\/\/www.blogsoestado.com\/danielmatos\/othelino-prestigia-reinauguracao-da-camara-municipal-de-sao-francisco-do-maranhao-reformada-com-seu-apoio\/#primaryimage"},"thumbnailUrl":"https:\/\/www.blogsoestado.com\/danielmatos\/files\/2022\/03\/Screenshot_20220319-1926532.png","datePublished":"2022-03-19T22:39:35+00:00","author":{"@id":""},"breadcrumb":{"@id":"https:\/\/www.blogsoestado.com\/danielmatos\/othelino-prestigia-reinauguracao-da-camara-municipal-de-sao-francisco-do-maranhao-reformada-com-seu-apoio\/#breadcrumb"},"inLanguage":"pt-BR","potentialAction":[{"@type":"ReadAction","target":["https:\/\/www.blogsoestado.com\/danielmatos\/othelino-prestigia-reinauguracao-da-camara-municipal-de-sao-francisco-do-maranhao-reformada-com-seu-apoio\/"]}]},{"@type":"ImageObject","inLanguage":"pt-BR","@id":"https:\/\/www.blogsoestado.com\/danielmatos\/othelino-prestigia-reinauguracao-da-camara-municipal-de-sao-francisco-do-maranhao-reformada-com-seu-apoio\/#primaryimage","url":"https:\/\/www.blogsoestado.com\/danielmatos\/files\/2022\/03\/Screenshot_20220319-1926532.png","contentUrl":"https:\/\/www.blogsoestado.com\/danielmatos\/files\/2022\/03\/Screenshot_20220319-1926532.png"},{"@type":"BreadcrumbList","@id":"https:\/\/www.blogsoestado.com\/danielmatos\/othelino-prestigia-reinauguracao-da-camara-municipal-de-sao-francisco-do-maranhao-reformada-com-seu-apoio\/#breadcrumb","itemListElement":[{"@type":"ListItem","position":1,"name":"In\u00edcio","item":"https:\/\/www.blogsoestado.com\/danielmatos\/"},{"@type":"ListItem","position":2,"name":"Othelino prestigia reinaugura\u00e7\u00e3o da C\u00e2mara Municipal de S\u00e3o Francisco do Maranh\u00e3o, reformada com seu apoio"}]},{"@type":"WebSite","@id":"https:\/\/www.blogsoestado.com\/danielmatos\/#website","url":"https:\/\/www.blogsoestado.com\/danielmatos\/","name":"Daniel Matos","description":"","potentialAction":[{"@type":"SearchAction","target":{"@type":"EntryPoint","urlTemplate":"https:\/\/www.blogsoestado.com\/danielmatos\/?s={search_term_string}"},"query-input":{"@type":"PropertyValueSpecification","valueRequired":true,"valueName":"search_term_string"}}],"inLanguage":"pt-BR"}]}},"jetpack_featured_media_url":"","_links":{"self":[{"href":"https:\/\/www.blogsoestado.com\/danielmatos\/wp-json\/wp\/v2\/posts\/95286","targetHints":{"allow":["GET"]}}],"collection":[{"href":"https:\/\/www.blogsoestado.com\/danielmatos\/wp-json\/wp\/v2\/posts"}],"about":[{"href":"https:\/\/www.blogsoestado.com\/danielmatos\/wp-json\/wp\/v2\/types\/post"}],"replies":[{"embeddable":true,"href":"https:\/\/www.blogsoestado.com\/danielmatos\/wp-json\/wp\/v2\/comments?post=95286"}],"version-history":[{"count":0,"href":"https:\/\/www.blogsoestado.com\/danielmatos\/wp-json\/wp\/v2\/posts\/95286\/revisions"}],"wp:attachment":[{"href":"https:\/\/www.blogsoestado.com\/danielmatos\/wp-json\/wp\/v2\/media?parent=95286"}],"wp:term":[{"taxonomy":"category","embeddable":true,"href":"https:\/\/www.blogsoestado.com\/danielmatos\/wp-json\/wp\/v2\/categories?post=95286"},{"taxonomy":"post_tag","embeddable":true,"href":"https:\/\/www.blogsoestado.com\/danielmatos\/wp-json\/wp\/v2\/tags?post=95286"}],"curies":[{"name":"wp","href":"https:\/\/api.w.org\/{rel}","templated":true}]}}