{"id":95303,"date":"2022-03-20T20:12:40","date_gmt":"2022-03-20T23:12:40","guid":{"rendered":"https:\/\/www.blogsoestado.com\/danielmatos\/?p=95303"},"modified":"2022-03-20T20:12:40","modified_gmt":"2022-03-20T23:12:40","slug":"o-pt-ma-de-vice-governador-nas-eleicoes-2022","status":"publish","type":"post","link":"https:\/\/www.blogsoestado.com\/danielmatos\/o-pt-ma-de-vice-governador-nas-eleicoes-2022\/","title":{"rendered":"O PT-MA de vice-governador nas elei\u00e7\u00f5es 2022"},"content":{"rendered":"\n<div class=\"wp-block-image\"><figure class=\"aligncenter size-large\"><a href=\"https:\/\/www.blogsoestado.com\/danielmatos\/files\/2022\/03\/Screenshot_20220320-2011042.png\"><img decoding=\"async\" src=\"https:\/\/www.blogsoestado.com\/danielmatos\/files\/2022\/03\/Screenshot_20220320-2011042.png\" alt=\"\" class=\"wp-image-95305\"\/><\/a><\/figure><\/div>\n\n\n\n<p>A conjuntura pol\u00edtica muda e com ela mudam-se os posicionamentos, no pr\u00f3ximo dia 31 de mar\u00e7o o Maranh\u00e3o ter\u00e1 um novo governador, Carlos Brand\u00e3o.<\/p>\n\n\n\n<p>O PT-MA j\u00e1 definiu de forma extraoficial seu caminho para as elei\u00e7\u00f5es de 2022, h\u00e1 ponto de converg\u00eancia dentro desse debate entre as for\u00e7as que comp\u00f5e a dire\u00e7\u00e3o partid\u00e1ria isso \u00e9 um fato.<\/p>\n\n\n\n<p>O PT Maranhense neste atual cen\u00e1rio se tornar fundamental para elei\u00e7\u00e3o do Governador Fl\u00e1vio Dino que ir\u00e1 disputar o Senado pelo PSB e para o Vice-governador Carlos Brand\u00e3o que ir\u00e1 compor os quadros do PSB e que a parti de abril se torna Governador do Estado do Maranh\u00e3o.<\/p>\n\n\n\n<p>Nesse sentido cabe uma reflex\u00e3o sobre qual o papel que o PT Maranhense ir\u00e1 ter nestas elei\u00e7\u00f5es, sabemos que o Lulismo est\u00e1 mais forte do que nunca, e lidera a prefer\u00eancia eleitoral em todas as pesquisas de opini\u00e3o, de norte a sul do pa\u00eds e no Maranh\u00e3o n\u00e3o \u00e9 diferente.<\/p>\n\n\n\n<p>A lideran\u00e7a do Presidente Lula \u00e9 motivo central pela qual o PT do Maranh\u00e3o \u00e9 do ponto de vista t\u00e1tico o melhor partido para compor como aliado em uma eventual chapa majorit\u00e1ria, sendo disputado pelas principais for\u00e7as pol\u00edticas do Estado.<\/p>\n\n\n\n<p>Mas qual seria o melhor VICE-GOVERNADOR para o PT e sua milit\u00e2ncia? Essa \u00e9 uma pergunta importante para milit\u00e2ncia do Partido, na qual a escolha de um nome representar\u00e1 antes de tudo a possibilidade do PT construir um projeto pol\u00edtico para os pr\u00f3ximos anos.<\/p>\n\n\n\n<p>Nesse cen\u00e1rio cabe uma profunda reflex\u00e3o dos dirigentes e da milit\u00e2ncia do nosso partido, para que possamos, definirmos um caminho que coloque o PT, nos pr\u00f3ximos anos no centro da disputa da pol\u00edtica real, isso significa pensar n\u00e3o s\u00f3 em 2022,mas tamb\u00e9m em 24 e 26.<\/p>\n\n\n\n<p>De um lado temos um nome a VICE-GOVERNADOR ideal aos interesses da c\u00fapula Governamental e de outro temos um nome de VICE- GOVERNADOR que pode representar de fato e de direito o projeto do PT no Maranh\u00e3o, esse \u00e9 um debate muito n\u00edtido e que a milit\u00e2ncia precisa se empoderar de forma en\u00e9rgica dentro desse debate.<\/p>\n\n\n\n<p>Nossa rela\u00e7\u00e3o dentro da discuss\u00e3o de pol\u00edtica de alian\u00e7as n\u00e3o pode e nem deve ser de subordina\u00e7\u00e3o, pelo contr\u00e1rio devemos ter nossa rela\u00e7\u00e3o baseada tamb\u00e9m no respeito em detrimento dos interesses do nosso Partido.<\/p>\n\n\n\n<p>\u00d3bvio que dentro da constru\u00e7\u00e3o pol\u00edtica se faz acenos e gestos, \u00e9 preciso entender que nesse projeto da qual o PT do Maranh\u00e3o pertence desde 2014,j\u00e1 houve muitos gestos e n\u00e3o devemos abrir m\u00e3o da nossa t\u00e1tica eleitoral.<\/p>\n\n\n\n<p>Sim! Haver\u00e1 quem ir\u00e1 ponderar nesse debate como, por exemplo, frases nesse sentido:<br>\u201cA t\u00e1tica da dire\u00e7\u00e3o nacional entende que n\u00e3o devemos participar da chapa de Brand\u00e3o como Vice, mas sim devemos disputar a 1\u00b0Supl\u00eancia de Senador de Fl\u00e1vio Dino&#8221;.<\/p>\n\n\n\n<p>Ou<\/p>\n\n\n\n<p>\u201cA dire\u00e7\u00e3o nacional quer o maior n\u00famero de Deputados no congresso \u00e9 nesse contexto que devemos gastar nossas energias&#8221;.<\/p>\n\n\n\n<p>E a pior de todas!<\/p>\n\n\n\n<p>\u201cFl\u00e1vio Dino \u00e9 quem vai dizer quem ser\u00e1 o VICE do PT e, portanto, construir\u00e1 um arranjo pol\u00edtico dentro do PT, possibilitando eleger dois Deputados Federais e a Dire\u00e7\u00e3o Nacional n\u00e3o ser\u00e1 contra as vontades de Fl\u00e1vio, pois Lula tem gratid\u00e3o ao Fl\u00e1vio Dino&#8221;.<\/p>\n\n\n\n<p>Por\u00e9m, entendo que na pol\u00edtica sobretudo dentro do PT o debate \u00e9 essencial para que possamos elucidar as d\u00favidas que permeia o debate pol\u00edtico, e entendo que o ENCONTRO DE T\u00c1TICA ELEITORAL DO PT \u00e9 o espa\u00e7o e f\u00f3rum competente para apontar os rumos do PT nessa conjuntura Eleitoral.<\/p>\n\n\n\n<p>Ainda sobre a discuss\u00e3o sobre o nome de VICE-GOVERNADOR do PT na chapa do PSB, refor\u00e7o que n\u00e3o \u00e9 nome do indicado a VICE que dar\u00e1 o desempenho eleitoral da Chapa PSB\/PT, mas sim o peso pol\u00edtico eleitoral da sigla do PT, associado a imagem e a for\u00e7a de Lula em nosso Estado.<br>Portanto, sou da tese que o PT Maranhense aponte um nome que tenha nossa identidade, nossas caracter\u00edsticas e que esteja ligado as nossas lutas hist\u00f3ricas, que tenha di\u00e1logo com todas as for\u00e7as do nosso Partido, que conhe\u00e7a a nossa base pol\u00edtica e que d\u00e1 fato conhe\u00e7a a milit\u00e2ncia do PT.<\/p>\n\n\n\n<p>Esses atributos, apontado at\u00e9 aqui vejo no companheiro Z\u00e9 In\u00e1cio \u00e9 fato, Deputado Estadual de dois mandatos, a maior vota\u00e7\u00e3o que o PT j\u00e1 teve para assembleia legislativa do PT,o \u00fanico Deputado do PT que se afastou para um suplente assumir mandato.<br>Z\u00e9 In\u00e1cio tem perfil de gestor, quando foi Superintendente do INCRA, foi recorde nacional ao criar o maior n\u00famero de assentamentos no Maranh\u00e3o, consegui beneficiar mais de 20 mil fam\u00edlias com assist\u00eancia t\u00e9cnica agr\u00edcola, n\u00e3o tem como dizer que o mesmo n\u00e3o tenha um perfil qualificado para assumir essa miss\u00e3o em nome do Partido dos Trabalhadores.<\/p>\n\n\n\n<p>Por fim n\u00e3o desqualifico nenhum outro nome do PT que colocou o seu nome a disposi\u00e7\u00e3o do Partido para disputar a VAGA DE VICE-GOVERNADOR na eventual chapa PSB\/PT, Mas considero que \u00e9 poss\u00edvel ter um VICE- GOVERNADOR com a identidade do PT sem abrir m\u00e3o da nossa chapa proporcional de Deputados Estaduais e Federais.<\/p>\n\n\n\n<p>Que venha o Encontro de t\u00e1tica eleitoral do PT!<\/p>\n\n\n\n<p><strong>Rafael Almeida<br>Membro do Direitorio Estadual do PT-MA<\/strong><\/p>\n\n\n\n<p><strong>Coordenador Estadual da tend\u00eancia Avante-MA<\/strong><\/p>\n\n\n\n<p><strong>Membro do Conselho Pol\u00edtico Executivo da Avante Nacional<\/strong><\/p>\n","protected":false},"excerpt":{"rendered":"<p>A conjuntura pol\u00edtica muda e com ela mudam-se os posicionamentos, no pr\u00f3ximo dia 31 de mar\u00e7o o Maranh\u00e3o ter\u00e1 um [&hellip;]<\/p>\n","protected":false},"author":0,"featured_media":0,"comment_status":"open","ping_status":"open","sticky":false,"template":"","format":"standard","meta":{"site-sidebar-layout":"default","site-content-layout":"","ast-site-content-layout":"default","site-content-style":"default","site-sidebar-style":"default","ast-global-header-display":"","ast-banner-title-visibility":"","ast-main-header-display":"","ast-hfb-above-header-display":"","ast-hfb-below-header-display":"","ast-hfb-mobile-header-display":"","site-post-title":"","ast-breadcrumbs-content":"","ast-featured-img":"","footer-sml-layout":"","ast-disable-related-posts":"","theme-transparent-header-meta":"","adv-header-id-meta":"","stick-header-meta":"","header-above-stick-meta":"","header-main-stick-meta":"","header-below-stick-meta":"","astra-migrate-meta-layouts":"default","ast-page-background-enabled":"default","ast-page-background-meta":{"desktop":{"background-color":"var(--ast-global-color-5)","background-image":"","background-repeat":"repeat","background-position":"center center","background-size":"auto","background-attachment":"scroll","background-type":"","background-media":"","overlay-type":"","overlay-color":"","overlay-opacity":"","overlay-gradient":""},"tablet":{"background-color":"","background-image":"","background-repeat":"repeat","background-position":"center center","background-size":"auto","background-attachment":"scroll","background-type":"","background-media":"","overlay-type":"","overlay-color":"","overlay-opacity":"","overlay-gradient":""},"mobile":{"background-color":"","background-image":"","background-repeat":"repeat","background-position":"center center","background-size":"auto","background-attachment":"scroll","background-type":"","background-media":"","overlay-type":"","overlay-color":"","overlay-opacity":"","overlay-gradient":""}},"ast-content-background-meta":{"desktop":{"background-color":"var(--ast-global-color-4)","background-image":"","background-repeat":"repeat","background-position":"center center","background-size":"auto","background-attachment":"scroll","background-type":"","background-media":"","overlay-type":"","overlay-color":"","overlay-opacity":"","overlay-gradient":""},"tablet":{"background-color":"var(--ast-global-color-4)","background-image":"","background-repeat":"repeat","background-position":"center center","background-size":"auto","background-attachment":"scroll","background-type":"","background-media":"","overlay-type":"","overlay-color":"","overlay-opacity":"","overlay-gradient":""},"mobile":{"background-color":"var(--ast-global-color-4)","background-image":"","background-repeat":"repeat","background-position":"center center","background-size":"auto","background-attachment":"scroll","background-type":"","background-media":"","overlay-type":"","overlay-color":"","overlay-opacity":"","overlay-gradient":""}},"footnotes":""},"categories":[1],"tags":[],"class_list":["post-95303","post","type-post","status-publish","format-standard","hentry","category-sem-categoria"],"yoast_head":"<!-- This site is optimized with the Yoast SEO plugin v26.6 - https:\/\/yoast.com\/wordpress\/plugins\/seo\/ -->\n<title>O PT-MA de vice-governador nas elei\u00e7\u00f5es 2022 - Daniel Matos<\/title>\n<meta name=\"robots\" content=\"index, follow, max-snippet:-1, max-image-preview:large, max-video-preview:-1\" \/>\n<link rel=\"canonical\" href=\"https:\/\/www.blogsoestado.com\/danielmatos\/o-pt-ma-de-vice-governador-nas-eleicoes-2022\/\" \/>\n<meta property=\"og:locale\" content=\"pt_BR\" \/>\n<meta property=\"og:type\" content=\"article\" \/>\n<meta property=\"og:title\" content=\"O PT-MA de vice-governador nas elei\u00e7\u00f5es 2022 - Daniel Matos\" \/>\n<meta property=\"og:description\" content=\"A conjuntura pol\u00edtica muda e com ela mudam-se os posicionamentos, no pr\u00f3ximo dia 31 de mar\u00e7o o Maranh\u00e3o ter\u00e1 um [&hellip;]\" \/>\n<meta property=\"og:url\" content=\"https:\/\/www.blogsoestado.com\/danielmatos\/o-pt-ma-de-vice-governador-nas-eleicoes-2022\/\" \/>\n<meta property=\"og:site_name\" content=\"Daniel Matos\" \/>\n<meta property=\"article:published_time\" content=\"2022-03-20T23:12:40+00:00\" \/>\n<meta property=\"og:image\" content=\"https:\/\/www.blogsoestado.com\/danielmatos\/files\/2022\/03\/Screenshot_20220320-2011042.png\" \/>\n<meta name=\"twitter:card\" content=\"summary_large_image\" \/>\n<meta name=\"twitter:label1\" content=\"Est. tempo de leitura\" \/>\n\t<meta name=\"twitter:data1\" content=\"4 minutos\" \/>\n<script type=\"application\/ld+json\" class=\"yoast-schema-graph\">{\"@context\":\"https:\/\/schema.org\",\"@graph\":[{\"@type\":\"WebPage\",\"@id\":\"https:\/\/www.blogsoestado.com\/danielmatos\/o-pt-ma-de-vice-governador-nas-eleicoes-2022\/\",\"url\":\"https:\/\/www.blogsoestado.com\/danielmatos\/o-pt-ma-de-vice-governador-nas-eleicoes-2022\/\",\"name\":\"O PT-MA de vice-governador nas elei\u00e7\u00f5es 2022 - Daniel Matos\",\"isPartOf\":{\"@id\":\"https:\/\/www.blogsoestado.com\/danielmatos\/#website\"},\"primaryImageOfPage\":{\"@id\":\"https:\/\/www.blogsoestado.com\/danielmatos\/o-pt-ma-de-vice-governador-nas-eleicoes-2022\/#primaryimage\"},\"image\":{\"@id\":\"https:\/\/www.blogsoestado.com\/danielmatos\/o-pt-ma-de-vice-governador-nas-eleicoes-2022\/#primaryimage\"},\"thumbnailUrl\":\"https:\/\/www.blogsoestado.com\/danielmatos\/files\/2022\/03\/Screenshot_20220320-2011042.png\",\"datePublished\":\"2022-03-20T23:12:40+00:00\",\"author\":{\"@id\":\"\"},\"breadcrumb\":{\"@id\":\"https:\/\/www.blogsoestado.com\/danielmatos\/o-pt-ma-de-vice-governador-nas-eleicoes-2022\/#breadcrumb\"},\"inLanguage\":\"pt-BR\",\"potentialAction\":[{\"@type\":\"ReadAction\",\"target\":[\"https:\/\/www.blogsoestado.com\/danielmatos\/o-pt-ma-de-vice-governador-nas-eleicoes-2022\/\"]}]},{\"@type\":\"ImageObject\",\"inLanguage\":\"pt-BR\",\"@id\":\"https:\/\/www.blogsoestado.com\/danielmatos\/o-pt-ma-de-vice-governador-nas-eleicoes-2022\/#primaryimage\",\"url\":\"https:\/\/www.blogsoestado.com\/danielmatos\/files\/2022\/03\/Screenshot_20220320-2011042.png\",\"contentUrl\":\"https:\/\/www.blogsoestado.com\/danielmatos\/files\/2022\/03\/Screenshot_20220320-2011042.png\"},{\"@type\":\"BreadcrumbList\",\"@id\":\"https:\/\/www.blogsoestado.com\/danielmatos\/o-pt-ma-de-vice-governador-nas-eleicoes-2022\/#breadcrumb\",\"itemListElement\":[{\"@type\":\"ListItem\",\"position\":1,\"name\":\"In\u00edcio\",\"item\":\"https:\/\/www.blogsoestado.com\/danielmatos\/\"},{\"@type\":\"ListItem\",\"position\":2,\"name\":\"O PT-MA de vice-governador nas elei\u00e7\u00f5es 2022\"}]},{\"@type\":\"WebSite\",\"@id\":\"https:\/\/www.blogsoestado.com\/danielmatos\/#website\",\"url\":\"https:\/\/www.blogsoestado.com\/danielmatos\/\",\"name\":\"Daniel Matos\",\"description\":\"\",\"potentialAction\":[{\"@type\":\"SearchAction\",\"target\":{\"@type\":\"EntryPoint\",\"urlTemplate\":\"https:\/\/www.blogsoestado.com\/danielmatos\/?s={search_term_string}\"},\"query-input\":{\"@type\":\"PropertyValueSpecification\",\"valueRequired\":true,\"valueName\":\"search_term_string\"}}],\"inLanguage\":\"pt-BR\"}]}<\/script>\n<!-- \/ Yoast SEO plugin. -->","yoast_head_json":{"title":"O PT-MA de vice-governador nas elei\u00e7\u00f5es 2022 - Daniel Matos","robots":{"index":"index","follow":"follow","max-snippet":"max-snippet:-1","max-image-preview":"max-image-preview:large","max-video-preview":"max-video-preview:-1"},"canonical":"https:\/\/www.blogsoestado.com\/danielmatos\/o-pt-ma-de-vice-governador-nas-eleicoes-2022\/","og_locale":"pt_BR","og_type":"article","og_title":"O PT-MA de vice-governador nas elei\u00e7\u00f5es 2022 - Daniel Matos","og_description":"A conjuntura pol\u00edtica muda e com ela mudam-se os posicionamentos, no pr\u00f3ximo dia 31 de mar\u00e7o o Maranh\u00e3o ter\u00e1 um [&hellip;]","og_url":"https:\/\/www.blogsoestado.com\/danielmatos\/o-pt-ma-de-vice-governador-nas-eleicoes-2022\/","og_site_name":"Daniel Matos","article_published_time":"2022-03-20T23:12:40+00:00","og_image":[{"url":"https:\/\/www.blogsoestado.com\/danielmatos\/files\/2022\/03\/Screenshot_20220320-2011042.png","type":"","width":"","height":""}],"twitter_card":"summary_large_image","twitter_misc":{"Est. tempo de leitura":"4 minutos"},"schema":{"@context":"https:\/\/schema.org","@graph":[{"@type":"WebPage","@id":"https:\/\/www.blogsoestado.com\/danielmatos\/o-pt-ma-de-vice-governador-nas-eleicoes-2022\/","url":"https:\/\/www.blogsoestado.com\/danielmatos\/o-pt-ma-de-vice-governador-nas-eleicoes-2022\/","name":"O PT-MA de vice-governador nas elei\u00e7\u00f5es 2022 - Daniel Matos","isPartOf":{"@id":"https:\/\/www.blogsoestado.com\/danielmatos\/#website"},"primaryImageOfPage":{"@id":"https:\/\/www.blogsoestado.com\/danielmatos\/o-pt-ma-de-vice-governador-nas-eleicoes-2022\/#primaryimage"},"image":{"@id":"https:\/\/www.blogsoestado.com\/danielmatos\/o-pt-ma-de-vice-governador-nas-eleicoes-2022\/#primaryimage"},"thumbnailUrl":"https:\/\/www.blogsoestado.com\/danielmatos\/files\/2022\/03\/Screenshot_20220320-2011042.png","datePublished":"2022-03-20T23:12:40+00:00","author":{"@id":""},"breadcrumb":{"@id":"https:\/\/www.blogsoestado.com\/danielmatos\/o-pt-ma-de-vice-governador-nas-eleicoes-2022\/#breadcrumb"},"inLanguage":"pt-BR","potentialAction":[{"@type":"ReadAction","target":["https:\/\/www.blogsoestado.com\/danielmatos\/o-pt-ma-de-vice-governador-nas-eleicoes-2022\/"]}]},{"@type":"ImageObject","inLanguage":"pt-BR","@id":"https:\/\/www.blogsoestado.com\/danielmatos\/o-pt-ma-de-vice-governador-nas-eleicoes-2022\/#primaryimage","url":"https:\/\/www.blogsoestado.com\/danielmatos\/files\/2022\/03\/Screenshot_20220320-2011042.png","contentUrl":"https:\/\/www.blogsoestado.com\/danielmatos\/files\/2022\/03\/Screenshot_20220320-2011042.png"},{"@type":"BreadcrumbList","@id":"https:\/\/www.blogsoestado.com\/danielmatos\/o-pt-ma-de-vice-governador-nas-eleicoes-2022\/#breadcrumb","itemListElement":[{"@type":"ListItem","position":1,"name":"In\u00edcio","item":"https:\/\/www.blogsoestado.com\/danielmatos\/"},{"@type":"ListItem","position":2,"name":"O PT-MA de vice-governador nas elei\u00e7\u00f5es 2022"}]},{"@type":"WebSite","@id":"https:\/\/www.blogsoestado.com\/danielmatos\/#website","url":"https:\/\/www.blogsoestado.com\/danielmatos\/","name":"Daniel Matos","description":"","potentialAction":[{"@type":"SearchAction","target":{"@type":"EntryPoint","urlTemplate":"https:\/\/www.blogsoestado.com\/danielmatos\/?s={search_term_string}"},"query-input":{"@type":"PropertyValueSpecification","valueRequired":true,"valueName":"search_term_string"}}],"inLanguage":"pt-BR"}]}},"jetpack_featured_media_url":"","_links":{"self":[{"href":"https:\/\/www.blogsoestado.com\/danielmatos\/wp-json\/wp\/v2\/posts\/95303","targetHints":{"allow":["GET"]}}],"collection":[{"href":"https:\/\/www.blogsoestado.com\/danielmatos\/wp-json\/wp\/v2\/posts"}],"about":[{"href":"https:\/\/www.blogsoestado.com\/danielmatos\/wp-json\/wp\/v2\/types\/post"}],"replies":[{"embeddable":true,"href":"https:\/\/www.blogsoestado.com\/danielmatos\/wp-json\/wp\/v2\/comments?post=95303"}],"version-history":[{"count":0,"href":"https:\/\/www.blogsoestado.com\/danielmatos\/wp-json\/wp\/v2\/posts\/95303\/revisions"}],"wp:attachment":[{"href":"https:\/\/www.blogsoestado.com\/danielmatos\/wp-json\/wp\/v2\/media?parent=95303"}],"wp:term":[{"taxonomy":"category","embeddable":true,"href":"https:\/\/www.blogsoestado.com\/danielmatos\/wp-json\/wp\/v2\/categories?post=95303"},{"taxonomy":"post_tag","embeddable":true,"href":"https:\/\/www.blogsoestado.com\/danielmatos\/wp-json\/wp\/v2\/tags?post=95303"}],"curies":[{"name":"wp","href":"https:\/\/api.w.org\/{rel}","templated":true}]}}