{"id":95310,"date":"2022-03-21T19:07:59","date_gmt":"2022-03-21T22:07:59","guid":{"rendered":"https:\/\/www.blogsoestado.com\/danielmatos\/?p=95310"},"modified":"2022-03-21T19:07:59","modified_gmt":"2022-03-21T22:07:59","slug":"alunos-do-curso-de-enfermagem-participam-de-evento-da-campanha-marco-lilas","status":"publish","type":"post","link":"https:\/\/www.blogsoestado.com\/danielmatos\/alunos-do-curso-de-enfermagem-participam-de-evento-da-campanha-marco-lilas\/","title":{"rendered":"Alunos do curso de Enfermagem participam de evento da Campanha Mar\u00e7o Lil\u00e1s"},"content":{"rendered":"\n<div class=\"wp-block-image\"><figure class=\"aligncenter size-large\"><a href=\"https:\/\/www.blogsoestado.com\/danielmatos\/files\/2022\/03\/Screenshot_20220321-1855012.png\"><img decoding=\"async\" src=\"https:\/\/www.blogsoestado.com\/danielmatos\/files\/2022\/03\/Screenshot_20220321-1855012.png\" alt=\"\" class=\"wp-image-95311\"\/><\/a><figcaption>A Universidade Ceuma colocou, mais uma vez, os seus acad\u00eamicos com a pr\u00e1tica profissional<\/figcaption><\/figure><\/div>\n\n\n\n<p>Acad\u00eamicos do curso de Enfermagem da Universidade Ceuma estiveram presentes, no \u00faltimo s\u00e1bado (19), na a\u00e7\u00e3o &#8220;Cuidar Mais Mulher&#8221;, evento promovido pelo Projeto Cuidar+, juntamente com a Secretaria Municipal de Sa\u00fade (SEMUS). A a\u00e7\u00e3o foi realizada no Parque do Bom Menino e faz parte da programa\u00e7\u00e3o do Mar\u00e7o Lil\u00e1s, campanha que t\u00eam como foco principal a conscientiza\u00e7\u00e3o das mulheres de 25 a 65 anos, sexualmente ativas ou n\u00e3o, para a preven\u00e7\u00e3o e combate do c\u00e2ncer de colo de \u00fatero.\u00a0<\/p>\n\n\n\n<p>Nossos alunos fizeram o acolhimento e forneceram as orienta\u00e7\u00f5es iniciais \u00e0s mulheres que buscaram o atendimento. A preceptora do curso de enfermagem, Karina de Kassia, refor\u00e7a que o exerc\u00edcio da profiss\u00e3o vai al\u00e9m do suporte ao tratamento. &#8220;\u00c9 preciso que o profissional seja capaz de identificar onde est\u00e3o os d\u00e9ficits na oferta da sa\u00fade p\u00fablica, avaliando as principais demandas da popula\u00e7\u00e3o&#8221;, ressaltou Karina.<\/p>\n\n\n\n<div class=\"wp-block-image\"><figure class=\"aligncenter size-large\"><a href=\"https:\/\/www.blogsoestado.com\/danielmatos\/files\/2022\/03\/Screenshot_20220321-1900432.png\"><img decoding=\"async\" src=\"https:\/\/www.blogsoestado.com\/danielmatos\/files\/2022\/03\/Screenshot_20220321-1900432.png\" alt=\"\" class=\"wp-image-95313\"\/><\/a><figcaption>Aferi\u00e7\u00e3o de press\u00e3o arterial foi um dos servi\u00e7os de sa\u00fade oferecidos ao p\u00fablico feminino<\/figcaption><\/figure><\/div>\n\n\n\n<p>Para a aluna Holymaria Belfort, acad\u00eamica do 10\u00b0 per\u00edodo, eventos como esse s\u00e3o uma oportunidade para conversar com as pessoas sobre cuidados necess\u00e1rios com a sa\u00fade. \u201cUma pessoa bem orientada pode ser um difusor de informa\u00e7\u00f5es, por isso, temos a responsabilidade de realizar um acolhimento e uma orienta\u00e7\u00e3o adequada, para que ela possa propagar esse conhecimento adquirido de forma correta\u201d, informou Holymaria.<\/p>\n\n\n\n<div class=\"wp-block-image\"><figure class=\"aligncenter size-large\"><a href=\"https:\/\/www.blogsoestado.com\/danielmatos\/files\/2022\/03\/Screenshot_20220321-1901112.png\"><img decoding=\"async\" src=\"https:\/\/www.blogsoestado.com\/danielmatos\/files\/2022\/03\/Screenshot_20220321-1901112.png\" alt=\"\" class=\"wp-image-95314\"\/><\/a><figcaption>Estudantes de Enfermagem da Universidade Ceuma deram importante colabora\u00e7\u00e3o \u00e0 a\u00e7\u00e3o &#8220;Cuidar Mais Mulher&#8221;<\/figcaption><\/figure><\/div>\n\n\n\n<p>Uma das primeiras a chegar ao Parque do Bom Menino, Maria da Concei\u00e7\u00e3o Marques soube do evento atrav\u00e9s de suas amigas e aproveitou a oportunidade para receber orienta\u00e7\u00e3o e encaminhamentos. \u201cS\u00e3o a\u00e7\u00f5es muito ben\u00e9ficas, pois atrav\u00e9s delas podemos ter acesso, com maior facilidade, a exames b\u00e1sicos e consulta com cl\u00ednico geral\u201d, disse Maria da Concei\u00e7\u00e3o.&nbsp;<\/p>\n\n\n\n<p>O Projeto Cuidar+ \u00e9 uma iniciativa idealizada pela Primeira-Dama de S\u00e3o Lu\u00eds, Graziela Braide, e tem como objetivo a realiza\u00e7\u00e3o de a\u00e7\u00f5es de \u00e2mbito social e educativo voltadas para a promo\u00e7\u00e3o do bem-estar e assist\u00eancia \u00e0 popula\u00e7\u00e3o em situa\u00e7\u00e3o de vulnerabilidade social. \u201c\u00c9 um projeto sem fins lucrativos, que tem como principal fun\u00e7\u00e3o ajudar, acolher e realizar a conscientiza\u00e7\u00e3o a respeito de v\u00e1rios problemas sociais. Realizamos doa\u00e7\u00f5es de itens de necessidades b\u00e1sicas e tamb\u00e9m a\u00e7\u00f5es como a de hoje\u201d, destacou Graziela Braide.<\/p>\n\n\n\n<div class=\"wp-block-image\"><figure class=\"aligncenter size-large\"><a href=\"https:\/\/www.blogsoestado.com\/danielmatos\/files\/2022\/03\/Screenshot_20220321-1855282.png\"><img decoding=\"async\" src=\"https:\/\/www.blogsoestado.com\/danielmatos\/files\/2022\/03\/Screenshot_20220321-1855282.png\" alt=\"\" class=\"wp-image-95312\"\/><\/a><figcaption>Alunas da Universidade Ceuma preparadas para auxiliar nos atendimentos durante a a\u00e7\u00e3o &#8220;Cuidar Mais Mulher&#8221;<\/figcaption><\/figure><\/div>\n\n\n\n<p><strong>Dados<\/strong><\/p>\n\n\n\n<p>Em 2020, foram diagnosticados em todo o Estado do Maranh\u00e3o 810 casos de c\u00e2ncer de colo de \u00fatero, segundo dados da Secretaria de Estado da Sa\u00fade (SES).&nbsp;<\/p>\n","protected":false},"excerpt":{"rendered":"<p>Acad\u00eamicos do curso de Enfermagem da Universidade Ceuma estiveram presentes, no \u00faltimo s\u00e1bado (19), na a\u00e7\u00e3o &#8220;Cuidar Mais Mulher&#8221;, evento [&hellip;]<\/p>\n","protected":false},"author":0,"featured_media":0,"comment_status":"open","ping_status":"open","sticky":false,"template":"","format":"standard","meta":{"site-sidebar-layout":"default","site-content-layout":"","ast-site-content-layout":"default","site-content-style":"default","site-sidebar-style":"default","ast-global-header-display":"","ast-banner-title-visibility":"","ast-main-header-display":"","ast-hfb-above-header-display":"","ast-hfb-below-header-display":"","ast-hfb-mobile-header-display":"","site-post-title":"","ast-breadcrumbs-content":"","ast-featured-img":"","footer-sml-layout":"","ast-disable-related-posts":"","theme-transparent-header-meta":"","adv-header-id-meta":"","stick-header-meta":"","header-above-stick-meta":"","header-main-stick-meta":"","header-below-stick-meta":"","astra-migrate-meta-layouts":"default","ast-page-background-enabled":"default","ast-page-background-meta":{"desktop":{"background-color":"var(--ast-global-color-5)","background-image":"","background-repeat":"repeat","background-position":"center center","background-size":"auto","background-attachment":"scroll","background-type":"","background-media":"","overlay-type":"","overlay-color":"","overlay-opacity":"","overlay-gradient":""},"tablet":{"background-color":"","background-image":"","background-repeat":"repeat","background-position":"center center","background-size":"auto","background-attachment":"scroll","background-type":"","background-media":"","overlay-type":"","overlay-color":"","overlay-opacity":"","overlay-gradient":""},"mobile":{"background-color":"","background-image":"","background-repeat":"repeat","background-position":"center center","background-size":"auto","background-attachment":"scroll","background-type":"","background-media":"","overlay-type":"","overlay-color":"","overlay-opacity":"","overlay-gradient":""}},"ast-content-background-meta":{"desktop":{"background-color":"var(--ast-global-color-4)","background-image":"","background-repeat":"repeat","background-position":"center center","background-size":"auto","background-attachment":"scroll","background-type":"","background-media":"","overlay-type":"","overlay-color":"","overlay-opacity":"","overlay-gradient":""},"tablet":{"background-color":"var(--ast-global-color-4)","background-image":"","background-repeat":"repeat","background-position":"center center","background-size":"auto","background-attachment":"scroll","background-type":"","background-media":"","overlay-type":"","overlay-color":"","overlay-opacity":"","overlay-gradient":""},"mobile":{"background-color":"var(--ast-global-color-4)","background-image":"","background-repeat":"repeat","background-position":"center center","background-size":"auto","background-attachment":"scroll","background-type":"","background-media":"","overlay-type":"","overlay-color":"","overlay-opacity":"","overlay-gradient":""}},"footnotes":""},"categories":[1],"tags":[],"class_list":["post-95310","post","type-post","status-publish","format-standard","hentry","category-sem-categoria"],"yoast_head":"<!-- This site is optimized with the Yoast SEO plugin v26.6 - https:\/\/yoast.com\/wordpress\/plugins\/seo\/ -->\n<title>Alunos do curso de Enfermagem participam de evento da Campanha Mar\u00e7o Lil\u00e1s - Daniel Matos<\/title>\n<meta name=\"robots\" content=\"index, follow, max-snippet:-1, max-image-preview:large, max-video-preview:-1\" \/>\n<link rel=\"canonical\" href=\"https:\/\/www.blogsoestado.com\/danielmatos\/alunos-do-curso-de-enfermagem-participam-de-evento-da-campanha-marco-lilas\/\" \/>\n<meta property=\"og:locale\" content=\"pt_BR\" \/>\n<meta property=\"og:type\" content=\"article\" \/>\n<meta property=\"og:title\" content=\"Alunos do curso de Enfermagem participam de evento da Campanha Mar\u00e7o Lil\u00e1s - Daniel Matos\" \/>\n<meta property=\"og:description\" content=\"Acad\u00eamicos do curso de Enfermagem da Universidade Ceuma estiveram presentes, no \u00faltimo s\u00e1bado (19), na a\u00e7\u00e3o &#8220;Cuidar Mais Mulher&#8221;, evento [&hellip;]\" \/>\n<meta property=\"og:url\" content=\"https:\/\/www.blogsoestado.com\/danielmatos\/alunos-do-curso-de-enfermagem-participam-de-evento-da-campanha-marco-lilas\/\" \/>\n<meta property=\"og:site_name\" content=\"Daniel Matos\" \/>\n<meta property=\"article:published_time\" content=\"2022-03-21T22:07:59+00:00\" \/>\n<meta property=\"og:image\" content=\"https:\/\/www.blogsoestado.com\/danielmatos\/files\/2022\/03\/Screenshot_20220321-1855012.png\" \/>\n<meta name=\"twitter:card\" content=\"summary_large_image\" \/>\n<meta name=\"twitter:label1\" content=\"Est. tempo de leitura\" \/>\n\t<meta name=\"twitter:data1\" content=\"3 minutos\" \/>\n<script type=\"application\/ld+json\" class=\"yoast-schema-graph\">{\"@context\":\"https:\/\/schema.org\",\"@graph\":[{\"@type\":\"WebPage\",\"@id\":\"https:\/\/www.blogsoestado.com\/danielmatos\/alunos-do-curso-de-enfermagem-participam-de-evento-da-campanha-marco-lilas\/\",\"url\":\"https:\/\/www.blogsoestado.com\/danielmatos\/alunos-do-curso-de-enfermagem-participam-de-evento-da-campanha-marco-lilas\/\",\"name\":\"Alunos do curso de Enfermagem participam de evento da Campanha Mar\u00e7o Lil\u00e1s - Daniel Matos\",\"isPartOf\":{\"@id\":\"https:\/\/www.blogsoestado.com\/danielmatos\/#website\"},\"primaryImageOfPage\":{\"@id\":\"https:\/\/www.blogsoestado.com\/danielmatos\/alunos-do-curso-de-enfermagem-participam-de-evento-da-campanha-marco-lilas\/#primaryimage\"},\"image\":{\"@id\":\"https:\/\/www.blogsoestado.com\/danielmatos\/alunos-do-curso-de-enfermagem-participam-de-evento-da-campanha-marco-lilas\/#primaryimage\"},\"thumbnailUrl\":\"https:\/\/www.blogsoestado.com\/danielmatos\/files\/2022\/03\/Screenshot_20220321-1855012.png\",\"datePublished\":\"2022-03-21T22:07:59+00:00\",\"author\":{\"@id\":\"\"},\"breadcrumb\":{\"@id\":\"https:\/\/www.blogsoestado.com\/danielmatos\/alunos-do-curso-de-enfermagem-participam-de-evento-da-campanha-marco-lilas\/#breadcrumb\"},\"inLanguage\":\"pt-BR\",\"potentialAction\":[{\"@type\":\"ReadAction\",\"target\":[\"https:\/\/www.blogsoestado.com\/danielmatos\/alunos-do-curso-de-enfermagem-participam-de-evento-da-campanha-marco-lilas\/\"]}]},{\"@type\":\"ImageObject\",\"inLanguage\":\"pt-BR\",\"@id\":\"https:\/\/www.blogsoestado.com\/danielmatos\/alunos-do-curso-de-enfermagem-participam-de-evento-da-campanha-marco-lilas\/#primaryimage\",\"url\":\"https:\/\/www.blogsoestado.com\/danielmatos\/files\/2022\/03\/Screenshot_20220321-1855012.png\",\"contentUrl\":\"https:\/\/www.blogsoestado.com\/danielmatos\/files\/2022\/03\/Screenshot_20220321-1855012.png\"},{\"@type\":\"BreadcrumbList\",\"@id\":\"https:\/\/www.blogsoestado.com\/danielmatos\/alunos-do-curso-de-enfermagem-participam-de-evento-da-campanha-marco-lilas\/#breadcrumb\",\"itemListElement\":[{\"@type\":\"ListItem\",\"position\":1,\"name\":\"In\u00edcio\",\"item\":\"https:\/\/www.blogsoestado.com\/danielmatos\/\"},{\"@type\":\"ListItem\",\"position\":2,\"name\":\"Alunos do curso de Enfermagem participam de evento da Campanha Mar\u00e7o Lil\u00e1s\"}]},{\"@type\":\"WebSite\",\"@id\":\"https:\/\/www.blogsoestado.com\/danielmatos\/#website\",\"url\":\"https:\/\/www.blogsoestado.com\/danielmatos\/\",\"name\":\"Daniel Matos\",\"description\":\"\",\"potentialAction\":[{\"@type\":\"SearchAction\",\"target\":{\"@type\":\"EntryPoint\",\"urlTemplate\":\"https:\/\/www.blogsoestado.com\/danielmatos\/?s={search_term_string}\"},\"query-input\":{\"@type\":\"PropertyValueSpecification\",\"valueRequired\":true,\"valueName\":\"search_term_string\"}}],\"inLanguage\":\"pt-BR\"}]}<\/script>\n<!-- \/ Yoast SEO plugin. -->","yoast_head_json":{"title":"Alunos do curso de Enfermagem participam de evento da Campanha Mar\u00e7o Lil\u00e1s - Daniel Matos","robots":{"index":"index","follow":"follow","max-snippet":"max-snippet:-1","max-image-preview":"max-image-preview:large","max-video-preview":"max-video-preview:-1"},"canonical":"https:\/\/www.blogsoestado.com\/danielmatos\/alunos-do-curso-de-enfermagem-participam-de-evento-da-campanha-marco-lilas\/","og_locale":"pt_BR","og_type":"article","og_title":"Alunos do curso de Enfermagem participam de evento da Campanha Mar\u00e7o Lil\u00e1s - Daniel Matos","og_description":"Acad\u00eamicos do curso de Enfermagem da Universidade Ceuma estiveram presentes, no \u00faltimo s\u00e1bado (19), na a\u00e7\u00e3o &#8220;Cuidar Mais Mulher&#8221;, evento [&hellip;]","og_url":"https:\/\/www.blogsoestado.com\/danielmatos\/alunos-do-curso-de-enfermagem-participam-de-evento-da-campanha-marco-lilas\/","og_site_name":"Daniel Matos","article_published_time":"2022-03-21T22:07:59+00:00","og_image":[{"url":"https:\/\/www.blogsoestado.com\/danielmatos\/files\/2022\/03\/Screenshot_20220321-1855012.png","type":"","width":"","height":""}],"twitter_card":"summary_large_image","twitter_misc":{"Est. tempo de leitura":"3 minutos"},"schema":{"@context":"https:\/\/schema.org","@graph":[{"@type":"WebPage","@id":"https:\/\/www.blogsoestado.com\/danielmatos\/alunos-do-curso-de-enfermagem-participam-de-evento-da-campanha-marco-lilas\/","url":"https:\/\/www.blogsoestado.com\/danielmatos\/alunos-do-curso-de-enfermagem-participam-de-evento-da-campanha-marco-lilas\/","name":"Alunos do curso de Enfermagem participam de evento da Campanha Mar\u00e7o Lil\u00e1s - Daniel Matos","isPartOf":{"@id":"https:\/\/www.blogsoestado.com\/danielmatos\/#website"},"primaryImageOfPage":{"@id":"https:\/\/www.blogsoestado.com\/danielmatos\/alunos-do-curso-de-enfermagem-participam-de-evento-da-campanha-marco-lilas\/#primaryimage"},"image":{"@id":"https:\/\/www.blogsoestado.com\/danielmatos\/alunos-do-curso-de-enfermagem-participam-de-evento-da-campanha-marco-lilas\/#primaryimage"},"thumbnailUrl":"https:\/\/www.blogsoestado.com\/danielmatos\/files\/2022\/03\/Screenshot_20220321-1855012.png","datePublished":"2022-03-21T22:07:59+00:00","author":{"@id":""},"breadcrumb":{"@id":"https:\/\/www.blogsoestado.com\/danielmatos\/alunos-do-curso-de-enfermagem-participam-de-evento-da-campanha-marco-lilas\/#breadcrumb"},"inLanguage":"pt-BR","potentialAction":[{"@type":"ReadAction","target":["https:\/\/www.blogsoestado.com\/danielmatos\/alunos-do-curso-de-enfermagem-participam-de-evento-da-campanha-marco-lilas\/"]}]},{"@type":"ImageObject","inLanguage":"pt-BR","@id":"https:\/\/www.blogsoestado.com\/danielmatos\/alunos-do-curso-de-enfermagem-participam-de-evento-da-campanha-marco-lilas\/#primaryimage","url":"https:\/\/www.blogsoestado.com\/danielmatos\/files\/2022\/03\/Screenshot_20220321-1855012.png","contentUrl":"https:\/\/www.blogsoestado.com\/danielmatos\/files\/2022\/03\/Screenshot_20220321-1855012.png"},{"@type":"BreadcrumbList","@id":"https:\/\/www.blogsoestado.com\/danielmatos\/alunos-do-curso-de-enfermagem-participam-de-evento-da-campanha-marco-lilas\/#breadcrumb","itemListElement":[{"@type":"ListItem","position":1,"name":"In\u00edcio","item":"https:\/\/www.blogsoestado.com\/danielmatos\/"},{"@type":"ListItem","position":2,"name":"Alunos do curso de Enfermagem participam de evento da Campanha Mar\u00e7o Lil\u00e1s"}]},{"@type":"WebSite","@id":"https:\/\/www.blogsoestado.com\/danielmatos\/#website","url":"https:\/\/www.blogsoestado.com\/danielmatos\/","name":"Daniel Matos","description":"","potentialAction":[{"@type":"SearchAction","target":{"@type":"EntryPoint","urlTemplate":"https:\/\/www.blogsoestado.com\/danielmatos\/?s={search_term_string}"},"query-input":{"@type":"PropertyValueSpecification","valueRequired":true,"valueName":"search_term_string"}}],"inLanguage":"pt-BR"}]}},"jetpack_featured_media_url":"","_links":{"self":[{"href":"https:\/\/www.blogsoestado.com\/danielmatos\/wp-json\/wp\/v2\/posts\/95310","targetHints":{"allow":["GET"]}}],"collection":[{"href":"https:\/\/www.blogsoestado.com\/danielmatos\/wp-json\/wp\/v2\/posts"}],"about":[{"href":"https:\/\/www.blogsoestado.com\/danielmatos\/wp-json\/wp\/v2\/types\/post"}],"replies":[{"embeddable":true,"href":"https:\/\/www.blogsoestado.com\/danielmatos\/wp-json\/wp\/v2\/comments?post=95310"}],"version-history":[{"count":0,"href":"https:\/\/www.blogsoestado.com\/danielmatos\/wp-json\/wp\/v2\/posts\/95310\/revisions"}],"wp:attachment":[{"href":"https:\/\/www.blogsoestado.com\/danielmatos\/wp-json\/wp\/v2\/media?parent=95310"}],"wp:term":[{"taxonomy":"category","embeddable":true,"href":"https:\/\/www.blogsoestado.com\/danielmatos\/wp-json\/wp\/v2\/categories?post=95310"},{"taxonomy":"post_tag","embeddable":true,"href":"https:\/\/www.blogsoestado.com\/danielmatos\/wp-json\/wp\/v2\/tags?post=95310"}],"curies":[{"name":"wp","href":"https:\/\/api.w.org\/{rel}","templated":true}]}}