{"id":95316,"date":"2022-03-21T21:19:18","date_gmt":"2022-03-22T00:19:18","guid":{"rendered":"https:\/\/www.blogsoestado.com\/danielmatos\/?p=95316"},"modified":"2022-03-21T21:19:18","modified_gmt":"2022-03-22T00:19:18","slug":"rodoviarios-se-reunem-em-assembleia-geral-nesta-terca-feira-22-e-nao-descartam-paralisar-toda-a-frota-mais-uma-vez","status":"publish","type":"post","link":"https:\/\/www.blogsoestado.com\/danielmatos\/rodoviarios-se-reunem-em-assembleia-geral-nesta-terca-feira-22-e-nao-descartam-paralisar-toda-a-frota-mais-uma-vez\/","title":{"rendered":"Rodovi\u00e1rios se re\u00fanem em assembleia geral nesta ter\u00e7a-feira (22) e n\u00e3o descartam paralisar toda a frota de \u00f4nibus mais uma vez"},"content":{"rendered":"\n<div class=\"wp-block-image\"><figure class=\"aligncenter size-large\"><a href=\"https:\/\/www.blogsoestado.com\/danielmatos\/files\/2022\/03\/Screenshot_20220321-1949153.png\"><img decoding=\"async\" src=\"https:\/\/www.blogsoestado.com\/danielmatos\/files\/2022\/03\/Screenshot_20220321-1949153.png\" alt=\"\" class=\"wp-image-95318\"\/><\/a><\/figure><\/div>\n\n\n\n<p>Depois de mais uma audi\u00eancia de concilia\u00e7\u00e3o, realizada no \u00faltimo dia 18, no Tribunal Regional do Trabalho (TRT-MA),  sem qualquer avan\u00e7o nas negocia\u00e7\u00f5es de reajuste e outros direitos reivindicados pelos trabalhadores rodovi\u00e1rios de S\u00e3o Lu\u00eds, o sindicato da categoria convocou assembleia geral para esta ter\u00e7a-feira (22), \u00e0s 9h e \u00e0s 16h, para discutir que medidas ser\u00e3o tomadas diante do impasse, o que torna ainda mais real a amea\u00e7a de uma nova greve do transporte p\u00fablico da capital. Vale lembrar que desde 23 de fevereiro, portanto, h\u00e1 quase um m\u00eas, o sistema opera com apenas 60% da frota de \u00f4nibus na cidade, redu\u00e7\u00e3o autorizada pela desembargadora do trabalho Solange Cristina  Passos de Castro quatro dias ap\u00f3s o encerramento da \u00faltima paralisa\u00e7\u00e3o do servi\u00e7o.<\/p>\n\n\n\n<p>Participaram da audi\u00eancia de concilia\u00e7\u00e3o no \u00faltimo dia 18 representantes dos sindicatos dos Trabalhadores em Transporte Rodovi\u00e1rio do Estado do Maranh\u00e3o (STTREMA), das Empresas de Transporte de Passageiros de S\u00e3o Lu\u00eds (SET), da Prefeitura de S\u00e3o Lu\u00eds, por meio da Secretaria Municipal de Tr\u00e2nsito e Transportes (SMTT)  e do Governo do Estado, que eacalou a c\u00fapula da Ag\u00eancia Estadual de Mobilidade Urbana e Servi\u00e7os P\u00fablicos (MOB) para participar da discuss\u00e3o. Coube, mais uma vez, ao presidente do TRT-MA, desembargador Carvalho Neto, fazer a tentativa de medi\u00e7\u00e3o, mas novamente n\u00e3o houve \u00eaxito e todas as partes sa\u00edram frustradas. <\/p>\n\n\n\n<p>Diante da falta de alternativas para resolver o imbr\u00f3glio, o movimento grevista dos rodovi\u00e1rios continua na Grande S\u00e3o Lu\u00eds, j\u00e1 que a frota continua operando parcialmente<\/p>\n\n\n\n<p><strong>Sistema opera sob press\u00e3o e est\u00e1 \u00e0 beira de um colapso <\/strong><\/p>\n\n\n\n<p>Ap\u00f3s uma semana do \u00faltimo encontro, a audi\u00eancia n\u00e3o registrou avan\u00e7o. Os empres\u00e1rios n\u00e3o apresentaram outra contraproposta, argumentando que o servi\u00e7o de transporte p\u00fablico de S\u00e3o Lu\u00eds est\u00e1 sob forte press\u00e3o. Os sucessivos reajustes de pre\u00e7o do \u00f3leo diesel, combust\u00edvel que abastece os \u00f4nibus, e o encarecimento de insumos como pneus e pe\u00e7as mec\u00e2nicas tamb\u00e9m compromete a capacidade financeira das empresas. Para piorar, a Prefeitura de S\u00e3o Lu\u00eds retirou o subs\u00eddio de R$ 2,5 repassado ao sistema a t\u00edtulo de compensa\u00e7\u00e3o de perdas ap\u00f3s conceder reajuste tarif\u00e1rio de R$ 0,20 (vinte centavos), valor muito aqu\u00e9m do suficiente para garantir a sa\u00fade financeira das concession\u00e1rias das linhas de transporte. De acordo com o SET, a realidade atual \u00e9 de iminente colapso, caso n\u00e3o sejam tomadas provid\u00eancias a curto prazo para reequilibrar o sistema.<\/p>\n\n\n\n<p>Ainda durante a audi\u00eancia, o presidente do TRT-MA quis entender os motivos que levaram o Prefeitura de S\u00e3o Lu\u00eds a praticar reajuste de R$ 0,20 nas tarifas, j\u00e1 que o aumento n\u00e3o conseguiu, nem de longe, resolver o impasse entre trabalhadores e patr\u00f5es. Mesmo diante do questionamento, o secret\u00e1rio da SMTT, Diego Baluz, n\u00e3o deu qualquer explica\u00e7\u00e3o.<\/p>\n\n\n\n<p>Sobre uma poss\u00edvel contraproposta, os representantes do Munic\u00edpio alegaram falta de condi\u00e7\u00f5es para apresentar qualquer outra oferta. Como n\u00e3o houve concilia\u00e7\u00e3o entre as partes, a quest\u00e3o agora segue para a \u00faltima inst\u00e2ncia e ser\u00e1 encaminhada para julgamento que ser\u00e1 realizado pelo pleno do TRT-MA.<\/p>\n\n\n\n<p>Abaixo, a convoca\u00e7\u00e3o da assembleia geral feita pelo Sindicato dos Rodovi\u00e1rios:<\/p>\n\n\n\n<p><strong>Convoca\u00e7\u00e3o de ASSEMBLEIA GERA<\/strong><\/p>\n\n\n\n<p><em>Convocamos todos os trabalhadores rodovi\u00e1rios para participarem da&nbsp;<a href=\"https:\/\/luiscardoso.com.br\/greve\/2022\/03\/rodoviarios-convocam-assembleia-e-devem-deflagrar-greve-geral-no-transporte-publico-em-sao-luis\/#Assembleia%20Geral\">Assembleia Geral<\/a>&nbsp;que ser\u00e1 realizada, nesta ter\u00e7a-feira 22\/03, em dois turnos \u00e0s 09h e \u00e0s 16h na sede do Sindicato,&nbsp;<a href=\"https:\/\/luiscardoso.com.br\/greve\/2022\/03\/rodoviarios-convocam-assembleia-e-devem-deflagrar-greve-geral-no-transporte-publico-em-sao-luis\/#Rua%20Afonso%20Pena\">Rua Afonso Pena<\/a>, Centro.<\/em><\/p>\n\n\n\n<p><em>A participa\u00e7\u00e3o de todos, \u00e9 indispens\u00e1vel, trataremos juntamente com a categoria sobre os \u00faltimos acontecimentos da negocia\u00e7\u00e3o da nossa&nbsp;<a href=\"https:\/\/luiscardoso.com.br\/greve\/2022\/03\/rodoviarios-convocam-assembleia-e-devem-deflagrar-greve-geral-no-transporte-publico-em-sao-luis\/#Conven%C3%A7%C3%A3o%20Coletiva%20de%20Trabalho\">Conven\u00e7\u00e3o Coletiva de Trabalho<\/a>, e faremos juntos uma reavalia\u00e7\u00e3o sobre a&nbsp;<a href=\"https:\/\/luiscardoso.com.br\/greve\/2022\/03\/rodoviarios-convocam-assembleia-e-devem-deflagrar-greve-geral-no-transporte-publico-em-sao-luis\/#Greve%20Geral%20do%20Transporte%20P%C3%BAblico%20de%20S%C3%A3o%20Lu%C3%ADs\">Greve Geral do Transporte P\u00fablico de S\u00e3o Lu\u00eds<\/a>.<\/em><\/p>\n\n\n\n<p><em>Venha e traga sua m\u00e1scara, iremos garantir todos os protocolos sanit\u00e1rios.<\/em> <em>Compare\u00e7am!<\/em><\/p>\n\n\n\n<p>Data: Nesta ter\u00e7a-feira, (22\/03).<br>Local Sede do Sindicato,&nbsp;Rua Afonso Pena, Centro.<br>Hor\u00e1rio 9h e \u00e0s 16h<\/p>\n","protected":false},"excerpt":{"rendered":"<p>Depois de mais uma audi\u00eancia de concilia\u00e7\u00e3o, realizada no \u00faltimo dia 18, no Tribunal Regional do Trabalho (TRT-MA), sem qualquer [&hellip;]<\/p>\n","protected":false},"author":0,"featured_media":0,"comment_status":"open","ping_status":"open","sticky":false,"template":"","format":"standard","meta":{"site-sidebar-layout":"default","site-content-layout":"","ast-site-content-layout":"default","site-content-style":"default","site-sidebar-style":"default","ast-global-header-display":"","ast-banner-title-visibility":"","ast-main-header-display":"","ast-hfb-above-header-display":"","ast-hfb-below-header-display":"","ast-hfb-mobile-header-display":"","site-post-title":"","ast-breadcrumbs-content":"","ast-featured-img":"","footer-sml-layout":"","ast-disable-related-posts":"","theme-transparent-header-meta":"","adv-header-id-meta":"","stick-header-meta":"","header-above-stick-meta":"","header-main-stick-meta":"","header-below-stick-meta":"","astra-migrate-meta-layouts":"default","ast-page-background-enabled":"default","ast-page-background-meta":{"desktop":{"background-color":"var(--ast-global-color-5)","background-image":"","background-repeat":"repeat","background-position":"center center","background-size":"auto","background-attachment":"scroll","background-type":"","background-media":"","overlay-type":"","overlay-color":"","overlay-opacity":"","overlay-gradient":""},"tablet":{"background-color":"","background-image":"","background-repeat":"repeat","background-position":"center center","background-size":"auto","background-attachment":"scroll","background-type":"","background-media":"","overlay-type":"","overlay-color":"","overlay-opacity":"","overlay-gradient":""},"mobile":{"background-color":"","background-image":"","background-repeat":"repeat","background-position":"center center","background-size":"auto","background-attachment":"scroll","background-type":"","background-media":"","overlay-type":"","overlay-color":"","overlay-opacity":"","overlay-gradient":""}},"ast-content-background-meta":{"desktop":{"background-color":"var(--ast-global-color-4)","background-image":"","background-repeat":"repeat","background-position":"center center","background-size":"auto","background-attachment":"scroll","background-type":"","background-media":"","overlay-type":"","overlay-color":"","overlay-opacity":"","overlay-gradient":""},"tablet":{"background-color":"var(--ast-global-color-4)","background-image":"","background-repeat":"repeat","background-position":"center center","background-size":"auto","background-attachment":"scroll","background-type":"","background-media":"","overlay-type":"","overlay-color":"","overlay-opacity":"","overlay-gradient":""},"mobile":{"background-color":"var(--ast-global-color-4)","background-image":"","background-repeat":"repeat","background-position":"center center","background-size":"auto","background-attachment":"scroll","background-type":"","background-media":"","overlay-type":"","overlay-color":"","overlay-opacity":"","overlay-gradient":""}},"footnotes":""},"categories":[1],"tags":[],"class_list":["post-95316","post","type-post","status-publish","format-standard","hentry","category-sem-categoria"],"yoast_head":"<!-- This site is optimized with the Yoast SEO plugin v26.6 - https:\/\/yoast.com\/wordpress\/plugins\/seo\/ -->\n<title>Rodovi\u00e1rios se re\u00fanem em assembleia geral nesta ter\u00e7a-feira (22) e n\u00e3o descartam paralisar toda a frota de \u00f4nibus mais uma vez - Daniel Matos<\/title>\n<meta name=\"robots\" content=\"index, follow, max-snippet:-1, max-image-preview:large, max-video-preview:-1\" \/>\n<link rel=\"canonical\" href=\"https:\/\/www.blogsoestado.com\/danielmatos\/rodoviarios-se-reunem-em-assembleia-geral-nesta-terca-feira-22-e-nao-descartam-paralisar-toda-a-frota-mais-uma-vez\/\" \/>\n<meta property=\"og:locale\" content=\"pt_BR\" \/>\n<meta property=\"og:type\" content=\"article\" \/>\n<meta property=\"og:title\" content=\"Rodovi\u00e1rios se re\u00fanem em assembleia geral nesta ter\u00e7a-feira (22) e n\u00e3o descartam paralisar toda a frota de \u00f4nibus mais uma vez - Daniel Matos\" \/>\n<meta property=\"og:description\" content=\"Depois de mais uma audi\u00eancia de concilia\u00e7\u00e3o, realizada no \u00faltimo dia 18, no Tribunal Regional do Trabalho (TRT-MA), sem qualquer [&hellip;]\" \/>\n<meta property=\"og:url\" content=\"https:\/\/www.blogsoestado.com\/danielmatos\/rodoviarios-se-reunem-em-assembleia-geral-nesta-terca-feira-22-e-nao-descartam-paralisar-toda-a-frota-mais-uma-vez\/\" \/>\n<meta property=\"og:site_name\" content=\"Daniel Matos\" \/>\n<meta property=\"article:published_time\" content=\"2022-03-22T00:19:18+00:00\" \/>\n<meta property=\"og:image\" content=\"https:\/\/www.blogsoestado.com\/danielmatos\/files\/2022\/03\/Screenshot_20220321-1949153.png\" \/>\n<meta name=\"twitter:card\" content=\"summary_large_image\" \/>\n<meta name=\"twitter:label1\" content=\"Est. tempo de leitura\" \/>\n\t<meta name=\"twitter:data1\" content=\"3 minutos\" \/>\n<script type=\"application\/ld+json\" class=\"yoast-schema-graph\">{\"@context\":\"https:\/\/schema.org\",\"@graph\":[{\"@type\":\"WebPage\",\"@id\":\"https:\/\/www.blogsoestado.com\/danielmatos\/rodoviarios-se-reunem-em-assembleia-geral-nesta-terca-feira-22-e-nao-descartam-paralisar-toda-a-frota-mais-uma-vez\/\",\"url\":\"https:\/\/www.blogsoestado.com\/danielmatos\/rodoviarios-se-reunem-em-assembleia-geral-nesta-terca-feira-22-e-nao-descartam-paralisar-toda-a-frota-mais-uma-vez\/\",\"name\":\"Rodovi\u00e1rios se re\u00fanem em assembleia geral nesta ter\u00e7a-feira (22) e n\u00e3o descartam paralisar toda a frota de \u00f4nibus mais uma vez - Daniel Matos\",\"isPartOf\":{\"@id\":\"https:\/\/www.blogsoestado.com\/danielmatos\/#website\"},\"primaryImageOfPage\":{\"@id\":\"https:\/\/www.blogsoestado.com\/danielmatos\/rodoviarios-se-reunem-em-assembleia-geral-nesta-terca-feira-22-e-nao-descartam-paralisar-toda-a-frota-mais-uma-vez\/#primaryimage\"},\"image\":{\"@id\":\"https:\/\/www.blogsoestado.com\/danielmatos\/rodoviarios-se-reunem-em-assembleia-geral-nesta-terca-feira-22-e-nao-descartam-paralisar-toda-a-frota-mais-uma-vez\/#primaryimage\"},\"thumbnailUrl\":\"https:\/\/www.blogsoestado.com\/danielmatos\/files\/2022\/03\/Screenshot_20220321-1949153.png\",\"datePublished\":\"2022-03-22T00:19:18+00:00\",\"author\":{\"@id\":\"\"},\"breadcrumb\":{\"@id\":\"https:\/\/www.blogsoestado.com\/danielmatos\/rodoviarios-se-reunem-em-assembleia-geral-nesta-terca-feira-22-e-nao-descartam-paralisar-toda-a-frota-mais-uma-vez\/#breadcrumb\"},\"inLanguage\":\"pt-BR\",\"potentialAction\":[{\"@type\":\"ReadAction\",\"target\":[\"https:\/\/www.blogsoestado.com\/danielmatos\/rodoviarios-se-reunem-em-assembleia-geral-nesta-terca-feira-22-e-nao-descartam-paralisar-toda-a-frota-mais-uma-vez\/\"]}]},{\"@type\":\"ImageObject\",\"inLanguage\":\"pt-BR\",\"@id\":\"https:\/\/www.blogsoestado.com\/danielmatos\/rodoviarios-se-reunem-em-assembleia-geral-nesta-terca-feira-22-e-nao-descartam-paralisar-toda-a-frota-mais-uma-vez\/#primaryimage\",\"url\":\"https:\/\/www.blogsoestado.com\/danielmatos\/files\/2022\/03\/Screenshot_20220321-1949153.png\",\"contentUrl\":\"https:\/\/www.blogsoestado.com\/danielmatos\/files\/2022\/03\/Screenshot_20220321-1949153.png\"},{\"@type\":\"BreadcrumbList\",\"@id\":\"https:\/\/www.blogsoestado.com\/danielmatos\/rodoviarios-se-reunem-em-assembleia-geral-nesta-terca-feira-22-e-nao-descartam-paralisar-toda-a-frota-mais-uma-vez\/#breadcrumb\",\"itemListElement\":[{\"@type\":\"ListItem\",\"position\":1,\"name\":\"In\u00edcio\",\"item\":\"https:\/\/www.blogsoestado.com\/danielmatos\/\"},{\"@type\":\"ListItem\",\"position\":2,\"name\":\"Rodovi\u00e1rios se re\u00fanem em assembleia geral nesta ter\u00e7a-feira (22) e n\u00e3o descartam paralisar toda a frota de \u00f4nibus mais uma vez\"}]},{\"@type\":\"WebSite\",\"@id\":\"https:\/\/www.blogsoestado.com\/danielmatos\/#website\",\"url\":\"https:\/\/www.blogsoestado.com\/danielmatos\/\",\"name\":\"Daniel Matos\",\"description\":\"\",\"potentialAction\":[{\"@type\":\"SearchAction\",\"target\":{\"@type\":\"EntryPoint\",\"urlTemplate\":\"https:\/\/www.blogsoestado.com\/danielmatos\/?s={search_term_string}\"},\"query-input\":{\"@type\":\"PropertyValueSpecification\",\"valueRequired\":true,\"valueName\":\"search_term_string\"}}],\"inLanguage\":\"pt-BR\"}]}<\/script>\n<!-- \/ Yoast SEO plugin. -->","yoast_head_json":{"title":"Rodovi\u00e1rios se re\u00fanem em assembleia geral nesta ter\u00e7a-feira (22) e n\u00e3o descartam paralisar toda a frota de \u00f4nibus mais uma vez - Daniel Matos","robots":{"index":"index","follow":"follow","max-snippet":"max-snippet:-1","max-image-preview":"max-image-preview:large","max-video-preview":"max-video-preview:-1"},"canonical":"https:\/\/www.blogsoestado.com\/danielmatos\/rodoviarios-se-reunem-em-assembleia-geral-nesta-terca-feira-22-e-nao-descartam-paralisar-toda-a-frota-mais-uma-vez\/","og_locale":"pt_BR","og_type":"article","og_title":"Rodovi\u00e1rios se re\u00fanem em assembleia geral nesta ter\u00e7a-feira (22) e n\u00e3o descartam paralisar toda a frota de \u00f4nibus mais uma vez - Daniel Matos","og_description":"Depois de mais uma audi\u00eancia de concilia\u00e7\u00e3o, realizada no \u00faltimo dia 18, no Tribunal Regional do Trabalho (TRT-MA), sem qualquer [&hellip;]","og_url":"https:\/\/www.blogsoestado.com\/danielmatos\/rodoviarios-se-reunem-em-assembleia-geral-nesta-terca-feira-22-e-nao-descartam-paralisar-toda-a-frota-mais-uma-vez\/","og_site_name":"Daniel Matos","article_published_time":"2022-03-22T00:19:18+00:00","og_image":[{"url":"https:\/\/www.blogsoestado.com\/danielmatos\/files\/2022\/03\/Screenshot_20220321-1949153.png","type":"","width":"","height":""}],"twitter_card":"summary_large_image","twitter_misc":{"Est. tempo de leitura":"3 minutos"},"schema":{"@context":"https:\/\/schema.org","@graph":[{"@type":"WebPage","@id":"https:\/\/www.blogsoestado.com\/danielmatos\/rodoviarios-se-reunem-em-assembleia-geral-nesta-terca-feira-22-e-nao-descartam-paralisar-toda-a-frota-mais-uma-vez\/","url":"https:\/\/www.blogsoestado.com\/danielmatos\/rodoviarios-se-reunem-em-assembleia-geral-nesta-terca-feira-22-e-nao-descartam-paralisar-toda-a-frota-mais-uma-vez\/","name":"Rodovi\u00e1rios se re\u00fanem em assembleia geral nesta ter\u00e7a-feira (22) e n\u00e3o descartam paralisar toda a frota de \u00f4nibus mais uma vez - Daniel Matos","isPartOf":{"@id":"https:\/\/www.blogsoestado.com\/danielmatos\/#website"},"primaryImageOfPage":{"@id":"https:\/\/www.blogsoestado.com\/danielmatos\/rodoviarios-se-reunem-em-assembleia-geral-nesta-terca-feira-22-e-nao-descartam-paralisar-toda-a-frota-mais-uma-vez\/#primaryimage"},"image":{"@id":"https:\/\/www.blogsoestado.com\/danielmatos\/rodoviarios-se-reunem-em-assembleia-geral-nesta-terca-feira-22-e-nao-descartam-paralisar-toda-a-frota-mais-uma-vez\/#primaryimage"},"thumbnailUrl":"https:\/\/www.blogsoestado.com\/danielmatos\/files\/2022\/03\/Screenshot_20220321-1949153.png","datePublished":"2022-03-22T00:19:18+00:00","author":{"@id":""},"breadcrumb":{"@id":"https:\/\/www.blogsoestado.com\/danielmatos\/rodoviarios-se-reunem-em-assembleia-geral-nesta-terca-feira-22-e-nao-descartam-paralisar-toda-a-frota-mais-uma-vez\/#breadcrumb"},"inLanguage":"pt-BR","potentialAction":[{"@type":"ReadAction","target":["https:\/\/www.blogsoestado.com\/danielmatos\/rodoviarios-se-reunem-em-assembleia-geral-nesta-terca-feira-22-e-nao-descartam-paralisar-toda-a-frota-mais-uma-vez\/"]}]},{"@type":"ImageObject","inLanguage":"pt-BR","@id":"https:\/\/www.blogsoestado.com\/danielmatos\/rodoviarios-se-reunem-em-assembleia-geral-nesta-terca-feira-22-e-nao-descartam-paralisar-toda-a-frota-mais-uma-vez\/#primaryimage","url":"https:\/\/www.blogsoestado.com\/danielmatos\/files\/2022\/03\/Screenshot_20220321-1949153.png","contentUrl":"https:\/\/www.blogsoestado.com\/danielmatos\/files\/2022\/03\/Screenshot_20220321-1949153.png"},{"@type":"BreadcrumbList","@id":"https:\/\/www.blogsoestado.com\/danielmatos\/rodoviarios-se-reunem-em-assembleia-geral-nesta-terca-feira-22-e-nao-descartam-paralisar-toda-a-frota-mais-uma-vez\/#breadcrumb","itemListElement":[{"@type":"ListItem","position":1,"name":"In\u00edcio","item":"https:\/\/www.blogsoestado.com\/danielmatos\/"},{"@type":"ListItem","position":2,"name":"Rodovi\u00e1rios se re\u00fanem em assembleia geral nesta ter\u00e7a-feira (22) e n\u00e3o descartam paralisar toda a frota de \u00f4nibus mais uma vez"}]},{"@type":"WebSite","@id":"https:\/\/www.blogsoestado.com\/danielmatos\/#website","url":"https:\/\/www.blogsoestado.com\/danielmatos\/","name":"Daniel Matos","description":"","potentialAction":[{"@type":"SearchAction","target":{"@type":"EntryPoint","urlTemplate":"https:\/\/www.blogsoestado.com\/danielmatos\/?s={search_term_string}"},"query-input":{"@type":"PropertyValueSpecification","valueRequired":true,"valueName":"search_term_string"}}],"inLanguage":"pt-BR"}]}},"jetpack_featured_media_url":"","_links":{"self":[{"href":"https:\/\/www.blogsoestado.com\/danielmatos\/wp-json\/wp\/v2\/posts\/95316","targetHints":{"allow":["GET"]}}],"collection":[{"href":"https:\/\/www.blogsoestado.com\/danielmatos\/wp-json\/wp\/v2\/posts"}],"about":[{"href":"https:\/\/www.blogsoestado.com\/danielmatos\/wp-json\/wp\/v2\/types\/post"}],"replies":[{"embeddable":true,"href":"https:\/\/www.blogsoestado.com\/danielmatos\/wp-json\/wp\/v2\/comments?post=95316"}],"version-history":[{"count":0,"href":"https:\/\/www.blogsoestado.com\/danielmatos\/wp-json\/wp\/v2\/posts\/95316\/revisions"}],"wp:attachment":[{"href":"https:\/\/www.blogsoestado.com\/danielmatos\/wp-json\/wp\/v2\/media?parent=95316"}],"wp:term":[{"taxonomy":"category","embeddable":true,"href":"https:\/\/www.blogsoestado.com\/danielmatos\/wp-json\/wp\/v2\/categories?post=95316"},{"taxonomy":"post_tag","embeddable":true,"href":"https:\/\/www.blogsoestado.com\/danielmatos\/wp-json\/wp\/v2\/tags?post=95316"}],"curies":[{"name":"wp","href":"https:\/\/api.w.org\/{rel}","templated":true}]}}