{"id":95330,"date":"2022-03-22T06:00:00","date_gmt":"2022-03-22T09:00:00","guid":{"rendered":"https:\/\/www.blogsoestado.com\/danielmatos\/?p=95330"},"modified":"2022-03-22T06:00:00","modified_gmt":"2022-03-22T09:00:00","slug":"acusado-de-estupro-e-assassinato-vai-a-juri-em-tutoia","status":"publish","type":"post","link":"https:\/\/www.blogsoestado.com\/danielmatos\/acusado-de-estupro-e-assassinato-vai-a-juri-em-tutoia\/","title":{"rendered":"Acusado de estupro e assassinato vai a j\u00fari em Tut\u00f3ia"},"content":{"rendered":"\n<div class=\"wp-block-image\"><figure class=\"aligncenter size-large\"><a href=\"https:\/\/www.blogsoestado.com\/danielmatos\/files\/2022\/03\/Screenshot_20220322-0115352.png\"><img decoding=\"async\" src=\"https:\/\/www.blogsoestado.com\/danielmatos\/files\/2022\/03\/Screenshot_20220322-0115352.png\" alt=\"\" class=\"wp-image-95331\"\/><\/a><figcaption>O julgamento do caso caso j\u00e1 havia sido remarcada em fun\u00e7\u00e3o de limita\u00e7\u00f5es do espa\u00e7o f\u00edsico da unidade judicial, pandemia da COVID-19 e comprometimento da imparcialidade do corpo de jurados<\/figcaption><\/figure><\/div>\n\n\n\n<p>O juiz Marcelo Fontenele Vieira, titular da 1\u00aa\u00a0Vara da Comarca de Araioses e respondendo na Comarca de Vara \u00danica de Tut\u00f3ia, vai presidir nesta ter\u00e7a-feira (22), uma sess\u00e3o do tribunal do j\u00fari. No banco dos r\u00e9us, Hamilton Ara\u00fajo Ferreira. Ele ser\u00e1 julgado sob acusa\u00e7\u00e3o de pr\u00e1tica de crimes de estupro e assassinato, que teve como v\u00edtima a adolescente A. R. A., de apenas 17 anos de idade. Os crimes aconteceram na cidade de Paulino Neves, termo judici\u00e1rio de Tut\u00f3ia. A sess\u00e3o est\u00e1 marcada para acontecer no audit\u00f3rio da Secretaria de Educa\u00e7\u00e3o de Tut\u00f3ia, a partir das 9h.<\/p>\n\n\n\n<p>A den\u00fancia do caso destaca que a v\u00edtima A. R., em 1\u00ba&nbsp;de janeiro de 2017, por volta das 6 da manh\u00e3, foi encontrada morta em um terreno localizado na frente da sua casa. Conforme laudo anexado ao inqu\u00e9rito policial, a adolescente foi morta por estrangulamento, bem como ficou comprovada a viol\u00eancia sexual. Restou apurado que o denunciado, ap\u00f3s estuprar a v\u00edtima, decidiu mat\u00e1-la, no sentido de n\u00e3o ser descoberto. Hamilton compareceu descal\u00e7o ao vel\u00f3rio da v\u00edtima, fato esse que chamou a aten\u00e7\u00e3o de todos. Outro ponto observado foi o fato da pol\u00edcia ter encontrado marcas de sand\u00e1lia da marca \u2018Kenner\u2019, preferida do acusado, no local do crime e nas imedia\u00e7\u00f5es.<\/p>\n\n\n\n<p>Foram notadas, ainda, algumas marcas da mesma sand\u00e1lia que, pelo posicionamento, indicavam que quem as calcava tentava entrar na casa da adolescente. Marcas semelhantes foram encontradas pr\u00f3ximas ao corpo. Apurou-se que o acusado j\u00e1 havia mantido relacionamento amoroso com a m\u00e3e da v\u00edtima, sendo que o mesmo admitiu que investiu contra a menina por v\u00e1rias, objetivando relacionar-se sexualmente com ela, inclusive enviando mensagens que nunca eram respondidas. Narram os autos que uma testemunha teria visto o denunciado no local do crime, no mesmo hor\u00e1rio em que este ocorreu. Para a pol\u00edcia, a autoria delitiva est\u00e1 demonstrada pelos depoimentos das testemunhas ouvidas durante a investiga\u00e7\u00e3o policial.<\/p>\n\n\n\n<p>A sess\u00e3o do j\u00fari deste caso j\u00e1 havia sido remarcada em fun\u00e7\u00e3o de limita\u00e7\u00f5es do espa\u00e7o f\u00edsico da unidade judicial, pandemia da COVID-19 e comprometimento da imparcialidade do corpo de jurados.<\/p>\n\n\n\n<p><strong>PR\u00d3XIMO J\u00daRI<\/strong><\/p>\n\n\n\n<p>No final de mar\u00e7o, dia 31, ser\u00e1 julgado Carlos Ant\u00f4nio da Rocha, sob acusa\u00e7\u00e3o de pr\u00e1tica de crime de tentativa de homic\u00eddio, que teve como v\u00edtima Jos\u00e9 Lu\u00eds Ferreira da Silva. Destaca a den\u00fancia que, em 7 de janeiro de 2021, no povoado Bel\u00e1gua, o acusado teria tentado contra a vida de Jos\u00e9 Lu\u00eds, utilizando-se de arma de fogo. De acordo com o que foi apurado, Jos\u00e9 Lu\u00eds estava em um balne\u00e1rio com seus familiares, quando avistou Carlos Ant\u00f4nio \u2018mexendo\u2019 com sua esposa, de modo que foi perguntar o que ele queria.&nbsp;<\/p>\n\n\n\n<p>Ato cont\u00ednuo, o denunciado levantou a camisa, sacou um rev\u00f3lver e efetuou um disparo contra a v\u00edtima. Na ocasi\u00e3o, Jos\u00e9 Lu\u00eds foi alvejado na cabe\u00e7a, mas resistiu e entrou em luta corporal com Carlos, momento em que o denunciado efetuou v\u00e1rios outros disparos e saiu correndo. Mais \u00e0 frente, o denunciado foi imobilizado por populares, at\u00e9 que policiais militares surgiram no local e o conduziram \u00e0 delegacia, ao passo que a v\u00edtima foi socorrida e levada ao Hospital da cidade e, posteriormente, transferida para Barreirinhas.<\/p>\n\n\n\n<p>Ao todo, j\u00e1 foram realizadas tr\u00eas sess\u00f5es do Tribunal do J\u00fari em Tut\u00f3ia neste ano. Ainda tem uma sess\u00e3o marcada para o dia 19 de abril e outra para o dia 5 de maio.<\/p>\n","protected":false},"excerpt":{"rendered":"<p>O juiz Marcelo Fontenele Vieira, titular da 1\u00aa\u00a0Vara da Comarca de Araioses e respondendo na Comarca de Vara \u00danica de [&hellip;]<\/p>\n","protected":false},"author":0,"featured_media":0,"comment_status":"open","ping_status":"open","sticky":false,"template":"","format":"standard","meta":{"site-sidebar-layout":"default","site-content-layout":"","ast-site-content-layout":"default","site-content-style":"default","site-sidebar-style":"default","ast-global-header-display":"","ast-banner-title-visibility":"","ast-main-header-display":"","ast-hfb-above-header-display":"","ast-hfb-below-header-display":"","ast-hfb-mobile-header-display":"","site-post-title":"","ast-breadcrumbs-content":"","ast-featured-img":"","footer-sml-layout":"","ast-disable-related-posts":"","theme-transparent-header-meta":"","adv-header-id-meta":"","stick-header-meta":"","header-above-stick-meta":"","header-main-stick-meta":"","header-below-stick-meta":"","astra-migrate-meta-layouts":"default","ast-page-background-enabled":"default","ast-page-background-meta":{"desktop":{"background-color":"var(--ast-global-color-5)","background-image":"","background-repeat":"repeat","background-position":"center center","background-size":"auto","background-attachment":"scroll","background-type":"","background-media":"","overlay-type":"","overlay-color":"","overlay-opacity":"","overlay-gradient":""},"tablet":{"background-color":"","background-image":"","background-repeat":"repeat","background-position":"center center","background-size":"auto","background-attachment":"scroll","background-type":"","background-media":"","overlay-type":"","overlay-color":"","overlay-opacity":"","overlay-gradient":""},"mobile":{"background-color":"","background-image":"","background-repeat":"repeat","background-position":"center center","background-size":"auto","background-attachment":"scroll","background-type":"","background-media":"","overlay-type":"","overlay-color":"","overlay-opacity":"","overlay-gradient":""}},"ast-content-background-meta":{"desktop":{"background-color":"var(--ast-global-color-4)","background-image":"","background-repeat":"repeat","background-position":"center center","background-size":"auto","background-attachment":"scroll","background-type":"","background-media":"","overlay-type":"","overlay-color":"","overlay-opacity":"","overlay-gradient":""},"tablet":{"background-color":"var(--ast-global-color-4)","background-image":"","background-repeat":"repeat","background-position":"center center","background-size":"auto","background-attachment":"scroll","background-type":"","background-media":"","overlay-type":"","overlay-color":"","overlay-opacity":"","overlay-gradient":""},"mobile":{"background-color":"var(--ast-global-color-4)","background-image":"","background-repeat":"repeat","background-position":"center center","background-size":"auto","background-attachment":"scroll","background-type":"","background-media":"","overlay-type":"","overlay-color":"","overlay-opacity":"","overlay-gradient":""}},"footnotes":""},"categories":[1],"tags":[],"class_list":["post-95330","post","type-post","status-publish","format-standard","hentry","category-sem-categoria"],"yoast_head":"<!-- This site is optimized with the Yoast SEO plugin v26.6 - https:\/\/yoast.com\/wordpress\/plugins\/seo\/ -->\n<title>Acusado de estupro e assassinato vai a j\u00fari em Tut\u00f3ia - Daniel Matos<\/title>\n<meta name=\"robots\" content=\"index, follow, max-snippet:-1, max-image-preview:large, max-video-preview:-1\" \/>\n<link rel=\"canonical\" href=\"https:\/\/www.blogsoestado.com\/danielmatos\/acusado-de-estupro-e-assassinato-vai-a-juri-em-tutoia\/\" \/>\n<meta property=\"og:locale\" content=\"pt_BR\" \/>\n<meta property=\"og:type\" content=\"article\" \/>\n<meta property=\"og:title\" content=\"Acusado de estupro e assassinato vai a j\u00fari em Tut\u00f3ia - Daniel Matos\" \/>\n<meta property=\"og:description\" content=\"O juiz Marcelo Fontenele Vieira, titular da 1\u00aa\u00a0Vara da Comarca de Araioses e respondendo na Comarca de Vara \u00danica de [&hellip;]\" \/>\n<meta property=\"og:url\" content=\"https:\/\/www.blogsoestado.com\/danielmatos\/acusado-de-estupro-e-assassinato-vai-a-juri-em-tutoia\/\" \/>\n<meta property=\"og:site_name\" content=\"Daniel Matos\" \/>\n<meta property=\"article:published_time\" content=\"2022-03-22T09:00:00+00:00\" \/>\n<meta property=\"og:image\" content=\"https:\/\/www.blogsoestado.com\/danielmatos\/files\/2022\/03\/Screenshot_20220322-0115352.png\" \/>\n<meta name=\"twitter:card\" content=\"summary_large_image\" \/>\n<meta name=\"twitter:label1\" content=\"Est. tempo de leitura\" \/>\n\t<meta name=\"twitter:data1\" content=\"3 minutos\" \/>\n<script type=\"application\/ld+json\" class=\"yoast-schema-graph\">{\"@context\":\"https:\/\/schema.org\",\"@graph\":[{\"@type\":\"WebPage\",\"@id\":\"https:\/\/www.blogsoestado.com\/danielmatos\/acusado-de-estupro-e-assassinato-vai-a-juri-em-tutoia\/\",\"url\":\"https:\/\/www.blogsoestado.com\/danielmatos\/acusado-de-estupro-e-assassinato-vai-a-juri-em-tutoia\/\",\"name\":\"Acusado de estupro e assassinato vai a j\u00fari em Tut\u00f3ia - Daniel Matos\",\"isPartOf\":{\"@id\":\"https:\/\/www.blogsoestado.com\/danielmatos\/#website\"},\"primaryImageOfPage\":{\"@id\":\"https:\/\/www.blogsoestado.com\/danielmatos\/acusado-de-estupro-e-assassinato-vai-a-juri-em-tutoia\/#primaryimage\"},\"image\":{\"@id\":\"https:\/\/www.blogsoestado.com\/danielmatos\/acusado-de-estupro-e-assassinato-vai-a-juri-em-tutoia\/#primaryimage\"},\"thumbnailUrl\":\"https:\/\/www.blogsoestado.com\/danielmatos\/files\/2022\/03\/Screenshot_20220322-0115352.png\",\"datePublished\":\"2022-03-22T09:00:00+00:00\",\"author\":{\"@id\":\"\"},\"breadcrumb\":{\"@id\":\"https:\/\/www.blogsoestado.com\/danielmatos\/acusado-de-estupro-e-assassinato-vai-a-juri-em-tutoia\/#breadcrumb\"},\"inLanguage\":\"pt-BR\",\"potentialAction\":[{\"@type\":\"ReadAction\",\"target\":[\"https:\/\/www.blogsoestado.com\/danielmatos\/acusado-de-estupro-e-assassinato-vai-a-juri-em-tutoia\/\"]}]},{\"@type\":\"ImageObject\",\"inLanguage\":\"pt-BR\",\"@id\":\"https:\/\/www.blogsoestado.com\/danielmatos\/acusado-de-estupro-e-assassinato-vai-a-juri-em-tutoia\/#primaryimage\",\"url\":\"https:\/\/www.blogsoestado.com\/danielmatos\/files\/2022\/03\/Screenshot_20220322-0115352.png\",\"contentUrl\":\"https:\/\/www.blogsoestado.com\/danielmatos\/files\/2022\/03\/Screenshot_20220322-0115352.png\"},{\"@type\":\"BreadcrumbList\",\"@id\":\"https:\/\/www.blogsoestado.com\/danielmatos\/acusado-de-estupro-e-assassinato-vai-a-juri-em-tutoia\/#breadcrumb\",\"itemListElement\":[{\"@type\":\"ListItem\",\"position\":1,\"name\":\"In\u00edcio\",\"item\":\"https:\/\/www.blogsoestado.com\/danielmatos\/\"},{\"@type\":\"ListItem\",\"position\":2,\"name\":\"Acusado de estupro e assassinato vai a j\u00fari em Tut\u00f3ia\"}]},{\"@type\":\"WebSite\",\"@id\":\"https:\/\/www.blogsoestado.com\/danielmatos\/#website\",\"url\":\"https:\/\/www.blogsoestado.com\/danielmatos\/\",\"name\":\"Daniel Matos\",\"description\":\"\",\"potentialAction\":[{\"@type\":\"SearchAction\",\"target\":{\"@type\":\"EntryPoint\",\"urlTemplate\":\"https:\/\/www.blogsoestado.com\/danielmatos\/?s={search_term_string}\"},\"query-input\":{\"@type\":\"PropertyValueSpecification\",\"valueRequired\":true,\"valueName\":\"search_term_string\"}}],\"inLanguage\":\"pt-BR\"}]}<\/script>\n<!-- \/ Yoast SEO plugin. -->","yoast_head_json":{"title":"Acusado de estupro e assassinato vai a j\u00fari em Tut\u00f3ia - Daniel Matos","robots":{"index":"index","follow":"follow","max-snippet":"max-snippet:-1","max-image-preview":"max-image-preview:large","max-video-preview":"max-video-preview:-1"},"canonical":"https:\/\/www.blogsoestado.com\/danielmatos\/acusado-de-estupro-e-assassinato-vai-a-juri-em-tutoia\/","og_locale":"pt_BR","og_type":"article","og_title":"Acusado de estupro e assassinato vai a j\u00fari em Tut\u00f3ia - Daniel Matos","og_description":"O juiz Marcelo Fontenele Vieira, titular da 1\u00aa\u00a0Vara da Comarca de Araioses e respondendo na Comarca de Vara \u00danica de [&hellip;]","og_url":"https:\/\/www.blogsoestado.com\/danielmatos\/acusado-de-estupro-e-assassinato-vai-a-juri-em-tutoia\/","og_site_name":"Daniel Matos","article_published_time":"2022-03-22T09:00:00+00:00","og_image":[{"url":"https:\/\/www.blogsoestado.com\/danielmatos\/files\/2022\/03\/Screenshot_20220322-0115352.png","type":"","width":"","height":""}],"twitter_card":"summary_large_image","twitter_misc":{"Est. tempo de leitura":"3 minutos"},"schema":{"@context":"https:\/\/schema.org","@graph":[{"@type":"WebPage","@id":"https:\/\/www.blogsoestado.com\/danielmatos\/acusado-de-estupro-e-assassinato-vai-a-juri-em-tutoia\/","url":"https:\/\/www.blogsoestado.com\/danielmatos\/acusado-de-estupro-e-assassinato-vai-a-juri-em-tutoia\/","name":"Acusado de estupro e assassinato vai a j\u00fari em Tut\u00f3ia - Daniel Matos","isPartOf":{"@id":"https:\/\/www.blogsoestado.com\/danielmatos\/#website"},"primaryImageOfPage":{"@id":"https:\/\/www.blogsoestado.com\/danielmatos\/acusado-de-estupro-e-assassinato-vai-a-juri-em-tutoia\/#primaryimage"},"image":{"@id":"https:\/\/www.blogsoestado.com\/danielmatos\/acusado-de-estupro-e-assassinato-vai-a-juri-em-tutoia\/#primaryimage"},"thumbnailUrl":"https:\/\/www.blogsoestado.com\/danielmatos\/files\/2022\/03\/Screenshot_20220322-0115352.png","datePublished":"2022-03-22T09:00:00+00:00","author":{"@id":""},"breadcrumb":{"@id":"https:\/\/www.blogsoestado.com\/danielmatos\/acusado-de-estupro-e-assassinato-vai-a-juri-em-tutoia\/#breadcrumb"},"inLanguage":"pt-BR","potentialAction":[{"@type":"ReadAction","target":["https:\/\/www.blogsoestado.com\/danielmatos\/acusado-de-estupro-e-assassinato-vai-a-juri-em-tutoia\/"]}]},{"@type":"ImageObject","inLanguage":"pt-BR","@id":"https:\/\/www.blogsoestado.com\/danielmatos\/acusado-de-estupro-e-assassinato-vai-a-juri-em-tutoia\/#primaryimage","url":"https:\/\/www.blogsoestado.com\/danielmatos\/files\/2022\/03\/Screenshot_20220322-0115352.png","contentUrl":"https:\/\/www.blogsoestado.com\/danielmatos\/files\/2022\/03\/Screenshot_20220322-0115352.png"},{"@type":"BreadcrumbList","@id":"https:\/\/www.blogsoestado.com\/danielmatos\/acusado-de-estupro-e-assassinato-vai-a-juri-em-tutoia\/#breadcrumb","itemListElement":[{"@type":"ListItem","position":1,"name":"In\u00edcio","item":"https:\/\/www.blogsoestado.com\/danielmatos\/"},{"@type":"ListItem","position":2,"name":"Acusado de estupro e assassinato vai a j\u00fari em Tut\u00f3ia"}]},{"@type":"WebSite","@id":"https:\/\/www.blogsoestado.com\/danielmatos\/#website","url":"https:\/\/www.blogsoestado.com\/danielmatos\/","name":"Daniel Matos","description":"","potentialAction":[{"@type":"SearchAction","target":{"@type":"EntryPoint","urlTemplate":"https:\/\/www.blogsoestado.com\/danielmatos\/?s={search_term_string}"},"query-input":{"@type":"PropertyValueSpecification","valueRequired":true,"valueName":"search_term_string"}}],"inLanguage":"pt-BR"}]}},"jetpack_featured_media_url":"","_links":{"self":[{"href":"https:\/\/www.blogsoestado.com\/danielmatos\/wp-json\/wp\/v2\/posts\/95330","targetHints":{"allow":["GET"]}}],"collection":[{"href":"https:\/\/www.blogsoestado.com\/danielmatos\/wp-json\/wp\/v2\/posts"}],"about":[{"href":"https:\/\/www.blogsoestado.com\/danielmatos\/wp-json\/wp\/v2\/types\/post"}],"replies":[{"embeddable":true,"href":"https:\/\/www.blogsoestado.com\/danielmatos\/wp-json\/wp\/v2\/comments?post=95330"}],"version-history":[{"count":0,"href":"https:\/\/www.blogsoestado.com\/danielmatos\/wp-json\/wp\/v2\/posts\/95330\/revisions"}],"wp:attachment":[{"href":"https:\/\/www.blogsoestado.com\/danielmatos\/wp-json\/wp\/v2\/media?parent=95330"}],"wp:term":[{"taxonomy":"category","embeddable":true,"href":"https:\/\/www.blogsoestado.com\/danielmatos\/wp-json\/wp\/v2\/categories?post=95330"},{"taxonomy":"post_tag","embeddable":true,"href":"https:\/\/www.blogsoestado.com\/danielmatos\/wp-json\/wp\/v2\/tags?post=95330"}],"curies":[{"name":"wp","href":"https:\/\/api.w.org\/{rel}","templated":true}]}}