{"id":95346,"date":"2022-03-22T17:35:58","date_gmt":"2022-03-22T20:35:58","guid":{"rendered":"https:\/\/www.blogsoestado.com\/danielmatos\/?p=95346"},"modified":"2022-03-22T17:35:58","modified_gmt":"2022-03-22T20:35:58","slug":"ricardo-ataide-toma-posse-como-novo-presidente-da-associacao-dos-criadores-do-maranhao","status":"publish","type":"post","link":"https:\/\/www.blogsoestado.com\/danielmatos\/ricardo-ataide-toma-posse-como-novo-presidente-da-associacao-dos-criadores-do-maranhao\/","title":{"rendered":"Ricardo Ata\u00edde toma posse como novo presidente da Associa\u00e7\u00e3o dos Criadores do Maranh\u00e3o"},"content":{"rendered":"\n<div class=\"wp-block-image\"><figure class=\"aligncenter size-large\"><a href=\"https:\/\/www.blogsoestado.com\/danielmatos\/files\/2022\/03\/Screenshot_20220322-1726102.png\"><img decoding=\"async\" src=\"https:\/\/www.blogsoestado.com\/danielmatos\/files\/2022\/03\/Screenshot_20220322-1726102.png\" alt=\"\" class=\"wp-image-95347\"\/><\/a><figcaption>O novo presidente da Ascem \u00e9 o pecuarista Ricardo Ata\u00edde, que em seu discurso ressaltou a import\u00e2ncia da associa\u00e7\u00e3o, que este ano completa 68 anos de funda\u00e7\u00e3o<\/figcaption><\/figure><\/div>\n\n\n\n<p>Foi realizada na segunda-feira (21) a posse da nova diretoria da Associa\u00e7\u00e3o dos Criadores do Estado do Maranh\u00e3o (Ascem), eleita para o tri\u00eanio 2023\/2025. O evento aconteceu no Sal\u00e3o Nobre da Federa\u00e7\u00e3o das Ind\u00fastrias do Estado do Maranh\u00e3o (Fiema).<\/p>\n\n\n\n<p>O novo presidente da Ascem \u00e9 o pecuarista Ricardo Ata\u00edde que em seu discurso, ressaltou a import\u00e2ncia da associa\u00e7\u00e3o, que este ano completa 68 anos de funda\u00e7\u00e3o. \u201cA Ascem tem um grande legado para a pecu\u00e1ria maranhense. Com suas a\u00e7\u00f5es favoreceu o incremento de uma pecu\u00e1ria moderna e competitiva, que alcan\u00e7ou nas \u00faltimas d\u00e9cadas o reconhecimento regional e nacional. \u00c9 not\u00e1vel que a pecu\u00e1ria maranhense se modernizou, sobretudo, em gen\u00e9tica, nutri\u00e7\u00e3o, controle das principais enfermidades, a exemplo da febre aftosa e, em sistemas de cria\u00e7\u00e3o mais eficientes e sustent\u00e1veis\u201d, afirmou Ricardo Ata\u00edde.\u00a0<\/p>\n\n\n\n<p>O Maranh\u00e3o possui o segundo maior rebanho bovino do Nordeste, com cerca de 9 milh\u00f5es e 600 mil animais. Novos mercados para a comercializa\u00e7\u00e3o de animais e tamb\u00e9m de derivados do leite est\u00e3o se abrindo para o setor pecu\u00e1rio, a exemplo de frigor\u00edficos e latic\u00ednios que est\u00e3o sendo implantados no Maranh\u00e3o.<\/p>\n\n\n\n<div class=\"wp-block-image\"><figure class=\"aligncenter size-large\"><a href=\"https:\/\/www.blogsoestado.com\/danielmatos\/files\/2022\/03\/Screenshot_20220322-1727012.png\"><img decoding=\"async\" src=\"https:\/\/www.blogsoestado.com\/danielmatos\/files\/2022\/03\/Screenshot_20220322-1727012.png\" alt=\"\" class=\"wp-image-95349\"\/><\/a><figcaption>Um dos maiores eventos agropecu\u00e1rios do Maranh\u00e3o, a Expoema, tamb\u00e9m pautou o discurso de Ricardo Ata\u00edde<\/figcaption><\/figure><\/div>\n\n\n\n<p>Um dos maiores eventos agropecu\u00e1rios do Maranh\u00e3o, a Expoema, tamb\u00e9m pautou o discurso de Ricardo Ata\u00edde. \u201cO primeiro passo para o futuro dever\u00e1 ser dado, para que comecemos a pensar em novas exposi\u00e7\u00f5es, ou seja, exposi\u00e7\u00f5es da era digital em que as dist\u00e2ncias se encurtam e as informa\u00e7\u00f5es s\u00e3o instantaneamente efetivadas por novas m\u00eddias. Assumimos o compromisso de fazer nesta administra\u00e7\u00e3o o fortalecimento da marca Expoema e aproveitar todos os grandes feitos edificados pelas administra\u00e7\u00f5es anteriores\u201d, ressaltou o novo presidente.<\/p>\n\n\n\n<p>A solenidade de posse, que foi bastante concorrida, contou com a presen\u00e7a do presidente da Fiema, Edilson Baldez, do presidente do Fundo de Desenvolvimento da Pecu\u00e1ria do Estado do Maranh\u00e3o (Fundepec-MA), Jos\u00e9 de Jesus Reis Ata\u00edde, do presidente do Conselho Superior de Administra\u00e7\u00e3o da Ascem, Nelson Frota, do pecuarista e vice-presidente da Fiema, Cl\u00e1udio Azevedo, do presidente do Sistema Faema\/Senar e do Conselho Deliberativo do Sebrae, Raimundo Coelho e dos deputados estaduais F\u00e1bio Braga e Vin\u00edcius Louro.\u00a0\u00a0<\/p>\n\n\n\n<p><strong>Diretoria da Ascem<\/strong><\/p>\n\n\n\n<div class=\"wp-block-image\"><figure class=\"aligncenter size-large\"><a href=\"https:\/\/www.blogsoestado.com\/danielmatos\/files\/2022\/03\/Screenshot_20220322-1726382.png\"><img decoding=\"async\" src=\"https:\/\/www.blogsoestado.com\/danielmatos\/files\/2022\/03\/Screenshot_20220322-1726382.png\" alt=\"\" class=\"wp-image-95348\"\/><\/a><figcaption>A nova diretoria da Associa\u00e7\u00e3o dos Criadores do Estado do Maranh\u00e3o foi eleita para o tri\u00eanio 2023\/2025<\/figcaption><\/figure><\/div>\n\n\n\n<p>Al\u00e9m do presidente Ricardo Ata\u00edde, tamb\u00e9m foram eleitos para a nova diretoria executiva: Roberto Charles M. Dias (1\u00b0 Vice Presidente), Amaro Santana Leite (1\u00b0 Secret\u00e1rio), Roberval Cordeiro de Silva (1\u00b0 Tesoureiro), Caroline Britto Azevedo (Diretora de Eventos), Samir Saldanha Nicolau (Diretor de Fomento), Carlos Henrique Fernandes Marques (Diretor Comercial),\u00a0 Gustavo Sau\u00e1ia de Oliveira (Diretor Jur\u00eddico) e Sebasti\u00e3o Cardoso Anchieta Filho (Diretor Comiss\u00e3o T\u00e9cnica), al\u00e9m de outros membros.<\/p>\n","protected":false},"excerpt":{"rendered":"<p>Foi realizada na segunda-feira (21) a posse da nova diretoria da Associa\u00e7\u00e3o dos Criadores do Estado do Maranh\u00e3o (Ascem), eleita [&hellip;]<\/p>\n","protected":false},"author":0,"featured_media":0,"comment_status":"open","ping_status":"open","sticky":false,"template":"","format":"standard","meta":{"site-sidebar-layout":"default","site-content-layout":"","ast-site-content-layout":"default","site-content-style":"default","site-sidebar-style":"default","ast-global-header-display":"","ast-banner-title-visibility":"","ast-main-header-display":"","ast-hfb-above-header-display":"","ast-hfb-below-header-display":"","ast-hfb-mobile-header-display":"","site-post-title":"","ast-breadcrumbs-content":"","ast-featured-img":"","footer-sml-layout":"","ast-disable-related-posts":"","theme-transparent-header-meta":"","adv-header-id-meta":"","stick-header-meta":"","header-above-stick-meta":"","header-main-stick-meta":"","header-below-stick-meta":"","astra-migrate-meta-layouts":"default","ast-page-background-enabled":"default","ast-page-background-meta":{"desktop":{"background-color":"var(--ast-global-color-5)","background-image":"","background-repeat":"repeat","background-position":"center center","background-size":"auto","background-attachment":"scroll","background-type":"","background-media":"","overlay-type":"","overlay-color":"","overlay-opacity":"","overlay-gradient":""},"tablet":{"background-color":"","background-image":"","background-repeat":"repeat","background-position":"center center","background-size":"auto","background-attachment":"scroll","background-type":"","background-media":"","overlay-type":"","overlay-color":"","overlay-opacity":"","overlay-gradient":""},"mobile":{"background-color":"","background-image":"","background-repeat":"repeat","background-position":"center center","background-size":"auto","background-attachment":"scroll","background-type":"","background-media":"","overlay-type":"","overlay-color":"","overlay-opacity":"","overlay-gradient":""}},"ast-content-background-meta":{"desktop":{"background-color":"var(--ast-global-color-4)","background-image":"","background-repeat":"repeat","background-position":"center center","background-size":"auto","background-attachment":"scroll","background-type":"","background-media":"","overlay-type":"","overlay-color":"","overlay-opacity":"","overlay-gradient":""},"tablet":{"background-color":"var(--ast-global-color-4)","background-image":"","background-repeat":"repeat","background-position":"center center","background-size":"auto","background-attachment":"scroll","background-type":"","background-media":"","overlay-type":"","overlay-color":"","overlay-opacity":"","overlay-gradient":""},"mobile":{"background-color":"var(--ast-global-color-4)","background-image":"","background-repeat":"repeat","background-position":"center center","background-size":"auto","background-attachment":"scroll","background-type":"","background-media":"","overlay-type":"","overlay-color":"","overlay-opacity":"","overlay-gradient":""}},"footnotes":""},"categories":[1],"tags":[],"class_list":["post-95346","post","type-post","status-publish","format-standard","hentry","category-sem-categoria"],"yoast_head":"<!-- This site is optimized with the Yoast SEO plugin v26.6 - https:\/\/yoast.com\/wordpress\/plugins\/seo\/ -->\n<title>Ricardo Ata\u00edde toma posse como novo presidente da Associa\u00e7\u00e3o dos Criadores do Maranh\u00e3o - Daniel Matos<\/title>\n<meta name=\"robots\" content=\"index, follow, max-snippet:-1, max-image-preview:large, max-video-preview:-1\" \/>\n<link rel=\"canonical\" href=\"https:\/\/www.blogsoestado.com\/danielmatos\/ricardo-ataide-toma-posse-como-novo-presidente-da-associacao-dos-criadores-do-maranhao\/\" \/>\n<meta property=\"og:locale\" content=\"pt_BR\" \/>\n<meta property=\"og:type\" content=\"article\" \/>\n<meta property=\"og:title\" content=\"Ricardo Ata\u00edde toma posse como novo presidente da Associa\u00e7\u00e3o dos Criadores do Maranh\u00e3o - Daniel Matos\" \/>\n<meta property=\"og:description\" content=\"Foi realizada na segunda-feira (21) a posse da nova diretoria da Associa\u00e7\u00e3o dos Criadores do Estado do Maranh\u00e3o (Ascem), eleita [&hellip;]\" \/>\n<meta property=\"og:url\" content=\"https:\/\/www.blogsoestado.com\/danielmatos\/ricardo-ataide-toma-posse-como-novo-presidente-da-associacao-dos-criadores-do-maranhao\/\" \/>\n<meta property=\"og:site_name\" content=\"Daniel Matos\" \/>\n<meta property=\"article:published_time\" content=\"2022-03-22T20:35:58+00:00\" \/>\n<meta property=\"og:image\" content=\"https:\/\/www.blogsoestado.com\/danielmatos\/files\/2022\/03\/Screenshot_20220322-1726102.png\" \/>\n<meta name=\"twitter:card\" content=\"summary_large_image\" \/>\n<meta name=\"twitter:label1\" content=\"Est. tempo de leitura\" \/>\n\t<meta name=\"twitter:data1\" content=\"3 minutos\" \/>\n<script type=\"application\/ld+json\" class=\"yoast-schema-graph\">{\"@context\":\"https:\/\/schema.org\",\"@graph\":[{\"@type\":\"WebPage\",\"@id\":\"https:\/\/www.blogsoestado.com\/danielmatos\/ricardo-ataide-toma-posse-como-novo-presidente-da-associacao-dos-criadores-do-maranhao\/\",\"url\":\"https:\/\/www.blogsoestado.com\/danielmatos\/ricardo-ataide-toma-posse-como-novo-presidente-da-associacao-dos-criadores-do-maranhao\/\",\"name\":\"Ricardo Ata\u00edde toma posse como novo presidente da Associa\u00e7\u00e3o dos Criadores do Maranh\u00e3o - Daniel Matos\",\"isPartOf\":{\"@id\":\"https:\/\/www.blogsoestado.com\/danielmatos\/#website\"},\"primaryImageOfPage\":{\"@id\":\"https:\/\/www.blogsoestado.com\/danielmatos\/ricardo-ataide-toma-posse-como-novo-presidente-da-associacao-dos-criadores-do-maranhao\/#primaryimage\"},\"image\":{\"@id\":\"https:\/\/www.blogsoestado.com\/danielmatos\/ricardo-ataide-toma-posse-como-novo-presidente-da-associacao-dos-criadores-do-maranhao\/#primaryimage\"},\"thumbnailUrl\":\"https:\/\/www.blogsoestado.com\/danielmatos\/files\/2022\/03\/Screenshot_20220322-1726102.png\",\"datePublished\":\"2022-03-22T20:35:58+00:00\",\"author\":{\"@id\":\"\"},\"breadcrumb\":{\"@id\":\"https:\/\/www.blogsoestado.com\/danielmatos\/ricardo-ataide-toma-posse-como-novo-presidente-da-associacao-dos-criadores-do-maranhao\/#breadcrumb\"},\"inLanguage\":\"pt-BR\",\"potentialAction\":[{\"@type\":\"ReadAction\",\"target\":[\"https:\/\/www.blogsoestado.com\/danielmatos\/ricardo-ataide-toma-posse-como-novo-presidente-da-associacao-dos-criadores-do-maranhao\/\"]}]},{\"@type\":\"ImageObject\",\"inLanguage\":\"pt-BR\",\"@id\":\"https:\/\/www.blogsoestado.com\/danielmatos\/ricardo-ataide-toma-posse-como-novo-presidente-da-associacao-dos-criadores-do-maranhao\/#primaryimage\",\"url\":\"https:\/\/www.blogsoestado.com\/danielmatos\/files\/2022\/03\/Screenshot_20220322-1726102.png\",\"contentUrl\":\"https:\/\/www.blogsoestado.com\/danielmatos\/files\/2022\/03\/Screenshot_20220322-1726102.png\"},{\"@type\":\"BreadcrumbList\",\"@id\":\"https:\/\/www.blogsoestado.com\/danielmatos\/ricardo-ataide-toma-posse-como-novo-presidente-da-associacao-dos-criadores-do-maranhao\/#breadcrumb\",\"itemListElement\":[{\"@type\":\"ListItem\",\"position\":1,\"name\":\"In\u00edcio\",\"item\":\"https:\/\/www.blogsoestado.com\/danielmatos\/\"},{\"@type\":\"ListItem\",\"position\":2,\"name\":\"Ricardo Ata\u00edde toma posse como novo presidente da Associa\u00e7\u00e3o dos Criadores do Maranh\u00e3o\"}]},{\"@type\":\"WebSite\",\"@id\":\"https:\/\/www.blogsoestado.com\/danielmatos\/#website\",\"url\":\"https:\/\/www.blogsoestado.com\/danielmatos\/\",\"name\":\"Daniel Matos\",\"description\":\"\",\"potentialAction\":[{\"@type\":\"SearchAction\",\"target\":{\"@type\":\"EntryPoint\",\"urlTemplate\":\"https:\/\/www.blogsoestado.com\/danielmatos\/?s={search_term_string}\"},\"query-input\":{\"@type\":\"PropertyValueSpecification\",\"valueRequired\":true,\"valueName\":\"search_term_string\"}}],\"inLanguage\":\"pt-BR\"}]}<\/script>\n<!-- \/ Yoast SEO plugin. -->","yoast_head_json":{"title":"Ricardo Ata\u00edde toma posse como novo presidente da Associa\u00e7\u00e3o dos Criadores do Maranh\u00e3o - Daniel Matos","robots":{"index":"index","follow":"follow","max-snippet":"max-snippet:-1","max-image-preview":"max-image-preview:large","max-video-preview":"max-video-preview:-1"},"canonical":"https:\/\/www.blogsoestado.com\/danielmatos\/ricardo-ataide-toma-posse-como-novo-presidente-da-associacao-dos-criadores-do-maranhao\/","og_locale":"pt_BR","og_type":"article","og_title":"Ricardo Ata\u00edde toma posse como novo presidente da Associa\u00e7\u00e3o dos Criadores do Maranh\u00e3o - Daniel Matos","og_description":"Foi realizada na segunda-feira (21) a posse da nova diretoria da Associa\u00e7\u00e3o dos Criadores do Estado do Maranh\u00e3o (Ascem), eleita [&hellip;]","og_url":"https:\/\/www.blogsoestado.com\/danielmatos\/ricardo-ataide-toma-posse-como-novo-presidente-da-associacao-dos-criadores-do-maranhao\/","og_site_name":"Daniel Matos","article_published_time":"2022-03-22T20:35:58+00:00","og_image":[{"url":"https:\/\/www.blogsoestado.com\/danielmatos\/files\/2022\/03\/Screenshot_20220322-1726102.png","type":"","width":"","height":""}],"twitter_card":"summary_large_image","twitter_misc":{"Est. tempo de leitura":"3 minutos"},"schema":{"@context":"https:\/\/schema.org","@graph":[{"@type":"WebPage","@id":"https:\/\/www.blogsoestado.com\/danielmatos\/ricardo-ataide-toma-posse-como-novo-presidente-da-associacao-dos-criadores-do-maranhao\/","url":"https:\/\/www.blogsoestado.com\/danielmatos\/ricardo-ataide-toma-posse-como-novo-presidente-da-associacao-dos-criadores-do-maranhao\/","name":"Ricardo Ata\u00edde toma posse como novo presidente da Associa\u00e7\u00e3o dos Criadores do Maranh\u00e3o - Daniel Matos","isPartOf":{"@id":"https:\/\/www.blogsoestado.com\/danielmatos\/#website"},"primaryImageOfPage":{"@id":"https:\/\/www.blogsoestado.com\/danielmatos\/ricardo-ataide-toma-posse-como-novo-presidente-da-associacao-dos-criadores-do-maranhao\/#primaryimage"},"image":{"@id":"https:\/\/www.blogsoestado.com\/danielmatos\/ricardo-ataide-toma-posse-como-novo-presidente-da-associacao-dos-criadores-do-maranhao\/#primaryimage"},"thumbnailUrl":"https:\/\/www.blogsoestado.com\/danielmatos\/files\/2022\/03\/Screenshot_20220322-1726102.png","datePublished":"2022-03-22T20:35:58+00:00","author":{"@id":""},"breadcrumb":{"@id":"https:\/\/www.blogsoestado.com\/danielmatos\/ricardo-ataide-toma-posse-como-novo-presidente-da-associacao-dos-criadores-do-maranhao\/#breadcrumb"},"inLanguage":"pt-BR","potentialAction":[{"@type":"ReadAction","target":["https:\/\/www.blogsoestado.com\/danielmatos\/ricardo-ataide-toma-posse-como-novo-presidente-da-associacao-dos-criadores-do-maranhao\/"]}]},{"@type":"ImageObject","inLanguage":"pt-BR","@id":"https:\/\/www.blogsoestado.com\/danielmatos\/ricardo-ataide-toma-posse-como-novo-presidente-da-associacao-dos-criadores-do-maranhao\/#primaryimage","url":"https:\/\/www.blogsoestado.com\/danielmatos\/files\/2022\/03\/Screenshot_20220322-1726102.png","contentUrl":"https:\/\/www.blogsoestado.com\/danielmatos\/files\/2022\/03\/Screenshot_20220322-1726102.png"},{"@type":"BreadcrumbList","@id":"https:\/\/www.blogsoestado.com\/danielmatos\/ricardo-ataide-toma-posse-como-novo-presidente-da-associacao-dos-criadores-do-maranhao\/#breadcrumb","itemListElement":[{"@type":"ListItem","position":1,"name":"In\u00edcio","item":"https:\/\/www.blogsoestado.com\/danielmatos\/"},{"@type":"ListItem","position":2,"name":"Ricardo Ata\u00edde toma posse como novo presidente da Associa\u00e7\u00e3o dos Criadores do Maranh\u00e3o"}]},{"@type":"WebSite","@id":"https:\/\/www.blogsoestado.com\/danielmatos\/#website","url":"https:\/\/www.blogsoestado.com\/danielmatos\/","name":"Daniel Matos","description":"","potentialAction":[{"@type":"SearchAction","target":{"@type":"EntryPoint","urlTemplate":"https:\/\/www.blogsoestado.com\/danielmatos\/?s={search_term_string}"},"query-input":{"@type":"PropertyValueSpecification","valueRequired":true,"valueName":"search_term_string"}}],"inLanguage":"pt-BR"}]}},"jetpack_featured_media_url":"","_links":{"self":[{"href":"https:\/\/www.blogsoestado.com\/danielmatos\/wp-json\/wp\/v2\/posts\/95346","targetHints":{"allow":["GET"]}}],"collection":[{"href":"https:\/\/www.blogsoestado.com\/danielmatos\/wp-json\/wp\/v2\/posts"}],"about":[{"href":"https:\/\/www.blogsoestado.com\/danielmatos\/wp-json\/wp\/v2\/types\/post"}],"replies":[{"embeddable":true,"href":"https:\/\/www.blogsoestado.com\/danielmatos\/wp-json\/wp\/v2\/comments?post=95346"}],"version-history":[{"count":0,"href":"https:\/\/www.blogsoestado.com\/danielmatos\/wp-json\/wp\/v2\/posts\/95346\/revisions"}],"wp:attachment":[{"href":"https:\/\/www.blogsoestado.com\/danielmatos\/wp-json\/wp\/v2\/media?parent=95346"}],"wp:term":[{"taxonomy":"category","embeddable":true,"href":"https:\/\/www.blogsoestado.com\/danielmatos\/wp-json\/wp\/v2\/categories?post=95346"},{"taxonomy":"post_tag","embeddable":true,"href":"https:\/\/www.blogsoestado.com\/danielmatos\/wp-json\/wp\/v2\/tags?post=95346"}],"curies":[{"name":"wp","href":"https:\/\/api.w.org\/{rel}","templated":true}]}}