{"id":95351,"date":"2022-03-22T17:46:50","date_gmt":"2022-03-22T20:46:50","guid":{"rendered":"https:\/\/www.blogsoestado.com\/danielmatos\/?p=95351"},"modified":"2022-03-22T17:46:50","modified_gmt":"2022-03-22T20:46:50","slug":"incendio-sem-vitimas-interrompe-temporariamente-sac-da-maxx","status":"publish","type":"post","link":"https:\/\/www.blogsoestado.com\/danielmatos\/incendio-sem-vitimas-interrompe-temporariamente-sac-da-maxx\/","title":{"rendered":"Inc\u00eandio sem v\u00edtimas interrompe temporariamente SAC da MAXX"},"content":{"rendered":"\n<p><strong><span class=\"has-inline-color has-vivid-red-color\">Bombeiros est\u00e3o no local e gestores est\u00e3o transferindo o atendimento para outro pr\u00e9dio<\/span><\/strong><\/p>\n\n\n\n<div class=\"wp-block-image\"><figure class=\"aligncenter size-large\"><a href=\"https:\/\/www.blogsoestado.com\/danielmatos\/files\/2022\/03\/Screenshot_20220322-1741502.png\"><img decoding=\"async\" src=\"https:\/\/www.blogsoestado.com\/danielmatos\/files\/2022\/03\/Screenshot_20220322-1741502.png\" alt=\"\" class=\"wp-image-95352\"\/><\/a><figcaption>O fogo come\u00e7ou por volta das 14h30 no subsolo do pr\u00e9dio, e ainda n\u00e3o se sabe a causa.<\/figcaption><\/figure><\/div>\n\n\n\n<p>Um inc\u00eandio que aconteceu na tarde dessa ter\u00e7a-feira (22) na sede do Casar\u00e3o Maxx na Rua da Estrela, interrompeu temporariamente o SAC \/ Servi\u00e7o de Atendimento ao Cliente da operadora, que funcionava no local. O mesmo est\u00e1 sendo remanejado para voltar a funcionar ainda hoje, na sede da empresa no S\u00e3o Francisco. A loja da Maxx no S\u00e3o Francisco segue funcionando normalmente hoje.<\/p>\n\n\n\n<p>O fogo come\u00e7ou por volta das 14h30 no subsolo do pr\u00e9dio, e ainda n\u00e3o se sabe a causa. Al\u00e9m da equipe do SAC que funciona no im\u00f3vel, diretores e gestores estavam em reuni\u00e3o no local. Ao perceber a fuma\u00e7a todos foram evacuados imediatamente do pr\u00e9dio, e portanto est\u00e3o a salvo. A Diretoria prestou todo o apoio aos colaboradores e felizmente n\u00e3o houve nenhuma v\u00edtima.<\/p>\n\n\n\n<p>O Corpo de Bombeiros foi acionado e j\u00e1 se encontra no im\u00f3vel tentando combater o inc\u00eandio. O Casar\u00e3o Maxx por enquanto ficar\u00e1 isolado para que as equipes de Bombeiros e per\u00edcia fa\u00e7am as investiga\u00e7\u00f5es e a\u00e7\u00f5es necess\u00e1rias.<\/p>\n\n\n\n<p>A Maxx pede desculpas aos clientes pelo transtorno tempor\u00e1rio na realoca\u00e7\u00e3o das equipes de atendentes do SAC, mas adianta que est\u00e1 empenhando todos os esfor\u00e7os para que o mesmo volte a funcionar o quanto antes e ainda hoje.<\/p>\n\n\n\n<p>Assista ao v\u00eddeo de autoria do fotojornalista Biaman Prado:<\/p>\n\n\n\n<figure class=\"wp-block-embed is-type-video is-provider-youtube wp-block-embed-youtube wp-embed-aspect-4-3 wp-has-aspect-ratio\"><div class=\"wp-block-embed__wrapper\">\n<iframe title=\"Inc\u00eandio sem v\u00edtimas suspende temporariamente SAC da operadora MAXX\" width=\"500\" height=\"375\" src=\"https:\/\/www.youtube.com\/embed\/ap0U-V0ILXM?feature=oembed\" frameborder=\"0\" allow=\"accelerometer; autoplay; clipboard-write; encrypted-media; gyroscope; picture-in-picture; web-share\" referrerpolicy=\"strict-origin-when-cross-origin\" allowfullscreen><\/iframe>\n<\/div><\/figure>\n","protected":false},"excerpt":{"rendered":"<p>Bombeiros est\u00e3o no local e gestores est\u00e3o transferindo o atendimento para outro pr\u00e9dio Um inc\u00eandio que aconteceu na tarde dessa [&hellip;]<\/p>\n","protected":false},"author":0,"featured_media":0,"comment_status":"open","ping_status":"open","sticky":false,"template":"","format":"standard","meta":{"site-sidebar-layout":"default","site-content-layout":"","ast-site-content-layout":"default","site-content-style":"default","site-sidebar-style":"default","ast-global-header-display":"","ast-banner-title-visibility":"","ast-main-header-display":"","ast-hfb-above-header-display":"","ast-hfb-below-header-display":"","ast-hfb-mobile-header-display":"","site-post-title":"","ast-breadcrumbs-content":"","ast-featured-img":"","footer-sml-layout":"","ast-disable-related-posts":"","theme-transparent-header-meta":"","adv-header-id-meta":"","stick-header-meta":"","header-above-stick-meta":"","header-main-stick-meta":"","header-below-stick-meta":"","astra-migrate-meta-layouts":"default","ast-page-background-enabled":"default","ast-page-background-meta":{"desktop":{"background-color":"var(--ast-global-color-5)","background-image":"","background-repeat":"repeat","background-position":"center center","background-size":"auto","background-attachment":"scroll","background-type":"","background-media":"","overlay-type":"","overlay-color":"","overlay-opacity":"","overlay-gradient":""},"tablet":{"background-color":"","background-image":"","background-repeat":"repeat","background-position":"center center","background-size":"auto","background-attachment":"scroll","background-type":"","background-media":"","overlay-type":"","overlay-color":"","overlay-opacity":"","overlay-gradient":""},"mobile":{"background-color":"","background-image":"","background-repeat":"repeat","background-position":"center center","background-size":"auto","background-attachment":"scroll","background-type":"","background-media":"","overlay-type":"","overlay-color":"","overlay-opacity":"","overlay-gradient":""}},"ast-content-background-meta":{"desktop":{"background-color":"var(--ast-global-color-4)","background-image":"","background-repeat":"repeat","background-position":"center center","background-size":"auto","background-attachment":"scroll","background-type":"","background-media":"","overlay-type":"","overlay-color":"","overlay-opacity":"","overlay-gradient":""},"tablet":{"background-color":"var(--ast-global-color-4)","background-image":"","background-repeat":"repeat","background-position":"center center","background-size":"auto","background-attachment":"scroll","background-type":"","background-media":"","overlay-type":"","overlay-color":"","overlay-opacity":"","overlay-gradient":""},"mobile":{"background-color":"var(--ast-global-color-4)","background-image":"","background-repeat":"repeat","background-position":"center center","background-size":"auto","background-attachment":"scroll","background-type":"","background-media":"","overlay-type":"","overlay-color":"","overlay-opacity":"","overlay-gradient":""}},"footnotes":""},"categories":[1],"tags":[],"class_list":["post-95351","post","type-post","status-publish","format-standard","hentry","category-sem-categoria"],"yoast_head":"<!-- This site is optimized with the Yoast SEO plugin v26.6 - https:\/\/yoast.com\/wordpress\/plugins\/seo\/ -->\n<title>Inc\u00eandio sem v\u00edtimas interrompe temporariamente SAC da MAXX - Daniel Matos<\/title>\n<meta name=\"robots\" content=\"index, follow, max-snippet:-1, max-image-preview:large, max-video-preview:-1\" \/>\n<link rel=\"canonical\" href=\"https:\/\/www.blogsoestado.com\/danielmatos\/incendio-sem-vitimas-interrompe-temporariamente-sac-da-maxx\/\" \/>\n<meta property=\"og:locale\" content=\"pt_BR\" \/>\n<meta property=\"og:type\" content=\"article\" \/>\n<meta property=\"og:title\" content=\"Inc\u00eandio sem v\u00edtimas interrompe temporariamente SAC da MAXX - Daniel Matos\" \/>\n<meta property=\"og:description\" content=\"Bombeiros est\u00e3o no local e gestores est\u00e3o transferindo o atendimento para outro pr\u00e9dio Um inc\u00eandio que aconteceu na tarde dessa [&hellip;]\" \/>\n<meta property=\"og:url\" content=\"https:\/\/www.blogsoestado.com\/danielmatos\/incendio-sem-vitimas-interrompe-temporariamente-sac-da-maxx\/\" \/>\n<meta property=\"og:site_name\" content=\"Daniel Matos\" \/>\n<meta property=\"article:published_time\" content=\"2022-03-22T20:46:50+00:00\" \/>\n<meta property=\"og:image\" content=\"https:\/\/www.blogsoestado.com\/danielmatos\/files\/2022\/03\/Screenshot_20220322-1741502.png\" \/>\n<meta name=\"twitter:card\" content=\"summary_large_image\" \/>\n<meta name=\"twitter:label1\" content=\"Est. tempo de leitura\" \/>\n\t<meta name=\"twitter:data1\" content=\"2 minutos\" \/>\n<script type=\"application\/ld+json\" class=\"yoast-schema-graph\">{\"@context\":\"https:\/\/schema.org\",\"@graph\":[{\"@type\":\"WebPage\",\"@id\":\"https:\/\/www.blogsoestado.com\/danielmatos\/incendio-sem-vitimas-interrompe-temporariamente-sac-da-maxx\/\",\"url\":\"https:\/\/www.blogsoestado.com\/danielmatos\/incendio-sem-vitimas-interrompe-temporariamente-sac-da-maxx\/\",\"name\":\"Inc\u00eandio sem v\u00edtimas interrompe temporariamente SAC da MAXX - Daniel Matos\",\"isPartOf\":{\"@id\":\"https:\/\/www.blogsoestado.com\/danielmatos\/#website\"},\"primaryImageOfPage\":{\"@id\":\"https:\/\/www.blogsoestado.com\/danielmatos\/incendio-sem-vitimas-interrompe-temporariamente-sac-da-maxx\/#primaryimage\"},\"image\":{\"@id\":\"https:\/\/www.blogsoestado.com\/danielmatos\/incendio-sem-vitimas-interrompe-temporariamente-sac-da-maxx\/#primaryimage\"},\"thumbnailUrl\":\"https:\/\/www.blogsoestado.com\/danielmatos\/files\/2022\/03\/Screenshot_20220322-1741502.png\",\"datePublished\":\"2022-03-22T20:46:50+00:00\",\"author\":{\"@id\":\"\"},\"breadcrumb\":{\"@id\":\"https:\/\/www.blogsoestado.com\/danielmatos\/incendio-sem-vitimas-interrompe-temporariamente-sac-da-maxx\/#breadcrumb\"},\"inLanguage\":\"pt-BR\",\"potentialAction\":[{\"@type\":\"ReadAction\",\"target\":[\"https:\/\/www.blogsoestado.com\/danielmatos\/incendio-sem-vitimas-interrompe-temporariamente-sac-da-maxx\/\"]}]},{\"@type\":\"ImageObject\",\"inLanguage\":\"pt-BR\",\"@id\":\"https:\/\/www.blogsoestado.com\/danielmatos\/incendio-sem-vitimas-interrompe-temporariamente-sac-da-maxx\/#primaryimage\",\"url\":\"https:\/\/www.blogsoestado.com\/danielmatos\/files\/2022\/03\/Screenshot_20220322-1741502.png\",\"contentUrl\":\"https:\/\/www.blogsoestado.com\/danielmatos\/files\/2022\/03\/Screenshot_20220322-1741502.png\"},{\"@type\":\"BreadcrumbList\",\"@id\":\"https:\/\/www.blogsoestado.com\/danielmatos\/incendio-sem-vitimas-interrompe-temporariamente-sac-da-maxx\/#breadcrumb\",\"itemListElement\":[{\"@type\":\"ListItem\",\"position\":1,\"name\":\"In\u00edcio\",\"item\":\"https:\/\/www.blogsoestado.com\/danielmatos\/\"},{\"@type\":\"ListItem\",\"position\":2,\"name\":\"Inc\u00eandio sem v\u00edtimas interrompe temporariamente SAC da MAXX\"}]},{\"@type\":\"WebSite\",\"@id\":\"https:\/\/www.blogsoestado.com\/danielmatos\/#website\",\"url\":\"https:\/\/www.blogsoestado.com\/danielmatos\/\",\"name\":\"Daniel Matos\",\"description\":\"\",\"potentialAction\":[{\"@type\":\"SearchAction\",\"target\":{\"@type\":\"EntryPoint\",\"urlTemplate\":\"https:\/\/www.blogsoestado.com\/danielmatos\/?s={search_term_string}\"},\"query-input\":{\"@type\":\"PropertyValueSpecification\",\"valueRequired\":true,\"valueName\":\"search_term_string\"}}],\"inLanguage\":\"pt-BR\"}]}<\/script>\n<!-- \/ Yoast SEO plugin. -->","yoast_head_json":{"title":"Inc\u00eandio sem v\u00edtimas interrompe temporariamente SAC da MAXX - Daniel Matos","robots":{"index":"index","follow":"follow","max-snippet":"max-snippet:-1","max-image-preview":"max-image-preview:large","max-video-preview":"max-video-preview:-1"},"canonical":"https:\/\/www.blogsoestado.com\/danielmatos\/incendio-sem-vitimas-interrompe-temporariamente-sac-da-maxx\/","og_locale":"pt_BR","og_type":"article","og_title":"Inc\u00eandio sem v\u00edtimas interrompe temporariamente SAC da MAXX - Daniel Matos","og_description":"Bombeiros est\u00e3o no local e gestores est\u00e3o transferindo o atendimento para outro pr\u00e9dio Um inc\u00eandio que aconteceu na tarde dessa [&hellip;]","og_url":"https:\/\/www.blogsoestado.com\/danielmatos\/incendio-sem-vitimas-interrompe-temporariamente-sac-da-maxx\/","og_site_name":"Daniel Matos","article_published_time":"2022-03-22T20:46:50+00:00","og_image":[{"url":"https:\/\/www.blogsoestado.com\/danielmatos\/files\/2022\/03\/Screenshot_20220322-1741502.png","type":"","width":"","height":""}],"twitter_card":"summary_large_image","twitter_misc":{"Est. tempo de leitura":"2 minutos"},"schema":{"@context":"https:\/\/schema.org","@graph":[{"@type":"WebPage","@id":"https:\/\/www.blogsoestado.com\/danielmatos\/incendio-sem-vitimas-interrompe-temporariamente-sac-da-maxx\/","url":"https:\/\/www.blogsoestado.com\/danielmatos\/incendio-sem-vitimas-interrompe-temporariamente-sac-da-maxx\/","name":"Inc\u00eandio sem v\u00edtimas interrompe temporariamente SAC da MAXX - Daniel Matos","isPartOf":{"@id":"https:\/\/www.blogsoestado.com\/danielmatos\/#website"},"primaryImageOfPage":{"@id":"https:\/\/www.blogsoestado.com\/danielmatos\/incendio-sem-vitimas-interrompe-temporariamente-sac-da-maxx\/#primaryimage"},"image":{"@id":"https:\/\/www.blogsoestado.com\/danielmatos\/incendio-sem-vitimas-interrompe-temporariamente-sac-da-maxx\/#primaryimage"},"thumbnailUrl":"https:\/\/www.blogsoestado.com\/danielmatos\/files\/2022\/03\/Screenshot_20220322-1741502.png","datePublished":"2022-03-22T20:46:50+00:00","author":{"@id":""},"breadcrumb":{"@id":"https:\/\/www.blogsoestado.com\/danielmatos\/incendio-sem-vitimas-interrompe-temporariamente-sac-da-maxx\/#breadcrumb"},"inLanguage":"pt-BR","potentialAction":[{"@type":"ReadAction","target":["https:\/\/www.blogsoestado.com\/danielmatos\/incendio-sem-vitimas-interrompe-temporariamente-sac-da-maxx\/"]}]},{"@type":"ImageObject","inLanguage":"pt-BR","@id":"https:\/\/www.blogsoestado.com\/danielmatos\/incendio-sem-vitimas-interrompe-temporariamente-sac-da-maxx\/#primaryimage","url":"https:\/\/www.blogsoestado.com\/danielmatos\/files\/2022\/03\/Screenshot_20220322-1741502.png","contentUrl":"https:\/\/www.blogsoestado.com\/danielmatos\/files\/2022\/03\/Screenshot_20220322-1741502.png"},{"@type":"BreadcrumbList","@id":"https:\/\/www.blogsoestado.com\/danielmatos\/incendio-sem-vitimas-interrompe-temporariamente-sac-da-maxx\/#breadcrumb","itemListElement":[{"@type":"ListItem","position":1,"name":"In\u00edcio","item":"https:\/\/www.blogsoestado.com\/danielmatos\/"},{"@type":"ListItem","position":2,"name":"Inc\u00eandio sem v\u00edtimas interrompe temporariamente SAC da MAXX"}]},{"@type":"WebSite","@id":"https:\/\/www.blogsoestado.com\/danielmatos\/#website","url":"https:\/\/www.blogsoestado.com\/danielmatos\/","name":"Daniel Matos","description":"","potentialAction":[{"@type":"SearchAction","target":{"@type":"EntryPoint","urlTemplate":"https:\/\/www.blogsoestado.com\/danielmatos\/?s={search_term_string}"},"query-input":{"@type":"PropertyValueSpecification","valueRequired":true,"valueName":"search_term_string"}}],"inLanguage":"pt-BR"}]}},"jetpack_featured_media_url":"","_links":{"self":[{"href":"https:\/\/www.blogsoestado.com\/danielmatos\/wp-json\/wp\/v2\/posts\/95351","targetHints":{"allow":["GET"]}}],"collection":[{"href":"https:\/\/www.blogsoestado.com\/danielmatos\/wp-json\/wp\/v2\/posts"}],"about":[{"href":"https:\/\/www.blogsoestado.com\/danielmatos\/wp-json\/wp\/v2\/types\/post"}],"replies":[{"embeddable":true,"href":"https:\/\/www.blogsoestado.com\/danielmatos\/wp-json\/wp\/v2\/comments?post=95351"}],"version-history":[{"count":0,"href":"https:\/\/www.blogsoestado.com\/danielmatos\/wp-json\/wp\/v2\/posts\/95351\/revisions"}],"wp:attachment":[{"href":"https:\/\/www.blogsoestado.com\/danielmatos\/wp-json\/wp\/v2\/media?parent=95351"}],"wp:term":[{"taxonomy":"category","embeddable":true,"href":"https:\/\/www.blogsoestado.com\/danielmatos\/wp-json\/wp\/v2\/categories?post=95351"},{"taxonomy":"post_tag","embeddable":true,"href":"https:\/\/www.blogsoestado.com\/danielmatos\/wp-json\/wp\/v2\/tags?post=95351"}],"curies":[{"name":"wp","href":"https:\/\/api.w.org\/{rel}","templated":true}]}}