{"id":95356,"date":"2022-03-22T18:39:25","date_gmt":"2022-03-22T21:39:25","guid":{"rendered":"https:\/\/www.blogsoestado.com\/danielmatos\/?p=95356"},"modified":"2022-03-22T18:39:25","modified_gmt":"2022-03-22T21:39:25","slug":"a-volta-do-circo-da-cidade-ganha-apoio-de-profissionais-da-arquitetura","status":"publish","type":"post","link":"https:\/\/www.blogsoestado.com\/danielmatos\/a-volta-do-circo-da-cidade-ganha-apoio-de-profissionais-da-arquitetura\/","title":{"rendered":"A volta do Circo da Cidade ganha apoio de profissionais da Arquitetura"},"content":{"rendered":"\n<div class=\"wp-block-image\"><figure class=\"aligncenter size-large\"><a href=\"https:\/\/www.blogsoestado.com\/danielmatos\/files\/2022\/03\/Screenshot_20220322-1832392.png\"><img decoding=\"async\" src=\"https:\/\/www.blogsoestado.com\/danielmatos\/files\/2022\/03\/Screenshot_20220322-1832392.png\" alt=\"\" class=\"wp-image-95357\"\/><\/a><figcaption>Primeira reuni\u00e3o contou com a participa\u00e7\u00e3o de representantes do Coletivo Cad\u00ea o Circo, da Secretaria Municipal de Cultura, do Conselho Municipal de Cultura, representantes do LABHAB+Inova\u00e7\u00e3o e t\u00e9cnicos da SECULT.<\/figcaption><\/figure><\/div>\n\n\n\n<p>O coletivo Cad\u00ea o Circo ganhou refor\u00e7os de profissionais da Arquitetura. Professores do LABHAB+Inova\u00e7\u00e3o do Curso de Arquitetura da UEMA e arquitetos da Secretaria Municipal de Cultura passam a integrar a equipe multidisciplinar que atua no movimento em prol do retorno do Circo da Cidade Nelson Brito.<\/p>\n\n\n\n<p>Foi realizada a primeira reuni\u00e3o entre representantes do Coletivo Cad\u00ea o Circo (composto por artistas, jornalistas, advogados e economista), da Secretaria Municipal de Cultura, do Conselho Municipal de Cultura, representantes do LABHAB+Inova\u00e7\u00e3o e t\u00e9cnicos da SECULT. Entre os temas abordados o local na cidade para abrigar a estrutura do Circo da Cidade.<\/p>\n\n\n\n<p>O secret\u00e1rio municipal de Cultura, Marco Duailibe, apresentou como proposta inicial de instala\u00e7\u00e3o o Parque do Bom Menino. Uma \u00e1rea que segundo o secret\u00e1rio envolve diretamente compet\u00eancias da Secretaria de Cultura, independente de avalia\u00e7\u00f5es de outros setores p\u00fablicos e j\u00e1 com data\u00e7\u00e3o or\u00e7ament\u00e1ria para manuten\u00e7\u00e3o do projeto, independente de aprova\u00e7\u00e3o junto ao do Executivo e aprovada pela C\u00e2mara Municipal de Vereadores. Os locais apresentados est\u00e3o em an\u00e1lise pelo coletivo e pelos arquitetos que passam a ingressar o projeto de retorno do Circo da Cidade.<\/p>\n\n\n\n<p>Outros locais apresentados pelos participantes e debatidos na reuni\u00e3o como: em frente ao Convento das Merc\u00eas, \u00e1rea em frente ao Espa\u00e7o Cultural ou Terminal Integra\u00e7\u00e3o da Praia Grande e F\u00e1brica S\u00e3o Lu\u00eds (C\u00e2nhamo), de acordo com o Secret\u00e1rio de Cultura, implicam em defini\u00e7\u00f5es que passam por outras esferas de poder e exigem trabalho de m\u00e9dio a longo prazo do coletivo junto a outras Secretarias Municipais, C\u00e2mara de Vereadores, IPHAN, Estado do Maranh\u00e3o e outras institui\u00e7\u00f5es.<\/p>\n\n\n\n<p>O coletivo posicionou tamb\u00e9m que o Circo n\u00e3o seja somente um local de eventos, que tenha espa\u00e7o para oficinas de inclus\u00e3o pela arte e educa\u00e7\u00e3o e que em seu espa\u00e7o, contemple tamb\u00e9m a infraestrutura de salas para reuni\u00f5es, anexos para guardar materiais utilizados, rede de energia e sistema de \u00e1gua para abastecimento.<\/p>\n\n\n\n<p>Um cronograma de reuni\u00f5es e uma agenda de trabalho ser\u00e1 mantida entre o Coletivo e as institui\u00e7\u00f5es envolvidas no projeto com o objetivo de avan\u00e7ar no debate de reinstala\u00e7\u00e3o do Circo da Cidade.<\/p>\n","protected":false},"excerpt":{"rendered":"<p>O coletivo Cad\u00ea o Circo ganhou refor\u00e7os de profissionais da Arquitetura. Professores do LABHAB+Inova\u00e7\u00e3o do Curso de Arquitetura da UEMA [&hellip;]<\/p>\n","protected":false},"author":0,"featured_media":0,"comment_status":"open","ping_status":"open","sticky":false,"template":"","format":"standard","meta":{"site-sidebar-layout":"default","site-content-layout":"","ast-site-content-layout":"default","site-content-style":"default","site-sidebar-style":"default","ast-global-header-display":"","ast-banner-title-visibility":"","ast-main-header-display":"","ast-hfb-above-header-display":"","ast-hfb-below-header-display":"","ast-hfb-mobile-header-display":"","site-post-title":"","ast-breadcrumbs-content":"","ast-featured-img":"","footer-sml-layout":"","ast-disable-related-posts":"","theme-transparent-header-meta":"","adv-header-id-meta":"","stick-header-meta":"","header-above-stick-meta":"","header-main-stick-meta":"","header-below-stick-meta":"","astra-migrate-meta-layouts":"default","ast-page-background-enabled":"default","ast-page-background-meta":{"desktop":{"background-color":"var(--ast-global-color-5)","background-image":"","background-repeat":"repeat","background-position":"center center","background-size":"auto","background-attachment":"scroll","background-type":"","background-media":"","overlay-type":"","overlay-color":"","overlay-opacity":"","overlay-gradient":""},"tablet":{"background-color":"","background-image":"","background-repeat":"repeat","background-position":"center center","background-size":"auto","background-attachment":"scroll","background-type":"","background-media":"","overlay-type":"","overlay-color":"","overlay-opacity":"","overlay-gradient":""},"mobile":{"background-color":"","background-image":"","background-repeat":"repeat","background-position":"center center","background-size":"auto","background-attachment":"scroll","background-type":"","background-media":"","overlay-type":"","overlay-color":"","overlay-opacity":"","overlay-gradient":""}},"ast-content-background-meta":{"desktop":{"background-color":"var(--ast-global-color-4)","background-image":"","background-repeat":"repeat","background-position":"center center","background-size":"auto","background-attachment":"scroll","background-type":"","background-media":"","overlay-type":"","overlay-color":"","overlay-opacity":"","overlay-gradient":""},"tablet":{"background-color":"var(--ast-global-color-4)","background-image":"","background-repeat":"repeat","background-position":"center center","background-size":"auto","background-attachment":"scroll","background-type":"","background-media":"","overlay-type":"","overlay-color":"","overlay-opacity":"","overlay-gradient":""},"mobile":{"background-color":"var(--ast-global-color-4)","background-image":"","background-repeat":"repeat","background-position":"center center","background-size":"auto","background-attachment":"scroll","background-type":"","background-media":"","overlay-type":"","overlay-color":"","overlay-opacity":"","overlay-gradient":""}},"footnotes":""},"categories":[1],"tags":[],"class_list":["post-95356","post","type-post","status-publish","format-standard","hentry","category-sem-categoria"],"yoast_head":"<!-- This site is optimized with the Yoast SEO plugin v26.6 - https:\/\/yoast.com\/wordpress\/plugins\/seo\/ -->\n<title>A volta do Circo da Cidade ganha apoio de profissionais da Arquitetura - Daniel Matos<\/title>\n<meta name=\"robots\" content=\"index, follow, max-snippet:-1, max-image-preview:large, max-video-preview:-1\" \/>\n<link rel=\"canonical\" href=\"https:\/\/www.blogsoestado.com\/danielmatos\/a-volta-do-circo-da-cidade-ganha-apoio-de-profissionais-da-arquitetura\/\" \/>\n<meta property=\"og:locale\" content=\"pt_BR\" \/>\n<meta property=\"og:type\" content=\"article\" \/>\n<meta property=\"og:title\" content=\"A volta do Circo da Cidade ganha apoio de profissionais da Arquitetura - Daniel Matos\" \/>\n<meta property=\"og:description\" content=\"O coletivo Cad\u00ea o Circo ganhou refor\u00e7os de profissionais da Arquitetura. Professores do LABHAB+Inova\u00e7\u00e3o do Curso de Arquitetura da UEMA [&hellip;]\" \/>\n<meta property=\"og:url\" content=\"https:\/\/www.blogsoestado.com\/danielmatos\/a-volta-do-circo-da-cidade-ganha-apoio-de-profissionais-da-arquitetura\/\" \/>\n<meta property=\"og:site_name\" content=\"Daniel Matos\" \/>\n<meta property=\"article:published_time\" content=\"2022-03-22T21:39:25+00:00\" \/>\n<meta property=\"og:image\" content=\"https:\/\/www.blogsoestado.com\/danielmatos\/files\/2022\/03\/Screenshot_20220322-1832392.png\" \/>\n<meta name=\"twitter:card\" content=\"summary_large_image\" \/>\n<meta name=\"twitter:label1\" content=\"Est. tempo de leitura\" \/>\n\t<meta name=\"twitter:data1\" content=\"2 minutos\" \/>\n<script type=\"application\/ld+json\" class=\"yoast-schema-graph\">{\"@context\":\"https:\/\/schema.org\",\"@graph\":[{\"@type\":\"WebPage\",\"@id\":\"https:\/\/www.blogsoestado.com\/danielmatos\/a-volta-do-circo-da-cidade-ganha-apoio-de-profissionais-da-arquitetura\/\",\"url\":\"https:\/\/www.blogsoestado.com\/danielmatos\/a-volta-do-circo-da-cidade-ganha-apoio-de-profissionais-da-arquitetura\/\",\"name\":\"A volta do Circo da Cidade ganha apoio de profissionais da Arquitetura - Daniel Matos\",\"isPartOf\":{\"@id\":\"https:\/\/www.blogsoestado.com\/danielmatos\/#website\"},\"primaryImageOfPage\":{\"@id\":\"https:\/\/www.blogsoestado.com\/danielmatos\/a-volta-do-circo-da-cidade-ganha-apoio-de-profissionais-da-arquitetura\/#primaryimage\"},\"image\":{\"@id\":\"https:\/\/www.blogsoestado.com\/danielmatos\/a-volta-do-circo-da-cidade-ganha-apoio-de-profissionais-da-arquitetura\/#primaryimage\"},\"thumbnailUrl\":\"https:\/\/www.blogsoestado.com\/danielmatos\/files\/2022\/03\/Screenshot_20220322-1832392.png\",\"datePublished\":\"2022-03-22T21:39:25+00:00\",\"author\":{\"@id\":\"\"},\"breadcrumb\":{\"@id\":\"https:\/\/www.blogsoestado.com\/danielmatos\/a-volta-do-circo-da-cidade-ganha-apoio-de-profissionais-da-arquitetura\/#breadcrumb\"},\"inLanguage\":\"pt-BR\",\"potentialAction\":[{\"@type\":\"ReadAction\",\"target\":[\"https:\/\/www.blogsoestado.com\/danielmatos\/a-volta-do-circo-da-cidade-ganha-apoio-de-profissionais-da-arquitetura\/\"]}]},{\"@type\":\"ImageObject\",\"inLanguage\":\"pt-BR\",\"@id\":\"https:\/\/www.blogsoestado.com\/danielmatos\/a-volta-do-circo-da-cidade-ganha-apoio-de-profissionais-da-arquitetura\/#primaryimage\",\"url\":\"https:\/\/www.blogsoestado.com\/danielmatos\/files\/2022\/03\/Screenshot_20220322-1832392.png\",\"contentUrl\":\"https:\/\/www.blogsoestado.com\/danielmatos\/files\/2022\/03\/Screenshot_20220322-1832392.png\"},{\"@type\":\"BreadcrumbList\",\"@id\":\"https:\/\/www.blogsoestado.com\/danielmatos\/a-volta-do-circo-da-cidade-ganha-apoio-de-profissionais-da-arquitetura\/#breadcrumb\",\"itemListElement\":[{\"@type\":\"ListItem\",\"position\":1,\"name\":\"In\u00edcio\",\"item\":\"https:\/\/www.blogsoestado.com\/danielmatos\/\"},{\"@type\":\"ListItem\",\"position\":2,\"name\":\"A volta do Circo da Cidade ganha apoio de profissionais da Arquitetura\"}]},{\"@type\":\"WebSite\",\"@id\":\"https:\/\/www.blogsoestado.com\/danielmatos\/#website\",\"url\":\"https:\/\/www.blogsoestado.com\/danielmatos\/\",\"name\":\"Daniel Matos\",\"description\":\"\",\"potentialAction\":[{\"@type\":\"SearchAction\",\"target\":{\"@type\":\"EntryPoint\",\"urlTemplate\":\"https:\/\/www.blogsoestado.com\/danielmatos\/?s={search_term_string}\"},\"query-input\":{\"@type\":\"PropertyValueSpecification\",\"valueRequired\":true,\"valueName\":\"search_term_string\"}}],\"inLanguage\":\"pt-BR\"}]}<\/script>\n<!-- \/ Yoast SEO plugin. -->","yoast_head_json":{"title":"A volta do Circo da Cidade ganha apoio de profissionais da Arquitetura - Daniel Matos","robots":{"index":"index","follow":"follow","max-snippet":"max-snippet:-1","max-image-preview":"max-image-preview:large","max-video-preview":"max-video-preview:-1"},"canonical":"https:\/\/www.blogsoestado.com\/danielmatos\/a-volta-do-circo-da-cidade-ganha-apoio-de-profissionais-da-arquitetura\/","og_locale":"pt_BR","og_type":"article","og_title":"A volta do Circo da Cidade ganha apoio de profissionais da Arquitetura - Daniel Matos","og_description":"O coletivo Cad\u00ea o Circo ganhou refor\u00e7os de profissionais da Arquitetura. Professores do LABHAB+Inova\u00e7\u00e3o do Curso de Arquitetura da UEMA [&hellip;]","og_url":"https:\/\/www.blogsoestado.com\/danielmatos\/a-volta-do-circo-da-cidade-ganha-apoio-de-profissionais-da-arquitetura\/","og_site_name":"Daniel Matos","article_published_time":"2022-03-22T21:39:25+00:00","og_image":[{"url":"https:\/\/www.blogsoestado.com\/danielmatos\/files\/2022\/03\/Screenshot_20220322-1832392.png","type":"","width":"","height":""}],"twitter_card":"summary_large_image","twitter_misc":{"Est. tempo de leitura":"2 minutos"},"schema":{"@context":"https:\/\/schema.org","@graph":[{"@type":"WebPage","@id":"https:\/\/www.blogsoestado.com\/danielmatos\/a-volta-do-circo-da-cidade-ganha-apoio-de-profissionais-da-arquitetura\/","url":"https:\/\/www.blogsoestado.com\/danielmatos\/a-volta-do-circo-da-cidade-ganha-apoio-de-profissionais-da-arquitetura\/","name":"A volta do Circo da Cidade ganha apoio de profissionais da Arquitetura - Daniel Matos","isPartOf":{"@id":"https:\/\/www.blogsoestado.com\/danielmatos\/#website"},"primaryImageOfPage":{"@id":"https:\/\/www.blogsoestado.com\/danielmatos\/a-volta-do-circo-da-cidade-ganha-apoio-de-profissionais-da-arquitetura\/#primaryimage"},"image":{"@id":"https:\/\/www.blogsoestado.com\/danielmatos\/a-volta-do-circo-da-cidade-ganha-apoio-de-profissionais-da-arquitetura\/#primaryimage"},"thumbnailUrl":"https:\/\/www.blogsoestado.com\/danielmatos\/files\/2022\/03\/Screenshot_20220322-1832392.png","datePublished":"2022-03-22T21:39:25+00:00","author":{"@id":""},"breadcrumb":{"@id":"https:\/\/www.blogsoestado.com\/danielmatos\/a-volta-do-circo-da-cidade-ganha-apoio-de-profissionais-da-arquitetura\/#breadcrumb"},"inLanguage":"pt-BR","potentialAction":[{"@type":"ReadAction","target":["https:\/\/www.blogsoestado.com\/danielmatos\/a-volta-do-circo-da-cidade-ganha-apoio-de-profissionais-da-arquitetura\/"]}]},{"@type":"ImageObject","inLanguage":"pt-BR","@id":"https:\/\/www.blogsoestado.com\/danielmatos\/a-volta-do-circo-da-cidade-ganha-apoio-de-profissionais-da-arquitetura\/#primaryimage","url":"https:\/\/www.blogsoestado.com\/danielmatos\/files\/2022\/03\/Screenshot_20220322-1832392.png","contentUrl":"https:\/\/www.blogsoestado.com\/danielmatos\/files\/2022\/03\/Screenshot_20220322-1832392.png"},{"@type":"BreadcrumbList","@id":"https:\/\/www.blogsoestado.com\/danielmatos\/a-volta-do-circo-da-cidade-ganha-apoio-de-profissionais-da-arquitetura\/#breadcrumb","itemListElement":[{"@type":"ListItem","position":1,"name":"In\u00edcio","item":"https:\/\/www.blogsoestado.com\/danielmatos\/"},{"@type":"ListItem","position":2,"name":"A volta do Circo da Cidade ganha apoio de profissionais da Arquitetura"}]},{"@type":"WebSite","@id":"https:\/\/www.blogsoestado.com\/danielmatos\/#website","url":"https:\/\/www.blogsoestado.com\/danielmatos\/","name":"Daniel Matos","description":"","potentialAction":[{"@type":"SearchAction","target":{"@type":"EntryPoint","urlTemplate":"https:\/\/www.blogsoestado.com\/danielmatos\/?s={search_term_string}"},"query-input":{"@type":"PropertyValueSpecification","valueRequired":true,"valueName":"search_term_string"}}],"inLanguage":"pt-BR"}]}},"jetpack_featured_media_url":"","_links":{"self":[{"href":"https:\/\/www.blogsoestado.com\/danielmatos\/wp-json\/wp\/v2\/posts\/95356","targetHints":{"allow":["GET"]}}],"collection":[{"href":"https:\/\/www.blogsoestado.com\/danielmatos\/wp-json\/wp\/v2\/posts"}],"about":[{"href":"https:\/\/www.blogsoestado.com\/danielmatos\/wp-json\/wp\/v2\/types\/post"}],"replies":[{"embeddable":true,"href":"https:\/\/www.blogsoestado.com\/danielmatos\/wp-json\/wp\/v2\/comments?post=95356"}],"version-history":[{"count":0,"href":"https:\/\/www.blogsoestado.com\/danielmatos\/wp-json\/wp\/v2\/posts\/95356\/revisions"}],"wp:attachment":[{"href":"https:\/\/www.blogsoestado.com\/danielmatos\/wp-json\/wp\/v2\/media?parent=95356"}],"wp:term":[{"taxonomy":"category","embeddable":true,"href":"https:\/\/www.blogsoestado.com\/danielmatos\/wp-json\/wp\/v2\/categories?post=95356"},{"taxonomy":"post_tag","embeddable":true,"href":"https:\/\/www.blogsoestado.com\/danielmatos\/wp-json\/wp\/v2\/tags?post=95356"}],"curies":[{"name":"wp","href":"https:\/\/api.w.org\/{rel}","templated":true}]}}