{"id":95359,"date":"2022-03-22T19:21:17","date_gmt":"2022-03-22T22:21:17","guid":{"rendered":"https:\/\/www.blogsoestado.com\/danielmatos\/?p=95359"},"modified":"2022-03-22T19:21:17","modified_gmt":"2022-03-22T22:21:17","slug":"acao-realizada-pela-ja-maranhao-no-colegio-santa-teresa-abordou-os-primeiros-passos-na-jornada-empreendedora","status":"publish","type":"post","link":"https:\/\/www.blogsoestado.com\/danielmatos\/acao-realizada-pela-ja-maranhao-no-colegio-santa-teresa-abordou-os-primeiros-passos-na-jornada-empreendedora\/","title":{"rendered":"A\u00e7\u00e3o realizada pela JA Maranh\u00e3o no Col\u00e9gio Santa Teresa abordou os primeiros passos na jornada empreendedora"},"content":{"rendered":"\n<div class=\"wp-block-image\"><figure class=\"aligncenter size-large\"><a href=\"https:\/\/www.blogsoestado.com\/danielmatos\/files\/2022\/03\/Screenshot_20220322-1913072.png\"><img decoding=\"async\" src=\"https:\/\/www.blogsoestado.com\/danielmatos\/files\/2022\/03\/Screenshot_20220322-1913072.png\" alt=\"\" class=\"wp-image-95360\"\/><\/a><figcaption>D\u00e9bora Almeida fala de suas experi\u00eancias no empreendedorismo para os estudantes<\/figcaption><\/figure><\/div>\n\n\n\n<p>Com o objetivo de fomentar a educa\u00e7\u00e3o empreendedora entre jovens do primeiro ano do ensino m\u00e9dio, a ONG Junior Achievement (JA Maranh\u00e3o) realizou, na \u00faltima quarta-feira (16), o encerramento da a\u00e7\u00e3o \u201cIntrodu\u00e7\u00e3o ao Mundo dos Neg\u00f3cios\u201d com alunos da escola Santa Teresa em S\u00e3o Lu\u00eds. Quatorze alunos participaram da din\u00e2mica que contou com a participa\u00e7\u00e3o da administradora, contadora e empres\u00e1ria, D\u00e9bora Almeida.<\/p>\n\n\n\n<div class=\"wp-block-image\"><figure class=\"aligncenter size-large\"><a href=\"https:\/\/www.blogsoestado.com\/danielmatos\/files\/2022\/03\/Screenshot_20220322-1914512.png\"><img decoding=\"async\" src=\"https:\/\/www.blogsoestado.com\/danielmatos\/files\/2022\/03\/Screenshot_20220322-1914512.png\" alt=\"\" class=\"wp-image-95361\"\/><\/a><figcaption>Estudantes participam de din\u00e2mica na finaliza\u00e7\u00e3o do programa &#8220;Introdu\u00e7\u00e3o ao Mundo dos Neg\u00f3cios&#8221;<\/figcaption><\/figure><\/div>\n\n\n\n<p>&nbsp;Segundo o diretor-executivo da JA Maranh\u00e3o, Saulo Nunes, a a\u00e7\u00e3o foi a primeira etapa de um projeto que deve se estender por todo ano, durante o qual qual por meio de atividades, intera\u00e7\u00f5es e palestras a organiza\u00e7\u00e3o trabalhar\u00e1 o engajamento entre os alunos e a educa\u00e7\u00e3o financeira, enquanto busca promover e despertar o interesse deles por temas relacionados ao empreendedorismo. Ao todo, 22 alunos fazem parte do projeto.<\/p>\n\n\n\n<div class=\"wp-block-image\"><figure class=\"aligncenter size-large\"><a href=\"https:\/\/www.blogsoestado.com\/danielmatos\/files\/2022\/03\/Screenshot_20220322-1917202.png\"><img decoding=\"async\" src=\"https:\/\/www.blogsoestado.com\/danielmatos\/files\/2022\/03\/Screenshot_20220322-1917202.png\" alt=\"\" class=\"wp-image-95362\"\/><\/a><figcaption>Alunos da escola Santa Teresa em din\u00e2mica sobre o empreendedorismo.<\/figcaption><\/figure><\/div>\n\n\n\n<p>A atividade realizada forneceu aos estudantes informa\u00e7\u00f5es pr\u00e1ticas sobre a organiza\u00e7\u00e3o e a opera\u00e7\u00e3o de neg\u00f3cios em um mercado de livre iniciativa.<\/p>\n\n\n\n<div class=\"wp-block-image\"><figure class=\"aligncenter size-large\"><a href=\"https:\/\/www.blogsoestado.com\/danielmatos\/files\/2022\/03\/Screenshot_20220322-1919092.png\"><img decoding=\"async\" src=\"https:\/\/www.blogsoestado.com\/danielmatos\/files\/2022\/03\/Screenshot_20220322-1919092.png\" alt=\"\" class=\"wp-image-95363\"\/><\/a><figcaption>Diretor-geral da JA, Saulo Nunes, conversa com os estudantes sobre empreendedorismo e educa\u00e7\u00e3o financeira.<\/figcaption><\/figure><\/div>\n\n\n\n<p>A palestrante D\u00e9bora Almeida que j\u00e1 foi aluna do col\u00e9gio Santa Teresa e tamb\u00e9m integrou a equipe do JA como volunt\u00e1ria, compartilhou com os estudantes algumas de suas experi\u00eancias enquanto empreendedora, falou dos benef\u00edcios e desafios que enfrenta como empres\u00e1ria e ainda debateu sobre a jornada de outros empreendedores, para estimular os jovens a refletirem mais sobre o tema.<\/p>\n","protected":false},"excerpt":{"rendered":"<p>Com o objetivo de fomentar a educa\u00e7\u00e3o empreendedora entre jovens do primeiro ano do ensino m\u00e9dio, a ONG Junior Achievement [&hellip;]<\/p>\n","protected":false},"author":0,"featured_media":0,"comment_status":"open","ping_status":"open","sticky":false,"template":"","format":"standard","meta":{"site-sidebar-layout":"default","site-content-layout":"","ast-site-content-layout":"default","site-content-style":"default","site-sidebar-style":"default","ast-global-header-display":"","ast-banner-title-visibility":"","ast-main-header-display":"","ast-hfb-above-header-display":"","ast-hfb-below-header-display":"","ast-hfb-mobile-header-display":"","site-post-title":"","ast-breadcrumbs-content":"","ast-featured-img":"","footer-sml-layout":"","ast-disable-related-posts":"","theme-transparent-header-meta":"","adv-header-id-meta":"","stick-header-meta":"","header-above-stick-meta":"","header-main-stick-meta":"","header-below-stick-meta":"","astra-migrate-meta-layouts":"default","ast-page-background-enabled":"default","ast-page-background-meta":{"desktop":{"background-color":"var(--ast-global-color-5)","background-image":"","background-repeat":"repeat","background-position":"center center","background-size":"auto","background-attachment":"scroll","background-type":"","background-media":"","overlay-type":"","overlay-color":"","overlay-opacity":"","overlay-gradient":""},"tablet":{"background-color":"","background-image":"","background-repeat":"repeat","background-position":"center center","background-size":"auto","background-attachment":"scroll","background-type":"","background-media":"","overlay-type":"","overlay-color":"","overlay-opacity":"","overlay-gradient":""},"mobile":{"background-color":"","background-image":"","background-repeat":"repeat","background-position":"center center","background-size":"auto","background-attachment":"scroll","background-type":"","background-media":"","overlay-type":"","overlay-color":"","overlay-opacity":"","overlay-gradient":""}},"ast-content-background-meta":{"desktop":{"background-color":"var(--ast-global-color-4)","background-image":"","background-repeat":"repeat","background-position":"center center","background-size":"auto","background-attachment":"scroll","background-type":"","background-media":"","overlay-type":"","overlay-color":"","overlay-opacity":"","overlay-gradient":""},"tablet":{"background-color":"var(--ast-global-color-4)","background-image":"","background-repeat":"repeat","background-position":"center center","background-size":"auto","background-attachment":"scroll","background-type":"","background-media":"","overlay-type":"","overlay-color":"","overlay-opacity":"","overlay-gradient":""},"mobile":{"background-color":"var(--ast-global-color-4)","background-image":"","background-repeat":"repeat","background-position":"center center","background-size":"auto","background-attachment":"scroll","background-type":"","background-media":"","overlay-type":"","overlay-color":"","overlay-opacity":"","overlay-gradient":""}},"footnotes":""},"categories":[1],"tags":[],"class_list":["post-95359","post","type-post","status-publish","format-standard","hentry","category-sem-categoria"],"yoast_head":"<!-- This site is optimized with the Yoast SEO plugin v26.6 - https:\/\/yoast.com\/wordpress\/plugins\/seo\/ -->\n<title>A\u00e7\u00e3o realizada pela JA Maranh\u00e3o no Col\u00e9gio Santa Teresa abordou os primeiros passos na jornada empreendedora - Daniel Matos<\/title>\n<meta name=\"robots\" content=\"index, follow, max-snippet:-1, max-image-preview:large, max-video-preview:-1\" \/>\n<link rel=\"canonical\" href=\"https:\/\/www.blogsoestado.com\/danielmatos\/acao-realizada-pela-ja-maranhao-no-colegio-santa-teresa-abordou-os-primeiros-passos-na-jornada-empreendedora\/\" \/>\n<meta property=\"og:locale\" content=\"pt_BR\" \/>\n<meta property=\"og:type\" content=\"article\" \/>\n<meta property=\"og:title\" content=\"A\u00e7\u00e3o realizada pela JA Maranh\u00e3o no Col\u00e9gio Santa Teresa abordou os primeiros passos na jornada empreendedora - Daniel Matos\" \/>\n<meta property=\"og:description\" content=\"Com o objetivo de fomentar a educa\u00e7\u00e3o empreendedora entre jovens do primeiro ano do ensino m\u00e9dio, a ONG Junior Achievement [&hellip;]\" \/>\n<meta property=\"og:url\" content=\"https:\/\/www.blogsoestado.com\/danielmatos\/acao-realizada-pela-ja-maranhao-no-colegio-santa-teresa-abordou-os-primeiros-passos-na-jornada-empreendedora\/\" \/>\n<meta property=\"og:site_name\" content=\"Daniel Matos\" \/>\n<meta property=\"article:published_time\" content=\"2022-03-22T22:21:17+00:00\" \/>\n<meta property=\"og:image\" content=\"https:\/\/www.blogsoestado.com\/danielmatos\/files\/2022\/03\/Screenshot_20220322-1913072.png\" \/>\n<meta name=\"twitter:card\" content=\"summary_large_image\" \/>\n<meta name=\"twitter:label1\" content=\"Est. tempo de leitura\" \/>\n\t<meta name=\"twitter:data1\" content=\"2 minutos\" \/>\n<script type=\"application\/ld+json\" class=\"yoast-schema-graph\">{\"@context\":\"https:\/\/schema.org\",\"@graph\":[{\"@type\":\"WebPage\",\"@id\":\"https:\/\/www.blogsoestado.com\/danielmatos\/acao-realizada-pela-ja-maranhao-no-colegio-santa-teresa-abordou-os-primeiros-passos-na-jornada-empreendedora\/\",\"url\":\"https:\/\/www.blogsoestado.com\/danielmatos\/acao-realizada-pela-ja-maranhao-no-colegio-santa-teresa-abordou-os-primeiros-passos-na-jornada-empreendedora\/\",\"name\":\"A\u00e7\u00e3o realizada pela JA Maranh\u00e3o no Col\u00e9gio Santa Teresa abordou os primeiros passos na jornada empreendedora - Daniel Matos\",\"isPartOf\":{\"@id\":\"https:\/\/www.blogsoestado.com\/danielmatos\/#website\"},\"primaryImageOfPage\":{\"@id\":\"https:\/\/www.blogsoestado.com\/danielmatos\/acao-realizada-pela-ja-maranhao-no-colegio-santa-teresa-abordou-os-primeiros-passos-na-jornada-empreendedora\/#primaryimage\"},\"image\":{\"@id\":\"https:\/\/www.blogsoestado.com\/danielmatos\/acao-realizada-pela-ja-maranhao-no-colegio-santa-teresa-abordou-os-primeiros-passos-na-jornada-empreendedora\/#primaryimage\"},\"thumbnailUrl\":\"https:\/\/www.blogsoestado.com\/danielmatos\/files\/2022\/03\/Screenshot_20220322-1913072.png\",\"datePublished\":\"2022-03-22T22:21:17+00:00\",\"author\":{\"@id\":\"\"},\"breadcrumb\":{\"@id\":\"https:\/\/www.blogsoestado.com\/danielmatos\/acao-realizada-pela-ja-maranhao-no-colegio-santa-teresa-abordou-os-primeiros-passos-na-jornada-empreendedora\/#breadcrumb\"},\"inLanguage\":\"pt-BR\",\"potentialAction\":[{\"@type\":\"ReadAction\",\"target\":[\"https:\/\/www.blogsoestado.com\/danielmatos\/acao-realizada-pela-ja-maranhao-no-colegio-santa-teresa-abordou-os-primeiros-passos-na-jornada-empreendedora\/\"]}]},{\"@type\":\"ImageObject\",\"inLanguage\":\"pt-BR\",\"@id\":\"https:\/\/www.blogsoestado.com\/danielmatos\/acao-realizada-pela-ja-maranhao-no-colegio-santa-teresa-abordou-os-primeiros-passos-na-jornada-empreendedora\/#primaryimage\",\"url\":\"https:\/\/www.blogsoestado.com\/danielmatos\/files\/2022\/03\/Screenshot_20220322-1913072.png\",\"contentUrl\":\"https:\/\/www.blogsoestado.com\/danielmatos\/files\/2022\/03\/Screenshot_20220322-1913072.png\"},{\"@type\":\"BreadcrumbList\",\"@id\":\"https:\/\/www.blogsoestado.com\/danielmatos\/acao-realizada-pela-ja-maranhao-no-colegio-santa-teresa-abordou-os-primeiros-passos-na-jornada-empreendedora\/#breadcrumb\",\"itemListElement\":[{\"@type\":\"ListItem\",\"position\":1,\"name\":\"In\u00edcio\",\"item\":\"https:\/\/www.blogsoestado.com\/danielmatos\/\"},{\"@type\":\"ListItem\",\"position\":2,\"name\":\"A\u00e7\u00e3o realizada pela JA Maranh\u00e3o no Col\u00e9gio Santa Teresa abordou os primeiros passos na jornada empreendedora\"}]},{\"@type\":\"WebSite\",\"@id\":\"https:\/\/www.blogsoestado.com\/danielmatos\/#website\",\"url\":\"https:\/\/www.blogsoestado.com\/danielmatos\/\",\"name\":\"Daniel Matos\",\"description\":\"\",\"potentialAction\":[{\"@type\":\"SearchAction\",\"target\":{\"@type\":\"EntryPoint\",\"urlTemplate\":\"https:\/\/www.blogsoestado.com\/danielmatos\/?s={search_term_string}\"},\"query-input\":{\"@type\":\"PropertyValueSpecification\",\"valueRequired\":true,\"valueName\":\"search_term_string\"}}],\"inLanguage\":\"pt-BR\"}]}<\/script>\n<!-- \/ Yoast SEO plugin. -->","yoast_head_json":{"title":"A\u00e7\u00e3o realizada pela JA Maranh\u00e3o no Col\u00e9gio Santa Teresa abordou os primeiros passos na jornada empreendedora - Daniel Matos","robots":{"index":"index","follow":"follow","max-snippet":"max-snippet:-1","max-image-preview":"max-image-preview:large","max-video-preview":"max-video-preview:-1"},"canonical":"https:\/\/www.blogsoestado.com\/danielmatos\/acao-realizada-pela-ja-maranhao-no-colegio-santa-teresa-abordou-os-primeiros-passos-na-jornada-empreendedora\/","og_locale":"pt_BR","og_type":"article","og_title":"A\u00e7\u00e3o realizada pela JA Maranh\u00e3o no Col\u00e9gio Santa Teresa abordou os primeiros passos na jornada empreendedora - Daniel Matos","og_description":"Com o objetivo de fomentar a educa\u00e7\u00e3o empreendedora entre jovens do primeiro ano do ensino m\u00e9dio, a ONG Junior Achievement [&hellip;]","og_url":"https:\/\/www.blogsoestado.com\/danielmatos\/acao-realizada-pela-ja-maranhao-no-colegio-santa-teresa-abordou-os-primeiros-passos-na-jornada-empreendedora\/","og_site_name":"Daniel Matos","article_published_time":"2022-03-22T22:21:17+00:00","og_image":[{"url":"https:\/\/www.blogsoestado.com\/danielmatos\/files\/2022\/03\/Screenshot_20220322-1913072.png","type":"","width":"","height":""}],"twitter_card":"summary_large_image","twitter_misc":{"Est. tempo de leitura":"2 minutos"},"schema":{"@context":"https:\/\/schema.org","@graph":[{"@type":"WebPage","@id":"https:\/\/www.blogsoestado.com\/danielmatos\/acao-realizada-pela-ja-maranhao-no-colegio-santa-teresa-abordou-os-primeiros-passos-na-jornada-empreendedora\/","url":"https:\/\/www.blogsoestado.com\/danielmatos\/acao-realizada-pela-ja-maranhao-no-colegio-santa-teresa-abordou-os-primeiros-passos-na-jornada-empreendedora\/","name":"A\u00e7\u00e3o realizada pela JA Maranh\u00e3o no Col\u00e9gio Santa Teresa abordou os primeiros passos na jornada empreendedora - Daniel Matos","isPartOf":{"@id":"https:\/\/www.blogsoestado.com\/danielmatos\/#website"},"primaryImageOfPage":{"@id":"https:\/\/www.blogsoestado.com\/danielmatos\/acao-realizada-pela-ja-maranhao-no-colegio-santa-teresa-abordou-os-primeiros-passos-na-jornada-empreendedora\/#primaryimage"},"image":{"@id":"https:\/\/www.blogsoestado.com\/danielmatos\/acao-realizada-pela-ja-maranhao-no-colegio-santa-teresa-abordou-os-primeiros-passos-na-jornada-empreendedora\/#primaryimage"},"thumbnailUrl":"https:\/\/www.blogsoestado.com\/danielmatos\/files\/2022\/03\/Screenshot_20220322-1913072.png","datePublished":"2022-03-22T22:21:17+00:00","author":{"@id":""},"breadcrumb":{"@id":"https:\/\/www.blogsoestado.com\/danielmatos\/acao-realizada-pela-ja-maranhao-no-colegio-santa-teresa-abordou-os-primeiros-passos-na-jornada-empreendedora\/#breadcrumb"},"inLanguage":"pt-BR","potentialAction":[{"@type":"ReadAction","target":["https:\/\/www.blogsoestado.com\/danielmatos\/acao-realizada-pela-ja-maranhao-no-colegio-santa-teresa-abordou-os-primeiros-passos-na-jornada-empreendedora\/"]}]},{"@type":"ImageObject","inLanguage":"pt-BR","@id":"https:\/\/www.blogsoestado.com\/danielmatos\/acao-realizada-pela-ja-maranhao-no-colegio-santa-teresa-abordou-os-primeiros-passos-na-jornada-empreendedora\/#primaryimage","url":"https:\/\/www.blogsoestado.com\/danielmatos\/files\/2022\/03\/Screenshot_20220322-1913072.png","contentUrl":"https:\/\/www.blogsoestado.com\/danielmatos\/files\/2022\/03\/Screenshot_20220322-1913072.png"},{"@type":"BreadcrumbList","@id":"https:\/\/www.blogsoestado.com\/danielmatos\/acao-realizada-pela-ja-maranhao-no-colegio-santa-teresa-abordou-os-primeiros-passos-na-jornada-empreendedora\/#breadcrumb","itemListElement":[{"@type":"ListItem","position":1,"name":"In\u00edcio","item":"https:\/\/www.blogsoestado.com\/danielmatos\/"},{"@type":"ListItem","position":2,"name":"A\u00e7\u00e3o realizada pela JA Maranh\u00e3o no Col\u00e9gio Santa Teresa abordou os primeiros passos na jornada empreendedora"}]},{"@type":"WebSite","@id":"https:\/\/www.blogsoestado.com\/danielmatos\/#website","url":"https:\/\/www.blogsoestado.com\/danielmatos\/","name":"Daniel Matos","description":"","potentialAction":[{"@type":"SearchAction","target":{"@type":"EntryPoint","urlTemplate":"https:\/\/www.blogsoestado.com\/danielmatos\/?s={search_term_string}"},"query-input":{"@type":"PropertyValueSpecification","valueRequired":true,"valueName":"search_term_string"}}],"inLanguage":"pt-BR"}]}},"jetpack_featured_media_url":"","_links":{"self":[{"href":"https:\/\/www.blogsoestado.com\/danielmatos\/wp-json\/wp\/v2\/posts\/95359","targetHints":{"allow":["GET"]}}],"collection":[{"href":"https:\/\/www.blogsoestado.com\/danielmatos\/wp-json\/wp\/v2\/posts"}],"about":[{"href":"https:\/\/www.blogsoestado.com\/danielmatos\/wp-json\/wp\/v2\/types\/post"}],"replies":[{"embeddable":true,"href":"https:\/\/www.blogsoestado.com\/danielmatos\/wp-json\/wp\/v2\/comments?post=95359"}],"version-history":[{"count":0,"href":"https:\/\/www.blogsoestado.com\/danielmatos\/wp-json\/wp\/v2\/posts\/95359\/revisions"}],"wp:attachment":[{"href":"https:\/\/www.blogsoestado.com\/danielmatos\/wp-json\/wp\/v2\/media?parent=95359"}],"wp:term":[{"taxonomy":"category","embeddable":true,"href":"https:\/\/www.blogsoestado.com\/danielmatos\/wp-json\/wp\/v2\/categories?post=95359"},{"taxonomy":"post_tag","embeddable":true,"href":"https:\/\/www.blogsoestado.com\/danielmatos\/wp-json\/wp\/v2\/tags?post=95359"}],"curies":[{"name":"wp","href":"https:\/\/api.w.org\/{rel}","templated":true}]}}