{"id":95367,"date":"2022-03-22T21:22:02","date_gmt":"2022-03-23T00:22:02","guid":{"rendered":"https:\/\/www.blogsoestado.com\/danielmatos\/?p=95367"},"modified":"2022-03-22T21:22:02","modified_gmt":"2022-03-23T00:22:02","slug":"deputado-wellington-destaca-mais-um-protesto-dos-professores-contra-flavio-dino-na-luta-pelo-reajuste-de-3324-dessa-vez-na-cidade-de-sao-joao-do-soter","status":"publish","type":"post","link":"https:\/\/www.blogsoestado.com\/danielmatos\/deputado-wellington-destaca-mais-um-protesto-dos-professores-contra-flavio-dino-na-luta-pelo-reajuste-de-3324-dessa-vez-na-cidade-de-sao-joao-do-soter\/","title":{"rendered":"Deputado Wellington destaca mais um protesto dos professores contra Fl\u00e1vio Dino na luta pelo reajuste de 33,24%. Dessa vez na cidade de S\u00e3o Jo\u00e3o do Soter"},"content":{"rendered":"\n<div class=\"wp-block-image\"><figure class=\"aligncenter size-large\"><a href=\"https:\/\/www.blogsoestado.com\/danielmatos\/files\/2022\/03\/Screenshot_20220322-2111022.png\"><img decoding=\"async\" src=\"https:\/\/www.blogsoestado.com\/danielmatos\/files\/2022\/03\/Screenshot_20220322-2111022.png\" alt=\"\" class=\"wp-image-95368\"\/><\/a><figcaption>Seguran\u00e7as tentaram reprimir professores durante a manifesta\u00e7\u00e3o em S\u00e3o Jo\u00e3o do S\u00f3ter <\/figcaption><\/figure><\/div>\n\n\n\n<p>O deputado estadual Wellington do Curso utilizou as redes sociais, nesse domingo (20), para fazer refer\u00eancia \u00e0 s\u00e9rie de protestos que os professores maranhenses tem realizado contra o governador Fl\u00e1vio Dino. O objetivo das manifesta\u00e7\u00f5es \u00e9 garantir o reajuste de 33,24%, algo que tem sido ignorado pelo Governo do Estado.<\/p>\n\n\n\n<p>Em nota, o deputado Wellington destacou a coragem dos professores e reafirmou o seu compromisso com a categoria.<\/p>\n\n\n\n<p>\u201cPor onde Fl\u00e1vio Dino passa, os professores marcam presen\u00e7a n\u00e3o para aplaudir o (des)governo, mas para reivindicar seus direitos. O governador da persegui\u00e7\u00e3o tenta mais uma vez intimidar os professores com seus seguran\u00e7as, mas esquece que os educadores s\u00e3o corajosos e v\u00e3o at\u00e9 o fim para ter o reajuste que lhes \u00e9 devido. Como deputado estadual, continuarei fazendo a cobran\u00e7a usando a tribuna da Assembleia Legislativa. Professores do Maranh\u00e3o, contem com o apoio incondicional do deputado estadual Wellington do Curso\u201d, disse o parlamentar.<\/p>\n\n\n\n<p>Assista:<\/p>\n\n\n\n<figure class=\"wp-block-embed is-type-video is-provider-youtube wp-block-embed-youtube wp-embed-aspect-16-9 wp-has-aspect-ratio\"><div class=\"wp-block-embed__wrapper\">\n<iframe title=\"Protesto de professores em S\u00e3o Jo\u00e3o do S\u00f3ter\" width=\"500\" height=\"281\" src=\"https:\/\/www.youtube.com\/embed\/jBTDmBHVZgU?feature=oembed\" frameborder=\"0\" allow=\"accelerometer; autoplay; clipboard-write; encrypted-media; gyroscope; picture-in-picture; web-share\" referrerpolicy=\"strict-origin-when-cross-origin\" allowfullscreen><\/iframe>\n<\/div><\/figure>\n","protected":false},"excerpt":{"rendered":"<p>O deputado estadual Wellington do Curso utilizou as redes sociais, nesse domingo (20), para fazer refer\u00eancia \u00e0 s\u00e9rie de protestos [&hellip;]<\/p>\n","protected":false},"author":0,"featured_media":0,"comment_status":"open","ping_status":"open","sticky":false,"template":"","format":"standard","meta":{"site-sidebar-layout":"default","site-content-layout":"","ast-site-content-layout":"default","site-content-style":"default","site-sidebar-style":"default","ast-global-header-display":"","ast-banner-title-visibility":"","ast-main-header-display":"","ast-hfb-above-header-display":"","ast-hfb-below-header-display":"","ast-hfb-mobile-header-display":"","site-post-title":"","ast-breadcrumbs-content":"","ast-featured-img":"","footer-sml-layout":"","ast-disable-related-posts":"","theme-transparent-header-meta":"","adv-header-id-meta":"","stick-header-meta":"","header-above-stick-meta":"","header-main-stick-meta":"","header-below-stick-meta":"","astra-migrate-meta-layouts":"default","ast-page-background-enabled":"default","ast-page-background-meta":{"desktop":{"background-color":"var(--ast-global-color-5)","background-image":"","background-repeat":"repeat","background-position":"center center","background-size":"auto","background-attachment":"scroll","background-type":"","background-media":"","overlay-type":"","overlay-color":"","overlay-opacity":"","overlay-gradient":""},"tablet":{"background-color":"","background-image":"","background-repeat":"repeat","background-position":"center center","background-size":"auto","background-attachment":"scroll","background-type":"","background-media":"","overlay-type":"","overlay-color":"","overlay-opacity":"","overlay-gradient":""},"mobile":{"background-color":"","background-image":"","background-repeat":"repeat","background-position":"center center","background-size":"auto","background-attachment":"scroll","background-type":"","background-media":"","overlay-type":"","overlay-color":"","overlay-opacity":"","overlay-gradient":""}},"ast-content-background-meta":{"desktop":{"background-color":"var(--ast-global-color-4)","background-image":"","background-repeat":"repeat","background-position":"center center","background-size":"auto","background-attachment":"scroll","background-type":"","background-media":"","overlay-type":"","overlay-color":"","overlay-opacity":"","overlay-gradient":""},"tablet":{"background-color":"var(--ast-global-color-4)","background-image":"","background-repeat":"repeat","background-position":"center center","background-size":"auto","background-attachment":"scroll","background-type":"","background-media":"","overlay-type":"","overlay-color":"","overlay-opacity":"","overlay-gradient":""},"mobile":{"background-color":"var(--ast-global-color-4)","background-image":"","background-repeat":"repeat","background-position":"center center","background-size":"auto","background-attachment":"scroll","background-type":"","background-media":"","overlay-type":"","overlay-color":"","overlay-opacity":"","overlay-gradient":""}},"footnotes":""},"categories":[1],"tags":[],"class_list":["post-95367","post","type-post","status-publish","format-standard","hentry","category-sem-categoria"],"yoast_head":"<!-- This site is optimized with the Yoast SEO plugin v26.6 - https:\/\/yoast.com\/wordpress\/plugins\/seo\/ -->\n<title>Deputado Wellington destaca mais um protesto dos professores contra Fl\u00e1vio Dino na luta pelo reajuste de 33,24%. Dessa vez na cidade de S\u00e3o Jo\u00e3o do Soter - Daniel Matos<\/title>\n<meta name=\"robots\" content=\"index, follow, max-snippet:-1, max-image-preview:large, max-video-preview:-1\" \/>\n<link rel=\"canonical\" href=\"https:\/\/www.blogsoestado.com\/danielmatos\/deputado-wellington-destaca-mais-um-protesto-dos-professores-contra-flavio-dino-na-luta-pelo-reajuste-de-3324-dessa-vez-na-cidade-de-sao-joao-do-soter\/\" \/>\n<meta property=\"og:locale\" content=\"pt_BR\" \/>\n<meta property=\"og:type\" content=\"article\" \/>\n<meta property=\"og:title\" content=\"Deputado Wellington destaca mais um protesto dos professores contra Fl\u00e1vio Dino na luta pelo reajuste de 33,24%. Dessa vez na cidade de S\u00e3o Jo\u00e3o do Soter - Daniel Matos\" \/>\n<meta property=\"og:description\" content=\"O deputado estadual Wellington do Curso utilizou as redes sociais, nesse domingo (20), para fazer refer\u00eancia \u00e0 s\u00e9rie de protestos [&hellip;]\" \/>\n<meta property=\"og:url\" content=\"https:\/\/www.blogsoestado.com\/danielmatos\/deputado-wellington-destaca-mais-um-protesto-dos-professores-contra-flavio-dino-na-luta-pelo-reajuste-de-3324-dessa-vez-na-cidade-de-sao-joao-do-soter\/\" \/>\n<meta property=\"og:site_name\" content=\"Daniel Matos\" \/>\n<meta property=\"article:published_time\" content=\"2022-03-23T00:22:02+00:00\" \/>\n<meta property=\"og:image\" content=\"https:\/\/www.blogsoestado.com\/danielmatos\/files\/2022\/03\/Screenshot_20220322-2111022.png\" \/>\n<meta name=\"twitter:card\" content=\"summary_large_image\" \/>\n<meta name=\"twitter:label1\" content=\"Est. tempo de leitura\" \/>\n\t<meta name=\"twitter:data1\" content=\"1 minuto\" \/>\n<script type=\"application\/ld+json\" class=\"yoast-schema-graph\">{\"@context\":\"https:\/\/schema.org\",\"@graph\":[{\"@type\":\"WebPage\",\"@id\":\"https:\/\/www.blogsoestado.com\/danielmatos\/deputado-wellington-destaca-mais-um-protesto-dos-professores-contra-flavio-dino-na-luta-pelo-reajuste-de-3324-dessa-vez-na-cidade-de-sao-joao-do-soter\/\",\"url\":\"https:\/\/www.blogsoestado.com\/danielmatos\/deputado-wellington-destaca-mais-um-protesto-dos-professores-contra-flavio-dino-na-luta-pelo-reajuste-de-3324-dessa-vez-na-cidade-de-sao-joao-do-soter\/\",\"name\":\"Deputado Wellington destaca mais um protesto dos professores contra Fl\u00e1vio Dino na luta pelo reajuste de 33,24%. Dessa vez na cidade de S\u00e3o Jo\u00e3o do Soter - Daniel Matos\",\"isPartOf\":{\"@id\":\"https:\/\/www.blogsoestado.com\/danielmatos\/#website\"},\"primaryImageOfPage\":{\"@id\":\"https:\/\/www.blogsoestado.com\/danielmatos\/deputado-wellington-destaca-mais-um-protesto-dos-professores-contra-flavio-dino-na-luta-pelo-reajuste-de-3324-dessa-vez-na-cidade-de-sao-joao-do-soter\/#primaryimage\"},\"image\":{\"@id\":\"https:\/\/www.blogsoestado.com\/danielmatos\/deputado-wellington-destaca-mais-um-protesto-dos-professores-contra-flavio-dino-na-luta-pelo-reajuste-de-3324-dessa-vez-na-cidade-de-sao-joao-do-soter\/#primaryimage\"},\"thumbnailUrl\":\"https:\/\/www.blogsoestado.com\/danielmatos\/files\/2022\/03\/Screenshot_20220322-2111022.png\",\"datePublished\":\"2022-03-23T00:22:02+00:00\",\"author\":{\"@id\":\"\"},\"breadcrumb\":{\"@id\":\"https:\/\/www.blogsoestado.com\/danielmatos\/deputado-wellington-destaca-mais-um-protesto-dos-professores-contra-flavio-dino-na-luta-pelo-reajuste-de-3324-dessa-vez-na-cidade-de-sao-joao-do-soter\/#breadcrumb\"},\"inLanguage\":\"pt-BR\",\"potentialAction\":[{\"@type\":\"ReadAction\",\"target\":[\"https:\/\/www.blogsoestado.com\/danielmatos\/deputado-wellington-destaca-mais-um-protesto-dos-professores-contra-flavio-dino-na-luta-pelo-reajuste-de-3324-dessa-vez-na-cidade-de-sao-joao-do-soter\/\"]}]},{\"@type\":\"ImageObject\",\"inLanguage\":\"pt-BR\",\"@id\":\"https:\/\/www.blogsoestado.com\/danielmatos\/deputado-wellington-destaca-mais-um-protesto-dos-professores-contra-flavio-dino-na-luta-pelo-reajuste-de-3324-dessa-vez-na-cidade-de-sao-joao-do-soter\/#primaryimage\",\"url\":\"https:\/\/www.blogsoestado.com\/danielmatos\/files\/2022\/03\/Screenshot_20220322-2111022.png\",\"contentUrl\":\"https:\/\/www.blogsoestado.com\/danielmatos\/files\/2022\/03\/Screenshot_20220322-2111022.png\"},{\"@type\":\"BreadcrumbList\",\"@id\":\"https:\/\/www.blogsoestado.com\/danielmatos\/deputado-wellington-destaca-mais-um-protesto-dos-professores-contra-flavio-dino-na-luta-pelo-reajuste-de-3324-dessa-vez-na-cidade-de-sao-joao-do-soter\/#breadcrumb\",\"itemListElement\":[{\"@type\":\"ListItem\",\"position\":1,\"name\":\"In\u00edcio\",\"item\":\"https:\/\/www.blogsoestado.com\/danielmatos\/\"},{\"@type\":\"ListItem\",\"position\":2,\"name\":\"Deputado Wellington destaca mais um protesto dos professores contra Fl\u00e1vio Dino na luta pelo reajuste de 33,24%. Dessa vez na cidade de S\u00e3o Jo\u00e3o do Soter\"}]},{\"@type\":\"WebSite\",\"@id\":\"https:\/\/www.blogsoestado.com\/danielmatos\/#website\",\"url\":\"https:\/\/www.blogsoestado.com\/danielmatos\/\",\"name\":\"Daniel Matos\",\"description\":\"\",\"potentialAction\":[{\"@type\":\"SearchAction\",\"target\":{\"@type\":\"EntryPoint\",\"urlTemplate\":\"https:\/\/www.blogsoestado.com\/danielmatos\/?s={search_term_string}\"},\"query-input\":{\"@type\":\"PropertyValueSpecification\",\"valueRequired\":true,\"valueName\":\"search_term_string\"}}],\"inLanguage\":\"pt-BR\"}]}<\/script>\n<!-- \/ Yoast SEO plugin. -->","yoast_head_json":{"title":"Deputado Wellington destaca mais um protesto dos professores contra Fl\u00e1vio Dino na luta pelo reajuste de 33,24%. Dessa vez na cidade de S\u00e3o Jo\u00e3o do Soter - Daniel Matos","robots":{"index":"index","follow":"follow","max-snippet":"max-snippet:-1","max-image-preview":"max-image-preview:large","max-video-preview":"max-video-preview:-1"},"canonical":"https:\/\/www.blogsoestado.com\/danielmatos\/deputado-wellington-destaca-mais-um-protesto-dos-professores-contra-flavio-dino-na-luta-pelo-reajuste-de-3324-dessa-vez-na-cidade-de-sao-joao-do-soter\/","og_locale":"pt_BR","og_type":"article","og_title":"Deputado Wellington destaca mais um protesto dos professores contra Fl\u00e1vio Dino na luta pelo reajuste de 33,24%. Dessa vez na cidade de S\u00e3o Jo\u00e3o do Soter - Daniel Matos","og_description":"O deputado estadual Wellington do Curso utilizou as redes sociais, nesse domingo (20), para fazer refer\u00eancia \u00e0 s\u00e9rie de protestos [&hellip;]","og_url":"https:\/\/www.blogsoestado.com\/danielmatos\/deputado-wellington-destaca-mais-um-protesto-dos-professores-contra-flavio-dino-na-luta-pelo-reajuste-de-3324-dessa-vez-na-cidade-de-sao-joao-do-soter\/","og_site_name":"Daniel Matos","article_published_time":"2022-03-23T00:22:02+00:00","og_image":[{"url":"https:\/\/www.blogsoestado.com\/danielmatos\/files\/2022\/03\/Screenshot_20220322-2111022.png","type":"","width":"","height":""}],"twitter_card":"summary_large_image","twitter_misc":{"Est. tempo de leitura":"1 minuto"},"schema":{"@context":"https:\/\/schema.org","@graph":[{"@type":"WebPage","@id":"https:\/\/www.blogsoestado.com\/danielmatos\/deputado-wellington-destaca-mais-um-protesto-dos-professores-contra-flavio-dino-na-luta-pelo-reajuste-de-3324-dessa-vez-na-cidade-de-sao-joao-do-soter\/","url":"https:\/\/www.blogsoestado.com\/danielmatos\/deputado-wellington-destaca-mais-um-protesto-dos-professores-contra-flavio-dino-na-luta-pelo-reajuste-de-3324-dessa-vez-na-cidade-de-sao-joao-do-soter\/","name":"Deputado Wellington destaca mais um protesto dos professores contra Fl\u00e1vio Dino na luta pelo reajuste de 33,24%. Dessa vez na cidade de S\u00e3o Jo\u00e3o do Soter - Daniel Matos","isPartOf":{"@id":"https:\/\/www.blogsoestado.com\/danielmatos\/#website"},"primaryImageOfPage":{"@id":"https:\/\/www.blogsoestado.com\/danielmatos\/deputado-wellington-destaca-mais-um-protesto-dos-professores-contra-flavio-dino-na-luta-pelo-reajuste-de-3324-dessa-vez-na-cidade-de-sao-joao-do-soter\/#primaryimage"},"image":{"@id":"https:\/\/www.blogsoestado.com\/danielmatos\/deputado-wellington-destaca-mais-um-protesto-dos-professores-contra-flavio-dino-na-luta-pelo-reajuste-de-3324-dessa-vez-na-cidade-de-sao-joao-do-soter\/#primaryimage"},"thumbnailUrl":"https:\/\/www.blogsoestado.com\/danielmatos\/files\/2022\/03\/Screenshot_20220322-2111022.png","datePublished":"2022-03-23T00:22:02+00:00","author":{"@id":""},"breadcrumb":{"@id":"https:\/\/www.blogsoestado.com\/danielmatos\/deputado-wellington-destaca-mais-um-protesto-dos-professores-contra-flavio-dino-na-luta-pelo-reajuste-de-3324-dessa-vez-na-cidade-de-sao-joao-do-soter\/#breadcrumb"},"inLanguage":"pt-BR","potentialAction":[{"@type":"ReadAction","target":["https:\/\/www.blogsoestado.com\/danielmatos\/deputado-wellington-destaca-mais-um-protesto-dos-professores-contra-flavio-dino-na-luta-pelo-reajuste-de-3324-dessa-vez-na-cidade-de-sao-joao-do-soter\/"]}]},{"@type":"ImageObject","inLanguage":"pt-BR","@id":"https:\/\/www.blogsoestado.com\/danielmatos\/deputado-wellington-destaca-mais-um-protesto-dos-professores-contra-flavio-dino-na-luta-pelo-reajuste-de-3324-dessa-vez-na-cidade-de-sao-joao-do-soter\/#primaryimage","url":"https:\/\/www.blogsoestado.com\/danielmatos\/files\/2022\/03\/Screenshot_20220322-2111022.png","contentUrl":"https:\/\/www.blogsoestado.com\/danielmatos\/files\/2022\/03\/Screenshot_20220322-2111022.png"},{"@type":"BreadcrumbList","@id":"https:\/\/www.blogsoestado.com\/danielmatos\/deputado-wellington-destaca-mais-um-protesto-dos-professores-contra-flavio-dino-na-luta-pelo-reajuste-de-3324-dessa-vez-na-cidade-de-sao-joao-do-soter\/#breadcrumb","itemListElement":[{"@type":"ListItem","position":1,"name":"In\u00edcio","item":"https:\/\/www.blogsoestado.com\/danielmatos\/"},{"@type":"ListItem","position":2,"name":"Deputado Wellington destaca mais um protesto dos professores contra Fl\u00e1vio Dino na luta pelo reajuste de 33,24%. Dessa vez na cidade de S\u00e3o Jo\u00e3o do Soter"}]},{"@type":"WebSite","@id":"https:\/\/www.blogsoestado.com\/danielmatos\/#website","url":"https:\/\/www.blogsoestado.com\/danielmatos\/","name":"Daniel Matos","description":"","potentialAction":[{"@type":"SearchAction","target":{"@type":"EntryPoint","urlTemplate":"https:\/\/www.blogsoestado.com\/danielmatos\/?s={search_term_string}"},"query-input":{"@type":"PropertyValueSpecification","valueRequired":true,"valueName":"search_term_string"}}],"inLanguage":"pt-BR"}]}},"jetpack_featured_media_url":"","_links":{"self":[{"href":"https:\/\/www.blogsoestado.com\/danielmatos\/wp-json\/wp\/v2\/posts\/95367","targetHints":{"allow":["GET"]}}],"collection":[{"href":"https:\/\/www.blogsoestado.com\/danielmatos\/wp-json\/wp\/v2\/posts"}],"about":[{"href":"https:\/\/www.blogsoestado.com\/danielmatos\/wp-json\/wp\/v2\/types\/post"}],"replies":[{"embeddable":true,"href":"https:\/\/www.blogsoestado.com\/danielmatos\/wp-json\/wp\/v2\/comments?post=95367"}],"version-history":[{"count":0,"href":"https:\/\/www.blogsoestado.com\/danielmatos\/wp-json\/wp\/v2\/posts\/95367\/revisions"}],"wp:attachment":[{"href":"https:\/\/www.blogsoestado.com\/danielmatos\/wp-json\/wp\/v2\/media?parent=95367"}],"wp:term":[{"taxonomy":"category","embeddable":true,"href":"https:\/\/www.blogsoestado.com\/danielmatos\/wp-json\/wp\/v2\/categories?post=95367"},{"taxonomy":"post_tag","embeddable":true,"href":"https:\/\/www.blogsoestado.com\/danielmatos\/wp-json\/wp\/v2\/tags?post=95367"}],"curies":[{"name":"wp","href":"https:\/\/api.w.org\/{rel}","templated":true}]}}