{"id":95370,"date":"2022-03-22T23:18:02","date_gmt":"2022-03-23T02:18:02","guid":{"rendered":"https:\/\/www.blogsoestado.com\/danielmatos\/?p=95370"},"modified":"2022-03-22T23:18:02","modified_gmt":"2022-03-23T02:18:02","slug":"rodoviarios-anunciam-paralisacao-geral-para-o-dia-29-mas-prefeitura-pode-evitar-se-chamar-responsabilidade-para-si","status":"publish","type":"post","link":"https:\/\/www.blogsoestado.com\/danielmatos\/rodoviarios-anunciam-paralisacao-geral-para-o-dia-29-mas-prefeitura-pode-evitar-se-chamar-responsabilidade-para-si\/","title":{"rendered":"Rodovi\u00e1rios anunciam paralisa\u00e7\u00e3o geral para o dia 29, mas prefeitura pode evitar se chamar responsabilidade para si"},"content":{"rendered":"\n<div class=\"wp-block-image\"><figure class=\"aligncenter size-large\"><a href=\"https:\/\/www.blogsoestado.com\/danielmatos\/files\/2022\/03\/Screenshot_20220322-2314312.png\"><img decoding=\"async\" src=\"https:\/\/www.blogsoestado.com\/danielmatos\/files\/2022\/03\/Screenshot_20220322-2314312.png\" alt=\"\" class=\"wp-image-95371\"\/><\/a><figcaption>Cen\u00e1rio com terminais de integra\u00e7\u00e3o vazios pode se repetir se a Prefeitura de S\u00e3o Lu\u00eds n\u00e3o atuar para solucionar o impasse<\/figcaption><\/figure><\/div>\n\n\n\n<p>Ap\u00f3s assembleia geral realizado com a categoria nesta ter\u00e7a-feira (22),O Sindicato dos Trabalhadores de Transportes Rodovi\u00e1rios do Estado do Maranh\u00e3o (STTREMA), anunciou que uma nova paralisa\u00e7\u00e3o geral poder\u00e1 ocorrer a partir da pr\u00f3xima ter\u00e7a-feira (29) em S\u00e3o Lu\u00eds.<\/p>\n\n\n\n<p>A categoria deflagrou greve h\u00e1 exatamente um m\u00eas e por determina\u00e7\u00e3o judicial, e por decis\u00e3o da Justi\u00e7a do Trabalho, apenas 60% da frota est\u00e1 operando na capital, com redu\u00e7\u00e3o nos demais munic\u00edpios da regi\u00e3o metropolitana.\u00a0<\/p>\n\n\n\n<p>Na pr\u00f3xima segunda-feira (28), expirar\u00e1 o prazo de 10 dias fixado pelo Tribunal Regional de Justi\u00e7a (TRT-MA) para que as empresas apresentem uma.contraproposta a motoristas, contadores e fiscais, o que pode suspender o movimento. <\/p>\n\n\n\n<p>Caso n\u00e3o haja nenhuma oferta dos patr\u00f5es, a paralisa\u00e7\u00e3o geral pode acontecer no dia seguinte.<\/p>\n\n\n\n<p><strong>Cen\u00e1rio ideal \u00e9 a prefeitura chamar a responsabilidade para si<\/strong><\/p>\n\n\n\n<p>Vale lembrar que a Prefeitura de S\u00e3o Lu\u00eds tamb\u00e9m pode desempenhar papel fundamental para a solu\u00e7\u00e3o do impasse, j\u00e1 que ap\u00f3s conceder reajuste tarif\u00e1rio de R$ 0,20 (vinte centavos), retirou o subs\u00eddio mensal de R$ 2,5 milh\u00f5es que era repassado \u00e0s concession\u00e1rias das linhas a t\u00edtulo de compensa\u00e7\u00e3o das perdas financeiras acumuladas pelo sistema. O realinhamento da passagem no percentual autorizado trouxe ainda mais dificuldade, pois de nada serviu para dar \u00e0s empresas condi\u00e7\u00f5es de atender as reivindica\u00e7\u00f5es dos empregados.<\/p>\n\n\n\n<p>Se a amea\u00e7a de greve gera expectativa, uma eventual iniciativa do Munic\u00edpio de chamar a responsabilidade para si viabilizaria um cen\u00e1rio mais favor\u00e1vel \u00e0 pacifica\u00e7\u00e3o do conflito.<\/p>\n","protected":false},"excerpt":{"rendered":"<p>Ap\u00f3s assembleia geral realizado com a categoria nesta ter\u00e7a-feira (22),O Sindicato dos Trabalhadores de Transportes Rodovi\u00e1rios do Estado do Maranh\u00e3o [&hellip;]<\/p>\n","protected":false},"author":0,"featured_media":0,"comment_status":"open","ping_status":"open","sticky":false,"template":"","format":"standard","meta":{"site-sidebar-layout":"default","site-content-layout":"","ast-site-content-layout":"default","site-content-style":"default","site-sidebar-style":"default","ast-global-header-display":"","ast-banner-title-visibility":"","ast-main-header-display":"","ast-hfb-above-header-display":"","ast-hfb-below-header-display":"","ast-hfb-mobile-header-display":"","site-post-title":"","ast-breadcrumbs-content":"","ast-featured-img":"","footer-sml-layout":"","ast-disable-related-posts":"","theme-transparent-header-meta":"","adv-header-id-meta":"","stick-header-meta":"","header-above-stick-meta":"","header-main-stick-meta":"","header-below-stick-meta":"","astra-migrate-meta-layouts":"default","ast-page-background-enabled":"default","ast-page-background-meta":{"desktop":{"background-color":"var(--ast-global-color-5)","background-image":"","background-repeat":"repeat","background-position":"center center","background-size":"auto","background-attachment":"scroll","background-type":"","background-media":"","overlay-type":"","overlay-color":"","overlay-opacity":"","overlay-gradient":""},"tablet":{"background-color":"","background-image":"","background-repeat":"repeat","background-position":"center center","background-size":"auto","background-attachment":"scroll","background-type":"","background-media":"","overlay-type":"","overlay-color":"","overlay-opacity":"","overlay-gradient":""},"mobile":{"background-color":"","background-image":"","background-repeat":"repeat","background-position":"center center","background-size":"auto","background-attachment":"scroll","background-type":"","background-media":"","overlay-type":"","overlay-color":"","overlay-opacity":"","overlay-gradient":""}},"ast-content-background-meta":{"desktop":{"background-color":"var(--ast-global-color-4)","background-image":"","background-repeat":"repeat","background-position":"center center","background-size":"auto","background-attachment":"scroll","background-type":"","background-media":"","overlay-type":"","overlay-color":"","overlay-opacity":"","overlay-gradient":""},"tablet":{"background-color":"var(--ast-global-color-4)","background-image":"","background-repeat":"repeat","background-position":"center center","background-size":"auto","background-attachment":"scroll","background-type":"","background-media":"","overlay-type":"","overlay-color":"","overlay-opacity":"","overlay-gradient":""},"mobile":{"background-color":"var(--ast-global-color-4)","background-image":"","background-repeat":"repeat","background-position":"center center","background-size":"auto","background-attachment":"scroll","background-type":"","background-media":"","overlay-type":"","overlay-color":"","overlay-opacity":"","overlay-gradient":""}},"footnotes":""},"categories":[1],"tags":[],"class_list":["post-95370","post","type-post","status-publish","format-standard","hentry","category-sem-categoria"],"yoast_head":"<!-- This site is optimized with the Yoast SEO plugin v26.6 - https:\/\/yoast.com\/wordpress\/plugins\/seo\/ -->\n<title>Rodovi\u00e1rios anunciam paralisa\u00e7\u00e3o geral para o dia 29, mas prefeitura pode evitar se chamar responsabilidade para si - Daniel Matos<\/title>\n<meta name=\"robots\" content=\"index, follow, max-snippet:-1, max-image-preview:large, max-video-preview:-1\" \/>\n<link rel=\"canonical\" href=\"https:\/\/www.blogsoestado.com\/danielmatos\/rodoviarios-anunciam-paralisacao-geral-para-o-dia-29-mas-prefeitura-pode-evitar-se-chamar-responsabilidade-para-si\/\" \/>\n<meta property=\"og:locale\" content=\"pt_BR\" \/>\n<meta property=\"og:type\" content=\"article\" \/>\n<meta property=\"og:title\" content=\"Rodovi\u00e1rios anunciam paralisa\u00e7\u00e3o geral para o dia 29, mas prefeitura pode evitar se chamar responsabilidade para si - Daniel Matos\" \/>\n<meta property=\"og:description\" content=\"Ap\u00f3s assembleia geral realizado com a categoria nesta ter\u00e7a-feira (22),O Sindicato dos Trabalhadores de Transportes Rodovi\u00e1rios do Estado do Maranh\u00e3o [&hellip;]\" \/>\n<meta property=\"og:url\" content=\"https:\/\/www.blogsoestado.com\/danielmatos\/rodoviarios-anunciam-paralisacao-geral-para-o-dia-29-mas-prefeitura-pode-evitar-se-chamar-responsabilidade-para-si\/\" \/>\n<meta property=\"og:site_name\" content=\"Daniel Matos\" \/>\n<meta property=\"article:published_time\" content=\"2022-03-23T02:18:02+00:00\" \/>\n<meta property=\"og:image\" content=\"https:\/\/www.blogsoestado.com\/danielmatos\/files\/2022\/03\/Screenshot_20220322-2314312.png\" \/>\n<meta name=\"twitter:card\" content=\"summary_large_image\" \/>\n<meta name=\"twitter:label1\" content=\"Est. tempo de leitura\" \/>\n\t<meta name=\"twitter:data1\" content=\"2 minutos\" \/>\n<script type=\"application\/ld+json\" class=\"yoast-schema-graph\">{\"@context\":\"https:\/\/schema.org\",\"@graph\":[{\"@type\":\"WebPage\",\"@id\":\"https:\/\/www.blogsoestado.com\/danielmatos\/rodoviarios-anunciam-paralisacao-geral-para-o-dia-29-mas-prefeitura-pode-evitar-se-chamar-responsabilidade-para-si\/\",\"url\":\"https:\/\/www.blogsoestado.com\/danielmatos\/rodoviarios-anunciam-paralisacao-geral-para-o-dia-29-mas-prefeitura-pode-evitar-se-chamar-responsabilidade-para-si\/\",\"name\":\"Rodovi\u00e1rios anunciam paralisa\u00e7\u00e3o geral para o dia 29, mas prefeitura pode evitar se chamar responsabilidade para si - Daniel Matos\",\"isPartOf\":{\"@id\":\"https:\/\/www.blogsoestado.com\/danielmatos\/#website\"},\"primaryImageOfPage\":{\"@id\":\"https:\/\/www.blogsoestado.com\/danielmatos\/rodoviarios-anunciam-paralisacao-geral-para-o-dia-29-mas-prefeitura-pode-evitar-se-chamar-responsabilidade-para-si\/#primaryimage\"},\"image\":{\"@id\":\"https:\/\/www.blogsoestado.com\/danielmatos\/rodoviarios-anunciam-paralisacao-geral-para-o-dia-29-mas-prefeitura-pode-evitar-se-chamar-responsabilidade-para-si\/#primaryimage\"},\"thumbnailUrl\":\"https:\/\/www.blogsoestado.com\/danielmatos\/files\/2022\/03\/Screenshot_20220322-2314312.png\",\"datePublished\":\"2022-03-23T02:18:02+00:00\",\"author\":{\"@id\":\"\"},\"breadcrumb\":{\"@id\":\"https:\/\/www.blogsoestado.com\/danielmatos\/rodoviarios-anunciam-paralisacao-geral-para-o-dia-29-mas-prefeitura-pode-evitar-se-chamar-responsabilidade-para-si\/#breadcrumb\"},\"inLanguage\":\"pt-BR\",\"potentialAction\":[{\"@type\":\"ReadAction\",\"target\":[\"https:\/\/www.blogsoestado.com\/danielmatos\/rodoviarios-anunciam-paralisacao-geral-para-o-dia-29-mas-prefeitura-pode-evitar-se-chamar-responsabilidade-para-si\/\"]}]},{\"@type\":\"ImageObject\",\"inLanguage\":\"pt-BR\",\"@id\":\"https:\/\/www.blogsoestado.com\/danielmatos\/rodoviarios-anunciam-paralisacao-geral-para-o-dia-29-mas-prefeitura-pode-evitar-se-chamar-responsabilidade-para-si\/#primaryimage\",\"url\":\"https:\/\/www.blogsoestado.com\/danielmatos\/files\/2022\/03\/Screenshot_20220322-2314312.png\",\"contentUrl\":\"https:\/\/www.blogsoestado.com\/danielmatos\/files\/2022\/03\/Screenshot_20220322-2314312.png\"},{\"@type\":\"BreadcrumbList\",\"@id\":\"https:\/\/www.blogsoestado.com\/danielmatos\/rodoviarios-anunciam-paralisacao-geral-para-o-dia-29-mas-prefeitura-pode-evitar-se-chamar-responsabilidade-para-si\/#breadcrumb\",\"itemListElement\":[{\"@type\":\"ListItem\",\"position\":1,\"name\":\"In\u00edcio\",\"item\":\"https:\/\/www.blogsoestado.com\/danielmatos\/\"},{\"@type\":\"ListItem\",\"position\":2,\"name\":\"Rodovi\u00e1rios anunciam paralisa\u00e7\u00e3o geral para o dia 29, mas prefeitura pode evitar se chamar responsabilidade para si\"}]},{\"@type\":\"WebSite\",\"@id\":\"https:\/\/www.blogsoestado.com\/danielmatos\/#website\",\"url\":\"https:\/\/www.blogsoestado.com\/danielmatos\/\",\"name\":\"Daniel Matos\",\"description\":\"\",\"potentialAction\":[{\"@type\":\"SearchAction\",\"target\":{\"@type\":\"EntryPoint\",\"urlTemplate\":\"https:\/\/www.blogsoestado.com\/danielmatos\/?s={search_term_string}\"},\"query-input\":{\"@type\":\"PropertyValueSpecification\",\"valueRequired\":true,\"valueName\":\"search_term_string\"}}],\"inLanguage\":\"pt-BR\"}]}<\/script>\n<!-- \/ Yoast SEO plugin. -->","yoast_head_json":{"title":"Rodovi\u00e1rios anunciam paralisa\u00e7\u00e3o geral para o dia 29, mas prefeitura pode evitar se chamar responsabilidade para si - Daniel Matos","robots":{"index":"index","follow":"follow","max-snippet":"max-snippet:-1","max-image-preview":"max-image-preview:large","max-video-preview":"max-video-preview:-1"},"canonical":"https:\/\/www.blogsoestado.com\/danielmatos\/rodoviarios-anunciam-paralisacao-geral-para-o-dia-29-mas-prefeitura-pode-evitar-se-chamar-responsabilidade-para-si\/","og_locale":"pt_BR","og_type":"article","og_title":"Rodovi\u00e1rios anunciam paralisa\u00e7\u00e3o geral para o dia 29, mas prefeitura pode evitar se chamar responsabilidade para si - Daniel Matos","og_description":"Ap\u00f3s assembleia geral realizado com a categoria nesta ter\u00e7a-feira (22),O Sindicato dos Trabalhadores de Transportes Rodovi\u00e1rios do Estado do Maranh\u00e3o [&hellip;]","og_url":"https:\/\/www.blogsoestado.com\/danielmatos\/rodoviarios-anunciam-paralisacao-geral-para-o-dia-29-mas-prefeitura-pode-evitar-se-chamar-responsabilidade-para-si\/","og_site_name":"Daniel Matos","article_published_time":"2022-03-23T02:18:02+00:00","og_image":[{"url":"https:\/\/www.blogsoestado.com\/danielmatos\/files\/2022\/03\/Screenshot_20220322-2314312.png","type":"","width":"","height":""}],"twitter_card":"summary_large_image","twitter_misc":{"Est. tempo de leitura":"2 minutos"},"schema":{"@context":"https:\/\/schema.org","@graph":[{"@type":"WebPage","@id":"https:\/\/www.blogsoestado.com\/danielmatos\/rodoviarios-anunciam-paralisacao-geral-para-o-dia-29-mas-prefeitura-pode-evitar-se-chamar-responsabilidade-para-si\/","url":"https:\/\/www.blogsoestado.com\/danielmatos\/rodoviarios-anunciam-paralisacao-geral-para-o-dia-29-mas-prefeitura-pode-evitar-se-chamar-responsabilidade-para-si\/","name":"Rodovi\u00e1rios anunciam paralisa\u00e7\u00e3o geral para o dia 29, mas prefeitura pode evitar se chamar responsabilidade para si - Daniel Matos","isPartOf":{"@id":"https:\/\/www.blogsoestado.com\/danielmatos\/#website"},"primaryImageOfPage":{"@id":"https:\/\/www.blogsoestado.com\/danielmatos\/rodoviarios-anunciam-paralisacao-geral-para-o-dia-29-mas-prefeitura-pode-evitar-se-chamar-responsabilidade-para-si\/#primaryimage"},"image":{"@id":"https:\/\/www.blogsoestado.com\/danielmatos\/rodoviarios-anunciam-paralisacao-geral-para-o-dia-29-mas-prefeitura-pode-evitar-se-chamar-responsabilidade-para-si\/#primaryimage"},"thumbnailUrl":"https:\/\/www.blogsoestado.com\/danielmatos\/files\/2022\/03\/Screenshot_20220322-2314312.png","datePublished":"2022-03-23T02:18:02+00:00","author":{"@id":""},"breadcrumb":{"@id":"https:\/\/www.blogsoestado.com\/danielmatos\/rodoviarios-anunciam-paralisacao-geral-para-o-dia-29-mas-prefeitura-pode-evitar-se-chamar-responsabilidade-para-si\/#breadcrumb"},"inLanguage":"pt-BR","potentialAction":[{"@type":"ReadAction","target":["https:\/\/www.blogsoestado.com\/danielmatos\/rodoviarios-anunciam-paralisacao-geral-para-o-dia-29-mas-prefeitura-pode-evitar-se-chamar-responsabilidade-para-si\/"]}]},{"@type":"ImageObject","inLanguage":"pt-BR","@id":"https:\/\/www.blogsoestado.com\/danielmatos\/rodoviarios-anunciam-paralisacao-geral-para-o-dia-29-mas-prefeitura-pode-evitar-se-chamar-responsabilidade-para-si\/#primaryimage","url":"https:\/\/www.blogsoestado.com\/danielmatos\/files\/2022\/03\/Screenshot_20220322-2314312.png","contentUrl":"https:\/\/www.blogsoestado.com\/danielmatos\/files\/2022\/03\/Screenshot_20220322-2314312.png"},{"@type":"BreadcrumbList","@id":"https:\/\/www.blogsoestado.com\/danielmatos\/rodoviarios-anunciam-paralisacao-geral-para-o-dia-29-mas-prefeitura-pode-evitar-se-chamar-responsabilidade-para-si\/#breadcrumb","itemListElement":[{"@type":"ListItem","position":1,"name":"In\u00edcio","item":"https:\/\/www.blogsoestado.com\/danielmatos\/"},{"@type":"ListItem","position":2,"name":"Rodovi\u00e1rios anunciam paralisa\u00e7\u00e3o geral para o dia 29, mas prefeitura pode evitar se chamar responsabilidade para si"}]},{"@type":"WebSite","@id":"https:\/\/www.blogsoestado.com\/danielmatos\/#website","url":"https:\/\/www.blogsoestado.com\/danielmatos\/","name":"Daniel Matos","description":"","potentialAction":[{"@type":"SearchAction","target":{"@type":"EntryPoint","urlTemplate":"https:\/\/www.blogsoestado.com\/danielmatos\/?s={search_term_string}"},"query-input":{"@type":"PropertyValueSpecification","valueRequired":true,"valueName":"search_term_string"}}],"inLanguage":"pt-BR"}]}},"jetpack_featured_media_url":"","_links":{"self":[{"href":"https:\/\/www.blogsoestado.com\/danielmatos\/wp-json\/wp\/v2\/posts\/95370","targetHints":{"allow":["GET"]}}],"collection":[{"href":"https:\/\/www.blogsoestado.com\/danielmatos\/wp-json\/wp\/v2\/posts"}],"about":[{"href":"https:\/\/www.blogsoestado.com\/danielmatos\/wp-json\/wp\/v2\/types\/post"}],"replies":[{"embeddable":true,"href":"https:\/\/www.blogsoestado.com\/danielmatos\/wp-json\/wp\/v2\/comments?post=95370"}],"version-history":[{"count":0,"href":"https:\/\/www.blogsoestado.com\/danielmatos\/wp-json\/wp\/v2\/posts\/95370\/revisions"}],"wp:attachment":[{"href":"https:\/\/www.blogsoestado.com\/danielmatos\/wp-json\/wp\/v2\/media?parent=95370"}],"wp:term":[{"taxonomy":"category","embeddable":true,"href":"https:\/\/www.blogsoestado.com\/danielmatos\/wp-json\/wp\/v2\/categories?post=95370"},{"taxonomy":"post_tag","embeddable":true,"href":"https:\/\/www.blogsoestado.com\/danielmatos\/wp-json\/wp\/v2\/tags?post=95370"}],"curies":[{"name":"wp","href":"https:\/\/api.w.org\/{rel}","templated":true}]}}