{"id":95373,"date":"2022-03-23T00:37:19","date_gmt":"2022-03-23T03:37:19","guid":{"rendered":"https:\/\/www.blogsoestado.com\/danielmatos\/?p=95373"},"modified":"2022-03-23T00:37:19","modified_gmt":"2022-03-23T03:37:19","slug":"deputado-ze-inacio-alerta-para-importancia-da-luta-antirracista","status":"publish","type":"post","link":"https:\/\/www.blogsoestado.com\/danielmatos\/deputado-ze-inacio-alerta-para-importancia-da-luta-antirracista\/","title":{"rendered":"Deputado Z\u00e9 In\u00e1cio alerta para import\u00e2ncia da luta antirracista"},"content":{"rendered":"\n<div class=\"wp-block-image\"><figure class=\"aligncenter size-large\"><a href=\"https:\/\/www.blogsoestado.com\/danielmatos\/files\/2022\/03\/Screenshot_20220323-0033142.png\"><img decoding=\"async\" src=\"https:\/\/www.blogsoestado.com\/danielmatos\/files\/2022\/03\/Screenshot_20220323-0033142.png\" alt=\"\" class=\"wp-image-95374\"\/><\/a><figcaption>Z\u00e9 In\u00e1cio fez uma reflex\u00e3o sobre a data e a import\u00e2ncia da luta no combate a pr\u00e1ticas racistas abomin\u00e1veis que ocorreram no passado e que seguem sendo praticadas nos tempos atuais<\/figcaption><\/figure><\/div>\n\n\n\n<p>Em discurso na Assembleia Legislativa, o deputado estadual Z\u00e9 In\u00e1cio (PT) destacou o \u2018Dia de Luta Pela Elimina\u00e7\u00e3o da Discrimina\u00e7\u00e3o Racial\u2019, celebrado dia 21 de mar\u00e7o.<\/p>\n\n\n\n<p>O Dia Internacional Pela Elimina\u00e7\u00e3o das Discrimina\u00e7\u00e3o Racial foi institu\u00eddo pela Organiza\u00e7\u00e3o das Na\u00e7\u00f5es Unidas em sinal de protesto pelo assassinato de 69 negros, em 1960, na \u00c1frica do Sul, quando se manifestavam pacificamente contra a obrigatoriedade de passaporte interno, exigido \u00e0quela \u00e9poca da popula\u00e7\u00e3o negra para locomover-se dentro de seus pr\u00f3prios territ\u00f3rios.<\/p>\n\n\n\n<p>Z\u00e9 In\u00e1cio fez uma reflex\u00e3o sobre a data e a import\u00e2ncia da luta no combate a pr\u00e1ticas racistas abomin\u00e1veis que ocorreram no passado e que seguem sendo praticadas nos tempos atuais.<\/p>\n\n\n\n<p>\u201cO racismo marcou drasticamente a hist\u00f3ria e provocou v\u00e1rios conflitos sociais que n\u00e3o trazem qualquer saudade. A resist\u00eancia dos grupos organizados contra manifesta\u00e7\u00f5es racistas foi e ainda \u00e9 um instrumento valioso no combate ao racismo velado\u201d, disse.<\/p>\n\n\n\n<p>O parlamentar relembrou momentos que ficaram marcados na hist\u00f3ria mundial da luta antirracista, como&nbsp;<em>o Apartheid<\/em>&nbsp;na \u00c1frica do Sul; o nazismo na Alemanha, o genoc\u00eddio dos povos ind\u00edgenas nas Am\u00e9ricas e a explora\u00e7\u00e3o escravocrata nas na\u00e7\u00f5es colonizadas.<\/p>\n\n\n\n<p>Ressaltou ainda as importantes conquistas dos negros no Brasil ao longo dos anos, como a aprova\u00e7\u00e3o do estatuto da igualdade racial e a san\u00e7\u00e3o da lei de cotas na educa\u00e7\u00e3o e no servi\u00e7o p\u00fablico federal, pol\u00edtica efetivada pela presidenta Dilma Rousseff, hoje amea\u00e7ada pelo governo Bolsonaro.<\/p>\n\n\n\n<p>Z\u00e9 In\u00e1cio, que \u00e9 o \u00fanico deputado auto declarado negro na Assembleia do Estado, tem sido incans\u00e1vel na luta e na defesa dos direitos do povo negro no Maranh\u00e3o. Prova disso s\u00e3o as a\u00e7\u00f5es de seu mandato voltadas para a popula\u00e7\u00e3o negra, como a resolu\u00e7\u00e3o administrativa n\u00b0 834\/16 que garante a reserva de 20% das vagas dos concursos p\u00fablicos do legislativo maranhense para negros e negras, a edi\u00e7\u00e3o da lei que torna o dia 20 de novembro, Dia da Consci\u00eancia Negra, feriado estadual, a cria\u00e7\u00e3o da medalha \u201cNegro Cosme\u201d, entre outras.<a href=\"https:\/\/www.addtoany.com\/share#url=http%3A%2F%2Fzeinacio.com.br%2Fze-inacio-fala-sobre-a-importancia-da-luta-antirracista%2F&amp;title=Z%C3%A9%20In%C3%A1cio%20fala%20sobre%20a%20import%C3%A2ncia%20da%20luta%20antirracista\"><\/a><\/p>\n","protected":false},"excerpt":{"rendered":"<p>Em discurso na Assembleia Legislativa, o deputado estadual Z\u00e9 In\u00e1cio (PT) destacou o \u2018Dia de Luta Pela Elimina\u00e7\u00e3o da Discrimina\u00e7\u00e3o [&hellip;]<\/p>\n","protected":false},"author":0,"featured_media":0,"comment_status":"open","ping_status":"open","sticky":false,"template":"","format":"standard","meta":{"site-sidebar-layout":"default","site-content-layout":"","ast-site-content-layout":"default","site-content-style":"default","site-sidebar-style":"default","ast-global-header-display":"","ast-banner-title-visibility":"","ast-main-header-display":"","ast-hfb-above-header-display":"","ast-hfb-below-header-display":"","ast-hfb-mobile-header-display":"","site-post-title":"","ast-breadcrumbs-content":"","ast-featured-img":"","footer-sml-layout":"","ast-disable-related-posts":"","theme-transparent-header-meta":"","adv-header-id-meta":"","stick-header-meta":"","header-above-stick-meta":"","header-main-stick-meta":"","header-below-stick-meta":"","astra-migrate-meta-layouts":"default","ast-page-background-enabled":"default","ast-page-background-meta":{"desktop":{"background-color":"var(--ast-global-color-5)","background-image":"","background-repeat":"repeat","background-position":"center center","background-size":"auto","background-attachment":"scroll","background-type":"","background-media":"","overlay-type":"","overlay-color":"","overlay-opacity":"","overlay-gradient":""},"tablet":{"background-color":"","background-image":"","background-repeat":"repeat","background-position":"center center","background-size":"auto","background-attachment":"scroll","background-type":"","background-media":"","overlay-type":"","overlay-color":"","overlay-opacity":"","overlay-gradient":""},"mobile":{"background-color":"","background-image":"","background-repeat":"repeat","background-position":"center center","background-size":"auto","background-attachment":"scroll","background-type":"","background-media":"","overlay-type":"","overlay-color":"","overlay-opacity":"","overlay-gradient":""}},"ast-content-background-meta":{"desktop":{"background-color":"var(--ast-global-color-4)","background-image":"","background-repeat":"repeat","background-position":"center center","background-size":"auto","background-attachment":"scroll","background-type":"","background-media":"","overlay-type":"","overlay-color":"","overlay-opacity":"","overlay-gradient":""},"tablet":{"background-color":"var(--ast-global-color-4)","background-image":"","background-repeat":"repeat","background-position":"center center","background-size":"auto","background-attachment":"scroll","background-type":"","background-media":"","overlay-type":"","overlay-color":"","overlay-opacity":"","overlay-gradient":""},"mobile":{"background-color":"var(--ast-global-color-4)","background-image":"","background-repeat":"repeat","background-position":"center center","background-size":"auto","background-attachment":"scroll","background-type":"","background-media":"","overlay-type":"","overlay-color":"","overlay-opacity":"","overlay-gradient":""}},"footnotes":""},"categories":[1],"tags":[],"class_list":["post-95373","post","type-post","status-publish","format-standard","hentry","category-sem-categoria"],"yoast_head":"<!-- This site is optimized with the Yoast SEO plugin v26.6 - https:\/\/yoast.com\/wordpress\/plugins\/seo\/ -->\n<title>Deputado Z\u00e9 In\u00e1cio alerta para import\u00e2ncia da luta antirracista - Daniel Matos<\/title>\n<meta name=\"robots\" content=\"index, follow, max-snippet:-1, max-image-preview:large, max-video-preview:-1\" \/>\n<link rel=\"canonical\" href=\"https:\/\/www.blogsoestado.com\/danielmatos\/deputado-ze-inacio-alerta-para-importancia-da-luta-antirracista\/\" \/>\n<meta property=\"og:locale\" content=\"pt_BR\" \/>\n<meta property=\"og:type\" content=\"article\" \/>\n<meta property=\"og:title\" content=\"Deputado Z\u00e9 In\u00e1cio alerta para import\u00e2ncia da luta antirracista - Daniel Matos\" \/>\n<meta property=\"og:description\" content=\"Em discurso na Assembleia Legislativa, o deputado estadual Z\u00e9 In\u00e1cio (PT) destacou o \u2018Dia de Luta Pela Elimina\u00e7\u00e3o da Discrimina\u00e7\u00e3o [&hellip;]\" \/>\n<meta property=\"og:url\" content=\"https:\/\/www.blogsoestado.com\/danielmatos\/deputado-ze-inacio-alerta-para-importancia-da-luta-antirracista\/\" \/>\n<meta property=\"og:site_name\" content=\"Daniel Matos\" \/>\n<meta property=\"article:published_time\" content=\"2022-03-23T03:37:19+00:00\" \/>\n<meta property=\"og:image\" content=\"https:\/\/www.blogsoestado.com\/danielmatos\/files\/2022\/03\/Screenshot_20220323-0033142.png\" \/>\n<meta name=\"twitter:card\" content=\"summary_large_image\" \/>\n<meta name=\"twitter:label1\" content=\"Est. tempo de leitura\" \/>\n\t<meta name=\"twitter:data1\" content=\"2 minutos\" \/>\n<script type=\"application\/ld+json\" class=\"yoast-schema-graph\">{\"@context\":\"https:\/\/schema.org\",\"@graph\":[{\"@type\":\"WebPage\",\"@id\":\"https:\/\/www.blogsoestado.com\/danielmatos\/deputado-ze-inacio-alerta-para-importancia-da-luta-antirracista\/\",\"url\":\"https:\/\/www.blogsoestado.com\/danielmatos\/deputado-ze-inacio-alerta-para-importancia-da-luta-antirracista\/\",\"name\":\"Deputado Z\u00e9 In\u00e1cio alerta para import\u00e2ncia da luta antirracista - Daniel Matos\",\"isPartOf\":{\"@id\":\"https:\/\/www.blogsoestado.com\/danielmatos\/#website\"},\"primaryImageOfPage\":{\"@id\":\"https:\/\/www.blogsoestado.com\/danielmatos\/deputado-ze-inacio-alerta-para-importancia-da-luta-antirracista\/#primaryimage\"},\"image\":{\"@id\":\"https:\/\/www.blogsoestado.com\/danielmatos\/deputado-ze-inacio-alerta-para-importancia-da-luta-antirracista\/#primaryimage\"},\"thumbnailUrl\":\"https:\/\/www.blogsoestado.com\/danielmatos\/files\/2022\/03\/Screenshot_20220323-0033142.png\",\"datePublished\":\"2022-03-23T03:37:19+00:00\",\"author\":{\"@id\":\"\"},\"breadcrumb\":{\"@id\":\"https:\/\/www.blogsoestado.com\/danielmatos\/deputado-ze-inacio-alerta-para-importancia-da-luta-antirracista\/#breadcrumb\"},\"inLanguage\":\"pt-BR\",\"potentialAction\":[{\"@type\":\"ReadAction\",\"target\":[\"https:\/\/www.blogsoestado.com\/danielmatos\/deputado-ze-inacio-alerta-para-importancia-da-luta-antirracista\/\"]}]},{\"@type\":\"ImageObject\",\"inLanguage\":\"pt-BR\",\"@id\":\"https:\/\/www.blogsoestado.com\/danielmatos\/deputado-ze-inacio-alerta-para-importancia-da-luta-antirracista\/#primaryimage\",\"url\":\"https:\/\/www.blogsoestado.com\/danielmatos\/files\/2022\/03\/Screenshot_20220323-0033142.png\",\"contentUrl\":\"https:\/\/www.blogsoestado.com\/danielmatos\/files\/2022\/03\/Screenshot_20220323-0033142.png\"},{\"@type\":\"BreadcrumbList\",\"@id\":\"https:\/\/www.blogsoestado.com\/danielmatos\/deputado-ze-inacio-alerta-para-importancia-da-luta-antirracista\/#breadcrumb\",\"itemListElement\":[{\"@type\":\"ListItem\",\"position\":1,\"name\":\"In\u00edcio\",\"item\":\"https:\/\/www.blogsoestado.com\/danielmatos\/\"},{\"@type\":\"ListItem\",\"position\":2,\"name\":\"Deputado Z\u00e9 In\u00e1cio alerta para import\u00e2ncia da luta antirracista\"}]},{\"@type\":\"WebSite\",\"@id\":\"https:\/\/www.blogsoestado.com\/danielmatos\/#website\",\"url\":\"https:\/\/www.blogsoestado.com\/danielmatos\/\",\"name\":\"Daniel Matos\",\"description\":\"\",\"potentialAction\":[{\"@type\":\"SearchAction\",\"target\":{\"@type\":\"EntryPoint\",\"urlTemplate\":\"https:\/\/www.blogsoestado.com\/danielmatos\/?s={search_term_string}\"},\"query-input\":{\"@type\":\"PropertyValueSpecification\",\"valueRequired\":true,\"valueName\":\"search_term_string\"}}],\"inLanguage\":\"pt-BR\"}]}<\/script>\n<!-- \/ Yoast SEO plugin. -->","yoast_head_json":{"title":"Deputado Z\u00e9 In\u00e1cio alerta para import\u00e2ncia da luta antirracista - Daniel Matos","robots":{"index":"index","follow":"follow","max-snippet":"max-snippet:-1","max-image-preview":"max-image-preview:large","max-video-preview":"max-video-preview:-1"},"canonical":"https:\/\/www.blogsoestado.com\/danielmatos\/deputado-ze-inacio-alerta-para-importancia-da-luta-antirracista\/","og_locale":"pt_BR","og_type":"article","og_title":"Deputado Z\u00e9 In\u00e1cio alerta para import\u00e2ncia da luta antirracista - Daniel Matos","og_description":"Em discurso na Assembleia Legislativa, o deputado estadual Z\u00e9 In\u00e1cio (PT) destacou o \u2018Dia de Luta Pela Elimina\u00e7\u00e3o da Discrimina\u00e7\u00e3o [&hellip;]","og_url":"https:\/\/www.blogsoestado.com\/danielmatos\/deputado-ze-inacio-alerta-para-importancia-da-luta-antirracista\/","og_site_name":"Daniel Matos","article_published_time":"2022-03-23T03:37:19+00:00","og_image":[{"url":"https:\/\/www.blogsoestado.com\/danielmatos\/files\/2022\/03\/Screenshot_20220323-0033142.png","type":"","width":"","height":""}],"twitter_card":"summary_large_image","twitter_misc":{"Est. tempo de leitura":"2 minutos"},"schema":{"@context":"https:\/\/schema.org","@graph":[{"@type":"WebPage","@id":"https:\/\/www.blogsoestado.com\/danielmatos\/deputado-ze-inacio-alerta-para-importancia-da-luta-antirracista\/","url":"https:\/\/www.blogsoestado.com\/danielmatos\/deputado-ze-inacio-alerta-para-importancia-da-luta-antirracista\/","name":"Deputado Z\u00e9 In\u00e1cio alerta para import\u00e2ncia da luta antirracista - Daniel Matos","isPartOf":{"@id":"https:\/\/www.blogsoestado.com\/danielmatos\/#website"},"primaryImageOfPage":{"@id":"https:\/\/www.blogsoestado.com\/danielmatos\/deputado-ze-inacio-alerta-para-importancia-da-luta-antirracista\/#primaryimage"},"image":{"@id":"https:\/\/www.blogsoestado.com\/danielmatos\/deputado-ze-inacio-alerta-para-importancia-da-luta-antirracista\/#primaryimage"},"thumbnailUrl":"https:\/\/www.blogsoestado.com\/danielmatos\/files\/2022\/03\/Screenshot_20220323-0033142.png","datePublished":"2022-03-23T03:37:19+00:00","author":{"@id":""},"breadcrumb":{"@id":"https:\/\/www.blogsoestado.com\/danielmatos\/deputado-ze-inacio-alerta-para-importancia-da-luta-antirracista\/#breadcrumb"},"inLanguage":"pt-BR","potentialAction":[{"@type":"ReadAction","target":["https:\/\/www.blogsoestado.com\/danielmatos\/deputado-ze-inacio-alerta-para-importancia-da-luta-antirracista\/"]}]},{"@type":"ImageObject","inLanguage":"pt-BR","@id":"https:\/\/www.blogsoestado.com\/danielmatos\/deputado-ze-inacio-alerta-para-importancia-da-luta-antirracista\/#primaryimage","url":"https:\/\/www.blogsoestado.com\/danielmatos\/files\/2022\/03\/Screenshot_20220323-0033142.png","contentUrl":"https:\/\/www.blogsoestado.com\/danielmatos\/files\/2022\/03\/Screenshot_20220323-0033142.png"},{"@type":"BreadcrumbList","@id":"https:\/\/www.blogsoestado.com\/danielmatos\/deputado-ze-inacio-alerta-para-importancia-da-luta-antirracista\/#breadcrumb","itemListElement":[{"@type":"ListItem","position":1,"name":"In\u00edcio","item":"https:\/\/www.blogsoestado.com\/danielmatos\/"},{"@type":"ListItem","position":2,"name":"Deputado Z\u00e9 In\u00e1cio alerta para import\u00e2ncia da luta antirracista"}]},{"@type":"WebSite","@id":"https:\/\/www.blogsoestado.com\/danielmatos\/#website","url":"https:\/\/www.blogsoestado.com\/danielmatos\/","name":"Daniel Matos","description":"","potentialAction":[{"@type":"SearchAction","target":{"@type":"EntryPoint","urlTemplate":"https:\/\/www.blogsoestado.com\/danielmatos\/?s={search_term_string}"},"query-input":{"@type":"PropertyValueSpecification","valueRequired":true,"valueName":"search_term_string"}}],"inLanguage":"pt-BR"}]}},"jetpack_featured_media_url":"","_links":{"self":[{"href":"https:\/\/www.blogsoestado.com\/danielmatos\/wp-json\/wp\/v2\/posts\/95373","targetHints":{"allow":["GET"]}}],"collection":[{"href":"https:\/\/www.blogsoestado.com\/danielmatos\/wp-json\/wp\/v2\/posts"}],"about":[{"href":"https:\/\/www.blogsoestado.com\/danielmatos\/wp-json\/wp\/v2\/types\/post"}],"replies":[{"embeddable":true,"href":"https:\/\/www.blogsoestado.com\/danielmatos\/wp-json\/wp\/v2\/comments?post=95373"}],"version-history":[{"count":0,"href":"https:\/\/www.blogsoestado.com\/danielmatos\/wp-json\/wp\/v2\/posts\/95373\/revisions"}],"wp:attachment":[{"href":"https:\/\/www.blogsoestado.com\/danielmatos\/wp-json\/wp\/v2\/media?parent=95373"}],"wp:term":[{"taxonomy":"category","embeddable":true,"href":"https:\/\/www.blogsoestado.com\/danielmatos\/wp-json\/wp\/v2\/categories?post=95373"},{"taxonomy":"post_tag","embeddable":true,"href":"https:\/\/www.blogsoestado.com\/danielmatos\/wp-json\/wp\/v2\/tags?post=95373"}],"curies":[{"name":"wp","href":"https:\/\/api.w.org\/{rel}","templated":true}]}}