{"id":95376,"date":"2022-03-23T06:00:00","date_gmt":"2022-03-23T09:00:00","guid":{"rendered":"https:\/\/www.blogsoestado.com\/danielmatos\/?p=95376"},"modified":"2022-03-23T06:00:00","modified_gmt":"2022-03-23T09:00:00","slug":"apos-permitir-tvs-flavio-dino-libera-caixas-de-som-em-celas-de-presidios-do-maranhao","status":"publish","type":"post","link":"https:\/\/www.blogsoestado.com\/danielmatos\/apos-permitir-tvs-flavio-dino-libera-caixas-de-som-em-celas-de-presidios-do-maranhao\/","title":{"rendered":"Ap\u00f3s permitir TVs, Fl\u00e1vio Dino libera caixas de som em celas de pres\u00eddios do Maranh\u00e3o"},"content":{"rendered":"\n<p><strong><span class=\"has-inline-color has-vivid-red-color\">Visitas \u00edntimas tamb\u00e9m est\u00e3o autorizados, mesmo com o fim da pandemia ainda incerto <\/span><\/strong><\/p>\n\n\n\n<div class=\"wp-block-image\"><figure class=\"aligncenter size-large\"><a href=\"https:\/\/www.blogsoestado.com\/danielmatos\/files\/2022\/03\/Screenshot_20220323-0259262.png\"><img decoding=\"async\" src=\"https:\/\/www.blogsoestado.com\/danielmatos\/files\/2022\/03\/Screenshot_20220323-0259262.png\" alt=\"\" class=\"wp-image-95380\"\/><\/a><figcaption>Caixas de som est\u00e3o liberadas em celas de todos os pres\u00eddios do Maranh\u00e3o<\/figcaption><\/figure><\/div>\n\n\n\n<div class=\"wp-block-image\"><figure class=\"alignleft size-large\"><a href=\"https:\/\/www.blogsoestado.com\/danielmatos\/files\/2015\/07\/exclusivo.jpg\"><img decoding=\"async\" src=\"https:\/\/www.blogsoestado.com\/danielmatos\/files\/2015\/07\/exclusivo.jpg\" alt=\"\" class=\"wp-image-25185\"\/><\/a><\/figure><\/div>\n\n\n\n<p>O governador Fl\u00e1vio Dino (PSB) parece estar mesmo disposto a fazer todo tipo de concess\u00e3o para manter a paz no sistema penitenci\u00e1rio do Maranh\u00e3o. Depois de <a href=\"https:\/\/www.blogsoestado.com\/danielmatos\/2015\/11\/03\/presos-do-maranhao-agora-tem-direito-a-tv-led-shampoo-e-condicionador-na-cela\/\">liberar a instala\u00e7\u00e3o de aparelhos de TV nas celas das unidades prisionais do estado<\/a>, Dino agora autorizou o funcionamento de caixas de som no xadrez. O objetivo est\u00e1 claro: serenar o \u00e2nimo dos detentos, a fim de evitar motins, rebeli\u00f5es ou qualquer outro tipo de tens\u00e3o que possa causar desgaste pol\u00edtico ao governo em pleno ano eleitoral.<\/p>\n\n\n\n<p>A permissividade palaciana para com os presidi\u00e1rios est\u00e1 regulamentada pela Instru\u00e7\u00e3o Normativa N\u00ba 80, de 20 de janeiro de 2022, da Secretaria de Estado de Administra\u00e7\u00e3o Penitenci\u00e1ria (Seap), publicada no Di\u00e1rio Oficial do Estado cinco dias depois, ou seja, h\u00e1 menos de dois meses. O documento estabelece regras para acesso de visitantes, entrada de itens diversos nas unidades prisionais e institui outros protocolos de preven\u00e7\u00e3o do cont\u00e1gio pelo novo coronav\u00edrus no ambiente penitenci\u00e1rio.<\/p>\n\n\n\n<p>A libera\u00e7\u00e3o de TV&#8217;s e caixas de som nas celas dos pres\u00eddios estaduais \u00e9 disciplinada pelo artigo 20, da Se\u00e7\u00e3o II, do Cap\u00edtulo II da Instru\u00e7\u00e3o Normativa N\u00ba 80, que inclui outros itens cuja entrada \u00e9 liberada na cadeia, como cortador de unha, \u00f3culos de grau, escova de lavar roupa, ventilador, cigarro, fumo desfiado e isqueiro, m\u00e1scaras de prote\u00e7\u00e3o, medicamentos e vitamina C. <strong>Confira abaixo:<\/strong><\/p>\n\n\n\n<div class=\"wp-block-image\"><figure class=\"aligncenter size-large\"><a href=\"https:\/\/www.blogsoestado.com\/danielmatos\/files\/2022\/03\/Screenshot_20220323-0253352.png\"><img decoding=\"async\" src=\"https:\/\/www.blogsoestado.com\/danielmatos\/files\/2022\/03\/Screenshot_20220323-0253352-588x1024.png\" alt=\"\" class=\"wp-image-95379\"\/><\/a><\/figure><\/div>\n\n\n\n<p>Os itens relacionados \u00e0 sa\u00fade e \u00e0 higiene pessoal dos detentos s\u00e3o inegavelmente necess\u00e1rios. J\u00e1 os aparelhos de TV, h\u00e1 quem questione ou discorde taxativamente.<\/p>\n\n\n\n<p>Quanto \u00e0s caixas de som, s\u00e3o uma novidade que contraria e at\u00e9 choca parcela expressiva da sociedade, que v\u00ea esse tipo de dispositivo como grave distor\u00e7\u00e3o de sentido para o cumprimento das penas, muitas delas aplicadas a criminosos extremamente cru\u00e9is e irrecuper\u00e1veis.<\/p>\n\n\n\n<p><strong>Visitas \u00edntimas<\/strong><\/p>\n\n\n\n<p>Apesar do desfecho da pandemia de Covid-19 ainda ser algo incerto, o governo Fl\u00e1vio Dino autorizou, por meio da mesma instru\u00e7\u00e3o normativa, a volta das visitas \u00edntimas nas unidades prisionais maranhenses, com periodicidade quinzenal. Os encontros devem acontecer dentro do ambiente carcer\u00e1rio e todos os visitantes devem atender aos protocolos de preven\u00e7\u00e3o da transmiss\u00e3o do novo coronav\u00edrus.<\/p>\n","protected":false},"excerpt":{"rendered":"<p>Visitas \u00edntimas tamb\u00e9m est\u00e3o autorizados, mesmo com o fim da pandemia ainda incerto O governador Fl\u00e1vio Dino (PSB) parece estar [&hellip;]<\/p>\n","protected":false},"author":0,"featured_media":0,"comment_status":"open","ping_status":"open","sticky":false,"template":"","format":"standard","meta":{"site-sidebar-layout":"default","site-content-layout":"","ast-site-content-layout":"default","site-content-style":"default","site-sidebar-style":"default","ast-global-header-display":"","ast-banner-title-visibility":"","ast-main-header-display":"","ast-hfb-above-header-display":"","ast-hfb-below-header-display":"","ast-hfb-mobile-header-display":"","site-post-title":"","ast-breadcrumbs-content":"","ast-featured-img":"","footer-sml-layout":"","ast-disable-related-posts":"","theme-transparent-header-meta":"","adv-header-id-meta":"","stick-header-meta":"","header-above-stick-meta":"","header-main-stick-meta":"","header-below-stick-meta":"","astra-migrate-meta-layouts":"default","ast-page-background-enabled":"default","ast-page-background-meta":{"desktop":{"background-color":"var(--ast-global-color-5)","background-image":"","background-repeat":"repeat","background-position":"center center","background-size":"auto","background-attachment":"scroll","background-type":"","background-media":"","overlay-type":"","overlay-color":"","overlay-opacity":"","overlay-gradient":""},"tablet":{"background-color":"","background-image":"","background-repeat":"repeat","background-position":"center center","background-size":"auto","background-attachment":"scroll","background-type":"","background-media":"","overlay-type":"","overlay-color":"","overlay-opacity":"","overlay-gradient":""},"mobile":{"background-color":"","background-image":"","background-repeat":"repeat","background-position":"center center","background-size":"auto","background-attachment":"scroll","background-type":"","background-media":"","overlay-type":"","overlay-color":"","overlay-opacity":"","overlay-gradient":""}},"ast-content-background-meta":{"desktop":{"background-color":"var(--ast-global-color-4)","background-image":"","background-repeat":"repeat","background-position":"center center","background-size":"auto","background-attachment":"scroll","background-type":"","background-media":"","overlay-type":"","overlay-color":"","overlay-opacity":"","overlay-gradient":""},"tablet":{"background-color":"var(--ast-global-color-4)","background-image":"","background-repeat":"repeat","background-position":"center center","background-size":"auto","background-attachment":"scroll","background-type":"","background-media":"","overlay-type":"","overlay-color":"","overlay-opacity":"","overlay-gradient":""},"mobile":{"background-color":"var(--ast-global-color-4)","background-image":"","background-repeat":"repeat","background-position":"center center","background-size":"auto","background-attachment":"scroll","background-type":"","background-media":"","overlay-type":"","overlay-color":"","overlay-opacity":"","overlay-gradient":""}},"footnotes":""},"categories":[1],"tags":[],"class_list":["post-95376","post","type-post","status-publish","format-standard","hentry","category-sem-categoria"],"yoast_head":"<!-- This site is optimized with the Yoast SEO plugin v26.6 - https:\/\/yoast.com\/wordpress\/plugins\/seo\/ -->\n<title>Ap\u00f3s permitir TVs, Fl\u00e1vio Dino libera caixas de som em celas de pres\u00eddios do Maranh\u00e3o - Daniel Matos<\/title>\n<meta name=\"robots\" content=\"index, follow, max-snippet:-1, max-image-preview:large, max-video-preview:-1\" \/>\n<link rel=\"canonical\" href=\"https:\/\/www.blogsoestado.com\/danielmatos\/apos-permitir-tvs-flavio-dino-libera-caixas-de-som-em-celas-de-presidios-do-maranhao\/\" \/>\n<meta property=\"og:locale\" content=\"pt_BR\" \/>\n<meta property=\"og:type\" content=\"article\" \/>\n<meta property=\"og:title\" content=\"Ap\u00f3s permitir TVs, Fl\u00e1vio Dino libera caixas de som em celas de pres\u00eddios do Maranh\u00e3o - Daniel Matos\" \/>\n<meta property=\"og:description\" content=\"Visitas \u00edntimas tamb\u00e9m est\u00e3o autorizados, mesmo com o fim da pandemia ainda incerto O governador Fl\u00e1vio Dino (PSB) parece estar [&hellip;]\" \/>\n<meta property=\"og:url\" content=\"https:\/\/www.blogsoestado.com\/danielmatos\/apos-permitir-tvs-flavio-dino-libera-caixas-de-som-em-celas-de-presidios-do-maranhao\/\" \/>\n<meta property=\"og:site_name\" content=\"Daniel Matos\" \/>\n<meta property=\"article:published_time\" content=\"2022-03-23T09:00:00+00:00\" \/>\n<meta property=\"og:image\" content=\"https:\/\/www.blogsoestado.com\/danielmatos\/files\/2022\/03\/Screenshot_20220323-0259262.png\" \/>\n<meta name=\"twitter:card\" content=\"summary_large_image\" \/>\n<meta name=\"twitter:label1\" content=\"Est. tempo de leitura\" \/>\n\t<meta name=\"twitter:data1\" content=\"3 minutos\" \/>\n<script type=\"application\/ld+json\" class=\"yoast-schema-graph\">{\"@context\":\"https:\/\/schema.org\",\"@graph\":[{\"@type\":\"WebPage\",\"@id\":\"https:\/\/www.blogsoestado.com\/danielmatos\/apos-permitir-tvs-flavio-dino-libera-caixas-de-som-em-celas-de-presidios-do-maranhao\/\",\"url\":\"https:\/\/www.blogsoestado.com\/danielmatos\/apos-permitir-tvs-flavio-dino-libera-caixas-de-som-em-celas-de-presidios-do-maranhao\/\",\"name\":\"Ap\u00f3s permitir TVs, Fl\u00e1vio Dino libera caixas de som em celas de pres\u00eddios do Maranh\u00e3o - Daniel Matos\",\"isPartOf\":{\"@id\":\"https:\/\/www.blogsoestado.com\/danielmatos\/#website\"},\"primaryImageOfPage\":{\"@id\":\"https:\/\/www.blogsoestado.com\/danielmatos\/apos-permitir-tvs-flavio-dino-libera-caixas-de-som-em-celas-de-presidios-do-maranhao\/#primaryimage\"},\"image\":{\"@id\":\"https:\/\/www.blogsoestado.com\/danielmatos\/apos-permitir-tvs-flavio-dino-libera-caixas-de-som-em-celas-de-presidios-do-maranhao\/#primaryimage\"},\"thumbnailUrl\":\"https:\/\/www.blogsoestado.com\/danielmatos\/files\/2022\/03\/Screenshot_20220323-0259262.png\",\"datePublished\":\"2022-03-23T09:00:00+00:00\",\"author\":{\"@id\":\"\"},\"breadcrumb\":{\"@id\":\"https:\/\/www.blogsoestado.com\/danielmatos\/apos-permitir-tvs-flavio-dino-libera-caixas-de-som-em-celas-de-presidios-do-maranhao\/#breadcrumb\"},\"inLanguage\":\"pt-BR\",\"potentialAction\":[{\"@type\":\"ReadAction\",\"target\":[\"https:\/\/www.blogsoestado.com\/danielmatos\/apos-permitir-tvs-flavio-dino-libera-caixas-de-som-em-celas-de-presidios-do-maranhao\/\"]}]},{\"@type\":\"ImageObject\",\"inLanguage\":\"pt-BR\",\"@id\":\"https:\/\/www.blogsoestado.com\/danielmatos\/apos-permitir-tvs-flavio-dino-libera-caixas-de-som-em-celas-de-presidios-do-maranhao\/#primaryimage\",\"url\":\"https:\/\/www.blogsoestado.com\/danielmatos\/files\/2022\/03\/Screenshot_20220323-0259262.png\",\"contentUrl\":\"https:\/\/www.blogsoestado.com\/danielmatos\/files\/2022\/03\/Screenshot_20220323-0259262.png\"},{\"@type\":\"BreadcrumbList\",\"@id\":\"https:\/\/www.blogsoestado.com\/danielmatos\/apos-permitir-tvs-flavio-dino-libera-caixas-de-som-em-celas-de-presidios-do-maranhao\/#breadcrumb\",\"itemListElement\":[{\"@type\":\"ListItem\",\"position\":1,\"name\":\"In\u00edcio\",\"item\":\"https:\/\/www.blogsoestado.com\/danielmatos\/\"},{\"@type\":\"ListItem\",\"position\":2,\"name\":\"Ap\u00f3s permitir TVs, Fl\u00e1vio Dino libera caixas de som em celas de pres\u00eddios do Maranh\u00e3o\"}]},{\"@type\":\"WebSite\",\"@id\":\"https:\/\/www.blogsoestado.com\/danielmatos\/#website\",\"url\":\"https:\/\/www.blogsoestado.com\/danielmatos\/\",\"name\":\"Daniel Matos\",\"description\":\"\",\"potentialAction\":[{\"@type\":\"SearchAction\",\"target\":{\"@type\":\"EntryPoint\",\"urlTemplate\":\"https:\/\/www.blogsoestado.com\/danielmatos\/?s={search_term_string}\"},\"query-input\":{\"@type\":\"PropertyValueSpecification\",\"valueRequired\":true,\"valueName\":\"search_term_string\"}}],\"inLanguage\":\"pt-BR\"}]}<\/script>\n<!-- \/ Yoast SEO plugin. -->","yoast_head_json":{"title":"Ap\u00f3s permitir TVs, Fl\u00e1vio Dino libera caixas de som em celas de pres\u00eddios do Maranh\u00e3o - Daniel Matos","robots":{"index":"index","follow":"follow","max-snippet":"max-snippet:-1","max-image-preview":"max-image-preview:large","max-video-preview":"max-video-preview:-1"},"canonical":"https:\/\/www.blogsoestado.com\/danielmatos\/apos-permitir-tvs-flavio-dino-libera-caixas-de-som-em-celas-de-presidios-do-maranhao\/","og_locale":"pt_BR","og_type":"article","og_title":"Ap\u00f3s permitir TVs, Fl\u00e1vio Dino libera caixas de som em celas de pres\u00eddios do Maranh\u00e3o - Daniel Matos","og_description":"Visitas \u00edntimas tamb\u00e9m est\u00e3o autorizados, mesmo com o fim da pandemia ainda incerto O governador Fl\u00e1vio Dino (PSB) parece estar [&hellip;]","og_url":"https:\/\/www.blogsoestado.com\/danielmatos\/apos-permitir-tvs-flavio-dino-libera-caixas-de-som-em-celas-de-presidios-do-maranhao\/","og_site_name":"Daniel Matos","article_published_time":"2022-03-23T09:00:00+00:00","og_image":[{"url":"https:\/\/www.blogsoestado.com\/danielmatos\/files\/2022\/03\/Screenshot_20220323-0259262.png","type":"","width":"","height":""}],"twitter_card":"summary_large_image","twitter_misc":{"Est. tempo de leitura":"3 minutos"},"schema":{"@context":"https:\/\/schema.org","@graph":[{"@type":"WebPage","@id":"https:\/\/www.blogsoestado.com\/danielmatos\/apos-permitir-tvs-flavio-dino-libera-caixas-de-som-em-celas-de-presidios-do-maranhao\/","url":"https:\/\/www.blogsoestado.com\/danielmatos\/apos-permitir-tvs-flavio-dino-libera-caixas-de-som-em-celas-de-presidios-do-maranhao\/","name":"Ap\u00f3s permitir TVs, Fl\u00e1vio Dino libera caixas de som em celas de pres\u00eddios do Maranh\u00e3o - Daniel Matos","isPartOf":{"@id":"https:\/\/www.blogsoestado.com\/danielmatos\/#website"},"primaryImageOfPage":{"@id":"https:\/\/www.blogsoestado.com\/danielmatos\/apos-permitir-tvs-flavio-dino-libera-caixas-de-som-em-celas-de-presidios-do-maranhao\/#primaryimage"},"image":{"@id":"https:\/\/www.blogsoestado.com\/danielmatos\/apos-permitir-tvs-flavio-dino-libera-caixas-de-som-em-celas-de-presidios-do-maranhao\/#primaryimage"},"thumbnailUrl":"https:\/\/www.blogsoestado.com\/danielmatos\/files\/2022\/03\/Screenshot_20220323-0259262.png","datePublished":"2022-03-23T09:00:00+00:00","author":{"@id":""},"breadcrumb":{"@id":"https:\/\/www.blogsoestado.com\/danielmatos\/apos-permitir-tvs-flavio-dino-libera-caixas-de-som-em-celas-de-presidios-do-maranhao\/#breadcrumb"},"inLanguage":"pt-BR","potentialAction":[{"@type":"ReadAction","target":["https:\/\/www.blogsoestado.com\/danielmatos\/apos-permitir-tvs-flavio-dino-libera-caixas-de-som-em-celas-de-presidios-do-maranhao\/"]}]},{"@type":"ImageObject","inLanguage":"pt-BR","@id":"https:\/\/www.blogsoestado.com\/danielmatos\/apos-permitir-tvs-flavio-dino-libera-caixas-de-som-em-celas-de-presidios-do-maranhao\/#primaryimage","url":"https:\/\/www.blogsoestado.com\/danielmatos\/files\/2022\/03\/Screenshot_20220323-0259262.png","contentUrl":"https:\/\/www.blogsoestado.com\/danielmatos\/files\/2022\/03\/Screenshot_20220323-0259262.png"},{"@type":"BreadcrumbList","@id":"https:\/\/www.blogsoestado.com\/danielmatos\/apos-permitir-tvs-flavio-dino-libera-caixas-de-som-em-celas-de-presidios-do-maranhao\/#breadcrumb","itemListElement":[{"@type":"ListItem","position":1,"name":"In\u00edcio","item":"https:\/\/www.blogsoestado.com\/danielmatos\/"},{"@type":"ListItem","position":2,"name":"Ap\u00f3s permitir TVs, Fl\u00e1vio Dino libera caixas de som em celas de pres\u00eddios do Maranh\u00e3o"}]},{"@type":"WebSite","@id":"https:\/\/www.blogsoestado.com\/danielmatos\/#website","url":"https:\/\/www.blogsoestado.com\/danielmatos\/","name":"Daniel Matos","description":"","potentialAction":[{"@type":"SearchAction","target":{"@type":"EntryPoint","urlTemplate":"https:\/\/www.blogsoestado.com\/danielmatos\/?s={search_term_string}"},"query-input":{"@type":"PropertyValueSpecification","valueRequired":true,"valueName":"search_term_string"}}],"inLanguage":"pt-BR"}]}},"jetpack_featured_media_url":"","_links":{"self":[{"href":"https:\/\/www.blogsoestado.com\/danielmatos\/wp-json\/wp\/v2\/posts\/95376","targetHints":{"allow":["GET"]}}],"collection":[{"href":"https:\/\/www.blogsoestado.com\/danielmatos\/wp-json\/wp\/v2\/posts"}],"about":[{"href":"https:\/\/www.blogsoestado.com\/danielmatos\/wp-json\/wp\/v2\/types\/post"}],"replies":[{"embeddable":true,"href":"https:\/\/www.blogsoestado.com\/danielmatos\/wp-json\/wp\/v2\/comments?post=95376"}],"version-history":[{"count":0,"href":"https:\/\/www.blogsoestado.com\/danielmatos\/wp-json\/wp\/v2\/posts\/95376\/revisions"}],"wp:attachment":[{"href":"https:\/\/www.blogsoestado.com\/danielmatos\/wp-json\/wp\/v2\/media?parent=95376"}],"wp:term":[{"taxonomy":"category","embeddable":true,"href":"https:\/\/www.blogsoestado.com\/danielmatos\/wp-json\/wp\/v2\/categories?post=95376"},{"taxonomy":"post_tag","embeddable":true,"href":"https:\/\/www.blogsoestado.com\/danielmatos\/wp-json\/wp\/v2\/tags?post=95376"}],"curies":[{"name":"wp","href":"https:\/\/api.w.org\/{rel}","templated":true}]}}