{"id":95391,"date":"2022-03-23T13:00:00","date_gmt":"2022-03-23T16:00:00","guid":{"rendered":"https:\/\/www.blogsoestado.com\/danielmatos\/?p=95391"},"modified":"2022-03-23T13:00:00","modified_gmt":"2022-03-23T16:00:00","slug":"acusado-de-feminicidio-vai-a-julgamento-em-carolina","status":"publish","type":"post","link":"https:\/\/www.blogsoestado.com\/danielmatos\/acusado-de-feminicidio-vai-a-julgamento-em-carolina\/","title":{"rendered":"Acusado de feminic\u00eddio vai a julgamento em Carolina"},"content":{"rendered":"\n<div class=\"wp-block-image\"><figure class=\"aligncenter size-large\"><a href=\"https:\/\/www.blogsoestado.com\/danielmatos\/files\/2022\/03\/Screenshot_20220323-1146102.png\"><img decoding=\"async\" src=\"https:\/\/www.blogsoestado.com\/danielmatos\/files\/2022\/03\/Screenshot_20220323-1146102.png\" alt=\"\" class=\"wp-image-95392\"\/><\/a><\/figure><\/div>\n\n\n\n<p>O Poder Judici\u00e1rio da Comarca de Carolina vai realizar no pr\u00f3ximo dia 30 de mar\u00e7o a primeira sess\u00e3o do Tribunal do J\u00fari do ano de 2022. No banco dos r\u00e9us, Rog\u00e9rio Pereira Lima. Ele ser\u00e1 julgado sob acusa\u00e7\u00e3o de pr\u00e1tica de crime de feminic\u00eddio, que teve como v\u00edtima Raimunda Barbosa da Silva. A sess\u00e3o est\u00e1 marcada para ocorrer a partir das 8h30, e ser\u00e1 realizada sob a presid\u00eancia do juiz Mazurki\u00e9vicz Saraiva de Sousa, titular da comarca.<\/p>\n\n\n\n<p>A den\u00fancia do caso relata que, na data de 22 de novembro de 2020, por volta das 19h, o denunciado, com \u2018animus necandi\u2019, que \u00e9 a inten\u00e7\u00e3o de matar, tirou a vida de Raimunda Barbosa, utilizando-se de uma arma de fogo. Segue narrando que, no dia e hor\u00e1rio citados, a guarni\u00e7\u00e3o da Pol\u00edcia Militar teria sido informada sobre um feminic\u00eddio, ocorrido no Povoado Helen\u00f3polis, localidade do Munic\u00edpio de Carolina.<\/p>\n\n\n\n<p>Ap\u00f3s averigua\u00e7\u00f5es, foi descoberto que Rog\u00e9rio Pereira Lima estaria insatisfeito com o t\u00e9rmino do relacionamento que mantivera com Raimunda, atingindo-a com um tiro na regi\u00e3o do t\u00f3rax. Em depoimento, uma testemunha, que teria presenciado o crime, relatou que Rog\u00e9rio se aproximou pelos fundos da resid\u00eancia da v\u00edtima, momento em que foi ao encontro dela e efetuou um disparo de arma de fogo. Segue narrando que, ap\u00f3s o intento, o denunciado saiu tranquilamente do local, voltando pela mesma estrada que chegou.<\/p>\n\n\n\n<p><strong>SOFRIA AGRESS\u00d5ES<\/strong><\/p>\n\n\n\n<p>A testemunha, que \u00e9 irm\u00e3 da v\u00edtima, ressaltou, ainda, que Raimunda Barbosa j\u00e1 havia sofrido agress\u00f5es por parte de Rog\u00e9rio porque este era muito ciumento e n\u00e3o aceitava que Raimunda conversasse com ningu\u00e9m. No mesmo depoimento, a testemunha disse que o denunciado j\u00e1 havia amea\u00e7ado Raimunda. Por fim, salientou que uma outra pessoa, mulher, estava sentada na porta juntamente com a v\u00edtima, quando Rog\u00e9rio chegou e atirou.<\/p>\n\n\n\n<p>Al\u00e9m do juiz Mazurki\u00e9vicz Saraiva de Sousa, participar\u00e3o da sess\u00e3o do Tribuna do J\u00fari o promotor Marco T\u00falio Rodrigues Lopes, na acusa\u00e7\u00e3o, e o advogado Marcondes da Silveira Figueiredo J\u00fanior, que atuar\u00e1 na defesa do r\u00e9u. A sess\u00e3o ser\u00e1 realizada no Sal\u00e3o do J\u00fari do F\u00f3rum de Carolina.<\/p>\n","protected":false},"excerpt":{"rendered":"<p>O Poder Judici\u00e1rio da Comarca de Carolina vai realizar no pr\u00f3ximo dia 30 de mar\u00e7o a primeira sess\u00e3o do Tribunal [&hellip;]<\/p>\n","protected":false},"author":0,"featured_media":0,"comment_status":"open","ping_status":"open","sticky":false,"template":"","format":"standard","meta":{"site-sidebar-layout":"default","site-content-layout":"","ast-site-content-layout":"default","site-content-style":"default","site-sidebar-style":"default","ast-global-header-display":"","ast-banner-title-visibility":"","ast-main-header-display":"","ast-hfb-above-header-display":"","ast-hfb-below-header-display":"","ast-hfb-mobile-header-display":"","site-post-title":"","ast-breadcrumbs-content":"","ast-featured-img":"","footer-sml-layout":"","ast-disable-related-posts":"","theme-transparent-header-meta":"","adv-header-id-meta":"","stick-header-meta":"","header-above-stick-meta":"","header-main-stick-meta":"","header-below-stick-meta":"","astra-migrate-meta-layouts":"default","ast-page-background-enabled":"default","ast-page-background-meta":{"desktop":{"background-color":"var(--ast-global-color-5)","background-image":"","background-repeat":"repeat","background-position":"center center","background-size":"auto","background-attachment":"scroll","background-type":"","background-media":"","overlay-type":"","overlay-color":"","overlay-opacity":"","overlay-gradient":""},"tablet":{"background-color":"","background-image":"","background-repeat":"repeat","background-position":"center center","background-size":"auto","background-attachment":"scroll","background-type":"","background-media":"","overlay-type":"","overlay-color":"","overlay-opacity":"","overlay-gradient":""},"mobile":{"background-color":"","background-image":"","background-repeat":"repeat","background-position":"center center","background-size":"auto","background-attachment":"scroll","background-type":"","background-media":"","overlay-type":"","overlay-color":"","overlay-opacity":"","overlay-gradient":""}},"ast-content-background-meta":{"desktop":{"background-color":"var(--ast-global-color-4)","background-image":"","background-repeat":"repeat","background-position":"center center","background-size":"auto","background-attachment":"scroll","background-type":"","background-media":"","overlay-type":"","overlay-color":"","overlay-opacity":"","overlay-gradient":""},"tablet":{"background-color":"var(--ast-global-color-4)","background-image":"","background-repeat":"repeat","background-position":"center center","background-size":"auto","background-attachment":"scroll","background-type":"","background-media":"","overlay-type":"","overlay-color":"","overlay-opacity":"","overlay-gradient":""},"mobile":{"background-color":"var(--ast-global-color-4)","background-image":"","background-repeat":"repeat","background-position":"center center","background-size":"auto","background-attachment":"scroll","background-type":"","background-media":"","overlay-type":"","overlay-color":"","overlay-opacity":"","overlay-gradient":""}},"footnotes":""},"categories":[1],"tags":[],"class_list":["post-95391","post","type-post","status-publish","format-standard","hentry","category-sem-categoria"],"yoast_head":"<!-- This site is optimized with the Yoast SEO plugin v26.6 - https:\/\/yoast.com\/wordpress\/plugins\/seo\/ -->\n<title>Acusado de feminic\u00eddio vai a julgamento em Carolina - Daniel Matos<\/title>\n<meta name=\"robots\" content=\"index, follow, max-snippet:-1, max-image-preview:large, max-video-preview:-1\" \/>\n<link rel=\"canonical\" href=\"https:\/\/www.blogsoestado.com\/danielmatos\/acusado-de-feminicidio-vai-a-julgamento-em-carolina\/\" \/>\n<meta property=\"og:locale\" content=\"pt_BR\" \/>\n<meta property=\"og:type\" content=\"article\" \/>\n<meta property=\"og:title\" content=\"Acusado de feminic\u00eddio vai a julgamento em Carolina - Daniel Matos\" \/>\n<meta property=\"og:description\" content=\"O Poder Judici\u00e1rio da Comarca de Carolina vai realizar no pr\u00f3ximo dia 30 de mar\u00e7o a primeira sess\u00e3o do Tribunal [&hellip;]\" \/>\n<meta property=\"og:url\" content=\"https:\/\/www.blogsoestado.com\/danielmatos\/acusado-de-feminicidio-vai-a-julgamento-em-carolina\/\" \/>\n<meta property=\"og:site_name\" content=\"Daniel Matos\" \/>\n<meta property=\"article:published_time\" content=\"2022-03-23T16:00:00+00:00\" \/>\n<meta property=\"og:image\" content=\"https:\/\/www.blogsoestado.com\/danielmatos\/files\/2022\/03\/Screenshot_20220323-1146102.png\" \/>\n<meta name=\"twitter:card\" content=\"summary_large_image\" \/>\n<meta name=\"twitter:label1\" content=\"Est. tempo de leitura\" \/>\n\t<meta name=\"twitter:data1\" content=\"2 minutos\" \/>\n<script type=\"application\/ld+json\" class=\"yoast-schema-graph\">{\"@context\":\"https:\/\/schema.org\",\"@graph\":[{\"@type\":\"WebPage\",\"@id\":\"https:\/\/www.blogsoestado.com\/danielmatos\/acusado-de-feminicidio-vai-a-julgamento-em-carolina\/\",\"url\":\"https:\/\/www.blogsoestado.com\/danielmatos\/acusado-de-feminicidio-vai-a-julgamento-em-carolina\/\",\"name\":\"Acusado de feminic\u00eddio vai a julgamento em Carolina - Daniel Matos\",\"isPartOf\":{\"@id\":\"https:\/\/www.blogsoestado.com\/danielmatos\/#website\"},\"primaryImageOfPage\":{\"@id\":\"https:\/\/www.blogsoestado.com\/danielmatos\/acusado-de-feminicidio-vai-a-julgamento-em-carolina\/#primaryimage\"},\"image\":{\"@id\":\"https:\/\/www.blogsoestado.com\/danielmatos\/acusado-de-feminicidio-vai-a-julgamento-em-carolina\/#primaryimage\"},\"thumbnailUrl\":\"https:\/\/www.blogsoestado.com\/danielmatos\/files\/2022\/03\/Screenshot_20220323-1146102.png\",\"datePublished\":\"2022-03-23T16:00:00+00:00\",\"author\":{\"@id\":\"\"},\"breadcrumb\":{\"@id\":\"https:\/\/www.blogsoestado.com\/danielmatos\/acusado-de-feminicidio-vai-a-julgamento-em-carolina\/#breadcrumb\"},\"inLanguage\":\"pt-BR\",\"potentialAction\":[{\"@type\":\"ReadAction\",\"target\":[\"https:\/\/www.blogsoestado.com\/danielmatos\/acusado-de-feminicidio-vai-a-julgamento-em-carolina\/\"]}]},{\"@type\":\"ImageObject\",\"inLanguage\":\"pt-BR\",\"@id\":\"https:\/\/www.blogsoestado.com\/danielmatos\/acusado-de-feminicidio-vai-a-julgamento-em-carolina\/#primaryimage\",\"url\":\"https:\/\/www.blogsoestado.com\/danielmatos\/files\/2022\/03\/Screenshot_20220323-1146102.png\",\"contentUrl\":\"https:\/\/www.blogsoestado.com\/danielmatos\/files\/2022\/03\/Screenshot_20220323-1146102.png\"},{\"@type\":\"BreadcrumbList\",\"@id\":\"https:\/\/www.blogsoestado.com\/danielmatos\/acusado-de-feminicidio-vai-a-julgamento-em-carolina\/#breadcrumb\",\"itemListElement\":[{\"@type\":\"ListItem\",\"position\":1,\"name\":\"In\u00edcio\",\"item\":\"https:\/\/www.blogsoestado.com\/danielmatos\/\"},{\"@type\":\"ListItem\",\"position\":2,\"name\":\"Acusado de feminic\u00eddio vai a julgamento em Carolina\"}]},{\"@type\":\"WebSite\",\"@id\":\"https:\/\/www.blogsoestado.com\/danielmatos\/#website\",\"url\":\"https:\/\/www.blogsoestado.com\/danielmatos\/\",\"name\":\"Daniel Matos\",\"description\":\"\",\"potentialAction\":[{\"@type\":\"SearchAction\",\"target\":{\"@type\":\"EntryPoint\",\"urlTemplate\":\"https:\/\/www.blogsoestado.com\/danielmatos\/?s={search_term_string}\"},\"query-input\":{\"@type\":\"PropertyValueSpecification\",\"valueRequired\":true,\"valueName\":\"search_term_string\"}}],\"inLanguage\":\"pt-BR\"}]}<\/script>\n<!-- \/ Yoast SEO plugin. -->","yoast_head_json":{"title":"Acusado de feminic\u00eddio vai a julgamento em Carolina - Daniel Matos","robots":{"index":"index","follow":"follow","max-snippet":"max-snippet:-1","max-image-preview":"max-image-preview:large","max-video-preview":"max-video-preview:-1"},"canonical":"https:\/\/www.blogsoestado.com\/danielmatos\/acusado-de-feminicidio-vai-a-julgamento-em-carolina\/","og_locale":"pt_BR","og_type":"article","og_title":"Acusado de feminic\u00eddio vai a julgamento em Carolina - Daniel Matos","og_description":"O Poder Judici\u00e1rio da Comarca de Carolina vai realizar no pr\u00f3ximo dia 30 de mar\u00e7o a primeira sess\u00e3o do Tribunal [&hellip;]","og_url":"https:\/\/www.blogsoestado.com\/danielmatos\/acusado-de-feminicidio-vai-a-julgamento-em-carolina\/","og_site_name":"Daniel Matos","article_published_time":"2022-03-23T16:00:00+00:00","og_image":[{"url":"https:\/\/www.blogsoestado.com\/danielmatos\/files\/2022\/03\/Screenshot_20220323-1146102.png","type":"","width":"","height":""}],"twitter_card":"summary_large_image","twitter_misc":{"Est. tempo de leitura":"2 minutos"},"schema":{"@context":"https:\/\/schema.org","@graph":[{"@type":"WebPage","@id":"https:\/\/www.blogsoestado.com\/danielmatos\/acusado-de-feminicidio-vai-a-julgamento-em-carolina\/","url":"https:\/\/www.blogsoestado.com\/danielmatos\/acusado-de-feminicidio-vai-a-julgamento-em-carolina\/","name":"Acusado de feminic\u00eddio vai a julgamento em Carolina - Daniel Matos","isPartOf":{"@id":"https:\/\/www.blogsoestado.com\/danielmatos\/#website"},"primaryImageOfPage":{"@id":"https:\/\/www.blogsoestado.com\/danielmatos\/acusado-de-feminicidio-vai-a-julgamento-em-carolina\/#primaryimage"},"image":{"@id":"https:\/\/www.blogsoestado.com\/danielmatos\/acusado-de-feminicidio-vai-a-julgamento-em-carolina\/#primaryimage"},"thumbnailUrl":"https:\/\/www.blogsoestado.com\/danielmatos\/files\/2022\/03\/Screenshot_20220323-1146102.png","datePublished":"2022-03-23T16:00:00+00:00","author":{"@id":""},"breadcrumb":{"@id":"https:\/\/www.blogsoestado.com\/danielmatos\/acusado-de-feminicidio-vai-a-julgamento-em-carolina\/#breadcrumb"},"inLanguage":"pt-BR","potentialAction":[{"@type":"ReadAction","target":["https:\/\/www.blogsoestado.com\/danielmatos\/acusado-de-feminicidio-vai-a-julgamento-em-carolina\/"]}]},{"@type":"ImageObject","inLanguage":"pt-BR","@id":"https:\/\/www.blogsoestado.com\/danielmatos\/acusado-de-feminicidio-vai-a-julgamento-em-carolina\/#primaryimage","url":"https:\/\/www.blogsoestado.com\/danielmatos\/files\/2022\/03\/Screenshot_20220323-1146102.png","contentUrl":"https:\/\/www.blogsoestado.com\/danielmatos\/files\/2022\/03\/Screenshot_20220323-1146102.png"},{"@type":"BreadcrumbList","@id":"https:\/\/www.blogsoestado.com\/danielmatos\/acusado-de-feminicidio-vai-a-julgamento-em-carolina\/#breadcrumb","itemListElement":[{"@type":"ListItem","position":1,"name":"In\u00edcio","item":"https:\/\/www.blogsoestado.com\/danielmatos\/"},{"@type":"ListItem","position":2,"name":"Acusado de feminic\u00eddio vai a julgamento em Carolina"}]},{"@type":"WebSite","@id":"https:\/\/www.blogsoestado.com\/danielmatos\/#website","url":"https:\/\/www.blogsoestado.com\/danielmatos\/","name":"Daniel Matos","description":"","potentialAction":[{"@type":"SearchAction","target":{"@type":"EntryPoint","urlTemplate":"https:\/\/www.blogsoestado.com\/danielmatos\/?s={search_term_string}"},"query-input":{"@type":"PropertyValueSpecification","valueRequired":true,"valueName":"search_term_string"}}],"inLanguage":"pt-BR"}]}},"jetpack_featured_media_url":"","_links":{"self":[{"href":"https:\/\/www.blogsoestado.com\/danielmatos\/wp-json\/wp\/v2\/posts\/95391","targetHints":{"allow":["GET"]}}],"collection":[{"href":"https:\/\/www.blogsoestado.com\/danielmatos\/wp-json\/wp\/v2\/posts"}],"about":[{"href":"https:\/\/www.blogsoestado.com\/danielmatos\/wp-json\/wp\/v2\/types\/post"}],"replies":[{"embeddable":true,"href":"https:\/\/www.blogsoestado.com\/danielmatos\/wp-json\/wp\/v2\/comments?post=95391"}],"version-history":[{"count":0,"href":"https:\/\/www.blogsoestado.com\/danielmatos\/wp-json\/wp\/v2\/posts\/95391\/revisions"}],"wp:attachment":[{"href":"https:\/\/www.blogsoestado.com\/danielmatos\/wp-json\/wp\/v2\/media?parent=95391"}],"wp:term":[{"taxonomy":"category","embeddable":true,"href":"https:\/\/www.blogsoestado.com\/danielmatos\/wp-json\/wp\/v2\/categories?post=95391"},{"taxonomy":"post_tag","embeddable":true,"href":"https:\/\/www.blogsoestado.com\/danielmatos\/wp-json\/wp\/v2\/tags?post=95391"}],"curies":[{"name":"wp","href":"https:\/\/api.w.org\/{rel}","templated":true}]}}