{"id":95402,"date":"2022-03-23T18:41:37","date_gmt":"2022-03-23T21:41:37","guid":{"rendered":"https:\/\/www.blogsoestado.com\/danielmatos\/?p=95402"},"modified":"2022-03-23T18:41:37","modified_gmt":"2022-03-23T21:41:37","slug":"palco-mundo-do-lencois-jazz-blues-festival-2022-acontece-no-teatro-arthur-azevedo","status":"publish","type":"post","link":"https:\/\/www.blogsoestado.com\/danielmatos\/palco-mundo-do-lencois-jazz-blues-festival-2022-acontece-no-teatro-arthur-azevedo\/","title":{"rendered":"Palco Mundo do Len\u00e7\u00f3is Jazz &#038; Blues Festival 2022 acontece no Teatro Arthur Azevedo"},"content":{"rendered":"\n<div class=\"wp-block-image\"><figure class=\"aligncenter size-large\"><a href=\"https:\/\/www.blogsoestado.com\/danielmatos\/files\/2022\/03\/Screenshot_20220323-1840112.png\"><img decoding=\"async\" src=\"https:\/\/www.blogsoestado.com\/danielmatos\/files\/2022\/03\/Screenshot_20220323-1840112.png\" alt=\"\" class=\"wp-image-95404\"\/><\/a><\/figure><\/div>\n\n\n\n<p>Nesta quinta-feira, 24, e sexta-feira, 25, o Minist\u00e9rio do Turismo apresenta o Palco Mundo 2022 do Len\u00e7\u00f3is Jazz &amp; Blues Festival no Teatro Arthur Azevedo (Rua do Sol, Centro). A iniciativa \u00e9 realizada com recursos incentivados por meio da Lei Federal de Incentivo \u00e0 Cultura, patroc\u00ednio do Instituto Cultural Vale, BNB, Potiguar e Fidens Constru\u00e7\u00f5es S\/A, atrav\u00e9s da Tutuca Viana Produ\u00e7\u00f5es, Secretaria Especial da Cultura, Governo Federal.<\/p>\n\n\n\n<p>Trata-se de uma vertente do Len\u00e7\u00f3is Jazz &amp; Blues Festival que seguir\u00e1 para sua 14\u00aa edi\u00e7\u00e3o este ano. A programa\u00e7\u00e3o inclui oficinas \u00e0 tarde e shows a partir de 19h, com entrada gratuita. Em virtude do protocolo de sa\u00fade, a capacidade do p\u00fablico ser\u00e1 limitada; e como sugest\u00e3o, os ingressos podem ser retirados na bilheteria do TAA com a troca de 1kg de alimento n\u00e3o-perec\u00edvel, beneficente ao Pouso Obras Sociais.<\/p>\n\n\n\n<p>A programa\u00e7\u00e3o desta quinta-feira, 24, come\u00e7a \u00e0s 15h com a oficina de no\u00e7\u00f5es de condu\u00e7\u00e3o r\u00edtmica, entrosamento, percep\u00e7\u00e3o, come\u00e7o e fim da m\u00fasica, arranjos entre outros segredos sobre a arte musical na vis\u00e3o de Fil\u00f3 Machado. E segue no local, com os shows que come\u00e7am \u00e0s 19h. Na abertura da noite, Nema Antunes Sexteto apresenta o show \u201cPl\u00fambeo\u201d. T\u00edtulo hom\u00f4nimo do disco instrumental do artista, baseado na polirritmia e sonoridade urbana, com timbres modernos e refer\u00eancias da m\u00fasica erudita.<\/p>\n\n\n\n<p>M\u00fasico mineiro, radicado no Rio de Janeiro, Nema Antunes \u00e9 baixista, side man de grandes nomes da m\u00fasica popular brasileira, entre eles, Ivan Lins. Nesta ocasi\u00e3o, ele estar\u00e1 no palco com Israel Dantas (guitarra), Marcelo Carvalho (piano), Renato Serra (teclados), Ronald Nascimento (bateria) e Daniel Cavalcante (trompete e fluguelhorn), ex\u00edmios instrumentistas, naturais do Maranh\u00e3o.<\/p>\n\n\n\n<p>Ap\u00f3s sua apresenta\u00e7\u00e3o ser\u00e1 a vez de Gabriel Grossi Quarteto com o empolgante show \u201cRE DISC COVER\u201d, um passeio totalmente original atrav\u00e9s de cl\u00e1ssicos absolutos do Pop Rock contemplando as d\u00e9cadas de 60, 70, 80 e 90. Gabriel Grossi \u00e9 reconhecido internacionalmente como um dos maiores instrumentistas de harm\u00f4nica no planeta. No Palco Mundo, o acompanham: Eduardo Farias (piano e teclados), Michael Pipoquinha (baixo) e S\u00e9rgio Machado (bateria).<\/p>\n\n\n\n<p>A noite se completa com o esperado show de Fil\u00f3 Machado, 60 anos de M\u00fasica. Fil\u00f3 Machado \u00e9 reconhecido n\u00e3o s\u00f3 pelo virtuosismo como multi-instrumentista ou pela originalidade e criatividade nas composi\u00e7\u00f5es; mas pela sua interpreta\u00e7\u00e3o que encanta pelo timbre personal\u00edssimo e pela for\u00e7a de seu canto. No palco, apresentam-se Fil\u00f3 Machado (voz e viol\u00e3o), Felipe Machado (voz e viol\u00e3o), F\u00e1bio Leandro (piano), S\u00e9rgio Machado (bateria), Carlinhos Noronha (baixo) e Jota P (sopros).<\/p>\n\n\n\n<p>Na sexta-feira, 25, a oficina acontece \u00e0s 15h, no TAA, tendo Arismar do Esp\u00edrito Santo a discorrer sobre os temas: cria\u00e7\u00e3o, arranjo, interpreta\u00e7\u00e3o e improviso. Os shows da noite t\u00eam in\u00edcio \u00e0s 19h, no local, com Gabriela Marques apresentando o show \u201cEm Casa\u201d ao lado de Fellipe Fernandes (piano), Em\u00edlio Furtado (baixo ac\u00fastico), Carlos Ernane (guitarra el\u00e9trica), Fofo Black (bateria) e participa\u00e7\u00e3o especial de James Pierre. Neste show, as m\u00fasicas s\u00e3o mem\u00f3rias vivas para a cantora, divididas em momentos \u2013 manh\u00e3, tarde e noite. Um espa\u00e7o repleto de s\u00edmbolos e narrativas.<br>Com o show \u201cN\u00f4made\u201d, Alessandro Kramer, hoje mais conhecido como Beb\u00ea Kramer, comp\u00f5e tamb\u00e9m a noite com sua est\u00e9tica musical inovadora, na qual traz a express\u00e3o de sua fonte inicial, o Rio Grande do Sul, com a jun\u00e7\u00e3o de outros sotaques, sempre tendo como caracter\u00edstica principal sua forte energia ao tocar. Ele \u00e9 considerado um dos maiores acordeonistas do Brasil na atualidade e \u00e9 um dos nomes mais significativos da nova gera\u00e7\u00e3o de acordeonistas tamb\u00e9m no exterior.<\/p>\n\n\n\n<p>No encerramento, Arismar do Esp\u00edrito Santo (piano e guitarra), Glauco Solter (contrabaixo), Fofo Black (bateria) far\u00e3o o show \u201cCataia\u201d. Este projeto iniciou na Europa no ano passado quando o multi-instrumentista, compositor e arranjador Arismar do Esp\u00edrito Santo fez shows e masterclasses na \u00c1ustria, Su\u00ed\u00e7a, Alemanha e Fran\u00e7a. Arismar, em quase 50 anos de carreira, recebeu in\u00fameros Pr\u00eamios e colecionou centenas de hist\u00f3rias da M\u00fasica Popular Brasileira e de seus principais protagonistas, se tornando preciosa mem\u00f3ria viva.<\/p>\n\n\n\n<p>A saber, o Palco Mundo do Len\u00e7\u00f3is Jazz &amp; Blues Festival contou com aproximadamente 14.880 pessoas beneficiadas no formato apresentado entre participa\u00e7\u00e3o nas oficinas, palestras, feira de artesanato, espa\u00e7os gourmet e shows em 2019. Desta vez, o formato foi redimensionado para contemplar seu p\u00fablico apreciador, com garantia de que haja todos os cuidados de preven\u00e7\u00e3o, regras sanit\u00e1rias e protocolo de sa\u00fade contra a Pandemia. O intuito \u00e9 que toda a programa\u00e7\u00e3o possa fluir de maneira segura para a melhor experi\u00eancia em torno da Arte e Cultura, neste riqu\u00edssimo universo da M\u00fasica Instrumental.<\/p>\n\n\n\n<p>O Palco Mundo \u2013 Len\u00e7\u00f3is Jazz &amp; Blues Festival apoia a campanha de vacina\u00e7\u00e3o do Minist\u00e9rio da Sa\u00fade e Governo Federal. Reforce a sua prote\u00e7\u00e3o. Se voc\u00ea j\u00e1 tomou a primeira dose da vacina da Covid 19, n\u00e3o esque\u00e7a de tomar a segunda dose.<\/p>\n\n\n\n<p><strong>SERVI\u00c7O:<\/strong><\/p>\n\n\n\n<p>PALCO MUNDO \u2013 Len\u00e7\u00f3is Jazz &amp; Blues Festival<\/p>\n\n\n\n<p>Dias 24 e 25 de mar\u00e7o de 2022, 19h, Teatro Arthur Azevedo \u2013 Rua do Sol, Centro.<\/p>\n\n\n\n<p>Classifica\u00e7\u00e3o livre, entrada gratuita.<\/p>\n\n\n\n<p>Realiza\u00e7\u00e3o: Tutuca Viana Produ\u00e7\u00f5es<\/p>\n\n\n\n<p>Patroc\u00ednio: Instituto Cultural Vale, BNB, Potiguar e Fidens Constru\u00e7\u00f5es S\/A, com recursos incentivados por meio da Lei Federal de Incentivo \u00e0 Cultura.<\/p>\n\n\n\n<p>Mais informa\u00e7\u00f5es: <a href=\"http:\/\/@lencoisfestival\">@lencoisfestival<\/a>\/<a href=\"http:\/\/www.palcomundo.lencoisjazzeblues.com.br\" target=\"_blank\" rel=\"noreferrer noopener\">www.palcomundo.lencoisjazzeblues.com.br<\/a><\/p>\n","protected":false},"excerpt":{"rendered":"<p>Nesta quinta-feira, 24, e sexta-feira, 25, o Minist\u00e9rio do Turismo apresenta o Palco Mundo 2022 do Len\u00e7\u00f3is Jazz &amp; Blues [&hellip;]<\/p>\n","protected":false},"author":0,"featured_media":0,"comment_status":"open","ping_status":"open","sticky":false,"template":"","format":"standard","meta":{"site-sidebar-layout":"default","site-content-layout":"","ast-site-content-layout":"default","site-content-style":"default","site-sidebar-style":"default","ast-global-header-display":"","ast-banner-title-visibility":"","ast-main-header-display":"","ast-hfb-above-header-display":"","ast-hfb-below-header-display":"","ast-hfb-mobile-header-display":"","site-post-title":"","ast-breadcrumbs-content":"","ast-featured-img":"","footer-sml-layout":"","ast-disable-related-posts":"","theme-transparent-header-meta":"","adv-header-id-meta":"","stick-header-meta":"","header-above-stick-meta":"","header-main-stick-meta":"","header-below-stick-meta":"","astra-migrate-meta-layouts":"default","ast-page-background-enabled":"default","ast-page-background-meta":{"desktop":{"background-color":"var(--ast-global-color-5)","background-image":"","background-repeat":"repeat","background-position":"center center","background-size":"auto","background-attachment":"scroll","background-type":"","background-media":"","overlay-type":"","overlay-color":"","overlay-opacity":"","overlay-gradient":""},"tablet":{"background-color":"","background-image":"","background-repeat":"repeat","background-position":"center center","background-size":"auto","background-attachment":"scroll","background-type":"","background-media":"","overlay-type":"","overlay-color":"","overlay-opacity":"","overlay-gradient":""},"mobile":{"background-color":"","background-image":"","background-repeat":"repeat","background-position":"center center","background-size":"auto","background-attachment":"scroll","background-type":"","background-media":"","overlay-type":"","overlay-color":"","overlay-opacity":"","overlay-gradient":""}},"ast-content-background-meta":{"desktop":{"background-color":"var(--ast-global-color-4)","background-image":"","background-repeat":"repeat","background-position":"center center","background-size":"auto","background-attachment":"scroll","background-type":"","background-media":"","overlay-type":"","overlay-color":"","overlay-opacity":"","overlay-gradient":""},"tablet":{"background-color":"var(--ast-global-color-4)","background-image":"","background-repeat":"repeat","background-position":"center center","background-size":"auto","background-attachment":"scroll","background-type":"","background-media":"","overlay-type":"","overlay-color":"","overlay-opacity":"","overlay-gradient":""},"mobile":{"background-color":"var(--ast-global-color-4)","background-image":"","background-repeat":"repeat","background-position":"center center","background-size":"auto","background-attachment":"scroll","background-type":"","background-media":"","overlay-type":"","overlay-color":"","overlay-opacity":"","overlay-gradient":""}},"footnotes":""},"categories":[1],"tags":[],"class_list":["post-95402","post","type-post","status-publish","format-standard","hentry","category-sem-categoria"],"yoast_head":"<!-- This site is optimized with the Yoast SEO plugin v26.6 - https:\/\/yoast.com\/wordpress\/plugins\/seo\/ -->\n<title>Palco Mundo do Len\u00e7\u00f3is Jazz &amp; Blues Festival 2022 acontece no Teatro Arthur Azevedo - Daniel Matos<\/title>\n<meta name=\"robots\" content=\"index, follow, max-snippet:-1, max-image-preview:large, max-video-preview:-1\" \/>\n<link rel=\"canonical\" href=\"https:\/\/www.blogsoestado.com\/danielmatos\/palco-mundo-do-lencois-jazz-blues-festival-2022-acontece-no-teatro-arthur-azevedo\/\" \/>\n<meta property=\"og:locale\" content=\"pt_BR\" \/>\n<meta property=\"og:type\" content=\"article\" \/>\n<meta property=\"og:title\" content=\"Palco Mundo do Len\u00e7\u00f3is Jazz &amp; Blues Festival 2022 acontece no Teatro Arthur Azevedo - Daniel Matos\" \/>\n<meta property=\"og:description\" content=\"Nesta quinta-feira, 24, e sexta-feira, 25, o Minist\u00e9rio do Turismo apresenta o Palco Mundo 2022 do Len\u00e7\u00f3is Jazz &amp; Blues [&hellip;]\" \/>\n<meta property=\"og:url\" content=\"https:\/\/www.blogsoestado.com\/danielmatos\/palco-mundo-do-lencois-jazz-blues-festival-2022-acontece-no-teatro-arthur-azevedo\/\" \/>\n<meta property=\"og:site_name\" content=\"Daniel Matos\" \/>\n<meta property=\"article:published_time\" content=\"2022-03-23T21:41:37+00:00\" \/>\n<meta property=\"og:image\" content=\"https:\/\/www.blogsoestado.com\/danielmatos\/files\/2022\/03\/Screenshot_20220323-1840112.png\" \/>\n<meta name=\"twitter:card\" content=\"summary_large_image\" \/>\n<meta name=\"twitter:label1\" content=\"Est. tempo de leitura\" \/>\n\t<meta name=\"twitter:data1\" content=\"4 minutos\" \/>\n<script type=\"application\/ld+json\" class=\"yoast-schema-graph\">{\"@context\":\"https:\/\/schema.org\",\"@graph\":[{\"@type\":\"WebPage\",\"@id\":\"https:\/\/www.blogsoestado.com\/danielmatos\/palco-mundo-do-lencois-jazz-blues-festival-2022-acontece-no-teatro-arthur-azevedo\/\",\"url\":\"https:\/\/www.blogsoestado.com\/danielmatos\/palco-mundo-do-lencois-jazz-blues-festival-2022-acontece-no-teatro-arthur-azevedo\/\",\"name\":\"Palco Mundo do Len\u00e7\u00f3is Jazz & Blues Festival 2022 acontece no Teatro Arthur Azevedo - Daniel Matos\",\"isPartOf\":{\"@id\":\"https:\/\/www.blogsoestado.com\/danielmatos\/#website\"},\"primaryImageOfPage\":{\"@id\":\"https:\/\/www.blogsoestado.com\/danielmatos\/palco-mundo-do-lencois-jazz-blues-festival-2022-acontece-no-teatro-arthur-azevedo\/#primaryimage\"},\"image\":{\"@id\":\"https:\/\/www.blogsoestado.com\/danielmatos\/palco-mundo-do-lencois-jazz-blues-festival-2022-acontece-no-teatro-arthur-azevedo\/#primaryimage\"},\"thumbnailUrl\":\"https:\/\/www.blogsoestado.com\/danielmatos\/files\/2022\/03\/Screenshot_20220323-1840112.png\",\"datePublished\":\"2022-03-23T21:41:37+00:00\",\"author\":{\"@id\":\"\"},\"breadcrumb\":{\"@id\":\"https:\/\/www.blogsoestado.com\/danielmatos\/palco-mundo-do-lencois-jazz-blues-festival-2022-acontece-no-teatro-arthur-azevedo\/#breadcrumb\"},\"inLanguage\":\"pt-BR\",\"potentialAction\":[{\"@type\":\"ReadAction\",\"target\":[\"https:\/\/www.blogsoestado.com\/danielmatos\/palco-mundo-do-lencois-jazz-blues-festival-2022-acontece-no-teatro-arthur-azevedo\/\"]}]},{\"@type\":\"ImageObject\",\"inLanguage\":\"pt-BR\",\"@id\":\"https:\/\/www.blogsoestado.com\/danielmatos\/palco-mundo-do-lencois-jazz-blues-festival-2022-acontece-no-teatro-arthur-azevedo\/#primaryimage\",\"url\":\"https:\/\/www.blogsoestado.com\/danielmatos\/files\/2022\/03\/Screenshot_20220323-1840112.png\",\"contentUrl\":\"https:\/\/www.blogsoestado.com\/danielmatos\/files\/2022\/03\/Screenshot_20220323-1840112.png\"},{\"@type\":\"BreadcrumbList\",\"@id\":\"https:\/\/www.blogsoestado.com\/danielmatos\/palco-mundo-do-lencois-jazz-blues-festival-2022-acontece-no-teatro-arthur-azevedo\/#breadcrumb\",\"itemListElement\":[{\"@type\":\"ListItem\",\"position\":1,\"name\":\"In\u00edcio\",\"item\":\"https:\/\/www.blogsoestado.com\/danielmatos\/\"},{\"@type\":\"ListItem\",\"position\":2,\"name\":\"Palco Mundo do Len\u00e7\u00f3is Jazz &#038; Blues Festival 2022 acontece no Teatro Arthur Azevedo\"}]},{\"@type\":\"WebSite\",\"@id\":\"https:\/\/www.blogsoestado.com\/danielmatos\/#website\",\"url\":\"https:\/\/www.blogsoestado.com\/danielmatos\/\",\"name\":\"Daniel Matos\",\"description\":\"\",\"potentialAction\":[{\"@type\":\"SearchAction\",\"target\":{\"@type\":\"EntryPoint\",\"urlTemplate\":\"https:\/\/www.blogsoestado.com\/danielmatos\/?s={search_term_string}\"},\"query-input\":{\"@type\":\"PropertyValueSpecification\",\"valueRequired\":true,\"valueName\":\"search_term_string\"}}],\"inLanguage\":\"pt-BR\"}]}<\/script>\n<!-- \/ Yoast SEO plugin. -->","yoast_head_json":{"title":"Palco Mundo do Len\u00e7\u00f3is Jazz & Blues Festival 2022 acontece no Teatro Arthur Azevedo - Daniel Matos","robots":{"index":"index","follow":"follow","max-snippet":"max-snippet:-1","max-image-preview":"max-image-preview:large","max-video-preview":"max-video-preview:-1"},"canonical":"https:\/\/www.blogsoestado.com\/danielmatos\/palco-mundo-do-lencois-jazz-blues-festival-2022-acontece-no-teatro-arthur-azevedo\/","og_locale":"pt_BR","og_type":"article","og_title":"Palco Mundo do Len\u00e7\u00f3is Jazz & Blues Festival 2022 acontece no Teatro Arthur Azevedo - Daniel Matos","og_description":"Nesta quinta-feira, 24, e sexta-feira, 25, o Minist\u00e9rio do Turismo apresenta o Palco Mundo 2022 do Len\u00e7\u00f3is Jazz &amp; Blues [&hellip;]","og_url":"https:\/\/www.blogsoestado.com\/danielmatos\/palco-mundo-do-lencois-jazz-blues-festival-2022-acontece-no-teatro-arthur-azevedo\/","og_site_name":"Daniel Matos","article_published_time":"2022-03-23T21:41:37+00:00","og_image":[{"url":"https:\/\/www.blogsoestado.com\/danielmatos\/files\/2022\/03\/Screenshot_20220323-1840112.png","type":"","width":"","height":""}],"twitter_card":"summary_large_image","twitter_misc":{"Est. tempo de leitura":"4 minutos"},"schema":{"@context":"https:\/\/schema.org","@graph":[{"@type":"WebPage","@id":"https:\/\/www.blogsoestado.com\/danielmatos\/palco-mundo-do-lencois-jazz-blues-festival-2022-acontece-no-teatro-arthur-azevedo\/","url":"https:\/\/www.blogsoestado.com\/danielmatos\/palco-mundo-do-lencois-jazz-blues-festival-2022-acontece-no-teatro-arthur-azevedo\/","name":"Palco Mundo do Len\u00e7\u00f3is Jazz & Blues Festival 2022 acontece no Teatro Arthur Azevedo - Daniel Matos","isPartOf":{"@id":"https:\/\/www.blogsoestado.com\/danielmatos\/#website"},"primaryImageOfPage":{"@id":"https:\/\/www.blogsoestado.com\/danielmatos\/palco-mundo-do-lencois-jazz-blues-festival-2022-acontece-no-teatro-arthur-azevedo\/#primaryimage"},"image":{"@id":"https:\/\/www.blogsoestado.com\/danielmatos\/palco-mundo-do-lencois-jazz-blues-festival-2022-acontece-no-teatro-arthur-azevedo\/#primaryimage"},"thumbnailUrl":"https:\/\/www.blogsoestado.com\/danielmatos\/files\/2022\/03\/Screenshot_20220323-1840112.png","datePublished":"2022-03-23T21:41:37+00:00","author":{"@id":""},"breadcrumb":{"@id":"https:\/\/www.blogsoestado.com\/danielmatos\/palco-mundo-do-lencois-jazz-blues-festival-2022-acontece-no-teatro-arthur-azevedo\/#breadcrumb"},"inLanguage":"pt-BR","potentialAction":[{"@type":"ReadAction","target":["https:\/\/www.blogsoestado.com\/danielmatos\/palco-mundo-do-lencois-jazz-blues-festival-2022-acontece-no-teatro-arthur-azevedo\/"]}]},{"@type":"ImageObject","inLanguage":"pt-BR","@id":"https:\/\/www.blogsoestado.com\/danielmatos\/palco-mundo-do-lencois-jazz-blues-festival-2022-acontece-no-teatro-arthur-azevedo\/#primaryimage","url":"https:\/\/www.blogsoestado.com\/danielmatos\/files\/2022\/03\/Screenshot_20220323-1840112.png","contentUrl":"https:\/\/www.blogsoestado.com\/danielmatos\/files\/2022\/03\/Screenshot_20220323-1840112.png"},{"@type":"BreadcrumbList","@id":"https:\/\/www.blogsoestado.com\/danielmatos\/palco-mundo-do-lencois-jazz-blues-festival-2022-acontece-no-teatro-arthur-azevedo\/#breadcrumb","itemListElement":[{"@type":"ListItem","position":1,"name":"In\u00edcio","item":"https:\/\/www.blogsoestado.com\/danielmatos\/"},{"@type":"ListItem","position":2,"name":"Palco Mundo do Len\u00e7\u00f3is Jazz &#038; Blues Festival 2022 acontece no Teatro Arthur Azevedo"}]},{"@type":"WebSite","@id":"https:\/\/www.blogsoestado.com\/danielmatos\/#website","url":"https:\/\/www.blogsoestado.com\/danielmatos\/","name":"Daniel Matos","description":"","potentialAction":[{"@type":"SearchAction","target":{"@type":"EntryPoint","urlTemplate":"https:\/\/www.blogsoestado.com\/danielmatos\/?s={search_term_string}"},"query-input":{"@type":"PropertyValueSpecification","valueRequired":true,"valueName":"search_term_string"}}],"inLanguage":"pt-BR"}]}},"jetpack_featured_media_url":"","_links":{"self":[{"href":"https:\/\/www.blogsoestado.com\/danielmatos\/wp-json\/wp\/v2\/posts\/95402","targetHints":{"allow":["GET"]}}],"collection":[{"href":"https:\/\/www.blogsoestado.com\/danielmatos\/wp-json\/wp\/v2\/posts"}],"about":[{"href":"https:\/\/www.blogsoestado.com\/danielmatos\/wp-json\/wp\/v2\/types\/post"}],"replies":[{"embeddable":true,"href":"https:\/\/www.blogsoestado.com\/danielmatos\/wp-json\/wp\/v2\/comments?post=95402"}],"version-history":[{"count":0,"href":"https:\/\/www.blogsoestado.com\/danielmatos\/wp-json\/wp\/v2\/posts\/95402\/revisions"}],"wp:attachment":[{"href":"https:\/\/www.blogsoestado.com\/danielmatos\/wp-json\/wp\/v2\/media?parent=95402"}],"wp:term":[{"taxonomy":"category","embeddable":true,"href":"https:\/\/www.blogsoestado.com\/danielmatos\/wp-json\/wp\/v2\/categories?post=95402"},{"taxonomy":"post_tag","embeddable":true,"href":"https:\/\/www.blogsoestado.com\/danielmatos\/wp-json\/wp\/v2\/tags?post=95402"}],"curies":[{"name":"wp","href":"https:\/\/api.w.org\/{rel}","templated":true}]}}