{"id":95406,"date":"2022-03-23T20:32:24","date_gmt":"2022-03-23T23:32:24","guid":{"rendered":"https:\/\/www.blogsoestado.com\/danielmatos\/?p=95406"},"modified":"2022-03-23T20:32:24","modified_gmt":"2022-03-23T23:32:24","slug":"carlos-lula-lanca-livro-inumeraveis-a-historia-da-pandemia-que-ninguem-contou","status":"publish","type":"post","link":"https:\/\/www.blogsoestado.com\/danielmatos\/carlos-lula-lanca-livro-inumeraveis-a-historia-da-pandemia-que-ninguem-contou\/","title":{"rendered":"Carlos Lula lan\u00e7a livro Inumer\u00e1veis &#8211; A hist\u00f3ria da pandemia que ningu\u00e9m contou"},"content":{"rendered":"\n<p><strong><span class=\"has-inline-color has-vivid-red-color\">Lan\u00e7amento da obra acontece em 28 de mar\u00e7o; livro acompanha os momentos de tormenta, esperan\u00e7a e caminhos para o combate \u00e0 pandemia<\/span><\/strong><\/p>\n\n\n\n<div class=\"wp-block-image\"><figure class=\"aligncenter size-large\"><a href=\"https:\/\/www.blogsoestado.com\/danielmatos\/files\/2022\/03\/Screenshot_20220323-2025532.png\"><img decoding=\"async\" src=\"https:\/\/www.blogsoestado.com\/danielmatos\/files\/2022\/03\/Screenshot_20220323-2025532.png\" alt=\"\" class=\"wp-image-95407\"\/><\/a><\/figure><\/div>\n\n\n\n<p>Carlos Lula, secret\u00e1rio de Estado da Sa\u00fade do Maranh\u00e3o e presidente do Conselho Nacional de Secret\u00e1rios de Sa\u00fade (Conass), um dos nomes de maior destaque no enfrentamento da pandemia, oferece ao p\u00fablico um novo livro: Inumer\u00e1veis &#8211; A hist\u00f3ria da pandemia que ningu\u00e9m contou. O lan\u00e7amento da colet\u00e2nea com mais de 70 artigos publicados pelo gestor ser\u00e1 no pr\u00f3ximo 28 de mar\u00e7o, \u00e0s 18h, na Assembleia Legislativa do Maranh\u00e3o (Alema), em S\u00e3o Lu\u00eds.<\/p>\n\n\n\n<p>Defensor do Sistema \u00danico de Sa\u00fade (SUS), Carlos Lula lan\u00e7ou, em 2018, o livro \u2018O SUS (s)em n\u00f3s\u2019, com a primeira colet\u00e2nea de artigos sobre os desafios enfrentados para gerir o sistema p\u00fablico estadual de sa\u00fade e os resultados alcan\u00e7ados em sua gest\u00e3o. Na \u00e9poca, a arrecada\u00e7\u00e3o com a venda do livro foi doada.<\/p>\n\n\n\n<p><strong>Trajet\u00f3ria<\/strong><\/p>\n\n\n\n<div class=\"wp-block-image\"><figure class=\"aligncenter size-large\"><a href=\"https:\/\/www.blogsoestado.com\/danielmatos\/files\/2022\/03\/Screenshot_20220323-2029082.png\"><img decoding=\"async\" src=\"https:\/\/www.blogsoestado.com\/danielmatos\/files\/2022\/03\/Screenshot_20220323-2029082-694x1024.png\" alt=\"\" class=\"wp-image-95408\"\/><\/a><figcaption>Carlos Lula lan\u00e7ar\u00e1 a colet\u00e2nea de 70 artigos no pr\u00f3ximo dia 28, na Assembleia Legislativa<\/figcaption><\/figure><\/div>\n\n\n\n<p>Carlos Lula \u00e9 advogado e servidor de carreira da Assembleia Legislativa do Maranh\u00e3o. Desde abril de 2016, Lula assumiu a gest\u00e3o da SES\/MA e, durante a pandemia da Covid-19, ganhou destaque nacional ao assumir a presid\u00eancia do Conass e manter o estado do Maranh\u00e3o com a menor taxa de mortalidade provocada pelo v\u00edrus.<\/p>\n","protected":false},"excerpt":{"rendered":"<p>Lan\u00e7amento da obra acontece em 28 de mar\u00e7o; livro acompanha os momentos de tormenta, esperan\u00e7a e caminhos para o combate [&hellip;]<\/p>\n","protected":false},"author":0,"featured_media":0,"comment_status":"open","ping_status":"open","sticky":false,"template":"","format":"standard","meta":{"site-sidebar-layout":"default","site-content-layout":"","ast-site-content-layout":"default","site-content-style":"default","site-sidebar-style":"default","ast-global-header-display":"","ast-banner-title-visibility":"","ast-main-header-display":"","ast-hfb-above-header-display":"","ast-hfb-below-header-display":"","ast-hfb-mobile-header-display":"","site-post-title":"","ast-breadcrumbs-content":"","ast-featured-img":"","footer-sml-layout":"","ast-disable-related-posts":"","theme-transparent-header-meta":"","adv-header-id-meta":"","stick-header-meta":"","header-above-stick-meta":"","header-main-stick-meta":"","header-below-stick-meta":"","astra-migrate-meta-layouts":"default","ast-page-background-enabled":"default","ast-page-background-meta":{"desktop":{"background-color":"var(--ast-global-color-5)","background-image":"","background-repeat":"repeat","background-position":"center center","background-size":"auto","background-attachment":"scroll","background-type":"","background-media":"","overlay-type":"","overlay-color":"","overlay-opacity":"","overlay-gradient":""},"tablet":{"background-color":"","background-image":"","background-repeat":"repeat","background-position":"center center","background-size":"auto","background-attachment":"scroll","background-type":"","background-media":"","overlay-type":"","overlay-color":"","overlay-opacity":"","overlay-gradient":""},"mobile":{"background-color":"","background-image":"","background-repeat":"repeat","background-position":"center center","background-size":"auto","background-attachment":"scroll","background-type":"","background-media":"","overlay-type":"","overlay-color":"","overlay-opacity":"","overlay-gradient":""}},"ast-content-background-meta":{"desktop":{"background-color":"var(--ast-global-color-4)","background-image":"","background-repeat":"repeat","background-position":"center center","background-size":"auto","background-attachment":"scroll","background-type":"","background-media":"","overlay-type":"","overlay-color":"","overlay-opacity":"","overlay-gradient":""},"tablet":{"background-color":"var(--ast-global-color-4)","background-image":"","background-repeat":"repeat","background-position":"center center","background-size":"auto","background-attachment":"scroll","background-type":"","background-media":"","overlay-type":"","overlay-color":"","overlay-opacity":"","overlay-gradient":""},"mobile":{"background-color":"var(--ast-global-color-4)","background-image":"","background-repeat":"repeat","background-position":"center center","background-size":"auto","background-attachment":"scroll","background-type":"","background-media":"","overlay-type":"","overlay-color":"","overlay-opacity":"","overlay-gradient":""}},"footnotes":""},"categories":[1],"tags":[],"class_list":["post-95406","post","type-post","status-publish","format-standard","hentry","category-sem-categoria"],"yoast_head":"<!-- This site is optimized with the Yoast SEO plugin v26.6 - https:\/\/yoast.com\/wordpress\/plugins\/seo\/ -->\n<title>Carlos Lula lan\u00e7a livro Inumer\u00e1veis - A hist\u00f3ria da pandemia que ningu\u00e9m contou - Daniel Matos<\/title>\n<meta name=\"robots\" content=\"index, follow, max-snippet:-1, max-image-preview:large, max-video-preview:-1\" \/>\n<link rel=\"canonical\" href=\"https:\/\/www.blogsoestado.com\/danielmatos\/carlos-lula-lanca-livro-inumeraveis-a-historia-da-pandemia-que-ninguem-contou\/\" \/>\n<meta property=\"og:locale\" content=\"pt_BR\" \/>\n<meta property=\"og:type\" content=\"article\" \/>\n<meta property=\"og:title\" content=\"Carlos Lula lan\u00e7a livro Inumer\u00e1veis - A hist\u00f3ria da pandemia que ningu\u00e9m contou - Daniel Matos\" \/>\n<meta property=\"og:description\" content=\"Lan\u00e7amento da obra acontece em 28 de mar\u00e7o; livro acompanha os momentos de tormenta, esperan\u00e7a e caminhos para o combate [&hellip;]\" \/>\n<meta property=\"og:url\" content=\"https:\/\/www.blogsoestado.com\/danielmatos\/carlos-lula-lanca-livro-inumeraveis-a-historia-da-pandemia-que-ninguem-contou\/\" \/>\n<meta property=\"og:site_name\" content=\"Daniel Matos\" \/>\n<meta property=\"article:published_time\" content=\"2022-03-23T23:32:24+00:00\" \/>\n<meta property=\"og:image\" content=\"https:\/\/www.blogsoestado.com\/danielmatos\/files\/2022\/03\/Screenshot_20220323-2025532.png\" \/>\n<meta name=\"twitter:card\" content=\"summary_large_image\" \/>\n<meta name=\"twitter:label1\" content=\"Est. tempo de leitura\" \/>\n\t<meta name=\"twitter:data1\" content=\"2 minutos\" \/>\n<script type=\"application\/ld+json\" class=\"yoast-schema-graph\">{\"@context\":\"https:\/\/schema.org\",\"@graph\":[{\"@type\":\"WebPage\",\"@id\":\"https:\/\/www.blogsoestado.com\/danielmatos\/carlos-lula-lanca-livro-inumeraveis-a-historia-da-pandemia-que-ninguem-contou\/\",\"url\":\"https:\/\/www.blogsoestado.com\/danielmatos\/carlos-lula-lanca-livro-inumeraveis-a-historia-da-pandemia-que-ninguem-contou\/\",\"name\":\"Carlos Lula lan\u00e7a livro Inumer\u00e1veis - A hist\u00f3ria da pandemia que ningu\u00e9m contou - Daniel Matos\",\"isPartOf\":{\"@id\":\"https:\/\/www.blogsoestado.com\/danielmatos\/#website\"},\"primaryImageOfPage\":{\"@id\":\"https:\/\/www.blogsoestado.com\/danielmatos\/carlos-lula-lanca-livro-inumeraveis-a-historia-da-pandemia-que-ninguem-contou\/#primaryimage\"},\"image\":{\"@id\":\"https:\/\/www.blogsoestado.com\/danielmatos\/carlos-lula-lanca-livro-inumeraveis-a-historia-da-pandemia-que-ninguem-contou\/#primaryimage\"},\"thumbnailUrl\":\"https:\/\/www.blogsoestado.com\/danielmatos\/files\/2022\/03\/Screenshot_20220323-2025532.png\",\"datePublished\":\"2022-03-23T23:32:24+00:00\",\"author\":{\"@id\":\"\"},\"breadcrumb\":{\"@id\":\"https:\/\/www.blogsoestado.com\/danielmatos\/carlos-lula-lanca-livro-inumeraveis-a-historia-da-pandemia-que-ninguem-contou\/#breadcrumb\"},\"inLanguage\":\"pt-BR\",\"potentialAction\":[{\"@type\":\"ReadAction\",\"target\":[\"https:\/\/www.blogsoestado.com\/danielmatos\/carlos-lula-lanca-livro-inumeraveis-a-historia-da-pandemia-que-ninguem-contou\/\"]}]},{\"@type\":\"ImageObject\",\"inLanguage\":\"pt-BR\",\"@id\":\"https:\/\/www.blogsoestado.com\/danielmatos\/carlos-lula-lanca-livro-inumeraveis-a-historia-da-pandemia-que-ninguem-contou\/#primaryimage\",\"url\":\"https:\/\/www.blogsoestado.com\/danielmatos\/files\/2022\/03\/Screenshot_20220323-2025532.png\",\"contentUrl\":\"https:\/\/www.blogsoestado.com\/danielmatos\/files\/2022\/03\/Screenshot_20220323-2025532.png\"},{\"@type\":\"BreadcrumbList\",\"@id\":\"https:\/\/www.blogsoestado.com\/danielmatos\/carlos-lula-lanca-livro-inumeraveis-a-historia-da-pandemia-que-ninguem-contou\/#breadcrumb\",\"itemListElement\":[{\"@type\":\"ListItem\",\"position\":1,\"name\":\"In\u00edcio\",\"item\":\"https:\/\/www.blogsoestado.com\/danielmatos\/\"},{\"@type\":\"ListItem\",\"position\":2,\"name\":\"Carlos Lula lan\u00e7a livro Inumer\u00e1veis &#8211; A hist\u00f3ria da pandemia que ningu\u00e9m contou\"}]},{\"@type\":\"WebSite\",\"@id\":\"https:\/\/www.blogsoestado.com\/danielmatos\/#website\",\"url\":\"https:\/\/www.blogsoestado.com\/danielmatos\/\",\"name\":\"Daniel Matos\",\"description\":\"\",\"potentialAction\":[{\"@type\":\"SearchAction\",\"target\":{\"@type\":\"EntryPoint\",\"urlTemplate\":\"https:\/\/www.blogsoestado.com\/danielmatos\/?s={search_term_string}\"},\"query-input\":{\"@type\":\"PropertyValueSpecification\",\"valueRequired\":true,\"valueName\":\"search_term_string\"}}],\"inLanguage\":\"pt-BR\"}]}<\/script>\n<!-- \/ Yoast SEO plugin. -->","yoast_head_json":{"title":"Carlos Lula lan\u00e7a livro Inumer\u00e1veis - A hist\u00f3ria da pandemia que ningu\u00e9m contou - Daniel Matos","robots":{"index":"index","follow":"follow","max-snippet":"max-snippet:-1","max-image-preview":"max-image-preview:large","max-video-preview":"max-video-preview:-1"},"canonical":"https:\/\/www.blogsoestado.com\/danielmatos\/carlos-lula-lanca-livro-inumeraveis-a-historia-da-pandemia-que-ninguem-contou\/","og_locale":"pt_BR","og_type":"article","og_title":"Carlos Lula lan\u00e7a livro Inumer\u00e1veis - A hist\u00f3ria da pandemia que ningu\u00e9m contou - Daniel Matos","og_description":"Lan\u00e7amento da obra acontece em 28 de mar\u00e7o; livro acompanha os momentos de tormenta, esperan\u00e7a e caminhos para o combate [&hellip;]","og_url":"https:\/\/www.blogsoestado.com\/danielmatos\/carlos-lula-lanca-livro-inumeraveis-a-historia-da-pandemia-que-ninguem-contou\/","og_site_name":"Daniel Matos","article_published_time":"2022-03-23T23:32:24+00:00","og_image":[{"url":"https:\/\/www.blogsoestado.com\/danielmatos\/files\/2022\/03\/Screenshot_20220323-2025532.png","type":"","width":"","height":""}],"twitter_card":"summary_large_image","twitter_misc":{"Est. tempo de leitura":"2 minutos"},"schema":{"@context":"https:\/\/schema.org","@graph":[{"@type":"WebPage","@id":"https:\/\/www.blogsoestado.com\/danielmatos\/carlos-lula-lanca-livro-inumeraveis-a-historia-da-pandemia-que-ninguem-contou\/","url":"https:\/\/www.blogsoestado.com\/danielmatos\/carlos-lula-lanca-livro-inumeraveis-a-historia-da-pandemia-que-ninguem-contou\/","name":"Carlos Lula lan\u00e7a livro Inumer\u00e1veis - A hist\u00f3ria da pandemia que ningu\u00e9m contou - Daniel Matos","isPartOf":{"@id":"https:\/\/www.blogsoestado.com\/danielmatos\/#website"},"primaryImageOfPage":{"@id":"https:\/\/www.blogsoestado.com\/danielmatos\/carlos-lula-lanca-livro-inumeraveis-a-historia-da-pandemia-que-ninguem-contou\/#primaryimage"},"image":{"@id":"https:\/\/www.blogsoestado.com\/danielmatos\/carlos-lula-lanca-livro-inumeraveis-a-historia-da-pandemia-que-ninguem-contou\/#primaryimage"},"thumbnailUrl":"https:\/\/www.blogsoestado.com\/danielmatos\/files\/2022\/03\/Screenshot_20220323-2025532.png","datePublished":"2022-03-23T23:32:24+00:00","author":{"@id":""},"breadcrumb":{"@id":"https:\/\/www.blogsoestado.com\/danielmatos\/carlos-lula-lanca-livro-inumeraveis-a-historia-da-pandemia-que-ninguem-contou\/#breadcrumb"},"inLanguage":"pt-BR","potentialAction":[{"@type":"ReadAction","target":["https:\/\/www.blogsoestado.com\/danielmatos\/carlos-lula-lanca-livro-inumeraveis-a-historia-da-pandemia-que-ninguem-contou\/"]}]},{"@type":"ImageObject","inLanguage":"pt-BR","@id":"https:\/\/www.blogsoestado.com\/danielmatos\/carlos-lula-lanca-livro-inumeraveis-a-historia-da-pandemia-que-ninguem-contou\/#primaryimage","url":"https:\/\/www.blogsoestado.com\/danielmatos\/files\/2022\/03\/Screenshot_20220323-2025532.png","contentUrl":"https:\/\/www.blogsoestado.com\/danielmatos\/files\/2022\/03\/Screenshot_20220323-2025532.png"},{"@type":"BreadcrumbList","@id":"https:\/\/www.blogsoestado.com\/danielmatos\/carlos-lula-lanca-livro-inumeraveis-a-historia-da-pandemia-que-ninguem-contou\/#breadcrumb","itemListElement":[{"@type":"ListItem","position":1,"name":"In\u00edcio","item":"https:\/\/www.blogsoestado.com\/danielmatos\/"},{"@type":"ListItem","position":2,"name":"Carlos Lula lan\u00e7a livro Inumer\u00e1veis &#8211; A hist\u00f3ria da pandemia que ningu\u00e9m contou"}]},{"@type":"WebSite","@id":"https:\/\/www.blogsoestado.com\/danielmatos\/#website","url":"https:\/\/www.blogsoestado.com\/danielmatos\/","name":"Daniel Matos","description":"","potentialAction":[{"@type":"SearchAction","target":{"@type":"EntryPoint","urlTemplate":"https:\/\/www.blogsoestado.com\/danielmatos\/?s={search_term_string}"},"query-input":{"@type":"PropertyValueSpecification","valueRequired":true,"valueName":"search_term_string"}}],"inLanguage":"pt-BR"}]}},"jetpack_featured_media_url":"","_links":{"self":[{"href":"https:\/\/www.blogsoestado.com\/danielmatos\/wp-json\/wp\/v2\/posts\/95406","targetHints":{"allow":["GET"]}}],"collection":[{"href":"https:\/\/www.blogsoestado.com\/danielmatos\/wp-json\/wp\/v2\/posts"}],"about":[{"href":"https:\/\/www.blogsoestado.com\/danielmatos\/wp-json\/wp\/v2\/types\/post"}],"replies":[{"embeddable":true,"href":"https:\/\/www.blogsoestado.com\/danielmatos\/wp-json\/wp\/v2\/comments?post=95406"}],"version-history":[{"count":0,"href":"https:\/\/www.blogsoestado.com\/danielmatos\/wp-json\/wp\/v2\/posts\/95406\/revisions"}],"wp:attachment":[{"href":"https:\/\/www.blogsoestado.com\/danielmatos\/wp-json\/wp\/v2\/media?parent=95406"}],"wp:term":[{"taxonomy":"category","embeddable":true,"href":"https:\/\/www.blogsoestado.com\/danielmatos\/wp-json\/wp\/v2\/categories?post=95406"},{"taxonomy":"post_tag","embeddable":true,"href":"https:\/\/www.blogsoestado.com\/danielmatos\/wp-json\/wp\/v2\/tags?post=95406"}],"curies":[{"name":"wp","href":"https:\/\/api.w.org\/{rel}","templated":true}]}}