{"id":95418,"date":"2022-03-24T14:48:28","date_gmt":"2022-03-24T17:48:28","guid":{"rendered":"https:\/\/www.blogsoestado.com\/danielmatos\/?p=95418"},"modified":"2022-03-24T14:48:28","modified_gmt":"2022-03-24T17:48:28","slug":"deputado-defende-subsidio-do-poder-publico-para-amenizar-crise-do-transporte-na-ilha-de-sao-luis","status":"publish","type":"post","link":"https:\/\/www.blogsoestado.com\/danielmatos\/deputado-defende-subsidio-do-poder-publico-para-amenizar-crise-do-transporte-na-ilha-de-sao-luis\/","title":{"rendered":"Deputado defende subs\u00eddio do poder p\u00fablico para amenizar crise do transporte na Ilha de S\u00e3o Lu\u00eds"},"content":{"rendered":"\n<div class=\"wp-block-image\"><figure class=\"aligncenter size-large\"><a href=\"https:\/\/www.blogsoestado.com\/danielmatos\/files\/2022\/03\/Screenshot_20220324-1445252.png\"><img decoding=\"async\" src=\"https:\/\/www.blogsoestado.com\/danielmatos\/files\/2022\/03\/Screenshot_20220324-1445252.png\" alt=\"\" class=\"wp-image-95419\"\/><\/a><figcaption>Popula\u00e7\u00e3o da regi\u00e3o metropolitana de S\u00e3o Lu\u00eds corre o risco de \u00f4nibus nas ruas por falta de subs\u00eddio do governo e da prefeitura ao sistema de transporte p\u00fablico (<strong>Foto: <\/strong>Douglas Pinto\/TV Mirante\/<\/figcaption><\/figure><\/div>\n\n\n\n<p>Em discurso na tribuna da Assembleia Legislativa, na sess\u00e3o dessa quarta-feira (23), o deputado estadual Neto Evangelista (DEM) defendeu que a Prefeitura de S\u00e3o Lu\u00eds e o Governo do Estado repassem um subs\u00eddio financeiro ao sistema de transporte p\u00fablico, impactado por grave crise em suas receitas, que pode levar a uma nova paralisa\u00e7\u00e3o geral do servi\u00e7o a partir do pr\u00f3ximo dia 29. <\/p>\n\n\n\n<p>\u00c0 beira de um colapso, as empresas n\u00e3o disp\u00f5e de caixa suficiente para conceder reajuste salarial aos rodovi\u00e1rios no percentual pleiteado pelos trabalhadores, muito menos para atender os demais itens da pauta de reivindica\u00e7\u00f5es da categoria.<\/p>\n\n\n\n<p>Neto Evangelista afirmou no Plen\u00e1rio, com repercuss\u00e3o nos canais de comunica\u00e7\u00e3o do Poder Legislativo estadual, que subsidiar o transporte p\u00fablico \u00e9 obriga\u00e7\u00e3o da Prefeitura de S\u00e3o Lu\u00eds e do Governo do Estado. <\/p>\n\n\n\n<p>O parlamentar condenou o aumento da passagem e a demiss\u00e3o de cobradores em meio a uma pandemia e \u00e0 crise econ\u00f4mica, discordando de que seja essa a sa\u00edda.<\/p>\n\n\n\n<p>Sobre o reajuste tarif\u00e1rio, de apenas R$ 0,20 (vinte centavos), as concession\u00e1rias lamentam que s\u00f3 tenha agravado com o problema, j\u00e1 que ao tomar a medida, o prefeito Eduardo Braide (Podemos) retirou o subs\u00eddio de R$ 2,5 milh\u00f5es que era pago mensalmente \u00e0s empresas, reduzindo ainda mais a margem de lucro.<\/p>\n\n\n\n<p><strong>Menos press\u00e3o e otimiza\u00e7\u00e3o<\/strong><\/p>\n\n\n\n<p>Quanto ao desligamento de cobradores, trata-se da readequa\u00e7\u00e3o do modelo de transporte p\u00fablico local ao que j\u00e1 \u00e9 praticado h\u00e1 anos em grande parte das capitais. Tal configura\u00e7\u00e3o \u00e9 adotada como forma de reduzir a press\u00e3o sobre as receitas do sistema, a fim de reequlibr\u00e1-lo e otimizar as opera\u00e7\u00f5es.<\/p>\n\n\n\n<p>&#8220;A popula\u00e7\u00e3o n\u00e3o pode pagar o pre\u00e7o de desentendimentos pessoais&#8221;, pronunciou-se Neto Evangelista, em refer\u00eancia ao impasse que marcas negocia\u00e7\u00f5es entre rodovi\u00e1rios, empresas de transporte p\u00fablico, administra\u00e7\u00e3o municipal e governo estadual.<\/p>\n\n\n\n<p>Assista:<\/p>\n\n\n\n<figure class=\"wp-block-embed is-type-video is-provider-youtube wp-block-embed-youtube wp-embed-aspect-16-9 wp-has-aspect-ratio\"><div class=\"wp-block-embed__wrapper\">\n<iframe title=\"Deputado defende subs\u00eddio do poder p\u00fablico ao transporte para amenizar crise\" width=\"500\" height=\"281\" src=\"https:\/\/www.youtube.com\/embed\/btaWlGSSAB4?feature=oembed\" frameborder=\"0\" allow=\"accelerometer; autoplay; clipboard-write; encrypted-media; gyroscope; picture-in-picture; web-share\" referrerpolicy=\"strict-origin-when-cross-origin\" allowfullscreen><\/iframe>\n<\/div><\/figure>\n","protected":false},"excerpt":{"rendered":"<p>Em discurso na tribuna da Assembleia Legislativa, na sess\u00e3o dessa quarta-feira (23), o deputado estadual Neto Evangelista (DEM) defendeu que [&hellip;]<\/p>\n","protected":false},"author":0,"featured_media":0,"comment_status":"open","ping_status":"open","sticky":false,"template":"","format":"standard","meta":{"site-sidebar-layout":"default","site-content-layout":"","ast-site-content-layout":"default","site-content-style":"default","site-sidebar-style":"default","ast-global-header-display":"","ast-banner-title-visibility":"","ast-main-header-display":"","ast-hfb-above-header-display":"","ast-hfb-below-header-display":"","ast-hfb-mobile-header-display":"","site-post-title":"","ast-breadcrumbs-content":"","ast-featured-img":"","footer-sml-layout":"","ast-disable-related-posts":"","theme-transparent-header-meta":"","adv-header-id-meta":"","stick-header-meta":"","header-above-stick-meta":"","header-main-stick-meta":"","header-below-stick-meta":"","astra-migrate-meta-layouts":"default","ast-page-background-enabled":"default","ast-page-background-meta":{"desktop":{"background-color":"var(--ast-global-color-5)","background-image":"","background-repeat":"repeat","background-position":"center center","background-size":"auto","background-attachment":"scroll","background-type":"","background-media":"","overlay-type":"","overlay-color":"","overlay-opacity":"","overlay-gradient":""},"tablet":{"background-color":"","background-image":"","background-repeat":"repeat","background-position":"center center","background-size":"auto","background-attachment":"scroll","background-type":"","background-media":"","overlay-type":"","overlay-color":"","overlay-opacity":"","overlay-gradient":""},"mobile":{"background-color":"","background-image":"","background-repeat":"repeat","background-position":"center center","background-size":"auto","background-attachment":"scroll","background-type":"","background-media":"","overlay-type":"","overlay-color":"","overlay-opacity":"","overlay-gradient":""}},"ast-content-background-meta":{"desktop":{"background-color":"var(--ast-global-color-4)","background-image":"","background-repeat":"repeat","background-position":"center center","background-size":"auto","background-attachment":"scroll","background-type":"","background-media":"","overlay-type":"","overlay-color":"","overlay-opacity":"","overlay-gradient":""},"tablet":{"background-color":"var(--ast-global-color-4)","background-image":"","background-repeat":"repeat","background-position":"center center","background-size":"auto","background-attachment":"scroll","background-type":"","background-media":"","overlay-type":"","overlay-color":"","overlay-opacity":"","overlay-gradient":""},"mobile":{"background-color":"var(--ast-global-color-4)","background-image":"","background-repeat":"repeat","background-position":"center center","background-size":"auto","background-attachment":"scroll","background-type":"","background-media":"","overlay-type":"","overlay-color":"","overlay-opacity":"","overlay-gradient":""}},"footnotes":""},"categories":[1],"tags":[],"class_list":["post-95418","post","type-post","status-publish","format-standard","hentry","category-sem-categoria"],"yoast_head":"<!-- This site is optimized with the Yoast SEO plugin v26.6 - https:\/\/yoast.com\/wordpress\/plugins\/seo\/ -->\n<title>Deputado defende subs\u00eddio do poder p\u00fablico para amenizar crise do transporte na Ilha de S\u00e3o Lu\u00eds - Daniel Matos<\/title>\n<meta name=\"robots\" content=\"index, follow, max-snippet:-1, max-image-preview:large, max-video-preview:-1\" \/>\n<link rel=\"canonical\" href=\"https:\/\/www.blogsoestado.com\/danielmatos\/deputado-defende-subsidio-do-poder-publico-para-amenizar-crise-do-transporte-na-ilha-de-sao-luis\/\" \/>\n<meta property=\"og:locale\" content=\"pt_BR\" \/>\n<meta property=\"og:type\" content=\"article\" \/>\n<meta property=\"og:title\" content=\"Deputado defende subs\u00eddio do poder p\u00fablico para amenizar crise do transporte na Ilha de S\u00e3o Lu\u00eds - Daniel Matos\" \/>\n<meta property=\"og:description\" content=\"Em discurso na tribuna da Assembleia Legislativa, na sess\u00e3o dessa quarta-feira (23), o deputado estadual Neto Evangelista (DEM) defendeu que [&hellip;]\" \/>\n<meta property=\"og:url\" content=\"https:\/\/www.blogsoestado.com\/danielmatos\/deputado-defende-subsidio-do-poder-publico-para-amenizar-crise-do-transporte-na-ilha-de-sao-luis\/\" \/>\n<meta property=\"og:site_name\" content=\"Daniel Matos\" \/>\n<meta property=\"article:published_time\" content=\"2022-03-24T17:48:28+00:00\" \/>\n<meta property=\"og:image\" content=\"https:\/\/www.blogsoestado.com\/danielmatos\/files\/2022\/03\/Screenshot_20220324-1445252.png\" \/>\n<meta name=\"twitter:card\" content=\"summary_large_image\" \/>\n<meta name=\"twitter:label1\" content=\"Est. tempo de leitura\" \/>\n\t<meta name=\"twitter:data1\" content=\"2 minutos\" \/>\n<script type=\"application\/ld+json\" class=\"yoast-schema-graph\">{\"@context\":\"https:\/\/schema.org\",\"@graph\":[{\"@type\":\"WebPage\",\"@id\":\"https:\/\/www.blogsoestado.com\/danielmatos\/deputado-defende-subsidio-do-poder-publico-para-amenizar-crise-do-transporte-na-ilha-de-sao-luis\/\",\"url\":\"https:\/\/www.blogsoestado.com\/danielmatos\/deputado-defende-subsidio-do-poder-publico-para-amenizar-crise-do-transporte-na-ilha-de-sao-luis\/\",\"name\":\"Deputado defende subs\u00eddio do poder p\u00fablico para amenizar crise do transporte na Ilha de S\u00e3o Lu\u00eds - Daniel Matos\",\"isPartOf\":{\"@id\":\"https:\/\/www.blogsoestado.com\/danielmatos\/#website\"},\"primaryImageOfPage\":{\"@id\":\"https:\/\/www.blogsoestado.com\/danielmatos\/deputado-defende-subsidio-do-poder-publico-para-amenizar-crise-do-transporte-na-ilha-de-sao-luis\/#primaryimage\"},\"image\":{\"@id\":\"https:\/\/www.blogsoestado.com\/danielmatos\/deputado-defende-subsidio-do-poder-publico-para-amenizar-crise-do-transporte-na-ilha-de-sao-luis\/#primaryimage\"},\"thumbnailUrl\":\"https:\/\/www.blogsoestado.com\/danielmatos\/files\/2022\/03\/Screenshot_20220324-1445252.png\",\"datePublished\":\"2022-03-24T17:48:28+00:00\",\"author\":{\"@id\":\"\"},\"breadcrumb\":{\"@id\":\"https:\/\/www.blogsoestado.com\/danielmatos\/deputado-defende-subsidio-do-poder-publico-para-amenizar-crise-do-transporte-na-ilha-de-sao-luis\/#breadcrumb\"},\"inLanguage\":\"pt-BR\",\"potentialAction\":[{\"@type\":\"ReadAction\",\"target\":[\"https:\/\/www.blogsoestado.com\/danielmatos\/deputado-defende-subsidio-do-poder-publico-para-amenizar-crise-do-transporte-na-ilha-de-sao-luis\/\"]}]},{\"@type\":\"ImageObject\",\"inLanguage\":\"pt-BR\",\"@id\":\"https:\/\/www.blogsoestado.com\/danielmatos\/deputado-defende-subsidio-do-poder-publico-para-amenizar-crise-do-transporte-na-ilha-de-sao-luis\/#primaryimage\",\"url\":\"https:\/\/www.blogsoestado.com\/danielmatos\/files\/2022\/03\/Screenshot_20220324-1445252.png\",\"contentUrl\":\"https:\/\/www.blogsoestado.com\/danielmatos\/files\/2022\/03\/Screenshot_20220324-1445252.png\"},{\"@type\":\"BreadcrumbList\",\"@id\":\"https:\/\/www.blogsoestado.com\/danielmatos\/deputado-defende-subsidio-do-poder-publico-para-amenizar-crise-do-transporte-na-ilha-de-sao-luis\/#breadcrumb\",\"itemListElement\":[{\"@type\":\"ListItem\",\"position\":1,\"name\":\"In\u00edcio\",\"item\":\"https:\/\/www.blogsoestado.com\/danielmatos\/\"},{\"@type\":\"ListItem\",\"position\":2,\"name\":\"Deputado defende subs\u00eddio do poder p\u00fablico para amenizar crise do transporte na Ilha de S\u00e3o Lu\u00eds\"}]},{\"@type\":\"WebSite\",\"@id\":\"https:\/\/www.blogsoestado.com\/danielmatos\/#website\",\"url\":\"https:\/\/www.blogsoestado.com\/danielmatos\/\",\"name\":\"Daniel Matos\",\"description\":\"\",\"potentialAction\":[{\"@type\":\"SearchAction\",\"target\":{\"@type\":\"EntryPoint\",\"urlTemplate\":\"https:\/\/www.blogsoestado.com\/danielmatos\/?s={search_term_string}\"},\"query-input\":{\"@type\":\"PropertyValueSpecification\",\"valueRequired\":true,\"valueName\":\"search_term_string\"}}],\"inLanguage\":\"pt-BR\"}]}<\/script>\n<!-- \/ Yoast SEO plugin. -->","yoast_head_json":{"title":"Deputado defende subs\u00eddio do poder p\u00fablico para amenizar crise do transporte na Ilha de S\u00e3o Lu\u00eds - Daniel Matos","robots":{"index":"index","follow":"follow","max-snippet":"max-snippet:-1","max-image-preview":"max-image-preview:large","max-video-preview":"max-video-preview:-1"},"canonical":"https:\/\/www.blogsoestado.com\/danielmatos\/deputado-defende-subsidio-do-poder-publico-para-amenizar-crise-do-transporte-na-ilha-de-sao-luis\/","og_locale":"pt_BR","og_type":"article","og_title":"Deputado defende subs\u00eddio do poder p\u00fablico para amenizar crise do transporte na Ilha de S\u00e3o Lu\u00eds - Daniel Matos","og_description":"Em discurso na tribuna da Assembleia Legislativa, na sess\u00e3o dessa quarta-feira (23), o deputado estadual Neto Evangelista (DEM) defendeu que [&hellip;]","og_url":"https:\/\/www.blogsoestado.com\/danielmatos\/deputado-defende-subsidio-do-poder-publico-para-amenizar-crise-do-transporte-na-ilha-de-sao-luis\/","og_site_name":"Daniel Matos","article_published_time":"2022-03-24T17:48:28+00:00","og_image":[{"url":"https:\/\/www.blogsoestado.com\/danielmatos\/files\/2022\/03\/Screenshot_20220324-1445252.png","type":"","width":"","height":""}],"twitter_card":"summary_large_image","twitter_misc":{"Est. tempo de leitura":"2 minutos"},"schema":{"@context":"https:\/\/schema.org","@graph":[{"@type":"WebPage","@id":"https:\/\/www.blogsoestado.com\/danielmatos\/deputado-defende-subsidio-do-poder-publico-para-amenizar-crise-do-transporte-na-ilha-de-sao-luis\/","url":"https:\/\/www.blogsoestado.com\/danielmatos\/deputado-defende-subsidio-do-poder-publico-para-amenizar-crise-do-transporte-na-ilha-de-sao-luis\/","name":"Deputado defende subs\u00eddio do poder p\u00fablico para amenizar crise do transporte na Ilha de S\u00e3o Lu\u00eds - Daniel Matos","isPartOf":{"@id":"https:\/\/www.blogsoestado.com\/danielmatos\/#website"},"primaryImageOfPage":{"@id":"https:\/\/www.blogsoestado.com\/danielmatos\/deputado-defende-subsidio-do-poder-publico-para-amenizar-crise-do-transporte-na-ilha-de-sao-luis\/#primaryimage"},"image":{"@id":"https:\/\/www.blogsoestado.com\/danielmatos\/deputado-defende-subsidio-do-poder-publico-para-amenizar-crise-do-transporte-na-ilha-de-sao-luis\/#primaryimage"},"thumbnailUrl":"https:\/\/www.blogsoestado.com\/danielmatos\/files\/2022\/03\/Screenshot_20220324-1445252.png","datePublished":"2022-03-24T17:48:28+00:00","author":{"@id":""},"breadcrumb":{"@id":"https:\/\/www.blogsoestado.com\/danielmatos\/deputado-defende-subsidio-do-poder-publico-para-amenizar-crise-do-transporte-na-ilha-de-sao-luis\/#breadcrumb"},"inLanguage":"pt-BR","potentialAction":[{"@type":"ReadAction","target":["https:\/\/www.blogsoestado.com\/danielmatos\/deputado-defende-subsidio-do-poder-publico-para-amenizar-crise-do-transporte-na-ilha-de-sao-luis\/"]}]},{"@type":"ImageObject","inLanguage":"pt-BR","@id":"https:\/\/www.blogsoestado.com\/danielmatos\/deputado-defende-subsidio-do-poder-publico-para-amenizar-crise-do-transporte-na-ilha-de-sao-luis\/#primaryimage","url":"https:\/\/www.blogsoestado.com\/danielmatos\/files\/2022\/03\/Screenshot_20220324-1445252.png","contentUrl":"https:\/\/www.blogsoestado.com\/danielmatos\/files\/2022\/03\/Screenshot_20220324-1445252.png"},{"@type":"BreadcrumbList","@id":"https:\/\/www.blogsoestado.com\/danielmatos\/deputado-defende-subsidio-do-poder-publico-para-amenizar-crise-do-transporte-na-ilha-de-sao-luis\/#breadcrumb","itemListElement":[{"@type":"ListItem","position":1,"name":"In\u00edcio","item":"https:\/\/www.blogsoestado.com\/danielmatos\/"},{"@type":"ListItem","position":2,"name":"Deputado defende subs\u00eddio do poder p\u00fablico para amenizar crise do transporte na Ilha de S\u00e3o Lu\u00eds"}]},{"@type":"WebSite","@id":"https:\/\/www.blogsoestado.com\/danielmatos\/#website","url":"https:\/\/www.blogsoestado.com\/danielmatos\/","name":"Daniel Matos","description":"","potentialAction":[{"@type":"SearchAction","target":{"@type":"EntryPoint","urlTemplate":"https:\/\/www.blogsoestado.com\/danielmatos\/?s={search_term_string}"},"query-input":{"@type":"PropertyValueSpecification","valueRequired":true,"valueName":"search_term_string"}}],"inLanguage":"pt-BR"}]}},"jetpack_featured_media_url":"","_links":{"self":[{"href":"https:\/\/www.blogsoestado.com\/danielmatos\/wp-json\/wp\/v2\/posts\/95418","targetHints":{"allow":["GET"]}}],"collection":[{"href":"https:\/\/www.blogsoestado.com\/danielmatos\/wp-json\/wp\/v2\/posts"}],"about":[{"href":"https:\/\/www.blogsoestado.com\/danielmatos\/wp-json\/wp\/v2\/types\/post"}],"replies":[{"embeddable":true,"href":"https:\/\/www.blogsoestado.com\/danielmatos\/wp-json\/wp\/v2\/comments?post=95418"}],"version-history":[{"count":0,"href":"https:\/\/www.blogsoestado.com\/danielmatos\/wp-json\/wp\/v2\/posts\/95418\/revisions"}],"wp:attachment":[{"href":"https:\/\/www.blogsoestado.com\/danielmatos\/wp-json\/wp\/v2\/media?parent=95418"}],"wp:term":[{"taxonomy":"category","embeddable":true,"href":"https:\/\/www.blogsoestado.com\/danielmatos\/wp-json\/wp\/v2\/categories?post=95418"},{"taxonomy":"post_tag","embeddable":true,"href":"https:\/\/www.blogsoestado.com\/danielmatos\/wp-json\/wp\/v2\/tags?post=95418"}],"curies":[{"name":"wp","href":"https:\/\/api.w.org\/{rel}","templated":true}]}}