{"id":95421,"date":"2022-03-24T17:24:50","date_gmt":"2022-03-24T20:24:50","guid":{"rendered":"https:\/\/www.blogsoestado.com\/danielmatos\/?p=95421"},"modified":"2022-03-24T17:24:50","modified_gmt":"2022-03-24T20:24:50","slug":"clinica-escola-ana-lucia-chaves-fecury-da-universidade-ceuma-atende-casos-de-queda-de-cabelo-no-pos-covid","status":"publish","type":"post","link":"https:\/\/www.blogsoestado.com\/danielmatos\/clinica-escola-ana-lucia-chaves-fecury-da-universidade-ceuma-atende-casos-de-queda-de-cabelo-no-pos-covid\/","title":{"rendered":"Cl\u00ednica-Escola Ana L\u00facia Chaves Fecury, da Universidade Ceuma, atende gratuitamente casos de queda de cabelo no p\u00f3s-covid"},"content":{"rendered":"\n<div class=\"wp-block-image\"><figure class=\"aligncenter size-large\"><a href=\"https:\/\/www.blogsoestado.com\/danielmatos\/files\/2022\/03\/Screenshot_20220323-1618042.png\"><img decoding=\"async\" src=\"https:\/\/www.blogsoestado.com\/danielmatos\/files\/2022\/03\/Screenshot_20220323-1618042.png\" alt=\"\" class=\"wp-image-95425\"\/><\/a><figcaption>A preceptora Maria Tereza \u00e9 uma das respons\u00e1veis pelos atendimentos de casos de covid longa na Cl\u00ednica -Escola Ana L\u00facia Chaves Fecury <\/figcaption><\/figure><\/div>\n\n\n\n<p>A Clinica Ana L\u00facia Chaves Fecury, unidade unidade utilizada como laborat\u00f3rio pr\u00e1tico para os cursos da \u00e1rea de sa\u00fade da Universidade Ceuma e que tamb\u00e9m presta importantes servi\u00e7os \u00e0 comunidade, abriu agendamento para atender casos de covid longa, principalmente casos de queda de cabelos ap\u00f3s a infec\u00e7\u00e3o pelo novo coronav\u00edrus com quadro cl\u00ednico patol\u00f3gico. O tratamento \u00e9 disponibilizado \u00e0 popula\u00e7\u00e3o e \u00e9 realizado mediante fila de espera.<\/p>\n\n\n\n<p>A Covid Longa tem acometido milhares depessoas pelo mundo. Segundos dados da Organiza\u00e7\u00e3o Mundial de Sa\u00fade (OMS), estima-se que no Brasil, 2,8 milh\u00f5es a 5,6 milh\u00f5es de pessoas vivam com sintomas prolongados da infec\u00e7\u00e3o pelo novo coronav\u00edrus. Entre os acometidos por sequelas, 25% sofrem com queda capilar.<\/p>\n\n\n\n<p>Preocupada com esse grave cen\u00e1rio, a Cl\u00ednica-Escola Ana L\u00facia Chaves Fecury realiza atendimentos voltados para o tratamento de queda capilar totalmente gratuito. <\/p>\n\n\n\n<p>As preceptoras Maria Tereza e Julia Baldez contam mais sobre assunto no <strong>v\u00eddeo abaixo.<\/strong> Para marcar atendimentos, basta ligar para os seguintes contatos: <strong>3214-4204\/ 3214-4199<\/strong>.<\/p>\n\n\n\n<p>Assista:<\/p>\n\n\n\n<figure class=\"wp-block-embed is-type-video is-provider-youtube wp-block-embed-youtube wp-embed-aspect-16-9 wp-has-aspect-ratio\"><div class=\"wp-block-embed__wrapper\">\n<iframe title=\"Cl\u00ednica Ana L\u00facia Chaves Fecury atende casos de queda de cabelo no p\u00f3s-Covid-19\" width=\"500\" height=\"281\" src=\"https:\/\/www.youtube.com\/embed\/OopahjXnKTo?feature=oembed\" frameborder=\"0\" allow=\"accelerometer; autoplay; clipboard-write; encrypted-media; gyroscope; picture-in-picture; web-share\" referrerpolicy=\"strict-origin-when-cross-origin\" allowfullscreen><\/iframe>\n<\/div><\/figure>\n","protected":false},"excerpt":{"rendered":"<p>A Clinica Ana L\u00facia Chaves Fecury, unidade unidade utilizada como laborat\u00f3rio pr\u00e1tico para os cursos da \u00e1rea de sa\u00fade da [&hellip;]<\/p>\n","protected":false},"author":0,"featured_media":0,"comment_status":"open","ping_status":"open","sticky":false,"template":"","format":"standard","meta":{"site-sidebar-layout":"default","site-content-layout":"","ast-site-content-layout":"default","site-content-style":"default","site-sidebar-style":"default","ast-global-header-display":"","ast-banner-title-visibility":"","ast-main-header-display":"","ast-hfb-above-header-display":"","ast-hfb-below-header-display":"","ast-hfb-mobile-header-display":"","site-post-title":"","ast-breadcrumbs-content":"","ast-featured-img":"","footer-sml-layout":"","ast-disable-related-posts":"","theme-transparent-header-meta":"","adv-header-id-meta":"","stick-header-meta":"","header-above-stick-meta":"","header-main-stick-meta":"","header-below-stick-meta":"","astra-migrate-meta-layouts":"default","ast-page-background-enabled":"default","ast-page-background-meta":{"desktop":{"background-color":"var(--ast-global-color-5)","background-image":"","background-repeat":"repeat","background-position":"center center","background-size":"auto","background-attachment":"scroll","background-type":"","background-media":"","overlay-type":"","overlay-color":"","overlay-opacity":"","overlay-gradient":""},"tablet":{"background-color":"","background-image":"","background-repeat":"repeat","background-position":"center center","background-size":"auto","background-attachment":"scroll","background-type":"","background-media":"","overlay-type":"","overlay-color":"","overlay-opacity":"","overlay-gradient":""},"mobile":{"background-color":"","background-image":"","background-repeat":"repeat","background-position":"center center","background-size":"auto","background-attachment":"scroll","background-type":"","background-media":"","overlay-type":"","overlay-color":"","overlay-opacity":"","overlay-gradient":""}},"ast-content-background-meta":{"desktop":{"background-color":"var(--ast-global-color-4)","background-image":"","background-repeat":"repeat","background-position":"center center","background-size":"auto","background-attachment":"scroll","background-type":"","background-media":"","overlay-type":"","overlay-color":"","overlay-opacity":"","overlay-gradient":""},"tablet":{"background-color":"var(--ast-global-color-4)","background-image":"","background-repeat":"repeat","background-position":"center center","background-size":"auto","background-attachment":"scroll","background-type":"","background-media":"","overlay-type":"","overlay-color":"","overlay-opacity":"","overlay-gradient":""},"mobile":{"background-color":"var(--ast-global-color-4)","background-image":"","background-repeat":"repeat","background-position":"center center","background-size":"auto","background-attachment":"scroll","background-type":"","background-media":"","overlay-type":"","overlay-color":"","overlay-opacity":"","overlay-gradient":""}},"footnotes":""},"categories":[1],"tags":[],"class_list":["post-95421","post","type-post","status-publish","format-standard","hentry","category-sem-categoria"],"yoast_head":"<!-- This site is optimized with the Yoast SEO plugin v26.6 - https:\/\/yoast.com\/wordpress\/plugins\/seo\/ -->\n<title>Cl\u00ednica-Escola Ana L\u00facia Chaves Fecury, da Universidade Ceuma, atende gratuitamente casos de queda de cabelo no p\u00f3s-covid - Daniel Matos<\/title>\n<meta name=\"robots\" content=\"index, follow, max-snippet:-1, max-image-preview:large, max-video-preview:-1\" \/>\n<link rel=\"canonical\" href=\"https:\/\/www.blogsoestado.com\/danielmatos\/clinica-escola-ana-lucia-chaves-fecury-da-universidade-ceuma-atende-casos-de-queda-de-cabelo-no-pos-covid\/\" \/>\n<meta property=\"og:locale\" content=\"pt_BR\" \/>\n<meta property=\"og:type\" content=\"article\" \/>\n<meta property=\"og:title\" content=\"Cl\u00ednica-Escola Ana L\u00facia Chaves Fecury, da Universidade Ceuma, atende gratuitamente casos de queda de cabelo no p\u00f3s-covid - Daniel Matos\" \/>\n<meta property=\"og:description\" content=\"A Clinica Ana L\u00facia Chaves Fecury, unidade unidade utilizada como laborat\u00f3rio pr\u00e1tico para os cursos da \u00e1rea de sa\u00fade da [&hellip;]\" \/>\n<meta property=\"og:url\" content=\"https:\/\/www.blogsoestado.com\/danielmatos\/clinica-escola-ana-lucia-chaves-fecury-da-universidade-ceuma-atende-casos-de-queda-de-cabelo-no-pos-covid\/\" \/>\n<meta property=\"og:site_name\" content=\"Daniel Matos\" \/>\n<meta property=\"article:published_time\" content=\"2022-03-24T20:24:50+00:00\" \/>\n<meta property=\"og:image\" content=\"https:\/\/www.blogsoestado.com\/danielmatos\/files\/2022\/03\/Screenshot_20220323-1618042.png\" \/>\n<meta name=\"twitter:card\" content=\"summary_large_image\" \/>\n<meta name=\"twitter:label1\" content=\"Est. tempo de leitura\" \/>\n\t<meta name=\"twitter:data1\" content=\"2 minutos\" \/>\n<script type=\"application\/ld+json\" class=\"yoast-schema-graph\">{\"@context\":\"https:\/\/schema.org\",\"@graph\":[{\"@type\":\"WebPage\",\"@id\":\"https:\/\/www.blogsoestado.com\/danielmatos\/clinica-escola-ana-lucia-chaves-fecury-da-universidade-ceuma-atende-casos-de-queda-de-cabelo-no-pos-covid\/\",\"url\":\"https:\/\/www.blogsoestado.com\/danielmatos\/clinica-escola-ana-lucia-chaves-fecury-da-universidade-ceuma-atende-casos-de-queda-de-cabelo-no-pos-covid\/\",\"name\":\"Cl\u00ednica-Escola Ana L\u00facia Chaves Fecury, da Universidade Ceuma, atende gratuitamente casos de queda de cabelo no p\u00f3s-covid - Daniel Matos\",\"isPartOf\":{\"@id\":\"https:\/\/www.blogsoestado.com\/danielmatos\/#website\"},\"primaryImageOfPage\":{\"@id\":\"https:\/\/www.blogsoestado.com\/danielmatos\/clinica-escola-ana-lucia-chaves-fecury-da-universidade-ceuma-atende-casos-de-queda-de-cabelo-no-pos-covid\/#primaryimage\"},\"image\":{\"@id\":\"https:\/\/www.blogsoestado.com\/danielmatos\/clinica-escola-ana-lucia-chaves-fecury-da-universidade-ceuma-atende-casos-de-queda-de-cabelo-no-pos-covid\/#primaryimage\"},\"thumbnailUrl\":\"https:\/\/www.blogsoestado.com\/danielmatos\/files\/2022\/03\/Screenshot_20220323-1618042.png\",\"datePublished\":\"2022-03-24T20:24:50+00:00\",\"author\":{\"@id\":\"\"},\"breadcrumb\":{\"@id\":\"https:\/\/www.blogsoestado.com\/danielmatos\/clinica-escola-ana-lucia-chaves-fecury-da-universidade-ceuma-atende-casos-de-queda-de-cabelo-no-pos-covid\/#breadcrumb\"},\"inLanguage\":\"pt-BR\",\"potentialAction\":[{\"@type\":\"ReadAction\",\"target\":[\"https:\/\/www.blogsoestado.com\/danielmatos\/clinica-escola-ana-lucia-chaves-fecury-da-universidade-ceuma-atende-casos-de-queda-de-cabelo-no-pos-covid\/\"]}]},{\"@type\":\"ImageObject\",\"inLanguage\":\"pt-BR\",\"@id\":\"https:\/\/www.blogsoestado.com\/danielmatos\/clinica-escola-ana-lucia-chaves-fecury-da-universidade-ceuma-atende-casos-de-queda-de-cabelo-no-pos-covid\/#primaryimage\",\"url\":\"https:\/\/www.blogsoestado.com\/danielmatos\/files\/2022\/03\/Screenshot_20220323-1618042.png\",\"contentUrl\":\"https:\/\/www.blogsoestado.com\/danielmatos\/files\/2022\/03\/Screenshot_20220323-1618042.png\"},{\"@type\":\"BreadcrumbList\",\"@id\":\"https:\/\/www.blogsoestado.com\/danielmatos\/clinica-escola-ana-lucia-chaves-fecury-da-universidade-ceuma-atende-casos-de-queda-de-cabelo-no-pos-covid\/#breadcrumb\",\"itemListElement\":[{\"@type\":\"ListItem\",\"position\":1,\"name\":\"In\u00edcio\",\"item\":\"https:\/\/www.blogsoestado.com\/danielmatos\/\"},{\"@type\":\"ListItem\",\"position\":2,\"name\":\"Cl\u00ednica-Escola Ana L\u00facia Chaves Fecury, da Universidade Ceuma, atende gratuitamente casos de queda de cabelo no p\u00f3s-covid\"}]},{\"@type\":\"WebSite\",\"@id\":\"https:\/\/www.blogsoestado.com\/danielmatos\/#website\",\"url\":\"https:\/\/www.blogsoestado.com\/danielmatos\/\",\"name\":\"Daniel Matos\",\"description\":\"\",\"potentialAction\":[{\"@type\":\"SearchAction\",\"target\":{\"@type\":\"EntryPoint\",\"urlTemplate\":\"https:\/\/www.blogsoestado.com\/danielmatos\/?s={search_term_string}\"},\"query-input\":{\"@type\":\"PropertyValueSpecification\",\"valueRequired\":true,\"valueName\":\"search_term_string\"}}],\"inLanguage\":\"pt-BR\"}]}<\/script>\n<!-- \/ Yoast SEO plugin. -->","yoast_head_json":{"title":"Cl\u00ednica-Escola Ana L\u00facia Chaves Fecury, da Universidade Ceuma, atende gratuitamente casos de queda de cabelo no p\u00f3s-covid - Daniel Matos","robots":{"index":"index","follow":"follow","max-snippet":"max-snippet:-1","max-image-preview":"max-image-preview:large","max-video-preview":"max-video-preview:-1"},"canonical":"https:\/\/www.blogsoestado.com\/danielmatos\/clinica-escola-ana-lucia-chaves-fecury-da-universidade-ceuma-atende-casos-de-queda-de-cabelo-no-pos-covid\/","og_locale":"pt_BR","og_type":"article","og_title":"Cl\u00ednica-Escola Ana L\u00facia Chaves Fecury, da Universidade Ceuma, atende gratuitamente casos de queda de cabelo no p\u00f3s-covid - Daniel Matos","og_description":"A Clinica Ana L\u00facia Chaves Fecury, unidade unidade utilizada como laborat\u00f3rio pr\u00e1tico para os cursos da \u00e1rea de sa\u00fade da [&hellip;]","og_url":"https:\/\/www.blogsoestado.com\/danielmatos\/clinica-escola-ana-lucia-chaves-fecury-da-universidade-ceuma-atende-casos-de-queda-de-cabelo-no-pos-covid\/","og_site_name":"Daniel Matos","article_published_time":"2022-03-24T20:24:50+00:00","og_image":[{"url":"https:\/\/www.blogsoestado.com\/danielmatos\/files\/2022\/03\/Screenshot_20220323-1618042.png","type":"","width":"","height":""}],"twitter_card":"summary_large_image","twitter_misc":{"Est. tempo de leitura":"2 minutos"},"schema":{"@context":"https:\/\/schema.org","@graph":[{"@type":"WebPage","@id":"https:\/\/www.blogsoestado.com\/danielmatos\/clinica-escola-ana-lucia-chaves-fecury-da-universidade-ceuma-atende-casos-de-queda-de-cabelo-no-pos-covid\/","url":"https:\/\/www.blogsoestado.com\/danielmatos\/clinica-escola-ana-lucia-chaves-fecury-da-universidade-ceuma-atende-casos-de-queda-de-cabelo-no-pos-covid\/","name":"Cl\u00ednica-Escola Ana L\u00facia Chaves Fecury, da Universidade Ceuma, atende gratuitamente casos de queda de cabelo no p\u00f3s-covid - Daniel Matos","isPartOf":{"@id":"https:\/\/www.blogsoestado.com\/danielmatos\/#website"},"primaryImageOfPage":{"@id":"https:\/\/www.blogsoestado.com\/danielmatos\/clinica-escola-ana-lucia-chaves-fecury-da-universidade-ceuma-atende-casos-de-queda-de-cabelo-no-pos-covid\/#primaryimage"},"image":{"@id":"https:\/\/www.blogsoestado.com\/danielmatos\/clinica-escola-ana-lucia-chaves-fecury-da-universidade-ceuma-atende-casos-de-queda-de-cabelo-no-pos-covid\/#primaryimage"},"thumbnailUrl":"https:\/\/www.blogsoestado.com\/danielmatos\/files\/2022\/03\/Screenshot_20220323-1618042.png","datePublished":"2022-03-24T20:24:50+00:00","author":{"@id":""},"breadcrumb":{"@id":"https:\/\/www.blogsoestado.com\/danielmatos\/clinica-escola-ana-lucia-chaves-fecury-da-universidade-ceuma-atende-casos-de-queda-de-cabelo-no-pos-covid\/#breadcrumb"},"inLanguage":"pt-BR","potentialAction":[{"@type":"ReadAction","target":["https:\/\/www.blogsoestado.com\/danielmatos\/clinica-escola-ana-lucia-chaves-fecury-da-universidade-ceuma-atende-casos-de-queda-de-cabelo-no-pos-covid\/"]}]},{"@type":"ImageObject","inLanguage":"pt-BR","@id":"https:\/\/www.blogsoestado.com\/danielmatos\/clinica-escola-ana-lucia-chaves-fecury-da-universidade-ceuma-atende-casos-de-queda-de-cabelo-no-pos-covid\/#primaryimage","url":"https:\/\/www.blogsoestado.com\/danielmatos\/files\/2022\/03\/Screenshot_20220323-1618042.png","contentUrl":"https:\/\/www.blogsoestado.com\/danielmatos\/files\/2022\/03\/Screenshot_20220323-1618042.png"},{"@type":"BreadcrumbList","@id":"https:\/\/www.blogsoestado.com\/danielmatos\/clinica-escola-ana-lucia-chaves-fecury-da-universidade-ceuma-atende-casos-de-queda-de-cabelo-no-pos-covid\/#breadcrumb","itemListElement":[{"@type":"ListItem","position":1,"name":"In\u00edcio","item":"https:\/\/www.blogsoestado.com\/danielmatos\/"},{"@type":"ListItem","position":2,"name":"Cl\u00ednica-Escola Ana L\u00facia Chaves Fecury, da Universidade Ceuma, atende gratuitamente casos de queda de cabelo no p\u00f3s-covid"}]},{"@type":"WebSite","@id":"https:\/\/www.blogsoestado.com\/danielmatos\/#website","url":"https:\/\/www.blogsoestado.com\/danielmatos\/","name":"Daniel Matos","description":"","potentialAction":[{"@type":"SearchAction","target":{"@type":"EntryPoint","urlTemplate":"https:\/\/www.blogsoestado.com\/danielmatos\/?s={search_term_string}"},"query-input":{"@type":"PropertyValueSpecification","valueRequired":true,"valueName":"search_term_string"}}],"inLanguage":"pt-BR"}]}},"jetpack_featured_media_url":"","_links":{"self":[{"href":"https:\/\/www.blogsoestado.com\/danielmatos\/wp-json\/wp\/v2\/posts\/95421","targetHints":{"allow":["GET"]}}],"collection":[{"href":"https:\/\/www.blogsoestado.com\/danielmatos\/wp-json\/wp\/v2\/posts"}],"about":[{"href":"https:\/\/www.blogsoestado.com\/danielmatos\/wp-json\/wp\/v2\/types\/post"}],"replies":[{"embeddable":true,"href":"https:\/\/www.blogsoestado.com\/danielmatos\/wp-json\/wp\/v2\/comments?post=95421"}],"version-history":[{"count":0,"href":"https:\/\/www.blogsoestado.com\/danielmatos\/wp-json\/wp\/v2\/posts\/95421\/revisions"}],"wp:attachment":[{"href":"https:\/\/www.blogsoestado.com\/danielmatos\/wp-json\/wp\/v2\/media?parent=95421"}],"wp:term":[{"taxonomy":"category","embeddable":true,"href":"https:\/\/www.blogsoestado.com\/danielmatos\/wp-json\/wp\/v2\/categories?post=95421"},{"taxonomy":"post_tag","embeddable":true,"href":"https:\/\/www.blogsoestado.com\/danielmatos\/wp-json\/wp\/v2\/tags?post=95421"}],"curies":[{"name":"wp","href":"https:\/\/api.w.org\/{rel}","templated":true}]}}