{"id":95437,"date":"2022-03-24T23:16:14","date_gmt":"2022-03-25T02:16:14","guid":{"rendered":"https:\/\/www.blogsoestado.com\/danielmatos\/?p=95437"},"modified":"2022-03-24T23:16:14","modified_gmt":"2022-03-25T02:16:14","slug":"visita-institucional-othelino-neto-e-arthur-lira-conversam-sobre-projetos-para-o-maranhao","status":"publish","type":"post","link":"https:\/\/www.blogsoestado.com\/danielmatos\/visita-institucional-othelino-neto-e-arthur-lira-conversam-sobre-projetos-para-o-maranhao\/","title":{"rendered":"Visita institucional: Othelino Neto e Arthur Lira conversam sobre projetos para o Maranh\u00e3o"},"content":{"rendered":"\n<div class=\"wp-block-image\"><figure class=\"aligncenter size-large\"><a href=\"https:\/\/www.blogsoestado.com\/danielmatos\/files\/2022\/03\/Screenshot_20220324-2304422.png\"><img decoding=\"async\" src=\"https:\/\/www.blogsoestado.com\/danielmatos\/files\/2022\/03\/Screenshot_20220324-2304422.png\" alt=\"\" class=\"wp-image-95438\"\/><\/a><figcaption>O presidente da Assembleia Legislativa do Maranh\u00e3o, Othelino Neto, entre o presidente da C\u00e2mara Federal, Arthur Lira, e o senador maranhense Weverton Rocha<\/figcaption><\/figure><\/div>\n\n\n\n<p>O presidente da Assembleia Legislativa do Maranh\u00e3o, deputado Othelino Neto (PCdoB), recebeu, na tarde desta quinta-feira (24), a visita institucional do presidente da C\u00e2mara Federal, deputado Arthur Lira (PP-AL), acompanhado do senador Weverton Rocha (PDT-MA), parlamentares da Bancada Federal e deputados estaduais.<\/p>\n\n\n\n<p>Durante o encontro, onde trataram de assuntos importantes para o Brasil e o Maranh\u00e3o, o chefe do Parlamento Estadual deu boas-vindas e agradeceu a visita do congressista. \u201cEnfatizo meu agradecimento ao deputado Arthur Lira pela visita, que muito nos honra e, claro, refor\u00e7a ainda mais nossa luta para trazermos programas e benef\u00edcios aos maranhenses\u201d, disse Othelino.<\/p>\n\n\n\n<div class=\"wp-block-image\"><figure class=\"aligncenter size-large\"><a href=\"https:\/\/www.blogsoestado.com\/danielmatos\/files\/2022\/03\/Screenshot_20220324-2305062.png\"><img decoding=\"async\" src=\"https:\/\/www.blogsoestado.com\/danielmatos\/files\/2022\/03\/Screenshot_20220324-2305062.png\" alt=\"\" class=\"wp-image-95439\"\/><\/a><figcaption>Na reuni\u00e3o na Assembleia Legislativa, o presidente da C\u00e2mara dos Deputados reafirmou seu compromisso de refor\u00e7ar a luta para trazer mais programas e benef\u00edcios para o Maranh\u00e3o<\/figcaption><\/figure><\/div>\n\n\n\n<p>O l\u00edder da C\u00e2mara de Deputados falou da import\u00e2ncia de estar conectado \u00e0s Casas Legislativas em prol da popula\u00e7\u00e3o. \u201cOthelino \u00e9 um homem preocupado com os destinos do Maranh\u00e3o. Acho importante conversamos de maneira mais afetiva sobre a pol\u00edtica do Brasil e do Maranh\u00e3o. E n\u00f3s temos que fazer sempre a interface entre a povo e o Poder Executivo. Por isso, \u00e9 sempre bom que estejamos conectados para ajudarmos a popula\u00e7\u00e3o\u201d, enfatizou Lira.<\/p>\n\n\n\n<p>O senador Weverton Rocha destacou a uni\u00e3o entre a bancada federal e o Legislativo Estadual, segundo ele, essencial para fortalecer o municipalismo. \u201cArthur Lira \u00e9 presidente de um poder importante e est\u00e1 sempre sintonizado com o deputado Othelino, que tem representado muito bem o Legislativo de nosso estado. E n\u00f3s poderemos pactuar ainda mais a\u00e7\u00f5es concretas para fortalecer o municipalismo, no enfrentamento \u00e0s dificuldades que estamos vivenciando\u201d, ressaltou.<\/p>\n\n\n\n<div class=\"wp-block-image\"><figure class=\"aligncenter size-large\"><a href=\"https:\/\/www.blogsoestado.com\/danielmatos\/files\/2022\/03\/Screenshot_20220324-2305262.png\"><img decoding=\"async\" src=\"https:\/\/www.blogsoestado.com\/danielmatos\/files\/2022\/03\/Screenshot_20220324-2305262.png\" alt=\"\" class=\"wp-image-95440\"\/><\/a><figcaption>Othelino Neto, Arthur Lira, Weverton Rocha e o deputado federal Juscelino Filho com assessores do Poder Legislativo estadual<\/figcaption><\/figure><\/div>\n\n\n\n<p>Tamb\u00e9m estiveram presentes os deputados federais Gil Cutrim, Hildo Rocha, Cleber Verde, Juscelino Filho e Alu\u00edsio Mendes, al\u00e9m dos deputados estaduais M\u00e1rcio Honaiser, Glalbert Cutrim, Neto Evangelista, Ciro Neto e Thaiza Hortegal. Participaram, ainda, os prefeitos Luciano Gen\u00e9sio (Pinheiro) e Fernando Pessoa (Tuntum) e o presidente da C\u00e2mara Municipal de S\u00e3o Lu\u00eds, vereador Osmar Filho.<\/p>\n\n\n\n<p><strong>Famem<\/strong><\/p>\n\n\n\n<div class=\"wp-block-image\"><figure class=\"aligncenter size-large\"><a href=\"https:\/\/www.blogsoestado.com\/danielmatos\/files\/2022\/03\/Screenshot_20220324-2305512.png\"><img decoding=\"async\" src=\"https:\/\/www.blogsoestado.com\/danielmatos\/files\/2022\/03\/Screenshot_20220324-2305512.png\" alt=\"\" class=\"wp-image-95441\"\/><\/a><figcaption>Othelino Neto e Arthur Lira dialogaram sobre o cen\u00e1rio pol\u00edtico do Brasil e do Maranh\u00e3o<\/figcaption><\/figure><\/div>\n\n\n\n<p>Ap\u00f3s a visita a Othelino, Arthur Lira e comitiva seguiram para a sede da Federa\u00e7\u00e3o dos Munic\u00edpios do Estado do Maranh\u00e3o (Famem) para um encontro com prefeitos maranhenses. Na pauta, temas municipalistas em tramita\u00e7\u00e3o na C\u00e2mara Federal.<\/p>\n","protected":false},"excerpt":{"rendered":"<p>O presidente da Assembleia Legislativa do Maranh\u00e3o, deputado Othelino Neto (PCdoB), recebeu, na tarde desta quinta-feira (24), a visita institucional [&hellip;]<\/p>\n","protected":false},"author":0,"featured_media":0,"comment_status":"open","ping_status":"open","sticky":false,"template":"","format":"standard","meta":{"site-sidebar-layout":"default","site-content-layout":"","ast-site-content-layout":"default","site-content-style":"default","site-sidebar-style":"default","ast-global-header-display":"","ast-banner-title-visibility":"","ast-main-header-display":"","ast-hfb-above-header-display":"","ast-hfb-below-header-display":"","ast-hfb-mobile-header-display":"","site-post-title":"","ast-breadcrumbs-content":"","ast-featured-img":"","footer-sml-layout":"","ast-disable-related-posts":"","theme-transparent-header-meta":"","adv-header-id-meta":"","stick-header-meta":"","header-above-stick-meta":"","header-main-stick-meta":"","header-below-stick-meta":"","astra-migrate-meta-layouts":"default","ast-page-background-enabled":"default","ast-page-background-meta":{"desktop":{"background-color":"var(--ast-global-color-5)","background-image":"","background-repeat":"repeat","background-position":"center center","background-size":"auto","background-attachment":"scroll","background-type":"","background-media":"","overlay-type":"","overlay-color":"","overlay-opacity":"","overlay-gradient":""},"tablet":{"background-color":"","background-image":"","background-repeat":"repeat","background-position":"center center","background-size":"auto","background-attachment":"scroll","background-type":"","background-media":"","overlay-type":"","overlay-color":"","overlay-opacity":"","overlay-gradient":""},"mobile":{"background-color":"","background-image":"","background-repeat":"repeat","background-position":"center center","background-size":"auto","background-attachment":"scroll","background-type":"","background-media":"","overlay-type":"","overlay-color":"","overlay-opacity":"","overlay-gradient":""}},"ast-content-background-meta":{"desktop":{"background-color":"var(--ast-global-color-4)","background-image":"","background-repeat":"repeat","background-position":"center center","background-size":"auto","background-attachment":"scroll","background-type":"","background-media":"","overlay-type":"","overlay-color":"","overlay-opacity":"","overlay-gradient":""},"tablet":{"background-color":"var(--ast-global-color-4)","background-image":"","background-repeat":"repeat","background-position":"center center","background-size":"auto","background-attachment":"scroll","background-type":"","background-media":"","overlay-type":"","overlay-color":"","overlay-opacity":"","overlay-gradient":""},"mobile":{"background-color":"var(--ast-global-color-4)","background-image":"","background-repeat":"repeat","background-position":"center center","background-size":"auto","background-attachment":"scroll","background-type":"","background-media":"","overlay-type":"","overlay-color":"","overlay-opacity":"","overlay-gradient":""}},"footnotes":""},"categories":[1],"tags":[],"class_list":["post-95437","post","type-post","status-publish","format-standard","hentry","category-sem-categoria"],"yoast_head":"<!-- This site is optimized with the Yoast SEO plugin v26.6 - https:\/\/yoast.com\/wordpress\/plugins\/seo\/ -->\n<title>Visita institucional: Othelino Neto e Arthur Lira conversam sobre projetos para o Maranh\u00e3o - Daniel Matos<\/title>\n<meta name=\"robots\" content=\"index, follow, max-snippet:-1, max-image-preview:large, max-video-preview:-1\" \/>\n<link rel=\"canonical\" href=\"https:\/\/www.blogsoestado.com\/danielmatos\/visita-institucional-othelino-neto-e-arthur-lira-conversam-sobre-projetos-para-o-maranhao\/\" \/>\n<meta property=\"og:locale\" content=\"pt_BR\" \/>\n<meta property=\"og:type\" content=\"article\" \/>\n<meta property=\"og:title\" content=\"Visita institucional: Othelino Neto e Arthur Lira conversam sobre projetos para o Maranh\u00e3o - Daniel Matos\" \/>\n<meta property=\"og:description\" content=\"O presidente da Assembleia Legislativa do Maranh\u00e3o, deputado Othelino Neto (PCdoB), recebeu, na tarde desta quinta-feira (24), a visita institucional [&hellip;]\" \/>\n<meta property=\"og:url\" content=\"https:\/\/www.blogsoestado.com\/danielmatos\/visita-institucional-othelino-neto-e-arthur-lira-conversam-sobre-projetos-para-o-maranhao\/\" \/>\n<meta property=\"og:site_name\" content=\"Daniel Matos\" \/>\n<meta property=\"article:published_time\" content=\"2022-03-25T02:16:14+00:00\" \/>\n<meta property=\"og:image\" content=\"https:\/\/www.blogsoestado.com\/danielmatos\/files\/2022\/03\/Screenshot_20220324-2304422.png\" \/>\n<meta name=\"twitter:card\" content=\"summary_large_image\" \/>\n<meta name=\"twitter:label1\" content=\"Est. tempo de leitura\" \/>\n\t<meta name=\"twitter:data1\" content=\"3 minutos\" \/>\n<script type=\"application\/ld+json\" class=\"yoast-schema-graph\">{\"@context\":\"https:\/\/schema.org\",\"@graph\":[{\"@type\":\"WebPage\",\"@id\":\"https:\/\/www.blogsoestado.com\/danielmatos\/visita-institucional-othelino-neto-e-arthur-lira-conversam-sobre-projetos-para-o-maranhao\/\",\"url\":\"https:\/\/www.blogsoestado.com\/danielmatos\/visita-institucional-othelino-neto-e-arthur-lira-conversam-sobre-projetos-para-o-maranhao\/\",\"name\":\"Visita institucional: Othelino Neto e Arthur Lira conversam sobre projetos para o Maranh\u00e3o - Daniel Matos\",\"isPartOf\":{\"@id\":\"https:\/\/www.blogsoestado.com\/danielmatos\/#website\"},\"primaryImageOfPage\":{\"@id\":\"https:\/\/www.blogsoestado.com\/danielmatos\/visita-institucional-othelino-neto-e-arthur-lira-conversam-sobre-projetos-para-o-maranhao\/#primaryimage\"},\"image\":{\"@id\":\"https:\/\/www.blogsoestado.com\/danielmatos\/visita-institucional-othelino-neto-e-arthur-lira-conversam-sobre-projetos-para-o-maranhao\/#primaryimage\"},\"thumbnailUrl\":\"https:\/\/www.blogsoestado.com\/danielmatos\/files\/2022\/03\/Screenshot_20220324-2304422.png\",\"datePublished\":\"2022-03-25T02:16:14+00:00\",\"author\":{\"@id\":\"\"},\"breadcrumb\":{\"@id\":\"https:\/\/www.blogsoestado.com\/danielmatos\/visita-institucional-othelino-neto-e-arthur-lira-conversam-sobre-projetos-para-o-maranhao\/#breadcrumb\"},\"inLanguage\":\"pt-BR\",\"potentialAction\":[{\"@type\":\"ReadAction\",\"target\":[\"https:\/\/www.blogsoestado.com\/danielmatos\/visita-institucional-othelino-neto-e-arthur-lira-conversam-sobre-projetos-para-o-maranhao\/\"]}]},{\"@type\":\"ImageObject\",\"inLanguage\":\"pt-BR\",\"@id\":\"https:\/\/www.blogsoestado.com\/danielmatos\/visita-institucional-othelino-neto-e-arthur-lira-conversam-sobre-projetos-para-o-maranhao\/#primaryimage\",\"url\":\"https:\/\/www.blogsoestado.com\/danielmatos\/files\/2022\/03\/Screenshot_20220324-2304422.png\",\"contentUrl\":\"https:\/\/www.blogsoestado.com\/danielmatos\/files\/2022\/03\/Screenshot_20220324-2304422.png\"},{\"@type\":\"BreadcrumbList\",\"@id\":\"https:\/\/www.blogsoestado.com\/danielmatos\/visita-institucional-othelino-neto-e-arthur-lira-conversam-sobre-projetos-para-o-maranhao\/#breadcrumb\",\"itemListElement\":[{\"@type\":\"ListItem\",\"position\":1,\"name\":\"In\u00edcio\",\"item\":\"https:\/\/www.blogsoestado.com\/danielmatos\/\"},{\"@type\":\"ListItem\",\"position\":2,\"name\":\"Visita institucional: Othelino Neto e Arthur Lira conversam sobre projetos para o Maranh\u00e3o\"}]},{\"@type\":\"WebSite\",\"@id\":\"https:\/\/www.blogsoestado.com\/danielmatos\/#website\",\"url\":\"https:\/\/www.blogsoestado.com\/danielmatos\/\",\"name\":\"Daniel Matos\",\"description\":\"\",\"potentialAction\":[{\"@type\":\"SearchAction\",\"target\":{\"@type\":\"EntryPoint\",\"urlTemplate\":\"https:\/\/www.blogsoestado.com\/danielmatos\/?s={search_term_string}\"},\"query-input\":{\"@type\":\"PropertyValueSpecification\",\"valueRequired\":true,\"valueName\":\"search_term_string\"}}],\"inLanguage\":\"pt-BR\"}]}<\/script>\n<!-- \/ Yoast SEO plugin. -->","yoast_head_json":{"title":"Visita institucional: Othelino Neto e Arthur Lira conversam sobre projetos para o Maranh\u00e3o - Daniel Matos","robots":{"index":"index","follow":"follow","max-snippet":"max-snippet:-1","max-image-preview":"max-image-preview:large","max-video-preview":"max-video-preview:-1"},"canonical":"https:\/\/www.blogsoestado.com\/danielmatos\/visita-institucional-othelino-neto-e-arthur-lira-conversam-sobre-projetos-para-o-maranhao\/","og_locale":"pt_BR","og_type":"article","og_title":"Visita institucional: Othelino Neto e Arthur Lira conversam sobre projetos para o Maranh\u00e3o - Daniel Matos","og_description":"O presidente da Assembleia Legislativa do Maranh\u00e3o, deputado Othelino Neto (PCdoB), recebeu, na tarde desta quinta-feira (24), a visita institucional [&hellip;]","og_url":"https:\/\/www.blogsoestado.com\/danielmatos\/visita-institucional-othelino-neto-e-arthur-lira-conversam-sobre-projetos-para-o-maranhao\/","og_site_name":"Daniel Matos","article_published_time":"2022-03-25T02:16:14+00:00","og_image":[{"url":"https:\/\/www.blogsoestado.com\/danielmatos\/files\/2022\/03\/Screenshot_20220324-2304422.png","type":"","width":"","height":""}],"twitter_card":"summary_large_image","twitter_misc":{"Est. tempo de leitura":"3 minutos"},"schema":{"@context":"https:\/\/schema.org","@graph":[{"@type":"WebPage","@id":"https:\/\/www.blogsoestado.com\/danielmatos\/visita-institucional-othelino-neto-e-arthur-lira-conversam-sobre-projetos-para-o-maranhao\/","url":"https:\/\/www.blogsoestado.com\/danielmatos\/visita-institucional-othelino-neto-e-arthur-lira-conversam-sobre-projetos-para-o-maranhao\/","name":"Visita institucional: Othelino Neto e Arthur Lira conversam sobre projetos para o Maranh\u00e3o - Daniel Matos","isPartOf":{"@id":"https:\/\/www.blogsoestado.com\/danielmatos\/#website"},"primaryImageOfPage":{"@id":"https:\/\/www.blogsoestado.com\/danielmatos\/visita-institucional-othelino-neto-e-arthur-lira-conversam-sobre-projetos-para-o-maranhao\/#primaryimage"},"image":{"@id":"https:\/\/www.blogsoestado.com\/danielmatos\/visita-institucional-othelino-neto-e-arthur-lira-conversam-sobre-projetos-para-o-maranhao\/#primaryimage"},"thumbnailUrl":"https:\/\/www.blogsoestado.com\/danielmatos\/files\/2022\/03\/Screenshot_20220324-2304422.png","datePublished":"2022-03-25T02:16:14+00:00","author":{"@id":""},"breadcrumb":{"@id":"https:\/\/www.blogsoestado.com\/danielmatos\/visita-institucional-othelino-neto-e-arthur-lira-conversam-sobre-projetos-para-o-maranhao\/#breadcrumb"},"inLanguage":"pt-BR","potentialAction":[{"@type":"ReadAction","target":["https:\/\/www.blogsoestado.com\/danielmatos\/visita-institucional-othelino-neto-e-arthur-lira-conversam-sobre-projetos-para-o-maranhao\/"]}]},{"@type":"ImageObject","inLanguage":"pt-BR","@id":"https:\/\/www.blogsoestado.com\/danielmatos\/visita-institucional-othelino-neto-e-arthur-lira-conversam-sobre-projetos-para-o-maranhao\/#primaryimage","url":"https:\/\/www.blogsoestado.com\/danielmatos\/files\/2022\/03\/Screenshot_20220324-2304422.png","contentUrl":"https:\/\/www.blogsoestado.com\/danielmatos\/files\/2022\/03\/Screenshot_20220324-2304422.png"},{"@type":"BreadcrumbList","@id":"https:\/\/www.blogsoestado.com\/danielmatos\/visita-institucional-othelino-neto-e-arthur-lira-conversam-sobre-projetos-para-o-maranhao\/#breadcrumb","itemListElement":[{"@type":"ListItem","position":1,"name":"In\u00edcio","item":"https:\/\/www.blogsoestado.com\/danielmatos\/"},{"@type":"ListItem","position":2,"name":"Visita institucional: Othelino Neto e Arthur Lira conversam sobre projetos para o Maranh\u00e3o"}]},{"@type":"WebSite","@id":"https:\/\/www.blogsoestado.com\/danielmatos\/#website","url":"https:\/\/www.blogsoestado.com\/danielmatos\/","name":"Daniel Matos","description":"","potentialAction":[{"@type":"SearchAction","target":{"@type":"EntryPoint","urlTemplate":"https:\/\/www.blogsoestado.com\/danielmatos\/?s={search_term_string}"},"query-input":{"@type":"PropertyValueSpecification","valueRequired":true,"valueName":"search_term_string"}}],"inLanguage":"pt-BR"}]}},"jetpack_featured_media_url":"","_links":{"self":[{"href":"https:\/\/www.blogsoestado.com\/danielmatos\/wp-json\/wp\/v2\/posts\/95437","targetHints":{"allow":["GET"]}}],"collection":[{"href":"https:\/\/www.blogsoestado.com\/danielmatos\/wp-json\/wp\/v2\/posts"}],"about":[{"href":"https:\/\/www.blogsoestado.com\/danielmatos\/wp-json\/wp\/v2\/types\/post"}],"replies":[{"embeddable":true,"href":"https:\/\/www.blogsoestado.com\/danielmatos\/wp-json\/wp\/v2\/comments?post=95437"}],"version-history":[{"count":0,"href":"https:\/\/www.blogsoestado.com\/danielmatos\/wp-json\/wp\/v2\/posts\/95437\/revisions"}],"wp:attachment":[{"href":"https:\/\/www.blogsoestado.com\/danielmatos\/wp-json\/wp\/v2\/media?parent=95437"}],"wp:term":[{"taxonomy":"category","embeddable":true,"href":"https:\/\/www.blogsoestado.com\/danielmatos\/wp-json\/wp\/v2\/categories?post=95437"},{"taxonomy":"post_tag","embeddable":true,"href":"https:\/\/www.blogsoestado.com\/danielmatos\/wp-json\/wp\/v2\/tags?post=95437"}],"curies":[{"name":"wp","href":"https:\/\/api.w.org\/{rel}","templated":true}]}}